{"id":14965,"date":"2020-01-14T00:00:00","date_gmt":"2020-01-13T23:00:00","guid":{"rendered":"https:\/\/lightweb.dev\/l\/svm-temp\/nyheter\/kommunist-fran-malaga-blir-konsumtionsminister\/"},"modified":"2020-01-14T00:00:00","modified_gmt":"2020-01-13T23:00:00","slug":"kommunist-fran-malaga-blir-konsumtionsminister","status":"publish","type":"post","link":"https:\/\/lightweb.dev\/l\/svm-temp\/nyheter\/kommunist-fran-malaga-blir-konsumtionsminister\/","title":{"rendered":"Kommunist fr\u00e5n M\u00e1laga blir konsumtionsminister"},"content":{"rendered":"<p> F\u00f6r f\u00f6rsta g\u00e5ngen p\u00e5 80 \u00e5r finns en kommunist i den spanska regeringen. Alberto Garz\u00f3n fr\u00e5n Rinc\u00f3n de la Victoria, \u00f6ster om M\u00e1laga, som f\u00f6r ett par \u00e5r sedan skrev boken \u201dPor qu\u00e9 soy comunista\u201d, Varf\u00f6r jag \u00e4r kommunist. Garz\u00f3n blir konsumtionsminister i den nya v\u00e4nsterledda regeringen i Spanien.<\/p>\n<p>Garz\u00f3n f\u00f6rsvarar en modell baserad p\u00e5 marxistiska id\u00e9er. Nu blir det han som f\u00e5r ansvaret f\u00f6r konsumtionsdepartementet i Spanien och till\u00e4gger att p\u00e5 hans bord ligger uppdraget att \u201dl\u00f6sa landets materiella och sociala problem\u201d. P\u00e5 bilden h\u00e4r intill ses Alberto Garz\u00f3n, till v\u00e4nster, tillsammans med Unidas Podemos partiledare Pablo Iglesias, med knuten h\u00f6gern\u00e4ve.<\/p>\n<p>N\u00e4r det i november var 30-\u00e5rsminnet sedan Berlinmuren f\u00f6ll s\u00e5 vad det inget som Alberto Garz\u00f3n uppm\u00e4rksammade eller hyllade p\u00e5 sociala medier. Det gick honom bara f\u00f6rbi.<\/p>\n<p>N\u00e4r Alberto Garz\u00f3n h\u00e4romdagen fick sin ministerportf\u00f6lj och skulle tr\u00e4ffa kung Felipe VI undrade de flesta hur den antirojalistiske Garz\u00f3n skulle tackla m\u00f6tet. Garz\u00f3n och Pablo Iglesias fr\u00e5n Unidas Podemos var de enda av de manliga ministrarna som inte bar slips.<\/p>\n<p>Garz\u00f3n har alltid kallas kungen f\u00f6r en \u201dBourbon-medborgare\u201d men vid tillf\u00e4llet h\u00f6ll han sig till det uppgjorda manuset och spelade med och visade sin lojalitet till kronan.<\/p>\n<p>Senast en kommunist satt med i den spanska regeringen var jordbruksministern Vicente Uribe under socialistregeringen med Juan Negr\u00edn under den andra republiken.<\/p>\n<p>Alberto Garz\u00f3n vill se Spanien som en federal republik. Han har \u00e4ven skrivit boken \u201dDen tredje republiken\u201d. Han vill \u00e4ven att Spanien l\u00e4mnar Nato.<\/p>\n<p>Alberto Garz\u00f3n \u00e4r f\u00f6dd i Logro\u00f1o men bor sedan 1994 i Rinc\u00f3n de la Victoria. Sedan juni 2016 \u00e4r han partiledare f\u00f6r F\u00f6renade v\u00e4nstern, IU, d\u00e5 han tog \u00f6ver efter Cayo Lara. IU och den populistiska gr\u00e4srotsr\u00f6relsen Podemos med Pablo Iglesias har d\u00e4refter bildat v\u00e4nsteralliansen Unidas Podemos.<\/p>\n","protected":false},"excerpt":{"rendered":"<p>F\u00f6r f\u00f6rsta g\u00e5ngen p\u00e5 80 \u00e5r finns en kommunist i den spanska regeringen. Alberto Garz\u00f3n fr\u00e5n Rinc\u00f3n de la Victoria, \u00f6ster om M\u00e1laga, som f\u00f6r ett par \u00e5r sedan skrev boken \u201dPor qu\u00e9 soy comunista\u201d, Varf\u00f6r jag \u00e4r kommunist. Garz\u00f3n blir konsumtionsminister i den nya v\u00e4nsterledda regeringen i Spanien. Garz\u00f3n f\u00f6rsvarar en modell baserad p\u00e5 [&hellip;]<\/p>\n","protected":false},"author":8,"featured_media":14966,"comment_status":"open","ping_status":"open","sticky":false,"template":"","format":"standard","meta":{"_et_pb_use_builder":"","_et_pb_old_content":"","_et_gb_content_width":"","footnotes":""},"categories":[395,3],"tags":[],"class_list":["post-14965","post","type-post","status-publish","format-standard","has-post-thumbnail","hentry","category-arkiv-nyheter","category-nyheter"],"yoast_head":"<!-- This site is optimized with the Yoast SEO Premium plugin v26.2 (Yoast SEO v27.4) - https:\/\/yoast.com\/product\/yoast-seo-premium-wordpress\/ -->\n<title>Kommunist fr\u00e5n M\u00e1laga blir konsumtionsminister - Svenska Magasinet<\/title>\n<meta name=\"robots\" content=\"noindex, follow, max-snippet:-1, max-image-preview:large, max-video-preview:-1\" \/>\n<meta property=\"og:locale\" content=\"sv_SE\" \/>\n<meta property=\"og:type\" content=\"article\" \/>\n<meta property=\"og:title\" content=\"Kommunist fr\u00e5n M\u00e1laga blir konsumtionsminister\" \/>\n<meta property=\"og:description\" content=\"F\u00f6r f\u00f6rsta g\u00e5ngen p\u00e5 80 \u00e5r finns en kommunist i den spanska regeringen. Alberto Garz\u00f3n fr\u00e5n Rinc\u00f3n de la Victoria, \u00f6ster om M\u00e1laga, som f\u00f6r ett par \u00e5r sedan skrev boken \u201dPor qu\u00e9 soy comunista\u201d, Varf\u00f6r jag \u00e4r kommunist. Garz\u00f3n blir konsumtionsminister i den nya v\u00e4nsterledda regeringen i Spanien. Garz\u00f3n f\u00f6rsvarar en modell baserad p\u00e5 [&hellip;]\" \/>\n<meta property=\"og:url\" content=\"https:\/\/lightweb.dev\/l\/svm-temp\/nyheter\/kommunist-fran-malaga-blir-konsumtionsminister\/\" \/>\n<meta property=\"og:site_name\" content=\"Svenska Magasinet\" \/>\n<meta property=\"article:publisher\" content=\"https:\/\/www.facebook.com\/svenskamagasinet\" \/>\n<meta property=\"article:published_time\" content=\"2020-01-13T23:00:00+00:00\" \/>\n<meta property=\"og:image\" content=\"https:\/\/lightweb.dev\/l\/svm-temp\/wp-content\/uploads\/2022\/06\/kommunist-fran-malaga-blir-konsumtionsminister.png\" \/>\n\t<meta property=\"og:image:width\" content=\"700\" \/>\n\t<meta property=\"og:image:height\" content=\"420\" \/>\n\t<meta property=\"og:image:type\" content=\"image\/png\" \/>\n<meta name=\"author\" content=\"Redaktionen SvM\" \/>\n<meta name=\"twitter:card\" content=\"summary_large_image\" \/>\n<meta name=\"twitter:creator\" content=\"@SvenskaMagasine\" \/>\n<meta name=\"twitter:site\" content=\"@SvenskaMagasine\" \/>\n<script type=\"application\/ld+json\" class=\"yoast-schema-graph\">{\"@context\":\"https:\\\/\\\/schema.org\",\"@graph\":[{\"@type\":\"Article\",\"@id\":\"https:\\\/\\\/lightweb.dev\\\/l\\\/svm-temp\\\/nyheter\\\/kommunist-fran-malaga-blir-konsumtionsminister\\\/#article\",\"isPartOf\":{\"@id\":\"https:\\\/\\\/lightweb.dev\\\/l\\\/svm-temp\\\/nyheter\\\/kommunist-fran-malaga-blir-konsumtionsminister\\\/\"},\"author\":{\"name\":\"Redaktionen SvM\",\"@id\":\"https:\\\/\\\/lightweb.dev\\\/l\\\/svm-temp\\\/#\\\/schema\\\/person\\\/206a3bda5b607b0c25e1749191e4d837\"},\"headline\":\"Kommunist fr\u00e5n M\u00e1laga blir konsumtionsminister\",\"datePublished\":\"2020-01-13T23:00:00+00:00\",\"mainEntityOfPage\":{\"@id\":\"https:\\\/\\\/lightweb.dev\\\/l\\\/svm-temp\\\/nyheter\\\/kommunist-fran-malaga-blir-konsumtionsminister\\\/\"},\"wordCount\":350,\"commentCount\":0,\"publisher\":{\"@id\":\"https:\\\/\\\/lightweb.dev\\\/l\\\/svm-temp\\\/#organization\"},\"image\":{\"@id\":\"https:\\\/\\\/lightweb.dev\\\/l\\\/svm-temp\\\/nyheter\\\/kommunist-fran-malaga-blir-konsumtionsminister\\\/#primaryimage\"},\"thumbnailUrl\":\"https:\\\/\\\/lightweb.dev\\\/l\\\/svm-temp\\\/wp-content\\\/uploads\\\/2022\\\/06\\\/kommunist-fran-malaga-blir-konsumtionsminister.png\",\"articleSection\":[\"Arkiv\",\"Nyheter\"],\"inLanguage\":\"sv-SE\"},{\"@type\":\"WebPage\",\"@id\":\"https:\\\/\\\/lightweb.dev\\\/l\\\/svm-temp\\\/nyheter\\\/kommunist-fran-malaga-blir-konsumtionsminister\\\/\",\"url\":\"https:\\\/\\\/lightweb.dev\\\/l\\\/svm-temp\\\/nyheter\\\/kommunist-fran-malaga-blir-konsumtionsminister\\\/\",\"name\":\"Kommunist fr\u00e5n M\u00e1laga blir konsumtionsminister - Svenska Magasinet\",\"isPartOf\":{\"@id\":\"https:\\\/\\\/lightweb.dev\\\/l\\\/svm-temp\\\/#website\"},\"primaryImageOfPage\":{\"@id\":\"https:\\\/\\\/lightweb.dev\\\/l\\\/svm-temp\\\/nyheter\\\/kommunist-fran-malaga-blir-konsumtionsminister\\\/#primaryimage\"},\"image\":{\"@id\":\"https:\\\/\\\/lightweb.dev\\\/l\\\/svm-temp\\\/nyheter\\\/kommunist-fran-malaga-blir-konsumtionsminister\\\/#primaryimage\"},\"thumbnailUrl\":\"https:\\\/\\\/lightweb.dev\\\/l\\\/svm-temp\\\/wp-content\\\/uploads\\\/2022\\\/06\\\/kommunist-fran-malaga-blir-konsumtionsminister.png\",\"datePublished\":\"2020-01-13T23:00:00+00:00\",\"breadcrumb\":{\"@id\":\"https:\\\/\\\/lightweb.dev\\\/l\\\/svm-temp\\\/nyheter\\\/kommunist-fran-malaga-blir-konsumtionsminister\\\/#breadcrumb\"},\"inLanguage\":\"sv-SE\",\"potentialAction\":[{\"@type\":\"ReadAction\",\"target\":[\"https:\\\/\\\/lightweb.dev\\\/l\\\/svm-temp\\\/nyheter\\\/kommunist-fran-malaga-blir-konsumtionsminister\\\/\"]}]},{\"@type\":\"ImageObject\",\"inLanguage\":\"sv-SE\",\"@id\":\"https:\\\/\\\/lightweb.dev\\\/l\\\/svm-temp\\\/nyheter\\\/kommunist-fran-malaga-blir-konsumtionsminister\\\/#primaryimage\",\"url\":\"https:\\\/\\\/lightweb.dev\\\/l\\\/svm-temp\\\/wp-content\\\/uploads\\\/2022\\\/06\\\/kommunist-fran-malaga-blir-konsumtionsminister.png\",\"contentUrl\":\"https:\\\/\\\/lightweb.dev\\\/l\\\/svm-temp\\\/wp-content\\\/uploads\\\/2022\\\/06\\\/kommunist-fran-malaga-blir-konsumtionsminister.png\",\"width\":700,\"height\":420},{\"@type\":\"BreadcrumbList\",\"@id\":\"https:\\\/\\\/lightweb.dev\\\/l\\\/svm-temp\\\/nyheter\\\/kommunist-fran-malaga-blir-konsumtionsminister\\\/#breadcrumb\",\"itemListElement\":[{\"@type\":\"ListItem\",\"position\":1,\"name\":\"Hem\",\"item\":\"https:\\\/\\\/lightweb.dev\\\/l\\\/svm-temp\\\/\"},{\"@type\":\"ListItem\",\"position\":2,\"name\":\"Kommunist fr\u00e5n M\u00e1laga blir konsumtionsminister\"}]},{\"@type\":\"WebSite\",\"@id\":\"https:\\\/\\\/lightweb.dev\\\/l\\\/svm-temp\\\/#website\",\"url\":\"https:\\\/\\\/lightweb.dev\\\/l\\\/svm-temp\\\/\",\"name\":\"Svenska Magasinet\",\"description\":\"Dina Spanska nyheter p&aring; Svenska\",\"publisher\":{\"@id\":\"https:\\\/\\\/lightweb.dev\\\/l\\\/svm-temp\\\/#organization\"},\"potentialAction\":[{\"@type\":\"SearchAction\",\"target\":{\"@type\":\"EntryPoint\",\"urlTemplate\":\"https:\\\/\\\/lightweb.dev\\\/l\\\/svm-temp\\\/?s={search_term_string}\"},\"query-input\":{\"@type\":\"PropertyValueSpecification\",\"valueRequired\":true,\"valueName\":\"search_term_string\"}}],\"inLanguage\":\"sv-SE\"},{\"@type\":\"Organization\",\"@id\":\"https:\\\/\\\/lightweb.dev\\\/l\\\/svm-temp\\\/#organization\",\"name\":\"Melkerson y Nott SL\",\"alternateName\":\"Svenska Magasinet\",\"url\":\"https:\\\/\\\/lightweb.dev\\\/l\\\/svm-temp\\\/\",\"logo\":{\"@type\":\"ImageObject\",\"inLanguage\":\"sv-SE\",\"@id\":\"https:\\\/\\\/lightweb.dev\\\/l\\\/svm-temp\\\/#\\\/schema\\\/logo\\\/image\\\/\",\"url\":\"https:\\\/\\\/lightweb.dev\\\/l\\\/svm-temp\\\/wp-content\\\/uploads\\\/2025\\\/02\\\/SvM-logo-Xtra-Centrerad-SVART.png\",\"contentUrl\":\"https:\\\/\\\/lightweb.dev\\\/l\\\/svm-temp\\\/wp-content\\\/uploads\\\/2025\\\/02\\\/SvM-logo-Xtra-Centrerad-SVART.png\",\"width\":300,\"height\":99,\"caption\":\"Melkerson y Nott SL\"},\"image\":{\"@id\":\"https:\\\/\\\/lightweb.dev\\\/l\\\/svm-temp\\\/#\\\/schema\\\/logo\\\/image\\\/\"},\"sameAs\":[\"https:\\\/\\\/www.facebook.com\\\/svenskamagasinet\",\"https:\\\/\\\/x.com\\\/SvenskaMagasine\"]},{\"@type\":\"Person\",\"@id\":\"https:\\\/\\\/lightweb.dev\\\/l\\\/svm-temp\\\/#\\\/schema\\\/person\\\/206a3bda5b607b0c25e1749191e4d837\",\"name\":\"Redaktionen SvM\",\"description\":\"Redaktionen\",\"sameAs\":[\"https:\\\/\\\/lightweb.dev\\\/l\\\/svm-temp\"],\"url\":\"https:\\\/\\\/lightweb.dev\\\/l\\\/svm-temp\\\/reporter\\\/redaktionen\\\/\"}]}<\/script>\n<!-- \/ Yoast SEO Premium plugin. -->","yoast_head_json":{"title":"Kommunist fr\u00e5n M\u00e1laga blir konsumtionsminister - Svenska Magasinet","robots":{"index":"noindex","follow":"follow","max-snippet":"max-snippet:-1","max-image-preview":"max-image-preview:large","max-video-preview":"max-video-preview:-1"},"og_locale":"sv_SE","og_type":"article","og_title":"Kommunist fr\u00e5n M\u00e1laga blir konsumtionsminister","og_description":"F\u00f6r f\u00f6rsta g\u00e5ngen p\u00e5 80 \u00e5r finns en kommunist i den spanska regeringen. Alberto Garz\u00f3n fr\u00e5n Rinc\u00f3n de la Victoria, \u00f6ster om M\u00e1laga, som f\u00f6r ett par \u00e5r sedan skrev boken \u201dPor qu\u00e9 soy comunista\u201d, Varf\u00f6r jag \u00e4r kommunist. Garz\u00f3n blir konsumtionsminister i den nya v\u00e4nsterledda regeringen i Spanien. Garz\u00f3n f\u00f6rsvarar en modell baserad p\u00e5 [&hellip;]","og_url":"https:\/\/lightweb.dev\/l\/svm-temp\/nyheter\/kommunist-fran-malaga-blir-konsumtionsminister\/","og_site_name":"Svenska Magasinet","article_publisher":"https:\/\/www.facebook.com\/svenskamagasinet","article_published_time":"2020-01-13T23:00:00+00:00","og_image":[{"width":700,"height":420,"url":"https:\/\/lightweb.dev\/l\/svm-temp\/wp-content\/uploads\/2022\/06\/kommunist-fran-malaga-blir-konsumtionsminister.png","type":"image\/png"}],"author":"Redaktionen SvM","twitter_card":"summary_large_image","twitter_creator":"@SvenskaMagasine","twitter_site":"@SvenskaMagasine","schema":{"@context":"https:\/\/schema.org","@graph":[{"@type":"Article","@id":"https:\/\/lightweb.dev\/l\/svm-temp\/nyheter\/kommunist-fran-malaga-blir-konsumtionsminister\/#article","isPartOf":{"@id":"https:\/\/lightweb.dev\/l\/svm-temp\/nyheter\/kommunist-fran-malaga-blir-konsumtionsminister\/"},"author":{"name":"Redaktionen SvM","@id":"https:\/\/lightweb.dev\/l\/svm-temp\/#\/schema\/person\/206a3bda5b607b0c25e1749191e4d837"},"headline":"Kommunist fr\u00e5n M\u00e1laga blir konsumtionsminister","datePublished":"2020-01-13T23:00:00+00:00","mainEntityOfPage":{"@id":"https:\/\/lightweb.dev\/l\/svm-temp\/nyheter\/kommunist-fran-malaga-blir-konsumtionsminister\/"},"wordCount":350,"commentCount":0,"publisher":{"@id":"https:\/\/lightweb.dev\/l\/svm-temp\/#organization"},"image":{"@id":"https:\/\/lightweb.dev\/l\/svm-temp\/nyheter\/kommunist-fran-malaga-blir-konsumtionsminister\/#primaryimage"},"thumbnailUrl":"https:\/\/lightweb.dev\/l\/svm-temp\/wp-content\/uploads\/2022\/06\/kommunist-fran-malaga-blir-konsumtionsminister.png","articleSection":["Arkiv","Nyheter"],"inLanguage":"sv-SE"},{"@type":"WebPage","@id":"https:\/\/lightweb.dev\/l\/svm-temp\/nyheter\/kommunist-fran-malaga-blir-konsumtionsminister\/","url":"https:\/\/lightweb.dev\/l\/svm-temp\/nyheter\/kommunist-fran-malaga-blir-konsumtionsminister\/","name":"Kommunist fr\u00e5n M\u00e1laga blir konsumtionsminister - Svenska Magasinet","isPartOf":{"@id":"https:\/\/lightweb.dev\/l\/svm-temp\/#website"},"primaryImageOfPage":{"@id":"https:\/\/lightweb.dev\/l\/svm-temp\/nyheter\/kommunist-fran-malaga-blir-konsumtionsminister\/#primaryimage"},"image":{"@id":"https:\/\/lightweb.dev\/l\/svm-temp\/nyheter\/kommunist-fran-malaga-blir-konsumtionsminister\/#primaryimage"},"thumbnailUrl":"https:\/\/lightweb.dev\/l\/svm-temp\/wp-content\/uploads\/2022\/06\/kommunist-fran-malaga-blir-konsumtionsminister.png","datePublished":"2020-01-13T23:00:00+00:00","breadcrumb":{"@id":"https:\/\/lightweb.dev\/l\/svm-temp\/nyheter\/kommunist-fran-malaga-blir-konsumtionsminister\/#breadcrumb"},"inLanguage":"sv-SE","potentialAction":[{"@type":"ReadAction","target":["https:\/\/lightweb.dev\/l\/svm-temp\/nyheter\/kommunist-fran-malaga-blir-konsumtionsminister\/"]}]},{"@type":"ImageObject","inLanguage":"sv-SE","@id":"https:\/\/lightweb.dev\/l\/svm-temp\/nyheter\/kommunist-fran-malaga-blir-konsumtionsminister\/#primaryimage","url":"https:\/\/lightweb.dev\/l\/svm-temp\/wp-content\/uploads\/2022\/06\/kommunist-fran-malaga-blir-konsumtionsminister.png","contentUrl":"https:\/\/lightweb.dev\/l\/svm-temp\/wp-content\/uploads\/2022\/06\/kommunist-fran-malaga-blir-konsumtionsminister.png","width":700,"height":420},{"@type":"BreadcrumbList","@id":"https:\/\/lightweb.dev\/l\/svm-temp\/nyheter\/kommunist-fran-malaga-blir-konsumtionsminister\/#breadcrumb","itemListElement":[{"@type":"ListItem","position":1,"name":"Hem","item":"https:\/\/lightweb.dev\/l\/svm-temp\/"},{"@type":"ListItem","position":2,"name":"Kommunist fr\u00e5n M\u00e1laga blir konsumtionsminister"}]},{"@type":"WebSite","@id":"https:\/\/lightweb.dev\/l\/svm-temp\/#website","url":"https:\/\/lightweb.dev\/l\/svm-temp\/","name":"Svenska Magasinet","description":"Dina Spanska nyheter p&aring; Svenska","publisher":{"@id":"https:\/\/lightweb.dev\/l\/svm-temp\/#organization"},"potentialAction":[{"@type":"SearchAction","target":{"@type":"EntryPoint","urlTemplate":"https:\/\/lightweb.dev\/l\/svm-temp\/?s={search_term_string}"},"query-input":{"@type":"PropertyValueSpecification","valueRequired":true,"valueName":"search_term_string"}}],"inLanguage":"sv-SE"},{"@type":"Organization","@id":"https:\/\/lightweb.dev\/l\/svm-temp\/#organization","name":"Melkerson y Nott SL","alternateName":"Svenska Magasinet","url":"https:\/\/lightweb.dev\/l\/svm-temp\/","logo":{"@type":"ImageObject","inLanguage":"sv-SE","@id":"https:\/\/lightweb.dev\/l\/svm-temp\/#\/schema\/logo\/image\/","url":"https:\/\/lightweb.dev\/l\/svm-temp\/wp-content\/uploads\/2025\/02\/SvM-logo-Xtra-Centrerad-SVART.png","contentUrl":"https:\/\/lightweb.dev\/l\/svm-temp\/wp-content\/uploads\/2025\/02\/SvM-logo-Xtra-Centrerad-SVART.png","width":300,"height":99,"caption":"Melkerson y Nott SL"},"image":{"@id":"https:\/\/lightweb.dev\/l\/svm-temp\/#\/schema\/logo\/image\/"},"sameAs":["https:\/\/www.facebook.com\/svenskamagasinet","https:\/\/x.com\/SvenskaMagasine"]},{"@type":"Person","@id":"https:\/\/lightweb.dev\/l\/svm-temp\/#\/schema\/person\/206a3bda5b607b0c25e1749191e4d837","name":"Redaktionen SvM","description":"Redaktionen","sameAs":["https:\/\/lightweb.dev\/l\/svm-temp"],"url":"https:\/\/lightweb.dev\/l\/svm-temp\/reporter\/redaktionen\/"}]}},"_links":{"self":[{"href":"https:\/\/lightweb.dev\/l\/svm-temp\/wp-json\/wp\/v2\/posts\/14965","targetHints":{"allow":["GET"]}}],"collection":[{"href":"https:\/\/lightweb.dev\/l\/svm-temp\/wp-json\/wp\/v2\/posts"}],"about":[{"href":"https:\/\/lightweb.dev\/l\/svm-temp\/wp-json\/wp\/v2\/types\/post"}],"author":[{"embeddable":true,"href":"https:\/\/lightweb.dev\/l\/svm-temp\/wp-json\/wp\/v2\/users\/8"}],"replies":[{"embeddable":true,"href":"https:\/\/lightweb.dev\/l\/svm-temp\/wp-json\/wp\/v2\/comments?post=14965"}],"version-history":[{"count":0,"href":"https:\/\/lightweb.dev\/l\/svm-temp\/wp-json\/wp\/v2\/posts\/14965\/revisions"}],"wp:featuredmedia":[{"embeddable":true,"href":"https:\/\/lightweb.dev\/l\/svm-temp\/wp-json\/wp\/v2\/media\/14966"}],"wp:attachment":[{"href":"https:\/\/lightweb.dev\/l\/svm-temp\/wp-json\/wp\/v2\/media?parent=14965"}],"wp:term":[{"taxonomy":"category","embeddable":true,"href":"https:\/\/lightweb.dev\/l\/svm-temp\/wp-json\/wp\/v2\/categories?post=14965"},{"taxonomy":"post_tag","embeddable":true,"href":"https:\/\/lightweb.dev\/l\/svm-temp\/wp-json\/wp\/v2\/tags?post=14965"}],"curies":[{"name":"wp","href":"https:\/\/api.w.org\/{rel}","templated":true}]}}