{"id":14973,"date":"2020-01-13T00:00:00","date_gmt":"2020-01-12T23:00:00","guid":{"rendered":"https:\/\/lightweb.dev\/l\/svm-temp\/nyheter\/har-forhindrar-polis-svensk-fran-att-bega-sjalvmord\/"},"modified":"2020-01-13T00:00:00","modified_gmt":"2020-01-12T23:00:00","slug":"har-forhindrar-polis-svensk-fran-att-bega-sjalvmord","status":"publish","type":"post","link":"https:\/\/lightweb.dev\/l\/svm-temp\/nyheter\/har-forhindrar-polis-svensk-fran-att-bega-sjalvmord\/","title":{"rendered":"H\u00e4r f\u00f6rhindrar polis svensk fr\u00e5n att beg\u00e5 sj\u00e4lvmord"},"content":{"rendered":"<p> F\u00f6rst hotade han att knivhugga sin svenske rumskamrat. D\u00e4refter f\u00f6rs\u00f6kte den 40-\u00e5rige svensken ta sitt eget liv p\u00e5 stranden i Fuengirola. En st\u00f6rre polisinsats p\u00e5 l\u00f6rdagskv\u00e4llen v\u00e4ckte stor uppm\u00e4rksamhet. Av Ola Josefsson<\/p>\n<p>Det b\u00f6rjade vid sjutiden p\u00e5 l\u00f6rdagsmorgonen d\u00e5 den 40-\u00e5rige svensken ska ha d\u00f6dshotat en landsman i en l\u00e4genhet i centrala Fuengirola. Landsmannen flydde fr\u00e5n l\u00e4genheten genom att hoppa fr\u00e5n balkongen p\u00e5 andra v\u00e5ningen. Han hamnade p\u00e5 terrassen p\u00e5 markplanet och \u00e5drog sig sv\u00e5ra benbrott. Mannen v\u00e5rdas i nul\u00e4get p\u00e5 sjukhuset Costa del Sol i Marbella.<\/p>\n<p>Senare p\u00e5 l\u00f6rdagseftermiddagen hotade den 40-\u00e5rige svensken att ta sig eget liv. Samtidigt som mannen h\u00f6ll en st\u00f6rre kniv mot struphuvudet f\u00f6rs\u00f6kte cirka tio tungt bev\u00e4pnade nationalpoliser f\u00f6rhandla med mannen om att l\u00e4gga ned kniven. Polisen omringade mannen d\u00e5 han upplevdes som farlig f\u00f6r allm\u00e4nheten och var utrustad med en stor kniv.<\/p>\n<p>Svenska Magasinet ber\u00e4ttade om h\u00e4ndelsen p\u00e5 sitt Twitterkonto p\u00e5 l\u00f6rdagskv\u00e4llen d\u00e4r \u00e4ven en film finns publicerad.<\/p>\n<p>H\u00e4ndelsen utspelade sig p\u00e5 Paseo Maritimo Rey de Espa\u00f1a i Fuengirola n\u00e4ra Parque Do\u00f1a Sofia. Omkring ett 50-tal personer f\u00f6ljde dramat p\u00e5 l\u00f6rdagskv\u00e4llen s\u00e4ger ett \u00f6gonvittne till Svenska Magasinet.<\/p>\n<p>&#8211; Mannen hotade att hugga sig sj\u00e4lv. \u00d6ver tio poliser \u00e4r p\u00e5 plats. Ungef\u00e4r vid klockan 20.30 fick de in honom. Ett femtiotal \u00e5sk\u00e5dare appl\u00e5derade polisinsatsen, s\u00e4ger ett svensk man som blev \u00f6gonvittne till h\u00e4ndelsen p\u00e5 stranden i Fuengirola.<\/p>\n<p>Nationalpolisen beskriver insatsen som ett \u201dkritisk ingripande\u201d. F\u00f6rutom nationalpoliser deltog \u00e4ven medlemmar ur insatsstyrkan GOES (Grupo de Operativos Especiales de Seguridad) skriver den spanska dagstidningen ABC. Polisen bevakade svensken \u00e4ven utifr\u00e5n havet fr\u00e5n en b\u00e5t (bilden). Under fem timmar f\u00f6rhandlade polisen med mannen att l\u00e4gga ner kniven och \u00f6verl\u00e4mna sig frivilligt till polisen.<\/p>\n<p>Den 40-\u00e5rige svensken f\u00f6rdes senare till ett sjukhus i M\u00e1laga. D\u00e4r v\u00e4ntar en psykiatrisk unders\u00f6kning.<\/p>\n<p>(Foto: L\u00e4sarbild)<\/p>\n","protected":false},"excerpt":{"rendered":"<p>F\u00f6rst hotade han att knivhugga sin svenske rumskamrat. D\u00e4refter f\u00f6rs\u00f6kte den 40-\u00e5rige svensken ta sitt eget liv p\u00e5 stranden i Fuengirola. En st\u00f6rre polisinsats p\u00e5 l\u00f6rdagskv\u00e4llen v\u00e4ckte stor uppm\u00e4rksamhet. Av Ola Josefsson Det b\u00f6rjade vid sjutiden p\u00e5 l\u00f6rdagsmorgonen d\u00e5 den 40-\u00e5rige svensken ska ha d\u00f6dshotat en landsman i en l\u00e4genhet i centrala Fuengirola. Landsmannen flydde [&hellip;]<\/p>\n","protected":false},"author":8,"featured_media":14974,"comment_status":"open","ping_status":"open","sticky":false,"template":"","format":"standard","meta":{"_et_pb_use_builder":"","_et_pb_old_content":"","_et_gb_content_width":"","footnotes":""},"categories":[395,3],"tags":[],"class_list":["post-14973","post","type-post","status-publish","format-standard","has-post-thumbnail","hentry","category-arkiv-nyheter","category-nyheter"],"yoast_head":"<!-- This site is optimized with the Yoast SEO Premium plugin v26.2 (Yoast SEO v27.4) - https:\/\/yoast.com\/product\/yoast-seo-premium-wordpress\/ -->\n<title>H\u00e4r f\u00f6rhindrar polis svensk fr\u00e5n att beg\u00e5 sj\u00e4lvmord - Svenska Magasinet<\/title>\n<meta name=\"robots\" content=\"noindex, follow, max-snippet:-1, max-image-preview:large, max-video-preview:-1\" \/>\n<meta property=\"og:locale\" content=\"sv_SE\" \/>\n<meta property=\"og:type\" content=\"article\" \/>\n<meta property=\"og:title\" content=\"H\u00e4r f\u00f6rhindrar polis svensk fr\u00e5n att beg\u00e5 sj\u00e4lvmord\" \/>\n<meta property=\"og:description\" content=\"F\u00f6rst hotade han att knivhugga sin svenske rumskamrat. D\u00e4refter f\u00f6rs\u00f6kte den 40-\u00e5rige svensken ta sitt eget liv p\u00e5 stranden i Fuengirola. En st\u00f6rre polisinsats p\u00e5 l\u00f6rdagskv\u00e4llen v\u00e4ckte stor uppm\u00e4rksamhet. Av Ola Josefsson Det b\u00f6rjade vid sjutiden p\u00e5 l\u00f6rdagsmorgonen d\u00e5 den 40-\u00e5rige svensken ska ha d\u00f6dshotat en landsman i en l\u00e4genhet i centrala Fuengirola. Landsmannen flydde [&hellip;]\" \/>\n<meta property=\"og:url\" content=\"https:\/\/lightweb.dev\/l\/svm-temp\/nyheter\/har-forhindrar-polis-svensk-fran-att-bega-sjalvmord\/\" \/>\n<meta property=\"og:site_name\" content=\"Svenska Magasinet\" \/>\n<meta property=\"article:publisher\" content=\"https:\/\/www.facebook.com\/svenskamagasinet\" \/>\n<meta property=\"article:published_time\" content=\"2020-01-12T23:00:00+00:00\" \/>\n<meta property=\"og:image\" content=\"https:\/\/lightweb.dev\/l\/svm-temp\/wp-content\/uploads\/2022\/06\/har-forhindrar-polis-svensk-fran-att-bega-sjalvmord.png\" \/>\n\t<meta property=\"og:image:width\" content=\"700\" \/>\n\t<meta property=\"og:image:height\" content=\"420\" \/>\n\t<meta property=\"og:image:type\" content=\"image\/png\" \/>\n<meta name=\"author\" content=\"Redaktionen SvM\" \/>\n<meta name=\"twitter:card\" content=\"summary_large_image\" \/>\n<meta name=\"twitter:creator\" content=\"@SvenskaMagasine\" \/>\n<meta name=\"twitter:site\" content=\"@SvenskaMagasine\" \/>\n<script type=\"application\/ld+json\" class=\"yoast-schema-graph\">{\"@context\":\"https:\\\/\\\/schema.org\",\"@graph\":[{\"@type\":\"Article\",\"@id\":\"https:\\\/\\\/lightweb.dev\\\/l\\\/svm-temp\\\/nyheter\\\/har-forhindrar-polis-svensk-fran-att-bega-sjalvmord\\\/#article\",\"isPartOf\":{\"@id\":\"https:\\\/\\\/lightweb.dev\\\/l\\\/svm-temp\\\/nyheter\\\/har-forhindrar-polis-svensk-fran-att-bega-sjalvmord\\\/\"},\"author\":{\"name\":\"Redaktionen SvM\",\"@id\":\"https:\\\/\\\/lightweb.dev\\\/l\\\/svm-temp\\\/#\\\/schema\\\/person\\\/206a3bda5b607b0c25e1749191e4d837\"},\"headline\":\"H\u00e4r f\u00f6rhindrar polis svensk fr\u00e5n att beg\u00e5 sj\u00e4lvmord\",\"datePublished\":\"2020-01-12T23:00:00+00:00\",\"mainEntityOfPage\":{\"@id\":\"https:\\\/\\\/lightweb.dev\\\/l\\\/svm-temp\\\/nyheter\\\/har-forhindrar-polis-svensk-fran-att-bega-sjalvmord\\\/\"},\"wordCount\":370,\"commentCount\":0,\"publisher\":{\"@id\":\"https:\\\/\\\/lightweb.dev\\\/l\\\/svm-temp\\\/#organization\"},\"image\":{\"@id\":\"https:\\\/\\\/lightweb.dev\\\/l\\\/svm-temp\\\/nyheter\\\/har-forhindrar-polis-svensk-fran-att-bega-sjalvmord\\\/#primaryimage\"},\"thumbnailUrl\":\"https:\\\/\\\/lightweb.dev\\\/l\\\/svm-temp\\\/wp-content\\\/uploads\\\/2022\\\/06\\\/har-forhindrar-polis-svensk-fran-att-bega-sjalvmord.png\",\"articleSection\":[\"Arkiv\",\"Nyheter\"],\"inLanguage\":\"sv-SE\"},{\"@type\":\"WebPage\",\"@id\":\"https:\\\/\\\/lightweb.dev\\\/l\\\/svm-temp\\\/nyheter\\\/har-forhindrar-polis-svensk-fran-att-bega-sjalvmord\\\/\",\"url\":\"https:\\\/\\\/lightweb.dev\\\/l\\\/svm-temp\\\/nyheter\\\/har-forhindrar-polis-svensk-fran-att-bega-sjalvmord\\\/\",\"name\":\"H\u00e4r f\u00f6rhindrar polis svensk fr\u00e5n att beg\u00e5 sj\u00e4lvmord - Svenska Magasinet\",\"isPartOf\":{\"@id\":\"https:\\\/\\\/lightweb.dev\\\/l\\\/svm-temp\\\/#website\"},\"primaryImageOfPage\":{\"@id\":\"https:\\\/\\\/lightweb.dev\\\/l\\\/svm-temp\\\/nyheter\\\/har-forhindrar-polis-svensk-fran-att-bega-sjalvmord\\\/#primaryimage\"},\"image\":{\"@id\":\"https:\\\/\\\/lightweb.dev\\\/l\\\/svm-temp\\\/nyheter\\\/har-forhindrar-polis-svensk-fran-att-bega-sjalvmord\\\/#primaryimage\"},\"thumbnailUrl\":\"https:\\\/\\\/lightweb.dev\\\/l\\\/svm-temp\\\/wp-content\\\/uploads\\\/2022\\\/06\\\/har-forhindrar-polis-svensk-fran-att-bega-sjalvmord.png\",\"datePublished\":\"2020-01-12T23:00:00+00:00\",\"breadcrumb\":{\"@id\":\"https:\\\/\\\/lightweb.dev\\\/l\\\/svm-temp\\\/nyheter\\\/har-forhindrar-polis-svensk-fran-att-bega-sjalvmord\\\/#breadcrumb\"},\"inLanguage\":\"sv-SE\",\"potentialAction\":[{\"@type\":\"ReadAction\",\"target\":[\"https:\\\/\\\/lightweb.dev\\\/l\\\/svm-temp\\\/nyheter\\\/har-forhindrar-polis-svensk-fran-att-bega-sjalvmord\\\/\"]}]},{\"@type\":\"ImageObject\",\"inLanguage\":\"sv-SE\",\"@id\":\"https:\\\/\\\/lightweb.dev\\\/l\\\/svm-temp\\\/nyheter\\\/har-forhindrar-polis-svensk-fran-att-bega-sjalvmord\\\/#primaryimage\",\"url\":\"https:\\\/\\\/lightweb.dev\\\/l\\\/svm-temp\\\/wp-content\\\/uploads\\\/2022\\\/06\\\/har-forhindrar-polis-svensk-fran-att-bega-sjalvmord.png\",\"contentUrl\":\"https:\\\/\\\/lightweb.dev\\\/l\\\/svm-temp\\\/wp-content\\\/uploads\\\/2022\\\/06\\\/har-forhindrar-polis-svensk-fran-att-bega-sjalvmord.png\",\"width\":700,\"height\":420},{\"@type\":\"BreadcrumbList\",\"@id\":\"https:\\\/\\\/lightweb.dev\\\/l\\\/svm-temp\\\/nyheter\\\/har-forhindrar-polis-svensk-fran-att-bega-sjalvmord\\\/#breadcrumb\",\"itemListElement\":[{\"@type\":\"ListItem\",\"position\":1,\"name\":\"Hem\",\"item\":\"https:\\\/\\\/lightweb.dev\\\/l\\\/svm-temp\\\/\"},{\"@type\":\"ListItem\",\"position\":2,\"name\":\"H\u00e4r f\u00f6rhindrar polis svensk fr\u00e5n att beg\u00e5 sj\u00e4lvmord\"}]},{\"@type\":\"WebSite\",\"@id\":\"https:\\\/\\\/lightweb.dev\\\/l\\\/svm-temp\\\/#website\",\"url\":\"https:\\\/\\\/lightweb.dev\\\/l\\\/svm-temp\\\/\",\"name\":\"Svenska Magasinet\",\"description\":\"Dina Spanska nyheter p&aring; Svenska\",\"publisher\":{\"@id\":\"https:\\\/\\\/lightweb.dev\\\/l\\\/svm-temp\\\/#organization\"},\"potentialAction\":[{\"@type\":\"SearchAction\",\"target\":{\"@type\":\"EntryPoint\",\"urlTemplate\":\"https:\\\/\\\/lightweb.dev\\\/l\\\/svm-temp\\\/?s={search_term_string}\"},\"query-input\":{\"@type\":\"PropertyValueSpecification\",\"valueRequired\":true,\"valueName\":\"search_term_string\"}}],\"inLanguage\":\"sv-SE\"},{\"@type\":\"Organization\",\"@id\":\"https:\\\/\\\/lightweb.dev\\\/l\\\/svm-temp\\\/#organization\",\"name\":\"Melkerson y Nott SL\",\"alternateName\":\"Svenska Magasinet\",\"url\":\"https:\\\/\\\/lightweb.dev\\\/l\\\/svm-temp\\\/\",\"logo\":{\"@type\":\"ImageObject\",\"inLanguage\":\"sv-SE\",\"@id\":\"https:\\\/\\\/lightweb.dev\\\/l\\\/svm-temp\\\/#\\\/schema\\\/logo\\\/image\\\/\",\"url\":\"https:\\\/\\\/lightweb.dev\\\/l\\\/svm-temp\\\/wp-content\\\/uploads\\\/2025\\\/02\\\/SvM-logo-Xtra-Centrerad-SVART.png\",\"contentUrl\":\"https:\\\/\\\/lightweb.dev\\\/l\\\/svm-temp\\\/wp-content\\\/uploads\\\/2025\\\/02\\\/SvM-logo-Xtra-Centrerad-SVART.png\",\"width\":300,\"height\":99,\"caption\":\"Melkerson y Nott SL\"},\"image\":{\"@id\":\"https:\\\/\\\/lightweb.dev\\\/l\\\/svm-temp\\\/#\\\/schema\\\/logo\\\/image\\\/\"},\"sameAs\":[\"https:\\\/\\\/www.facebook.com\\\/svenskamagasinet\",\"https:\\\/\\\/x.com\\\/SvenskaMagasine\"]},{\"@type\":\"Person\",\"@id\":\"https:\\\/\\\/lightweb.dev\\\/l\\\/svm-temp\\\/#\\\/schema\\\/person\\\/206a3bda5b607b0c25e1749191e4d837\",\"name\":\"Redaktionen SvM\",\"description\":\"Redaktionen\",\"sameAs\":[\"https:\\\/\\\/lightweb.dev\\\/l\\\/svm-temp\"],\"url\":\"https:\\\/\\\/lightweb.dev\\\/l\\\/svm-temp\\\/reporter\\\/redaktionen\\\/\"}]}<\/script>\n<!-- \/ Yoast SEO Premium plugin. -->","yoast_head_json":{"title":"H\u00e4r f\u00f6rhindrar polis svensk fr\u00e5n att beg\u00e5 sj\u00e4lvmord - Svenska Magasinet","robots":{"index":"noindex","follow":"follow","max-snippet":"max-snippet:-1","max-image-preview":"max-image-preview:large","max-video-preview":"max-video-preview:-1"},"og_locale":"sv_SE","og_type":"article","og_title":"H\u00e4r f\u00f6rhindrar polis svensk fr\u00e5n att beg\u00e5 sj\u00e4lvmord","og_description":"F\u00f6rst hotade han att knivhugga sin svenske rumskamrat. D\u00e4refter f\u00f6rs\u00f6kte den 40-\u00e5rige svensken ta sitt eget liv p\u00e5 stranden i Fuengirola. En st\u00f6rre polisinsats p\u00e5 l\u00f6rdagskv\u00e4llen v\u00e4ckte stor uppm\u00e4rksamhet. Av Ola Josefsson Det b\u00f6rjade vid sjutiden p\u00e5 l\u00f6rdagsmorgonen d\u00e5 den 40-\u00e5rige svensken ska ha d\u00f6dshotat en landsman i en l\u00e4genhet i centrala Fuengirola. Landsmannen flydde [&hellip;]","og_url":"https:\/\/lightweb.dev\/l\/svm-temp\/nyheter\/har-forhindrar-polis-svensk-fran-att-bega-sjalvmord\/","og_site_name":"Svenska Magasinet","article_publisher":"https:\/\/www.facebook.com\/svenskamagasinet","article_published_time":"2020-01-12T23:00:00+00:00","og_image":[{"width":700,"height":420,"url":"https:\/\/lightweb.dev\/l\/svm-temp\/wp-content\/uploads\/2022\/06\/har-forhindrar-polis-svensk-fran-att-bega-sjalvmord.png","type":"image\/png"}],"author":"Redaktionen SvM","twitter_card":"summary_large_image","twitter_creator":"@SvenskaMagasine","twitter_site":"@SvenskaMagasine","schema":{"@context":"https:\/\/schema.org","@graph":[{"@type":"Article","@id":"https:\/\/lightweb.dev\/l\/svm-temp\/nyheter\/har-forhindrar-polis-svensk-fran-att-bega-sjalvmord\/#article","isPartOf":{"@id":"https:\/\/lightweb.dev\/l\/svm-temp\/nyheter\/har-forhindrar-polis-svensk-fran-att-bega-sjalvmord\/"},"author":{"name":"Redaktionen SvM","@id":"https:\/\/lightweb.dev\/l\/svm-temp\/#\/schema\/person\/206a3bda5b607b0c25e1749191e4d837"},"headline":"H\u00e4r f\u00f6rhindrar polis svensk fr\u00e5n att beg\u00e5 sj\u00e4lvmord","datePublished":"2020-01-12T23:00:00+00:00","mainEntityOfPage":{"@id":"https:\/\/lightweb.dev\/l\/svm-temp\/nyheter\/har-forhindrar-polis-svensk-fran-att-bega-sjalvmord\/"},"wordCount":370,"commentCount":0,"publisher":{"@id":"https:\/\/lightweb.dev\/l\/svm-temp\/#organization"},"image":{"@id":"https:\/\/lightweb.dev\/l\/svm-temp\/nyheter\/har-forhindrar-polis-svensk-fran-att-bega-sjalvmord\/#primaryimage"},"thumbnailUrl":"https:\/\/lightweb.dev\/l\/svm-temp\/wp-content\/uploads\/2022\/06\/har-forhindrar-polis-svensk-fran-att-bega-sjalvmord.png","articleSection":["Arkiv","Nyheter"],"inLanguage":"sv-SE"},{"@type":"WebPage","@id":"https:\/\/lightweb.dev\/l\/svm-temp\/nyheter\/har-forhindrar-polis-svensk-fran-att-bega-sjalvmord\/","url":"https:\/\/lightweb.dev\/l\/svm-temp\/nyheter\/har-forhindrar-polis-svensk-fran-att-bega-sjalvmord\/","name":"H\u00e4r f\u00f6rhindrar polis svensk fr\u00e5n att beg\u00e5 sj\u00e4lvmord - Svenska Magasinet","isPartOf":{"@id":"https:\/\/lightweb.dev\/l\/svm-temp\/#website"},"primaryImageOfPage":{"@id":"https:\/\/lightweb.dev\/l\/svm-temp\/nyheter\/har-forhindrar-polis-svensk-fran-att-bega-sjalvmord\/#primaryimage"},"image":{"@id":"https:\/\/lightweb.dev\/l\/svm-temp\/nyheter\/har-forhindrar-polis-svensk-fran-att-bega-sjalvmord\/#primaryimage"},"thumbnailUrl":"https:\/\/lightweb.dev\/l\/svm-temp\/wp-content\/uploads\/2022\/06\/har-forhindrar-polis-svensk-fran-att-bega-sjalvmord.png","datePublished":"2020-01-12T23:00:00+00:00","breadcrumb":{"@id":"https:\/\/lightweb.dev\/l\/svm-temp\/nyheter\/har-forhindrar-polis-svensk-fran-att-bega-sjalvmord\/#breadcrumb"},"inLanguage":"sv-SE","potentialAction":[{"@type":"ReadAction","target":["https:\/\/lightweb.dev\/l\/svm-temp\/nyheter\/har-forhindrar-polis-svensk-fran-att-bega-sjalvmord\/"]}]},{"@type":"ImageObject","inLanguage":"sv-SE","@id":"https:\/\/lightweb.dev\/l\/svm-temp\/nyheter\/har-forhindrar-polis-svensk-fran-att-bega-sjalvmord\/#primaryimage","url":"https:\/\/lightweb.dev\/l\/svm-temp\/wp-content\/uploads\/2022\/06\/har-forhindrar-polis-svensk-fran-att-bega-sjalvmord.png","contentUrl":"https:\/\/lightweb.dev\/l\/svm-temp\/wp-content\/uploads\/2022\/06\/har-forhindrar-polis-svensk-fran-att-bega-sjalvmord.png","width":700,"height":420},{"@type":"BreadcrumbList","@id":"https:\/\/lightweb.dev\/l\/svm-temp\/nyheter\/har-forhindrar-polis-svensk-fran-att-bega-sjalvmord\/#breadcrumb","itemListElement":[{"@type":"ListItem","position":1,"name":"Hem","item":"https:\/\/lightweb.dev\/l\/svm-temp\/"},{"@type":"ListItem","position":2,"name":"H\u00e4r f\u00f6rhindrar polis svensk fr\u00e5n att beg\u00e5 sj\u00e4lvmord"}]},{"@type":"WebSite","@id":"https:\/\/lightweb.dev\/l\/svm-temp\/#website","url":"https:\/\/lightweb.dev\/l\/svm-temp\/","name":"Svenska Magasinet","description":"Dina Spanska nyheter p&aring; Svenska","publisher":{"@id":"https:\/\/lightweb.dev\/l\/svm-temp\/#organization"},"potentialAction":[{"@type":"SearchAction","target":{"@type":"EntryPoint","urlTemplate":"https:\/\/lightweb.dev\/l\/svm-temp\/?s={search_term_string}"},"query-input":{"@type":"PropertyValueSpecification","valueRequired":true,"valueName":"search_term_string"}}],"inLanguage":"sv-SE"},{"@type":"Organization","@id":"https:\/\/lightweb.dev\/l\/svm-temp\/#organization","name":"Melkerson y Nott SL","alternateName":"Svenska Magasinet","url":"https:\/\/lightweb.dev\/l\/svm-temp\/","logo":{"@type":"ImageObject","inLanguage":"sv-SE","@id":"https:\/\/lightweb.dev\/l\/svm-temp\/#\/schema\/logo\/image\/","url":"https:\/\/lightweb.dev\/l\/svm-temp\/wp-content\/uploads\/2025\/02\/SvM-logo-Xtra-Centrerad-SVART.png","contentUrl":"https:\/\/lightweb.dev\/l\/svm-temp\/wp-content\/uploads\/2025\/02\/SvM-logo-Xtra-Centrerad-SVART.png","width":300,"height":99,"caption":"Melkerson y Nott SL"},"image":{"@id":"https:\/\/lightweb.dev\/l\/svm-temp\/#\/schema\/logo\/image\/"},"sameAs":["https:\/\/www.facebook.com\/svenskamagasinet","https:\/\/x.com\/SvenskaMagasine"]},{"@type":"Person","@id":"https:\/\/lightweb.dev\/l\/svm-temp\/#\/schema\/person\/206a3bda5b607b0c25e1749191e4d837","name":"Redaktionen SvM","description":"Redaktionen","sameAs":["https:\/\/lightweb.dev\/l\/svm-temp"],"url":"https:\/\/lightweb.dev\/l\/svm-temp\/reporter\/redaktionen\/"}]}},"_links":{"self":[{"href":"https:\/\/lightweb.dev\/l\/svm-temp\/wp-json\/wp\/v2\/posts\/14973","targetHints":{"allow":["GET"]}}],"collection":[{"href":"https:\/\/lightweb.dev\/l\/svm-temp\/wp-json\/wp\/v2\/posts"}],"about":[{"href":"https:\/\/lightweb.dev\/l\/svm-temp\/wp-json\/wp\/v2\/types\/post"}],"author":[{"embeddable":true,"href":"https:\/\/lightweb.dev\/l\/svm-temp\/wp-json\/wp\/v2\/users\/8"}],"replies":[{"embeddable":true,"href":"https:\/\/lightweb.dev\/l\/svm-temp\/wp-json\/wp\/v2\/comments?post=14973"}],"version-history":[{"count":0,"href":"https:\/\/lightweb.dev\/l\/svm-temp\/wp-json\/wp\/v2\/posts\/14973\/revisions"}],"wp:featuredmedia":[{"embeddable":true,"href":"https:\/\/lightweb.dev\/l\/svm-temp\/wp-json\/wp\/v2\/media\/14974"}],"wp:attachment":[{"href":"https:\/\/lightweb.dev\/l\/svm-temp\/wp-json\/wp\/v2\/media?parent=14973"}],"wp:term":[{"taxonomy":"category","embeddable":true,"href":"https:\/\/lightweb.dev\/l\/svm-temp\/wp-json\/wp\/v2\/categories?post=14973"},{"taxonomy":"post_tag","embeddable":true,"href":"https:\/\/lightweb.dev\/l\/svm-temp\/wp-json\/wp\/v2\/tags?post=14973"}],"curies":[{"name":"wp","href":"https:\/\/api.w.org\/{rel}","templated":true}]}}