{"id":14979,"date":"2020-01-13T00:00:00","date_gmt":"2020-01-12T23:00:00","guid":{"rendered":"https:\/\/lightweb.dev\/l\/svm-temp\/nyheter\/ekonomisk-profil-som-motvikt-mot-antikapitalistiska-unidas-podemos\/"},"modified":"2020-01-13T00:00:00","modified_gmt":"2020-01-12T23:00:00","slug":"ekonomisk-profil-som-motvikt-mot-antikapitalistiska-unidas-podemos","status":"publish","type":"post","link":"https:\/\/lightweb.dev\/l\/svm-temp\/nyheter\/ekonomisk-profil-som-motvikt-mot-antikapitalistiska-unidas-podemos\/","title":{"rendered":"Ekonomisk profil som motvikt mot antikapitalistiska Unidas Podemos"},"content":{"rendered":"<p> Pedro S\u00e1nchez har utformat ett ministerr\u00e5d med en stark ekonomisk profil d\u00e4r han beh\u00e5ller k\u00e4rnan av de ministrar som varit med senaste tiden. Regeringskansliet Moncloa skriver i ett pressmeddelande att denna regering best\u00e5r av \u201ddet b\u00e4sta ekonomiska teamet i spansk demokrati\u201d.<\/p>\n<p>Totalt har 22 ministrar presenterats. Inte sedan regeringen med Adolfo Su\u00e9rez under \u00e5ren 1979 till 1981 har den spanska regeringen best\u00e5tt av s\u00e5 m\u00e5nga ministerposter. Den g\u00e5ngen var det 26 stycken. Nu \u00e4r det 22 f\u00f6rutom regeringschefen Pedro S\u00e1nchez. En rej\u00e4l \u00f6kning allts\u00e5 j\u00e4mf\u00f6rt med den f\u00f6rra Rajoy-regeringen med 14 ministerposter f\u00f6rutom regeringschefen.<\/p>\n<p>Socialistpartiets koalitionspartner, ytterkantsv\u00e4nsterpartiet och den populistiska gr\u00e4srotsr\u00f6relsen Unidas Podemos har f\u00e5tt fem ministerposter varav partiledaren Pablo Iglesias \u00e4r vice regeringschef. Den nya regeringen har inte mindre \u00e4n fyra vice regeringschefer.<\/p>\n<p>Pedro S\u00e1nchez beslut att ha med fyra vice regeringschefer och 18 ministrar kommer uppenbarligen att inneb\u00e4ra st\u00f6rre offentliga utgifter. Med totalt 22 ministerportf\u00f6ljer \u00f6kar ministerbudgeten till 77.451 miljoner euro vilket kan j\u00e4mf\u00f6ras med de 21.123 miljoner euro den posten kostade tidigare. Det \u00e4r en \u00f6kning med 37 procent!<\/p>\n<p>Den utn\u00e4mningen som har f\u00e5tt mest uppm\u00e4rksamhet och som \u00e4ven har appl\u00e5derats av oppositionen \u00e4r Arancha Gonz\u00e1lez Laya som utrikesminister som har ett gediget CV fr\u00e5n FN och WTO.<\/p>\n<p>S\u00e1nchez, som har blivit kritiserad f\u00f6r att t\u00e4nka mer p\u00e5 sin egen karri\u00e4r \u00e4n landet b\u00e4sta, har f\u00f6rs\u00f6kt att hitta en balans i ministerr\u00e5det. Regeringen beskrivs ha en stark ekonomisk profil n\u00e4r det g\u00e4ller de ministrar fr\u00e5n PSOE som S\u00e1nchez har valt och som ska vara en motvikt till koalitionspartnern och vice regeringschefen Pablo Iglesias antikapitalistiska stil.<\/p>\n<p>Det parlamentariska l\u00e4get \u00e4r sv\u00e5rt och regeringen \u00e4r i minoritet och \u00e4r i st\u00f6rsta behov av de allierades lojalitet. Konflikten i Katalonien kommer att bli en del av det politiska livet i regeringskansliet den n\u00e4rmaste tiden.<\/p>\n<p>S\u00e5 r\u00e4kna med problem och sv\u00e5righeter p\u00e5 insidan mellan socialister och v\u00e4nsterradikala Unidas Podemos samt de passiva st\u00f6dr\u00f6sterna fr\u00e5n katalanska separatister. <\/p>\n<p>(Foto: Kungahuset \u00a9 Casa de S.M. el Rey)<\/p>\n","protected":false},"excerpt":{"rendered":"<p>Pedro S\u00e1nchez har utformat ett ministerr\u00e5d med en stark ekonomisk profil d\u00e4r han beh\u00e5ller k\u00e4rnan av de ministrar som varit med senaste tiden. Regeringskansliet Moncloa skriver i ett pressmeddelande att denna regering best\u00e5r av \u201ddet b\u00e4sta ekonomiska teamet i spansk demokrati\u201d. Totalt har 22 ministrar presenterats. Inte sedan regeringen med Adolfo Su\u00e9rez under \u00e5ren 1979 [&hellip;]<\/p>\n","protected":false},"author":8,"featured_media":14980,"comment_status":"open","ping_status":"open","sticky":false,"template":"","format":"standard","meta":{"_et_pb_use_builder":"","_et_pb_old_content":"","_et_gb_content_width":"","footnotes":""},"categories":[395,3],"tags":[],"class_list":["post-14979","post","type-post","status-publish","format-standard","has-post-thumbnail","hentry","category-arkiv-nyheter","category-nyheter"],"yoast_head":"<!-- This site is optimized with the Yoast SEO Premium plugin v26.2 (Yoast SEO v27.4) - https:\/\/yoast.com\/product\/yoast-seo-premium-wordpress\/ -->\n<title>Ekonomisk profil som motvikt mot antikapitalistiska Unidas Podemos - Svenska Magasinet<\/title>\n<meta name=\"robots\" content=\"noindex, follow, max-snippet:-1, max-image-preview:large, max-video-preview:-1\" \/>\n<meta property=\"og:locale\" content=\"sv_SE\" \/>\n<meta property=\"og:type\" content=\"article\" \/>\n<meta property=\"og:title\" content=\"Ekonomisk profil som motvikt mot antikapitalistiska Unidas Podemos\" \/>\n<meta property=\"og:description\" content=\"Pedro S\u00e1nchez har utformat ett ministerr\u00e5d med en stark ekonomisk profil d\u00e4r han beh\u00e5ller k\u00e4rnan av de ministrar som varit med senaste tiden. Regeringskansliet Moncloa skriver i ett pressmeddelande att denna regering best\u00e5r av \u201ddet b\u00e4sta ekonomiska teamet i spansk demokrati\u201d. Totalt har 22 ministrar presenterats. Inte sedan regeringen med Adolfo Su\u00e9rez under \u00e5ren 1979 [&hellip;]\" \/>\n<meta property=\"og:url\" content=\"https:\/\/lightweb.dev\/l\/svm-temp\/nyheter\/ekonomisk-profil-som-motvikt-mot-antikapitalistiska-unidas-podemos\/\" \/>\n<meta property=\"og:site_name\" content=\"Svenska Magasinet\" \/>\n<meta property=\"article:publisher\" content=\"https:\/\/www.facebook.com\/svenskamagasinet\" \/>\n<meta property=\"article:published_time\" content=\"2020-01-12T23:00:00+00:00\" \/>\n<meta property=\"og:image\" content=\"https:\/\/lightweb.dev\/l\/svm-temp\/wp-content\/uploads\/2022\/06\/ekonomisk-profil-som-motvikt-mot-antikapitalistiska-unidas-podemos.png\" \/>\n\t<meta property=\"og:image:width\" content=\"700\" \/>\n\t<meta property=\"og:image:height\" content=\"420\" \/>\n\t<meta property=\"og:image:type\" content=\"image\/png\" \/>\n<meta name=\"author\" content=\"Redaktionen SvM\" \/>\n<meta name=\"twitter:card\" content=\"summary_large_image\" \/>\n<meta name=\"twitter:creator\" content=\"@SvenskaMagasine\" \/>\n<meta name=\"twitter:site\" content=\"@SvenskaMagasine\" \/>\n<script type=\"application\/ld+json\" class=\"yoast-schema-graph\">{\"@context\":\"https:\\\/\\\/schema.org\",\"@graph\":[{\"@type\":\"Article\",\"@id\":\"https:\\\/\\\/lightweb.dev\\\/l\\\/svm-temp\\\/nyheter\\\/ekonomisk-profil-som-motvikt-mot-antikapitalistiska-unidas-podemos\\\/#article\",\"isPartOf\":{\"@id\":\"https:\\\/\\\/lightweb.dev\\\/l\\\/svm-temp\\\/nyheter\\\/ekonomisk-profil-som-motvikt-mot-antikapitalistiska-unidas-podemos\\\/\"},\"author\":{\"name\":\"Redaktionen SvM\",\"@id\":\"https:\\\/\\\/lightweb.dev\\\/l\\\/svm-temp\\\/#\\\/schema\\\/person\\\/206a3bda5b607b0c25e1749191e4d837\"},\"headline\":\"Ekonomisk profil som motvikt mot antikapitalistiska Unidas Podemos\",\"datePublished\":\"2020-01-12T23:00:00+00:00\",\"mainEntityOfPage\":{\"@id\":\"https:\\\/\\\/lightweb.dev\\\/l\\\/svm-temp\\\/nyheter\\\/ekonomisk-profil-som-motvikt-mot-antikapitalistiska-unidas-podemos\\\/\"},\"wordCount\":376,\"commentCount\":0,\"publisher\":{\"@id\":\"https:\\\/\\\/lightweb.dev\\\/l\\\/svm-temp\\\/#organization\"},\"image\":{\"@id\":\"https:\\\/\\\/lightweb.dev\\\/l\\\/svm-temp\\\/nyheter\\\/ekonomisk-profil-som-motvikt-mot-antikapitalistiska-unidas-podemos\\\/#primaryimage\"},\"thumbnailUrl\":\"https:\\\/\\\/lightweb.dev\\\/l\\\/svm-temp\\\/wp-content\\\/uploads\\\/2022\\\/06\\\/ekonomisk-profil-som-motvikt-mot-antikapitalistiska-unidas-podemos.png\",\"articleSection\":[\"Arkiv\",\"Nyheter\"],\"inLanguage\":\"sv-SE\"},{\"@type\":\"WebPage\",\"@id\":\"https:\\\/\\\/lightweb.dev\\\/l\\\/svm-temp\\\/nyheter\\\/ekonomisk-profil-som-motvikt-mot-antikapitalistiska-unidas-podemos\\\/\",\"url\":\"https:\\\/\\\/lightweb.dev\\\/l\\\/svm-temp\\\/nyheter\\\/ekonomisk-profil-som-motvikt-mot-antikapitalistiska-unidas-podemos\\\/\",\"name\":\"Ekonomisk profil som motvikt mot antikapitalistiska Unidas Podemos - Svenska Magasinet\",\"isPartOf\":{\"@id\":\"https:\\\/\\\/lightweb.dev\\\/l\\\/svm-temp\\\/#website\"},\"primaryImageOfPage\":{\"@id\":\"https:\\\/\\\/lightweb.dev\\\/l\\\/svm-temp\\\/nyheter\\\/ekonomisk-profil-som-motvikt-mot-antikapitalistiska-unidas-podemos\\\/#primaryimage\"},\"image\":{\"@id\":\"https:\\\/\\\/lightweb.dev\\\/l\\\/svm-temp\\\/nyheter\\\/ekonomisk-profil-som-motvikt-mot-antikapitalistiska-unidas-podemos\\\/#primaryimage\"},\"thumbnailUrl\":\"https:\\\/\\\/lightweb.dev\\\/l\\\/svm-temp\\\/wp-content\\\/uploads\\\/2022\\\/06\\\/ekonomisk-profil-som-motvikt-mot-antikapitalistiska-unidas-podemos.png\",\"datePublished\":\"2020-01-12T23:00:00+00:00\",\"breadcrumb\":{\"@id\":\"https:\\\/\\\/lightweb.dev\\\/l\\\/svm-temp\\\/nyheter\\\/ekonomisk-profil-som-motvikt-mot-antikapitalistiska-unidas-podemos\\\/#breadcrumb\"},\"inLanguage\":\"sv-SE\",\"potentialAction\":[{\"@type\":\"ReadAction\",\"target\":[\"https:\\\/\\\/lightweb.dev\\\/l\\\/svm-temp\\\/nyheter\\\/ekonomisk-profil-som-motvikt-mot-antikapitalistiska-unidas-podemos\\\/\"]}]},{\"@type\":\"ImageObject\",\"inLanguage\":\"sv-SE\",\"@id\":\"https:\\\/\\\/lightweb.dev\\\/l\\\/svm-temp\\\/nyheter\\\/ekonomisk-profil-som-motvikt-mot-antikapitalistiska-unidas-podemos\\\/#primaryimage\",\"url\":\"https:\\\/\\\/lightweb.dev\\\/l\\\/svm-temp\\\/wp-content\\\/uploads\\\/2022\\\/06\\\/ekonomisk-profil-som-motvikt-mot-antikapitalistiska-unidas-podemos.png\",\"contentUrl\":\"https:\\\/\\\/lightweb.dev\\\/l\\\/svm-temp\\\/wp-content\\\/uploads\\\/2022\\\/06\\\/ekonomisk-profil-som-motvikt-mot-antikapitalistiska-unidas-podemos.png\",\"width\":700,\"height\":420},{\"@type\":\"BreadcrumbList\",\"@id\":\"https:\\\/\\\/lightweb.dev\\\/l\\\/svm-temp\\\/nyheter\\\/ekonomisk-profil-som-motvikt-mot-antikapitalistiska-unidas-podemos\\\/#breadcrumb\",\"itemListElement\":[{\"@type\":\"ListItem\",\"position\":1,\"name\":\"Hem\",\"item\":\"https:\\\/\\\/lightweb.dev\\\/l\\\/svm-temp\\\/\"},{\"@type\":\"ListItem\",\"position\":2,\"name\":\"Ekonomisk profil som motvikt mot antikapitalistiska Unidas Podemos\"}]},{\"@type\":\"WebSite\",\"@id\":\"https:\\\/\\\/lightweb.dev\\\/l\\\/svm-temp\\\/#website\",\"url\":\"https:\\\/\\\/lightweb.dev\\\/l\\\/svm-temp\\\/\",\"name\":\"Svenska Magasinet\",\"description\":\"Dina Spanska nyheter p&aring; Svenska\",\"publisher\":{\"@id\":\"https:\\\/\\\/lightweb.dev\\\/l\\\/svm-temp\\\/#organization\"},\"potentialAction\":[{\"@type\":\"SearchAction\",\"target\":{\"@type\":\"EntryPoint\",\"urlTemplate\":\"https:\\\/\\\/lightweb.dev\\\/l\\\/svm-temp\\\/?s={search_term_string}\"},\"query-input\":{\"@type\":\"PropertyValueSpecification\",\"valueRequired\":true,\"valueName\":\"search_term_string\"}}],\"inLanguage\":\"sv-SE\"},{\"@type\":\"Organization\",\"@id\":\"https:\\\/\\\/lightweb.dev\\\/l\\\/svm-temp\\\/#organization\",\"name\":\"Melkerson y Nott SL\",\"alternateName\":\"Svenska Magasinet\",\"url\":\"https:\\\/\\\/lightweb.dev\\\/l\\\/svm-temp\\\/\",\"logo\":{\"@type\":\"ImageObject\",\"inLanguage\":\"sv-SE\",\"@id\":\"https:\\\/\\\/lightweb.dev\\\/l\\\/svm-temp\\\/#\\\/schema\\\/logo\\\/image\\\/\",\"url\":\"https:\\\/\\\/lightweb.dev\\\/l\\\/svm-temp\\\/wp-content\\\/uploads\\\/2025\\\/02\\\/SvM-logo-Xtra-Centrerad-SVART.png\",\"contentUrl\":\"https:\\\/\\\/lightweb.dev\\\/l\\\/svm-temp\\\/wp-content\\\/uploads\\\/2025\\\/02\\\/SvM-logo-Xtra-Centrerad-SVART.png\",\"width\":300,\"height\":99,\"caption\":\"Melkerson y Nott SL\"},\"image\":{\"@id\":\"https:\\\/\\\/lightweb.dev\\\/l\\\/svm-temp\\\/#\\\/schema\\\/logo\\\/image\\\/\"},\"sameAs\":[\"https:\\\/\\\/www.facebook.com\\\/svenskamagasinet\",\"https:\\\/\\\/x.com\\\/SvenskaMagasine\"]},{\"@type\":\"Person\",\"@id\":\"https:\\\/\\\/lightweb.dev\\\/l\\\/svm-temp\\\/#\\\/schema\\\/person\\\/206a3bda5b607b0c25e1749191e4d837\",\"name\":\"Redaktionen SvM\",\"description\":\"Redaktionen\",\"sameAs\":[\"https:\\\/\\\/lightweb.dev\\\/l\\\/svm-temp\"],\"url\":\"https:\\\/\\\/lightweb.dev\\\/l\\\/svm-temp\\\/reporter\\\/redaktionen\\\/\"}]}<\/script>\n<!-- \/ Yoast SEO Premium plugin. -->","yoast_head_json":{"title":"Ekonomisk profil som motvikt mot antikapitalistiska Unidas Podemos - Svenska Magasinet","robots":{"index":"noindex","follow":"follow","max-snippet":"max-snippet:-1","max-image-preview":"max-image-preview:large","max-video-preview":"max-video-preview:-1"},"og_locale":"sv_SE","og_type":"article","og_title":"Ekonomisk profil som motvikt mot antikapitalistiska Unidas Podemos","og_description":"Pedro S\u00e1nchez har utformat ett ministerr\u00e5d med en stark ekonomisk profil d\u00e4r han beh\u00e5ller k\u00e4rnan av de ministrar som varit med senaste tiden. Regeringskansliet Moncloa skriver i ett pressmeddelande att denna regering best\u00e5r av \u201ddet b\u00e4sta ekonomiska teamet i spansk demokrati\u201d. Totalt har 22 ministrar presenterats. Inte sedan regeringen med Adolfo Su\u00e9rez under \u00e5ren 1979 [&hellip;]","og_url":"https:\/\/lightweb.dev\/l\/svm-temp\/nyheter\/ekonomisk-profil-som-motvikt-mot-antikapitalistiska-unidas-podemos\/","og_site_name":"Svenska Magasinet","article_publisher":"https:\/\/www.facebook.com\/svenskamagasinet","article_published_time":"2020-01-12T23:00:00+00:00","og_image":[{"width":700,"height":420,"url":"https:\/\/lightweb.dev\/l\/svm-temp\/wp-content\/uploads\/2022\/06\/ekonomisk-profil-som-motvikt-mot-antikapitalistiska-unidas-podemos.png","type":"image\/png"}],"author":"Redaktionen SvM","twitter_card":"summary_large_image","twitter_creator":"@SvenskaMagasine","twitter_site":"@SvenskaMagasine","schema":{"@context":"https:\/\/schema.org","@graph":[{"@type":"Article","@id":"https:\/\/lightweb.dev\/l\/svm-temp\/nyheter\/ekonomisk-profil-som-motvikt-mot-antikapitalistiska-unidas-podemos\/#article","isPartOf":{"@id":"https:\/\/lightweb.dev\/l\/svm-temp\/nyheter\/ekonomisk-profil-som-motvikt-mot-antikapitalistiska-unidas-podemos\/"},"author":{"name":"Redaktionen SvM","@id":"https:\/\/lightweb.dev\/l\/svm-temp\/#\/schema\/person\/206a3bda5b607b0c25e1749191e4d837"},"headline":"Ekonomisk profil som motvikt mot antikapitalistiska Unidas Podemos","datePublished":"2020-01-12T23:00:00+00:00","mainEntityOfPage":{"@id":"https:\/\/lightweb.dev\/l\/svm-temp\/nyheter\/ekonomisk-profil-som-motvikt-mot-antikapitalistiska-unidas-podemos\/"},"wordCount":376,"commentCount":0,"publisher":{"@id":"https:\/\/lightweb.dev\/l\/svm-temp\/#organization"},"image":{"@id":"https:\/\/lightweb.dev\/l\/svm-temp\/nyheter\/ekonomisk-profil-som-motvikt-mot-antikapitalistiska-unidas-podemos\/#primaryimage"},"thumbnailUrl":"https:\/\/lightweb.dev\/l\/svm-temp\/wp-content\/uploads\/2022\/06\/ekonomisk-profil-som-motvikt-mot-antikapitalistiska-unidas-podemos.png","articleSection":["Arkiv","Nyheter"],"inLanguage":"sv-SE"},{"@type":"WebPage","@id":"https:\/\/lightweb.dev\/l\/svm-temp\/nyheter\/ekonomisk-profil-som-motvikt-mot-antikapitalistiska-unidas-podemos\/","url":"https:\/\/lightweb.dev\/l\/svm-temp\/nyheter\/ekonomisk-profil-som-motvikt-mot-antikapitalistiska-unidas-podemos\/","name":"Ekonomisk profil som motvikt mot antikapitalistiska Unidas Podemos - Svenska Magasinet","isPartOf":{"@id":"https:\/\/lightweb.dev\/l\/svm-temp\/#website"},"primaryImageOfPage":{"@id":"https:\/\/lightweb.dev\/l\/svm-temp\/nyheter\/ekonomisk-profil-som-motvikt-mot-antikapitalistiska-unidas-podemos\/#primaryimage"},"image":{"@id":"https:\/\/lightweb.dev\/l\/svm-temp\/nyheter\/ekonomisk-profil-som-motvikt-mot-antikapitalistiska-unidas-podemos\/#primaryimage"},"thumbnailUrl":"https:\/\/lightweb.dev\/l\/svm-temp\/wp-content\/uploads\/2022\/06\/ekonomisk-profil-som-motvikt-mot-antikapitalistiska-unidas-podemos.png","datePublished":"2020-01-12T23:00:00+00:00","breadcrumb":{"@id":"https:\/\/lightweb.dev\/l\/svm-temp\/nyheter\/ekonomisk-profil-som-motvikt-mot-antikapitalistiska-unidas-podemos\/#breadcrumb"},"inLanguage":"sv-SE","potentialAction":[{"@type":"ReadAction","target":["https:\/\/lightweb.dev\/l\/svm-temp\/nyheter\/ekonomisk-profil-som-motvikt-mot-antikapitalistiska-unidas-podemos\/"]}]},{"@type":"ImageObject","inLanguage":"sv-SE","@id":"https:\/\/lightweb.dev\/l\/svm-temp\/nyheter\/ekonomisk-profil-som-motvikt-mot-antikapitalistiska-unidas-podemos\/#primaryimage","url":"https:\/\/lightweb.dev\/l\/svm-temp\/wp-content\/uploads\/2022\/06\/ekonomisk-profil-som-motvikt-mot-antikapitalistiska-unidas-podemos.png","contentUrl":"https:\/\/lightweb.dev\/l\/svm-temp\/wp-content\/uploads\/2022\/06\/ekonomisk-profil-som-motvikt-mot-antikapitalistiska-unidas-podemos.png","width":700,"height":420},{"@type":"BreadcrumbList","@id":"https:\/\/lightweb.dev\/l\/svm-temp\/nyheter\/ekonomisk-profil-som-motvikt-mot-antikapitalistiska-unidas-podemos\/#breadcrumb","itemListElement":[{"@type":"ListItem","position":1,"name":"Hem","item":"https:\/\/lightweb.dev\/l\/svm-temp\/"},{"@type":"ListItem","position":2,"name":"Ekonomisk profil som motvikt mot antikapitalistiska Unidas Podemos"}]},{"@type":"WebSite","@id":"https:\/\/lightweb.dev\/l\/svm-temp\/#website","url":"https:\/\/lightweb.dev\/l\/svm-temp\/","name":"Svenska Magasinet","description":"Dina Spanska nyheter p&aring; Svenska","publisher":{"@id":"https:\/\/lightweb.dev\/l\/svm-temp\/#organization"},"potentialAction":[{"@type":"SearchAction","target":{"@type":"EntryPoint","urlTemplate":"https:\/\/lightweb.dev\/l\/svm-temp\/?s={search_term_string}"},"query-input":{"@type":"PropertyValueSpecification","valueRequired":true,"valueName":"search_term_string"}}],"inLanguage":"sv-SE"},{"@type":"Organization","@id":"https:\/\/lightweb.dev\/l\/svm-temp\/#organization","name":"Melkerson y Nott SL","alternateName":"Svenska Magasinet","url":"https:\/\/lightweb.dev\/l\/svm-temp\/","logo":{"@type":"ImageObject","inLanguage":"sv-SE","@id":"https:\/\/lightweb.dev\/l\/svm-temp\/#\/schema\/logo\/image\/","url":"https:\/\/lightweb.dev\/l\/svm-temp\/wp-content\/uploads\/2025\/02\/SvM-logo-Xtra-Centrerad-SVART.png","contentUrl":"https:\/\/lightweb.dev\/l\/svm-temp\/wp-content\/uploads\/2025\/02\/SvM-logo-Xtra-Centrerad-SVART.png","width":300,"height":99,"caption":"Melkerson y Nott SL"},"image":{"@id":"https:\/\/lightweb.dev\/l\/svm-temp\/#\/schema\/logo\/image\/"},"sameAs":["https:\/\/www.facebook.com\/svenskamagasinet","https:\/\/x.com\/SvenskaMagasine"]},{"@type":"Person","@id":"https:\/\/lightweb.dev\/l\/svm-temp\/#\/schema\/person\/206a3bda5b607b0c25e1749191e4d837","name":"Redaktionen SvM","description":"Redaktionen","sameAs":["https:\/\/lightweb.dev\/l\/svm-temp"],"url":"https:\/\/lightweb.dev\/l\/svm-temp\/reporter\/redaktionen\/"}]}},"_links":{"self":[{"href":"https:\/\/lightweb.dev\/l\/svm-temp\/wp-json\/wp\/v2\/posts\/14979","targetHints":{"allow":["GET"]}}],"collection":[{"href":"https:\/\/lightweb.dev\/l\/svm-temp\/wp-json\/wp\/v2\/posts"}],"about":[{"href":"https:\/\/lightweb.dev\/l\/svm-temp\/wp-json\/wp\/v2\/types\/post"}],"author":[{"embeddable":true,"href":"https:\/\/lightweb.dev\/l\/svm-temp\/wp-json\/wp\/v2\/users\/8"}],"replies":[{"embeddable":true,"href":"https:\/\/lightweb.dev\/l\/svm-temp\/wp-json\/wp\/v2\/comments?post=14979"}],"version-history":[{"count":0,"href":"https:\/\/lightweb.dev\/l\/svm-temp\/wp-json\/wp\/v2\/posts\/14979\/revisions"}],"wp:featuredmedia":[{"embeddable":true,"href":"https:\/\/lightweb.dev\/l\/svm-temp\/wp-json\/wp\/v2\/media\/14980"}],"wp:attachment":[{"href":"https:\/\/lightweb.dev\/l\/svm-temp\/wp-json\/wp\/v2\/media?parent=14979"}],"wp:term":[{"taxonomy":"category","embeddable":true,"href":"https:\/\/lightweb.dev\/l\/svm-temp\/wp-json\/wp\/v2\/categories?post=14979"},{"taxonomy":"post_tag","embeddable":true,"href":"https:\/\/lightweb.dev\/l\/svm-temp\/wp-json\/wp\/v2\/tags?post=14979"}],"curies":[{"name":"wp","href":"https:\/\/api.w.org\/{rel}","templated":true}]}}