{"id":14983,"date":"2020-01-10T00:00:00","date_gmt":"2020-01-09T23:00:00","guid":{"rendered":"https:\/\/lightweb.dev\/l\/svm-temp\/nyheter\/polisen-utreder-ett-fall-av-sextortion-i-veckan-i-malaga\/"},"modified":"2020-01-10T00:00:00","modified_gmt":"2020-01-09T23:00:00","slug":"polisen-utreder-ett-fall-av-sextortion-i-veckan-i-malaga","status":"publish","type":"post","link":"https:\/\/lightweb.dev\/l\/svm-temp\/nyheter\/polisen-utreder-ett-fall-av-sextortion-i-veckan-i-malaga\/","title":{"rendered":"Polisen utreder ett fall av sextortion i veckan i M\u00e1laga"},"content":{"rendered":"<p> M\u00e1lagas tr\u00e4nare V\u00edctor del Amo som har blivit avst\u00e4ngd efter att en intim film med sexuellt inneh\u00e5ll har spridits p\u00e5 sociala n\u00e4tverk. Han har polisanm\u00e4lt h\u00e4ndelsen som utpressningsf\u00f6rs\u00f6k. Om inte fotbollstr\u00e4naren betalade 20.000 euro, som skulle betalas i den digitala valutan bitcoins, skulle filmen publiceras p\u00e5 n\u00e4tet.<\/p>\n<p>Att en utpressare beg\u00e4r en l\u00f6sensumma fr\u00e5n offret rubriceras som sextortion (sexuellt utpressning). Enligt uppgifter till dagstidningen Diario SUR ska V\u00edctor ha gjort flera polisanm\u00e4lningar, f\u00f6rst efter att utpressningsf\u00f6rs\u00f6ket gjordes och senare n\u00e4r filmen publicerades p\u00e5 sociala n\u00e4tverk och delades. D\u00e5 hade den delats vid tusen tillf\u00e4llen plus p\u00e5 WhatsApp.<\/p>\n<p>Tidningen skriver p\u00e5 fredagen att polisen unders\u00f6ker ett fall av sextortion (sexuellt utpressning) i veckan bara i M\u00e1laga. I regel b\u00f6rjar det med ett videosamtal d\u00e4r en \u201dtjej\u201d i regel f\u00e5r en man p\u00e5 kroken.<\/p>\n<p>Offret f\u00e5r en v\u00e4nf\u00f6rfr\u00e5gan fr\u00e5n n\u00e5gon som uppger sig vara en \u201dattraktiv tjej\u201d via ett socialt n\u00e4tverk. Efter ett par samtal forts\u00e4tter kommunikationen p\u00e5 Skype. Sedan spelas en film upp med en kvinna som b\u00f6rjar kl\u00e4 av sig och uppmanar mannen att g\u00f6r detsamma. Men kvinnan p\u00e5 filmen \u00e4r inte samma person som skickat v\u00e4nf\u00f6rfr\u00e5gan. Den personen utnyttjar bara ett annat offer i en tidigare film.<\/p>\n<p>Cyberbrottslingar har f\u00f6rm\u00e5gan att matcha konversationen till bilderna och konversationen forts\u00e4tter samtidigt som tjejen kl\u00e4r av sig. Det g\u00f6r \u00e4ven mannen och allt filmas av g\u00e4rningsmannen.<\/p>\n<p>Offret f\u00e5r sedan veta att om denne inte betalar en viss summa kommer sekvensen att publiceras p\u00e5 sociala n\u00e4tverk.<\/p>\n<p>Enligt artikel 197 i brottsbalken C\u00f3digo Penal riskerar den som sprider privata bilder eller filmer, f\u00e4ngelse p\u00e5 mellan tre m\u00e5nader till ett \u00e5r.<\/p>\n<p>M\u00e1lagas fotbollsklubb har valt att st\u00e4nga av tr\u00e4naren V\u00edctor del Amo tills h\u00e4ndelsen har blivit utredd.<\/p>\n","protected":false},"excerpt":{"rendered":"<p>M\u00e1lagas tr\u00e4nare V\u00edctor del Amo som har blivit avst\u00e4ngd efter att en intim film med sexuellt inneh\u00e5ll har spridits p\u00e5 sociala n\u00e4tverk. Han har polisanm\u00e4lt h\u00e4ndelsen som utpressningsf\u00f6rs\u00f6k. Om inte fotbollstr\u00e4naren betalade 20.000 euro, som skulle betalas i den digitala valutan bitcoins, skulle filmen publiceras p\u00e5 n\u00e4tet. Att en utpressare beg\u00e4r en l\u00f6sensumma fr\u00e5n offret [&hellip;]<\/p>\n","protected":false},"author":8,"featured_media":14984,"comment_status":"open","ping_status":"open","sticky":false,"template":"","format":"standard","meta":{"_et_pb_use_builder":"","_et_pb_old_content":"","_et_gb_content_width":"","footnotes":""},"categories":[395,3],"tags":[],"class_list":["post-14983","post","type-post","status-publish","format-standard","has-post-thumbnail","hentry","category-arkiv-nyheter","category-nyheter"],"yoast_head":"<!-- This site is optimized with the Yoast SEO Premium plugin v26.2 (Yoast SEO v27.4) - https:\/\/yoast.com\/product\/yoast-seo-premium-wordpress\/ -->\n<title>Polisen utreder ett fall av sextortion i veckan i M\u00e1laga - Svenska Magasinet<\/title>\n<meta name=\"robots\" content=\"noindex, follow, max-snippet:-1, max-image-preview:large, max-video-preview:-1\" \/>\n<meta property=\"og:locale\" content=\"sv_SE\" \/>\n<meta property=\"og:type\" content=\"article\" \/>\n<meta property=\"og:title\" content=\"Polisen utreder ett fall av sextortion i veckan i M\u00e1laga\" \/>\n<meta property=\"og:description\" content=\"M\u00e1lagas tr\u00e4nare V\u00edctor del Amo som har blivit avst\u00e4ngd efter att en intim film med sexuellt inneh\u00e5ll har spridits p\u00e5 sociala n\u00e4tverk. Han har polisanm\u00e4lt h\u00e4ndelsen som utpressningsf\u00f6rs\u00f6k. Om inte fotbollstr\u00e4naren betalade 20.000 euro, som skulle betalas i den digitala valutan bitcoins, skulle filmen publiceras p\u00e5 n\u00e4tet. Att en utpressare beg\u00e4r en l\u00f6sensumma fr\u00e5n offret [&hellip;]\" \/>\n<meta property=\"og:url\" content=\"https:\/\/lightweb.dev\/l\/svm-temp\/nyheter\/polisen-utreder-ett-fall-av-sextortion-i-veckan-i-malaga\/\" \/>\n<meta property=\"og:site_name\" content=\"Svenska Magasinet\" \/>\n<meta property=\"article:publisher\" content=\"https:\/\/www.facebook.com\/svenskamagasinet\" \/>\n<meta property=\"article:published_time\" content=\"2020-01-09T23:00:00+00:00\" \/>\n<meta property=\"og:image\" content=\"https:\/\/lightweb.dev\/l\/svm-temp\/wp-content\/uploads\/2022\/06\/polisen-utreder-ett-fall-av-sextortion-i-veckan-i-malaga.png\" \/>\n\t<meta property=\"og:image:width\" content=\"700\" \/>\n\t<meta property=\"og:image:height\" content=\"420\" \/>\n\t<meta property=\"og:image:type\" content=\"image\/png\" \/>\n<meta name=\"author\" content=\"Redaktionen SvM\" \/>\n<meta name=\"twitter:card\" content=\"summary_large_image\" \/>\n<meta name=\"twitter:creator\" content=\"@SvenskaMagasine\" \/>\n<meta name=\"twitter:site\" content=\"@SvenskaMagasine\" \/>\n<script type=\"application\/ld+json\" class=\"yoast-schema-graph\">{\"@context\":\"https:\\\/\\\/schema.org\",\"@graph\":[{\"@type\":\"Article\",\"@id\":\"https:\\\/\\\/lightweb.dev\\\/l\\\/svm-temp\\\/nyheter\\\/polisen-utreder-ett-fall-av-sextortion-i-veckan-i-malaga\\\/#article\",\"isPartOf\":{\"@id\":\"https:\\\/\\\/lightweb.dev\\\/l\\\/svm-temp\\\/nyheter\\\/polisen-utreder-ett-fall-av-sextortion-i-veckan-i-malaga\\\/\"},\"author\":{\"name\":\"Redaktionen SvM\",\"@id\":\"https:\\\/\\\/lightweb.dev\\\/l\\\/svm-temp\\\/#\\\/schema\\\/person\\\/206a3bda5b607b0c25e1749191e4d837\"},\"headline\":\"Polisen utreder ett fall av sextortion i veckan i M\u00e1laga\",\"datePublished\":\"2020-01-09T23:00:00+00:00\",\"mainEntityOfPage\":{\"@id\":\"https:\\\/\\\/lightweb.dev\\\/l\\\/svm-temp\\\/nyheter\\\/polisen-utreder-ett-fall-av-sextortion-i-veckan-i-malaga\\\/\"},\"wordCount\":348,\"commentCount\":0,\"publisher\":{\"@id\":\"https:\\\/\\\/lightweb.dev\\\/l\\\/svm-temp\\\/#organization\"},\"image\":{\"@id\":\"https:\\\/\\\/lightweb.dev\\\/l\\\/svm-temp\\\/nyheter\\\/polisen-utreder-ett-fall-av-sextortion-i-veckan-i-malaga\\\/#primaryimage\"},\"thumbnailUrl\":\"https:\\\/\\\/lightweb.dev\\\/l\\\/svm-temp\\\/wp-content\\\/uploads\\\/2022\\\/06\\\/polisen-utreder-ett-fall-av-sextortion-i-veckan-i-malaga.png\",\"articleSection\":[\"Arkiv\",\"Nyheter\"],\"inLanguage\":\"sv-SE\"},{\"@type\":\"WebPage\",\"@id\":\"https:\\\/\\\/lightweb.dev\\\/l\\\/svm-temp\\\/nyheter\\\/polisen-utreder-ett-fall-av-sextortion-i-veckan-i-malaga\\\/\",\"url\":\"https:\\\/\\\/lightweb.dev\\\/l\\\/svm-temp\\\/nyheter\\\/polisen-utreder-ett-fall-av-sextortion-i-veckan-i-malaga\\\/\",\"name\":\"Polisen utreder ett fall av sextortion i veckan i M\u00e1laga - Svenska Magasinet\",\"isPartOf\":{\"@id\":\"https:\\\/\\\/lightweb.dev\\\/l\\\/svm-temp\\\/#website\"},\"primaryImageOfPage\":{\"@id\":\"https:\\\/\\\/lightweb.dev\\\/l\\\/svm-temp\\\/nyheter\\\/polisen-utreder-ett-fall-av-sextortion-i-veckan-i-malaga\\\/#primaryimage\"},\"image\":{\"@id\":\"https:\\\/\\\/lightweb.dev\\\/l\\\/svm-temp\\\/nyheter\\\/polisen-utreder-ett-fall-av-sextortion-i-veckan-i-malaga\\\/#primaryimage\"},\"thumbnailUrl\":\"https:\\\/\\\/lightweb.dev\\\/l\\\/svm-temp\\\/wp-content\\\/uploads\\\/2022\\\/06\\\/polisen-utreder-ett-fall-av-sextortion-i-veckan-i-malaga.png\",\"datePublished\":\"2020-01-09T23:00:00+00:00\",\"breadcrumb\":{\"@id\":\"https:\\\/\\\/lightweb.dev\\\/l\\\/svm-temp\\\/nyheter\\\/polisen-utreder-ett-fall-av-sextortion-i-veckan-i-malaga\\\/#breadcrumb\"},\"inLanguage\":\"sv-SE\",\"potentialAction\":[{\"@type\":\"ReadAction\",\"target\":[\"https:\\\/\\\/lightweb.dev\\\/l\\\/svm-temp\\\/nyheter\\\/polisen-utreder-ett-fall-av-sextortion-i-veckan-i-malaga\\\/\"]}]},{\"@type\":\"ImageObject\",\"inLanguage\":\"sv-SE\",\"@id\":\"https:\\\/\\\/lightweb.dev\\\/l\\\/svm-temp\\\/nyheter\\\/polisen-utreder-ett-fall-av-sextortion-i-veckan-i-malaga\\\/#primaryimage\",\"url\":\"https:\\\/\\\/lightweb.dev\\\/l\\\/svm-temp\\\/wp-content\\\/uploads\\\/2022\\\/06\\\/polisen-utreder-ett-fall-av-sextortion-i-veckan-i-malaga.png\",\"contentUrl\":\"https:\\\/\\\/lightweb.dev\\\/l\\\/svm-temp\\\/wp-content\\\/uploads\\\/2022\\\/06\\\/polisen-utreder-ett-fall-av-sextortion-i-veckan-i-malaga.png\",\"width\":700,\"height\":420},{\"@type\":\"BreadcrumbList\",\"@id\":\"https:\\\/\\\/lightweb.dev\\\/l\\\/svm-temp\\\/nyheter\\\/polisen-utreder-ett-fall-av-sextortion-i-veckan-i-malaga\\\/#breadcrumb\",\"itemListElement\":[{\"@type\":\"ListItem\",\"position\":1,\"name\":\"Hem\",\"item\":\"https:\\\/\\\/lightweb.dev\\\/l\\\/svm-temp\\\/\"},{\"@type\":\"ListItem\",\"position\":2,\"name\":\"Polisen utreder ett fall av sextortion i veckan i M\u00e1laga\"}]},{\"@type\":\"WebSite\",\"@id\":\"https:\\\/\\\/lightweb.dev\\\/l\\\/svm-temp\\\/#website\",\"url\":\"https:\\\/\\\/lightweb.dev\\\/l\\\/svm-temp\\\/\",\"name\":\"Svenska Magasinet\",\"description\":\"Dina Spanska nyheter p&aring; Svenska\",\"publisher\":{\"@id\":\"https:\\\/\\\/lightweb.dev\\\/l\\\/svm-temp\\\/#organization\"},\"potentialAction\":[{\"@type\":\"SearchAction\",\"target\":{\"@type\":\"EntryPoint\",\"urlTemplate\":\"https:\\\/\\\/lightweb.dev\\\/l\\\/svm-temp\\\/?s={search_term_string}\"},\"query-input\":{\"@type\":\"PropertyValueSpecification\",\"valueRequired\":true,\"valueName\":\"search_term_string\"}}],\"inLanguage\":\"sv-SE\"},{\"@type\":\"Organization\",\"@id\":\"https:\\\/\\\/lightweb.dev\\\/l\\\/svm-temp\\\/#organization\",\"name\":\"Melkerson y Nott SL\",\"alternateName\":\"Svenska Magasinet\",\"url\":\"https:\\\/\\\/lightweb.dev\\\/l\\\/svm-temp\\\/\",\"logo\":{\"@type\":\"ImageObject\",\"inLanguage\":\"sv-SE\",\"@id\":\"https:\\\/\\\/lightweb.dev\\\/l\\\/svm-temp\\\/#\\\/schema\\\/logo\\\/image\\\/\",\"url\":\"https:\\\/\\\/lightweb.dev\\\/l\\\/svm-temp\\\/wp-content\\\/uploads\\\/2025\\\/02\\\/SvM-logo-Xtra-Centrerad-SVART.png\",\"contentUrl\":\"https:\\\/\\\/lightweb.dev\\\/l\\\/svm-temp\\\/wp-content\\\/uploads\\\/2025\\\/02\\\/SvM-logo-Xtra-Centrerad-SVART.png\",\"width\":300,\"height\":99,\"caption\":\"Melkerson y Nott SL\"},\"image\":{\"@id\":\"https:\\\/\\\/lightweb.dev\\\/l\\\/svm-temp\\\/#\\\/schema\\\/logo\\\/image\\\/\"},\"sameAs\":[\"https:\\\/\\\/www.facebook.com\\\/svenskamagasinet\",\"https:\\\/\\\/x.com\\\/SvenskaMagasine\"]},{\"@type\":\"Person\",\"@id\":\"https:\\\/\\\/lightweb.dev\\\/l\\\/svm-temp\\\/#\\\/schema\\\/person\\\/206a3bda5b607b0c25e1749191e4d837\",\"name\":\"Redaktionen SvM\",\"description\":\"Redaktionen\",\"sameAs\":[\"https:\\\/\\\/lightweb.dev\\\/l\\\/svm-temp\"],\"url\":\"https:\\\/\\\/lightweb.dev\\\/l\\\/svm-temp\\\/reporter\\\/redaktionen\\\/\"}]}<\/script>\n<!-- \/ Yoast SEO Premium plugin. -->","yoast_head_json":{"title":"Polisen utreder ett fall av sextortion i veckan i M\u00e1laga - Svenska Magasinet","robots":{"index":"noindex","follow":"follow","max-snippet":"max-snippet:-1","max-image-preview":"max-image-preview:large","max-video-preview":"max-video-preview:-1"},"og_locale":"sv_SE","og_type":"article","og_title":"Polisen utreder ett fall av sextortion i veckan i M\u00e1laga","og_description":"M\u00e1lagas tr\u00e4nare V\u00edctor del Amo som har blivit avst\u00e4ngd efter att en intim film med sexuellt inneh\u00e5ll har spridits p\u00e5 sociala n\u00e4tverk. Han har polisanm\u00e4lt h\u00e4ndelsen som utpressningsf\u00f6rs\u00f6k. Om inte fotbollstr\u00e4naren betalade 20.000 euro, som skulle betalas i den digitala valutan bitcoins, skulle filmen publiceras p\u00e5 n\u00e4tet. Att en utpressare beg\u00e4r en l\u00f6sensumma fr\u00e5n offret [&hellip;]","og_url":"https:\/\/lightweb.dev\/l\/svm-temp\/nyheter\/polisen-utreder-ett-fall-av-sextortion-i-veckan-i-malaga\/","og_site_name":"Svenska Magasinet","article_publisher":"https:\/\/www.facebook.com\/svenskamagasinet","article_published_time":"2020-01-09T23:00:00+00:00","og_image":[{"width":700,"height":420,"url":"https:\/\/lightweb.dev\/l\/svm-temp\/wp-content\/uploads\/2022\/06\/polisen-utreder-ett-fall-av-sextortion-i-veckan-i-malaga.png","type":"image\/png"}],"author":"Redaktionen SvM","twitter_card":"summary_large_image","twitter_creator":"@SvenskaMagasine","twitter_site":"@SvenskaMagasine","schema":{"@context":"https:\/\/schema.org","@graph":[{"@type":"Article","@id":"https:\/\/lightweb.dev\/l\/svm-temp\/nyheter\/polisen-utreder-ett-fall-av-sextortion-i-veckan-i-malaga\/#article","isPartOf":{"@id":"https:\/\/lightweb.dev\/l\/svm-temp\/nyheter\/polisen-utreder-ett-fall-av-sextortion-i-veckan-i-malaga\/"},"author":{"name":"Redaktionen SvM","@id":"https:\/\/lightweb.dev\/l\/svm-temp\/#\/schema\/person\/206a3bda5b607b0c25e1749191e4d837"},"headline":"Polisen utreder ett fall av sextortion i veckan i M\u00e1laga","datePublished":"2020-01-09T23:00:00+00:00","mainEntityOfPage":{"@id":"https:\/\/lightweb.dev\/l\/svm-temp\/nyheter\/polisen-utreder-ett-fall-av-sextortion-i-veckan-i-malaga\/"},"wordCount":348,"commentCount":0,"publisher":{"@id":"https:\/\/lightweb.dev\/l\/svm-temp\/#organization"},"image":{"@id":"https:\/\/lightweb.dev\/l\/svm-temp\/nyheter\/polisen-utreder-ett-fall-av-sextortion-i-veckan-i-malaga\/#primaryimage"},"thumbnailUrl":"https:\/\/lightweb.dev\/l\/svm-temp\/wp-content\/uploads\/2022\/06\/polisen-utreder-ett-fall-av-sextortion-i-veckan-i-malaga.png","articleSection":["Arkiv","Nyheter"],"inLanguage":"sv-SE"},{"@type":"WebPage","@id":"https:\/\/lightweb.dev\/l\/svm-temp\/nyheter\/polisen-utreder-ett-fall-av-sextortion-i-veckan-i-malaga\/","url":"https:\/\/lightweb.dev\/l\/svm-temp\/nyheter\/polisen-utreder-ett-fall-av-sextortion-i-veckan-i-malaga\/","name":"Polisen utreder ett fall av sextortion i veckan i M\u00e1laga - Svenska Magasinet","isPartOf":{"@id":"https:\/\/lightweb.dev\/l\/svm-temp\/#website"},"primaryImageOfPage":{"@id":"https:\/\/lightweb.dev\/l\/svm-temp\/nyheter\/polisen-utreder-ett-fall-av-sextortion-i-veckan-i-malaga\/#primaryimage"},"image":{"@id":"https:\/\/lightweb.dev\/l\/svm-temp\/nyheter\/polisen-utreder-ett-fall-av-sextortion-i-veckan-i-malaga\/#primaryimage"},"thumbnailUrl":"https:\/\/lightweb.dev\/l\/svm-temp\/wp-content\/uploads\/2022\/06\/polisen-utreder-ett-fall-av-sextortion-i-veckan-i-malaga.png","datePublished":"2020-01-09T23:00:00+00:00","breadcrumb":{"@id":"https:\/\/lightweb.dev\/l\/svm-temp\/nyheter\/polisen-utreder-ett-fall-av-sextortion-i-veckan-i-malaga\/#breadcrumb"},"inLanguage":"sv-SE","potentialAction":[{"@type":"ReadAction","target":["https:\/\/lightweb.dev\/l\/svm-temp\/nyheter\/polisen-utreder-ett-fall-av-sextortion-i-veckan-i-malaga\/"]}]},{"@type":"ImageObject","inLanguage":"sv-SE","@id":"https:\/\/lightweb.dev\/l\/svm-temp\/nyheter\/polisen-utreder-ett-fall-av-sextortion-i-veckan-i-malaga\/#primaryimage","url":"https:\/\/lightweb.dev\/l\/svm-temp\/wp-content\/uploads\/2022\/06\/polisen-utreder-ett-fall-av-sextortion-i-veckan-i-malaga.png","contentUrl":"https:\/\/lightweb.dev\/l\/svm-temp\/wp-content\/uploads\/2022\/06\/polisen-utreder-ett-fall-av-sextortion-i-veckan-i-malaga.png","width":700,"height":420},{"@type":"BreadcrumbList","@id":"https:\/\/lightweb.dev\/l\/svm-temp\/nyheter\/polisen-utreder-ett-fall-av-sextortion-i-veckan-i-malaga\/#breadcrumb","itemListElement":[{"@type":"ListItem","position":1,"name":"Hem","item":"https:\/\/lightweb.dev\/l\/svm-temp\/"},{"@type":"ListItem","position":2,"name":"Polisen utreder ett fall av sextortion i veckan i M\u00e1laga"}]},{"@type":"WebSite","@id":"https:\/\/lightweb.dev\/l\/svm-temp\/#website","url":"https:\/\/lightweb.dev\/l\/svm-temp\/","name":"Svenska Magasinet","description":"Dina Spanska nyheter p&aring; Svenska","publisher":{"@id":"https:\/\/lightweb.dev\/l\/svm-temp\/#organization"},"potentialAction":[{"@type":"SearchAction","target":{"@type":"EntryPoint","urlTemplate":"https:\/\/lightweb.dev\/l\/svm-temp\/?s={search_term_string}"},"query-input":{"@type":"PropertyValueSpecification","valueRequired":true,"valueName":"search_term_string"}}],"inLanguage":"sv-SE"},{"@type":"Organization","@id":"https:\/\/lightweb.dev\/l\/svm-temp\/#organization","name":"Melkerson y Nott SL","alternateName":"Svenska Magasinet","url":"https:\/\/lightweb.dev\/l\/svm-temp\/","logo":{"@type":"ImageObject","inLanguage":"sv-SE","@id":"https:\/\/lightweb.dev\/l\/svm-temp\/#\/schema\/logo\/image\/","url":"https:\/\/lightweb.dev\/l\/svm-temp\/wp-content\/uploads\/2025\/02\/SvM-logo-Xtra-Centrerad-SVART.png","contentUrl":"https:\/\/lightweb.dev\/l\/svm-temp\/wp-content\/uploads\/2025\/02\/SvM-logo-Xtra-Centrerad-SVART.png","width":300,"height":99,"caption":"Melkerson y Nott SL"},"image":{"@id":"https:\/\/lightweb.dev\/l\/svm-temp\/#\/schema\/logo\/image\/"},"sameAs":["https:\/\/www.facebook.com\/svenskamagasinet","https:\/\/x.com\/SvenskaMagasine"]},{"@type":"Person","@id":"https:\/\/lightweb.dev\/l\/svm-temp\/#\/schema\/person\/206a3bda5b607b0c25e1749191e4d837","name":"Redaktionen SvM","description":"Redaktionen","sameAs":["https:\/\/lightweb.dev\/l\/svm-temp"],"url":"https:\/\/lightweb.dev\/l\/svm-temp\/reporter\/redaktionen\/"}]}},"_links":{"self":[{"href":"https:\/\/lightweb.dev\/l\/svm-temp\/wp-json\/wp\/v2\/posts\/14983","targetHints":{"allow":["GET"]}}],"collection":[{"href":"https:\/\/lightweb.dev\/l\/svm-temp\/wp-json\/wp\/v2\/posts"}],"about":[{"href":"https:\/\/lightweb.dev\/l\/svm-temp\/wp-json\/wp\/v2\/types\/post"}],"author":[{"embeddable":true,"href":"https:\/\/lightweb.dev\/l\/svm-temp\/wp-json\/wp\/v2\/users\/8"}],"replies":[{"embeddable":true,"href":"https:\/\/lightweb.dev\/l\/svm-temp\/wp-json\/wp\/v2\/comments?post=14983"}],"version-history":[{"count":0,"href":"https:\/\/lightweb.dev\/l\/svm-temp\/wp-json\/wp\/v2\/posts\/14983\/revisions"}],"wp:featuredmedia":[{"embeddable":true,"href":"https:\/\/lightweb.dev\/l\/svm-temp\/wp-json\/wp\/v2\/media\/14984"}],"wp:attachment":[{"href":"https:\/\/lightweb.dev\/l\/svm-temp\/wp-json\/wp\/v2\/media?parent=14983"}],"wp:term":[{"taxonomy":"category","embeddable":true,"href":"https:\/\/lightweb.dev\/l\/svm-temp\/wp-json\/wp\/v2\/categories?post=14983"},{"taxonomy":"post_tag","embeddable":true,"href":"https:\/\/lightweb.dev\/l\/svm-temp\/wp-json\/wp\/v2\/tags?post=14983"}],"curies":[{"name":"wp","href":"https:\/\/api.w.org\/{rel}","templated":true}]}}