{"id":14989,"date":"2020-01-09T00:00:00","date_gmt":"2020-01-08T23:00:00","guid":{"rendered":"https:\/\/lightweb.dev\/l\/svm-temp\/nyheter\/nara-7-000-utlandska-migranter-pa-ett-halvar\/"},"modified":"2020-01-09T00:00:00","modified_gmt":"2020-01-08T23:00:00","slug":"nara-7-000-utlandska-migranter-pa-ett-halvar","status":"publish","type":"post","link":"https:\/\/lightweb.dev\/l\/svm-temp\/nyheter\/nara-7-000-utlandska-migranter-pa-ett-halvar\/","title":{"rendered":"N\u00e4ra 7.000 utl\u00e4ndska migranter p\u00e5 ett halv\u00e5r"},"content":{"rendered":"<p> N\u00e4ra 7.000 nya utl\u00e4ndska migranter p\u00e5 jakt efter sol, v\u00e4rme samt jobbm\u00f6jligheter och fr\u00e5n fr\u00e4mst konfliktomr\u00e5den i Ukraina och Venezuela flyttade till provinsen M\u00e1laga och Costa del Sol under f\u00f6rsta halv\u00e5ret 2019. Det visar siffror fr\u00e5n INE (Instituto Nacional de Estad\u00edstica).<\/p>\n<p>N\u00e4r barnaf\u00f6dandet minskar s\u00e5 \u00e4r det 7.000 utl\u00e4ndska migranter som \u00e4r motorn i ekonomin som v\u00e4xer p\u00e5 Solkusten. Majoriteten flyttar till kusten p\u00e5 grund av det goda klimatet, sol, str\u00e4nder, kommunikationsm\u00f6jligheterna med en internationell flygplats, en dynamisk ekonomi och ett \u00f6ppet kosmopolitiskt samh\u00e4lle. Samtidigt var det 1.474 spanjorer som l\u00e4mnade andra provinser f\u00f6r att flytta till M\u00e1laga.<\/p>\n<p>Totalt \u00f6kade antalet inv\u00e5nare p\u00e5 kusten med 9.215 f\u00f6rsta halv\u00e5ret 2019 skriver Diario SUR p\u00e5 torsdagen. Under 2018 \u00f6kade antalet inv\u00e5nare med 20.664 vilket visar att inflyttningen knappast avtar.<\/p>\n<p>M\u00e1laga var under fjol\u00e5ret den sj\u00e4tte provinsen i Spanien med h\u00f6gst inflyttning. I Andalusien \u00e4r M\u00e1laga etta.<\/p>\n<p>Bland de utl\u00e4ndska migranterna kommer flest fr\u00e5n sydamerikanska l\u00e4nder, 2.502, f\u00f6ljt av 2.488 EU-medborgare. 613 kommer fr\u00e5n l\u00e4nder i Afrika, 523 fr\u00e5n Centralamerika och 374 fr\u00e5n l\u00e4nder i Asien.<\/p>\n<p>Bland migranterna till Solkusten finns \u00e4ven flyktingar fr\u00e5n l\u00e4nder som befinner sig i konflikter. Det g\u00e4ller i synnerhet Ukraina och Venezuela.<\/p>\n<p>En annan intressant siffra \u00e4r att det bor m\u00e5nga hundra\u00e5ringar i provinsen M\u00e1laga. Den 1 juli 2019 var det hela 314 inv\u00e5nare p\u00e5 kusten som hade fyllt 100 \u00e5r. 229 av dessa var kvinnor.<\/p>\n","protected":false},"excerpt":{"rendered":"<p>N\u00e4ra 7.000 nya utl\u00e4ndska migranter p\u00e5 jakt efter sol, v\u00e4rme samt jobbm\u00f6jligheter och fr\u00e5n fr\u00e4mst konfliktomr\u00e5den i Ukraina och Venezuela flyttade till provinsen M\u00e1laga och Costa del Sol under f\u00f6rsta halv\u00e5ret 2019. Det visar siffror fr\u00e5n INE (Instituto Nacional de Estad\u00edstica). N\u00e4r barnaf\u00f6dandet minskar s\u00e5 \u00e4r det 7.000 utl\u00e4ndska migranter som \u00e4r motorn i ekonomin [&hellip;]<\/p>\n","protected":false},"author":8,"featured_media":14990,"comment_status":"open","ping_status":"open","sticky":false,"template":"","format":"standard","meta":{"_et_pb_use_builder":"","_et_pb_old_content":"","_et_gb_content_width":"","footnotes":""},"categories":[395,3],"tags":[],"class_list":["post-14989","post","type-post","status-publish","format-standard","has-post-thumbnail","hentry","category-arkiv-nyheter","category-nyheter"],"yoast_head":"<!-- This site is optimized with the Yoast SEO Premium plugin v26.2 (Yoast SEO v27.4) - https:\/\/yoast.com\/product\/yoast-seo-premium-wordpress\/ -->\n<title>N\u00e4ra 7.000 utl\u00e4ndska migranter p\u00e5 ett halv\u00e5r - Svenska Magasinet<\/title>\n<meta name=\"robots\" content=\"noindex, follow, max-snippet:-1, max-image-preview:large, max-video-preview:-1\" \/>\n<meta property=\"og:locale\" content=\"sv_SE\" \/>\n<meta property=\"og:type\" content=\"article\" \/>\n<meta property=\"og:title\" content=\"N\u00e4ra 7.000 utl\u00e4ndska migranter p\u00e5 ett halv\u00e5r\" \/>\n<meta property=\"og:description\" content=\"N\u00e4ra 7.000 nya utl\u00e4ndska migranter p\u00e5 jakt efter sol, v\u00e4rme samt jobbm\u00f6jligheter och fr\u00e5n fr\u00e4mst konfliktomr\u00e5den i Ukraina och Venezuela flyttade till provinsen M\u00e1laga och Costa del Sol under f\u00f6rsta halv\u00e5ret 2019. Det visar siffror fr\u00e5n INE (Instituto Nacional de Estad\u00edstica). N\u00e4r barnaf\u00f6dandet minskar s\u00e5 \u00e4r det 7.000 utl\u00e4ndska migranter som \u00e4r motorn i ekonomin [&hellip;]\" \/>\n<meta property=\"og:url\" content=\"https:\/\/lightweb.dev\/l\/svm-temp\/nyheter\/nara-7-000-utlandska-migranter-pa-ett-halvar\/\" \/>\n<meta property=\"og:site_name\" content=\"Svenska Magasinet\" \/>\n<meta property=\"article:publisher\" content=\"https:\/\/www.facebook.com\/svenskamagasinet\" \/>\n<meta property=\"article:published_time\" content=\"2020-01-08T23:00:00+00:00\" \/>\n<meta property=\"og:image\" content=\"https:\/\/lightweb.dev\/l\/svm-temp\/wp-content\/uploads\/2022\/06\/nara-7000-utlandska-migranter-pa-ett-halvar.png\" \/>\n\t<meta property=\"og:image:width\" content=\"700\" \/>\n\t<meta property=\"og:image:height\" content=\"420\" \/>\n\t<meta property=\"og:image:type\" content=\"image\/png\" \/>\n<meta name=\"author\" content=\"Redaktionen SvM\" \/>\n<meta name=\"twitter:card\" content=\"summary_large_image\" \/>\n<meta name=\"twitter:creator\" content=\"@SvenskaMagasine\" \/>\n<meta name=\"twitter:site\" content=\"@SvenskaMagasine\" \/>\n<script type=\"application\/ld+json\" class=\"yoast-schema-graph\">{\"@context\":\"https:\\\/\\\/schema.org\",\"@graph\":[{\"@type\":\"Article\",\"@id\":\"https:\\\/\\\/lightweb.dev\\\/l\\\/svm-temp\\\/nyheter\\\/nara-7-000-utlandska-migranter-pa-ett-halvar\\\/#article\",\"isPartOf\":{\"@id\":\"https:\\\/\\\/lightweb.dev\\\/l\\\/svm-temp\\\/nyheter\\\/nara-7-000-utlandska-migranter-pa-ett-halvar\\\/\"},\"author\":{\"name\":\"Redaktionen SvM\",\"@id\":\"https:\\\/\\\/lightweb.dev\\\/l\\\/svm-temp\\\/#\\\/schema\\\/person\\\/206a3bda5b607b0c25e1749191e4d837\"},\"headline\":\"N\u00e4ra 7.000 utl\u00e4ndska migranter p\u00e5 ett halv\u00e5r\",\"datePublished\":\"2020-01-08T23:00:00+00:00\",\"mainEntityOfPage\":{\"@id\":\"https:\\\/\\\/lightweb.dev\\\/l\\\/svm-temp\\\/nyheter\\\/nara-7-000-utlandska-migranter-pa-ett-halvar\\\/\"},\"wordCount\":266,\"commentCount\":0,\"publisher\":{\"@id\":\"https:\\\/\\\/lightweb.dev\\\/l\\\/svm-temp\\\/#organization\"},\"image\":{\"@id\":\"https:\\\/\\\/lightweb.dev\\\/l\\\/svm-temp\\\/nyheter\\\/nara-7-000-utlandska-migranter-pa-ett-halvar\\\/#primaryimage\"},\"thumbnailUrl\":\"https:\\\/\\\/lightweb.dev\\\/l\\\/svm-temp\\\/wp-content\\\/uploads\\\/2022\\\/06\\\/nara-7000-utlandska-migranter-pa-ett-halvar.png\",\"articleSection\":[\"Arkiv\",\"Nyheter\"],\"inLanguage\":\"sv-SE\"},{\"@type\":\"WebPage\",\"@id\":\"https:\\\/\\\/lightweb.dev\\\/l\\\/svm-temp\\\/nyheter\\\/nara-7-000-utlandska-migranter-pa-ett-halvar\\\/\",\"url\":\"https:\\\/\\\/lightweb.dev\\\/l\\\/svm-temp\\\/nyheter\\\/nara-7-000-utlandska-migranter-pa-ett-halvar\\\/\",\"name\":\"N\u00e4ra 7.000 utl\u00e4ndska migranter p\u00e5 ett halv\u00e5r - Svenska Magasinet\",\"isPartOf\":{\"@id\":\"https:\\\/\\\/lightweb.dev\\\/l\\\/svm-temp\\\/#website\"},\"primaryImageOfPage\":{\"@id\":\"https:\\\/\\\/lightweb.dev\\\/l\\\/svm-temp\\\/nyheter\\\/nara-7-000-utlandska-migranter-pa-ett-halvar\\\/#primaryimage\"},\"image\":{\"@id\":\"https:\\\/\\\/lightweb.dev\\\/l\\\/svm-temp\\\/nyheter\\\/nara-7-000-utlandska-migranter-pa-ett-halvar\\\/#primaryimage\"},\"thumbnailUrl\":\"https:\\\/\\\/lightweb.dev\\\/l\\\/svm-temp\\\/wp-content\\\/uploads\\\/2022\\\/06\\\/nara-7000-utlandska-migranter-pa-ett-halvar.png\",\"datePublished\":\"2020-01-08T23:00:00+00:00\",\"breadcrumb\":{\"@id\":\"https:\\\/\\\/lightweb.dev\\\/l\\\/svm-temp\\\/nyheter\\\/nara-7-000-utlandska-migranter-pa-ett-halvar\\\/#breadcrumb\"},\"inLanguage\":\"sv-SE\",\"potentialAction\":[{\"@type\":\"ReadAction\",\"target\":[\"https:\\\/\\\/lightweb.dev\\\/l\\\/svm-temp\\\/nyheter\\\/nara-7-000-utlandska-migranter-pa-ett-halvar\\\/\"]}]},{\"@type\":\"ImageObject\",\"inLanguage\":\"sv-SE\",\"@id\":\"https:\\\/\\\/lightweb.dev\\\/l\\\/svm-temp\\\/nyheter\\\/nara-7-000-utlandska-migranter-pa-ett-halvar\\\/#primaryimage\",\"url\":\"https:\\\/\\\/lightweb.dev\\\/l\\\/svm-temp\\\/wp-content\\\/uploads\\\/2022\\\/06\\\/nara-7000-utlandska-migranter-pa-ett-halvar.png\",\"contentUrl\":\"https:\\\/\\\/lightweb.dev\\\/l\\\/svm-temp\\\/wp-content\\\/uploads\\\/2022\\\/06\\\/nara-7000-utlandska-migranter-pa-ett-halvar.png\",\"width\":700,\"height\":420},{\"@type\":\"BreadcrumbList\",\"@id\":\"https:\\\/\\\/lightweb.dev\\\/l\\\/svm-temp\\\/nyheter\\\/nara-7-000-utlandska-migranter-pa-ett-halvar\\\/#breadcrumb\",\"itemListElement\":[{\"@type\":\"ListItem\",\"position\":1,\"name\":\"Hem\",\"item\":\"https:\\\/\\\/lightweb.dev\\\/l\\\/svm-temp\\\/\"},{\"@type\":\"ListItem\",\"position\":2,\"name\":\"N\u00e4ra 7.000 utl\u00e4ndska migranter p\u00e5 ett halv\u00e5r\"}]},{\"@type\":\"WebSite\",\"@id\":\"https:\\\/\\\/lightweb.dev\\\/l\\\/svm-temp\\\/#website\",\"url\":\"https:\\\/\\\/lightweb.dev\\\/l\\\/svm-temp\\\/\",\"name\":\"Svenska Magasinet\",\"description\":\"Dina Spanska nyheter p&aring; Svenska\",\"publisher\":{\"@id\":\"https:\\\/\\\/lightweb.dev\\\/l\\\/svm-temp\\\/#organization\"},\"potentialAction\":[{\"@type\":\"SearchAction\",\"target\":{\"@type\":\"EntryPoint\",\"urlTemplate\":\"https:\\\/\\\/lightweb.dev\\\/l\\\/svm-temp\\\/?s={search_term_string}\"},\"query-input\":{\"@type\":\"PropertyValueSpecification\",\"valueRequired\":true,\"valueName\":\"search_term_string\"}}],\"inLanguage\":\"sv-SE\"},{\"@type\":\"Organization\",\"@id\":\"https:\\\/\\\/lightweb.dev\\\/l\\\/svm-temp\\\/#organization\",\"name\":\"Melkerson y Nott SL\",\"alternateName\":\"Svenska Magasinet\",\"url\":\"https:\\\/\\\/lightweb.dev\\\/l\\\/svm-temp\\\/\",\"logo\":{\"@type\":\"ImageObject\",\"inLanguage\":\"sv-SE\",\"@id\":\"https:\\\/\\\/lightweb.dev\\\/l\\\/svm-temp\\\/#\\\/schema\\\/logo\\\/image\\\/\",\"url\":\"https:\\\/\\\/lightweb.dev\\\/l\\\/svm-temp\\\/wp-content\\\/uploads\\\/2025\\\/02\\\/SvM-logo-Xtra-Centrerad-SVART.png\",\"contentUrl\":\"https:\\\/\\\/lightweb.dev\\\/l\\\/svm-temp\\\/wp-content\\\/uploads\\\/2025\\\/02\\\/SvM-logo-Xtra-Centrerad-SVART.png\",\"width\":300,\"height\":99,\"caption\":\"Melkerson y Nott SL\"},\"image\":{\"@id\":\"https:\\\/\\\/lightweb.dev\\\/l\\\/svm-temp\\\/#\\\/schema\\\/logo\\\/image\\\/\"},\"sameAs\":[\"https:\\\/\\\/www.facebook.com\\\/svenskamagasinet\",\"https:\\\/\\\/x.com\\\/SvenskaMagasine\"]},{\"@type\":\"Person\",\"@id\":\"https:\\\/\\\/lightweb.dev\\\/l\\\/svm-temp\\\/#\\\/schema\\\/person\\\/206a3bda5b607b0c25e1749191e4d837\",\"name\":\"Redaktionen SvM\",\"description\":\"Redaktionen\",\"sameAs\":[\"https:\\\/\\\/lightweb.dev\\\/l\\\/svm-temp\"],\"url\":\"https:\\\/\\\/lightweb.dev\\\/l\\\/svm-temp\\\/reporter\\\/redaktionen\\\/\"}]}<\/script>\n<!-- \/ Yoast SEO Premium plugin. -->","yoast_head_json":{"title":"N\u00e4ra 7.000 utl\u00e4ndska migranter p\u00e5 ett halv\u00e5r - Svenska Magasinet","robots":{"index":"noindex","follow":"follow","max-snippet":"max-snippet:-1","max-image-preview":"max-image-preview:large","max-video-preview":"max-video-preview:-1"},"og_locale":"sv_SE","og_type":"article","og_title":"N\u00e4ra 7.000 utl\u00e4ndska migranter p\u00e5 ett halv\u00e5r","og_description":"N\u00e4ra 7.000 nya utl\u00e4ndska migranter p\u00e5 jakt efter sol, v\u00e4rme samt jobbm\u00f6jligheter och fr\u00e5n fr\u00e4mst konfliktomr\u00e5den i Ukraina och Venezuela flyttade till provinsen M\u00e1laga och Costa del Sol under f\u00f6rsta halv\u00e5ret 2019. Det visar siffror fr\u00e5n INE (Instituto Nacional de Estad\u00edstica). N\u00e4r barnaf\u00f6dandet minskar s\u00e5 \u00e4r det 7.000 utl\u00e4ndska migranter som \u00e4r motorn i ekonomin [&hellip;]","og_url":"https:\/\/lightweb.dev\/l\/svm-temp\/nyheter\/nara-7-000-utlandska-migranter-pa-ett-halvar\/","og_site_name":"Svenska Magasinet","article_publisher":"https:\/\/www.facebook.com\/svenskamagasinet","article_published_time":"2020-01-08T23:00:00+00:00","og_image":[{"width":700,"height":420,"url":"https:\/\/lightweb.dev\/l\/svm-temp\/wp-content\/uploads\/2022\/06\/nara-7000-utlandska-migranter-pa-ett-halvar.png","type":"image\/png"}],"author":"Redaktionen SvM","twitter_card":"summary_large_image","twitter_creator":"@SvenskaMagasine","twitter_site":"@SvenskaMagasine","schema":{"@context":"https:\/\/schema.org","@graph":[{"@type":"Article","@id":"https:\/\/lightweb.dev\/l\/svm-temp\/nyheter\/nara-7-000-utlandska-migranter-pa-ett-halvar\/#article","isPartOf":{"@id":"https:\/\/lightweb.dev\/l\/svm-temp\/nyheter\/nara-7-000-utlandska-migranter-pa-ett-halvar\/"},"author":{"name":"Redaktionen SvM","@id":"https:\/\/lightweb.dev\/l\/svm-temp\/#\/schema\/person\/206a3bda5b607b0c25e1749191e4d837"},"headline":"N\u00e4ra 7.000 utl\u00e4ndska migranter p\u00e5 ett halv\u00e5r","datePublished":"2020-01-08T23:00:00+00:00","mainEntityOfPage":{"@id":"https:\/\/lightweb.dev\/l\/svm-temp\/nyheter\/nara-7-000-utlandska-migranter-pa-ett-halvar\/"},"wordCount":266,"commentCount":0,"publisher":{"@id":"https:\/\/lightweb.dev\/l\/svm-temp\/#organization"},"image":{"@id":"https:\/\/lightweb.dev\/l\/svm-temp\/nyheter\/nara-7-000-utlandska-migranter-pa-ett-halvar\/#primaryimage"},"thumbnailUrl":"https:\/\/lightweb.dev\/l\/svm-temp\/wp-content\/uploads\/2022\/06\/nara-7000-utlandska-migranter-pa-ett-halvar.png","articleSection":["Arkiv","Nyheter"],"inLanguage":"sv-SE"},{"@type":"WebPage","@id":"https:\/\/lightweb.dev\/l\/svm-temp\/nyheter\/nara-7-000-utlandska-migranter-pa-ett-halvar\/","url":"https:\/\/lightweb.dev\/l\/svm-temp\/nyheter\/nara-7-000-utlandska-migranter-pa-ett-halvar\/","name":"N\u00e4ra 7.000 utl\u00e4ndska migranter p\u00e5 ett halv\u00e5r - Svenska Magasinet","isPartOf":{"@id":"https:\/\/lightweb.dev\/l\/svm-temp\/#website"},"primaryImageOfPage":{"@id":"https:\/\/lightweb.dev\/l\/svm-temp\/nyheter\/nara-7-000-utlandska-migranter-pa-ett-halvar\/#primaryimage"},"image":{"@id":"https:\/\/lightweb.dev\/l\/svm-temp\/nyheter\/nara-7-000-utlandska-migranter-pa-ett-halvar\/#primaryimage"},"thumbnailUrl":"https:\/\/lightweb.dev\/l\/svm-temp\/wp-content\/uploads\/2022\/06\/nara-7000-utlandska-migranter-pa-ett-halvar.png","datePublished":"2020-01-08T23:00:00+00:00","breadcrumb":{"@id":"https:\/\/lightweb.dev\/l\/svm-temp\/nyheter\/nara-7-000-utlandska-migranter-pa-ett-halvar\/#breadcrumb"},"inLanguage":"sv-SE","potentialAction":[{"@type":"ReadAction","target":["https:\/\/lightweb.dev\/l\/svm-temp\/nyheter\/nara-7-000-utlandska-migranter-pa-ett-halvar\/"]}]},{"@type":"ImageObject","inLanguage":"sv-SE","@id":"https:\/\/lightweb.dev\/l\/svm-temp\/nyheter\/nara-7-000-utlandska-migranter-pa-ett-halvar\/#primaryimage","url":"https:\/\/lightweb.dev\/l\/svm-temp\/wp-content\/uploads\/2022\/06\/nara-7000-utlandska-migranter-pa-ett-halvar.png","contentUrl":"https:\/\/lightweb.dev\/l\/svm-temp\/wp-content\/uploads\/2022\/06\/nara-7000-utlandska-migranter-pa-ett-halvar.png","width":700,"height":420},{"@type":"BreadcrumbList","@id":"https:\/\/lightweb.dev\/l\/svm-temp\/nyheter\/nara-7-000-utlandska-migranter-pa-ett-halvar\/#breadcrumb","itemListElement":[{"@type":"ListItem","position":1,"name":"Hem","item":"https:\/\/lightweb.dev\/l\/svm-temp\/"},{"@type":"ListItem","position":2,"name":"N\u00e4ra 7.000 utl\u00e4ndska migranter p\u00e5 ett halv\u00e5r"}]},{"@type":"WebSite","@id":"https:\/\/lightweb.dev\/l\/svm-temp\/#website","url":"https:\/\/lightweb.dev\/l\/svm-temp\/","name":"Svenska Magasinet","description":"Dina Spanska nyheter p&aring; Svenska","publisher":{"@id":"https:\/\/lightweb.dev\/l\/svm-temp\/#organization"},"potentialAction":[{"@type":"SearchAction","target":{"@type":"EntryPoint","urlTemplate":"https:\/\/lightweb.dev\/l\/svm-temp\/?s={search_term_string}"},"query-input":{"@type":"PropertyValueSpecification","valueRequired":true,"valueName":"search_term_string"}}],"inLanguage":"sv-SE"},{"@type":"Organization","@id":"https:\/\/lightweb.dev\/l\/svm-temp\/#organization","name":"Melkerson y Nott SL","alternateName":"Svenska Magasinet","url":"https:\/\/lightweb.dev\/l\/svm-temp\/","logo":{"@type":"ImageObject","inLanguage":"sv-SE","@id":"https:\/\/lightweb.dev\/l\/svm-temp\/#\/schema\/logo\/image\/","url":"https:\/\/lightweb.dev\/l\/svm-temp\/wp-content\/uploads\/2025\/02\/SvM-logo-Xtra-Centrerad-SVART.png","contentUrl":"https:\/\/lightweb.dev\/l\/svm-temp\/wp-content\/uploads\/2025\/02\/SvM-logo-Xtra-Centrerad-SVART.png","width":300,"height":99,"caption":"Melkerson y Nott SL"},"image":{"@id":"https:\/\/lightweb.dev\/l\/svm-temp\/#\/schema\/logo\/image\/"},"sameAs":["https:\/\/www.facebook.com\/svenskamagasinet","https:\/\/x.com\/SvenskaMagasine"]},{"@type":"Person","@id":"https:\/\/lightweb.dev\/l\/svm-temp\/#\/schema\/person\/206a3bda5b607b0c25e1749191e4d837","name":"Redaktionen SvM","description":"Redaktionen","sameAs":["https:\/\/lightweb.dev\/l\/svm-temp"],"url":"https:\/\/lightweb.dev\/l\/svm-temp\/reporter\/redaktionen\/"}]}},"_links":{"self":[{"href":"https:\/\/lightweb.dev\/l\/svm-temp\/wp-json\/wp\/v2\/posts\/14989","targetHints":{"allow":["GET"]}}],"collection":[{"href":"https:\/\/lightweb.dev\/l\/svm-temp\/wp-json\/wp\/v2\/posts"}],"about":[{"href":"https:\/\/lightweb.dev\/l\/svm-temp\/wp-json\/wp\/v2\/types\/post"}],"author":[{"embeddable":true,"href":"https:\/\/lightweb.dev\/l\/svm-temp\/wp-json\/wp\/v2\/users\/8"}],"replies":[{"embeddable":true,"href":"https:\/\/lightweb.dev\/l\/svm-temp\/wp-json\/wp\/v2\/comments?post=14989"}],"version-history":[{"count":0,"href":"https:\/\/lightweb.dev\/l\/svm-temp\/wp-json\/wp\/v2\/posts\/14989\/revisions"}],"wp:featuredmedia":[{"embeddable":true,"href":"https:\/\/lightweb.dev\/l\/svm-temp\/wp-json\/wp\/v2\/media\/14990"}],"wp:attachment":[{"href":"https:\/\/lightweb.dev\/l\/svm-temp\/wp-json\/wp\/v2\/media?parent=14989"}],"wp:term":[{"taxonomy":"category","embeddable":true,"href":"https:\/\/lightweb.dev\/l\/svm-temp\/wp-json\/wp\/v2\/categories?post=14989"},{"taxonomy":"post_tag","embeddable":true,"href":"https:\/\/lightweb.dev\/l\/svm-temp\/wp-json\/wp\/v2\/tags?post=14989"}],"curies":[{"name":"wp","href":"https:\/\/api.w.org\/{rel}","templated":true}]}}