{"id":14991,"date":"2020-01-09T00:00:00","date_gmt":"2020-01-08T23:00:00","guid":{"rendered":"https:\/\/lightweb.dev\/l\/svm-temp\/nyheter\/instangda-i-hamnbassangen-men-snart-vantar-en-tur-pa-havet\/"},"modified":"2020-01-09T00:00:00","modified_gmt":"2020-01-08T23:00:00","slug":"instangda-i-hamnbassangen-men-snart-vantar-en-tur-pa-havet","status":"publish","type":"post","link":"https:\/\/lightweb.dev\/l\/svm-temp\/nyheter\/instangda-i-hamnbassangen-men-snart-vantar-en-tur-pa-havet\/","title":{"rendered":"Inst\u00e4ngda i hamnbass\u00e4ngen \u2013 men snart v\u00e4ntar en tur p\u00e5 havet"},"content":{"rendered":"<p> Nu har ett omfattande muddringsarbete inletts av floden r\u00edo Segura i Guardamar p\u00e5 Costa Blanca. Omfattande skyfall i september forslade med sig sediment fr\u00e5n stora markomr\u00e5den uppstr\u00f6ms som stoppade upp i flodmynningen d\u00e4r vattendjupet minskade till 90 centimeter. Det har gjort att fritidsb\u00e5tarna inte har kunnat l\u00e4mna hamnbass\u00e4ngen. Av Ola Josefsson<\/p>\n<p>&#8211; I st\u00e4llet f\u00f6r en seglats p\u00e5 havet har alla st\u00f6rre segelb\u00e5tar varit inst\u00e4ngda och bryggseglat i Marinan, s\u00e4ger \u00c5ke Blomqvist till Svenska Magasinet.<\/p>\n<p>I december inleddes arbetet med att muddra floden s\u00e5 att de st\u00f6rre b\u00e5tarna kan ta sig ut p\u00e5 havet igen. Guardamar kommun har avsatt 302.000 euro till arbetet som ska h\u00e5lla p\u00e5 i tv\u00e5 m\u00e5nader.<\/p>\n<p>Dagstidningen Diario Informaci\u00f3n skriver att totalt 20.000 kubikmeter sediment ska forslas bort fr\u00e5n flodbotten vilket bidrar till att det f\u00f6rv\u00e4ntade djup blir p\u00e5 mellan 2 till 3,5 meter.<\/p>\n<p>S\u00e5 nu v\u00e4ntar alla med fritidsb\u00e5t i marinan i Guardamar att bli utsl\u00e4ppta f\u00f6r en tur p\u00e5 havet. Lite som kalvar p\u00e5 gr\u00f6nbete\u2026<\/p>\n<p>Det \u00e4r inte f\u00f6rsta g\u00e5ngen regnmassor f\u00f6r med sig sediment som bidrar till ett mindre vattendjup i floden.<br \/>\n&#8211; S\u00e5 var det \u00e4ven efter en storm 2016 som f\u00f6rst minskade vattendjupet rej\u00e4lt.  Konsekvensen blev att alla fritidsb\u00e5tar med st\u00f6rre vattendjup blev inst\u00e4ngda i Marinan.<br \/>\n&#8211; En sur karamell att inte kunna anv\u00e4nda sina segelb\u00e5tar till annat \u00e4n att dricka kaffe i, s\u00e4ger \u00c5ke Blomqvist som sedan 2017 bor i en l\u00e4genhet p\u00e5 sjunde v\u00e5ningen med utsikt \u00f6ver Marinan och kan f\u00f6lja arbetet.<br \/>\n&#8211; En l\u00e4genhet med fritidshamnen som n\u00e4rmsta granne g\u00f6r de dagliga promenaderna eller cykelturer och utsikter ut \u00f6ver havet till n\u00e5got extra.<\/p>\n<p>\u00c5ke Blomqvist ber\u00e4ttar att de trivs f\u00f6rtr\u00e4ffligt p\u00e5 Costa Blanca. Och bekv\u00e4mt avst\u00e5nd till Alicante med flera flygavg\u00e5ngar varje dag till Sverige ger m\u00f6jlighet till att sk\u00f6ta sina plikter \u00e4ven hemma.<br \/>\n&#8211; Spanien med sin soliga kust lever v\u00e4l upp till sitt namn. Det blir resor upp i bergen in\u00e5t landet d\u00e4r vi ser odlingar med oliver, apelsin, citron och n\u00f6tter.<br \/>\n&#8211; F\u00e4rska n\u00e4rproducerade gr\u00f6nsaker g\u00f6r ocks\u00e5 sittningen vid matbordet till n\u00e5got extra.<\/p>\n<p>\u00c5ke uppskattar \u00e4ven omr\u00e5dets historiska platser som visar upp en fantastisk arkitektur, med en prakt som man f\u00f6rundrades \u00f6ver. <\/p>\n<p>(Foto: \u00c5ke Blomqvist)<\/p>\n","protected":false},"excerpt":{"rendered":"<p>Nu har ett omfattande muddringsarbete inletts av floden r\u00edo Segura i Guardamar p\u00e5 Costa Blanca. Omfattande skyfall i september forslade med sig sediment fr\u00e5n stora markomr\u00e5den uppstr\u00f6ms som stoppade upp i flodmynningen d\u00e4r vattendjupet minskade till 90 centimeter. Det har gjort att fritidsb\u00e5tarna inte har kunnat l\u00e4mna hamnbass\u00e4ngen. Av Ola Josefsson &#8211; I st\u00e4llet f\u00f6r [&hellip;]<\/p>\n","protected":false},"author":8,"featured_media":14992,"comment_status":"open","ping_status":"open","sticky":false,"template":"","format":"standard","meta":{"_et_pb_use_builder":"","_et_pb_old_content":"","_et_gb_content_width":"","footnotes":""},"categories":[395,3],"tags":[],"class_list":["post-14991","post","type-post","status-publish","format-standard","has-post-thumbnail","hentry","category-arkiv-nyheter","category-nyheter"],"yoast_head":"<!-- This site is optimized with the Yoast SEO Premium plugin v26.2 (Yoast SEO v27.4) - https:\/\/yoast.com\/product\/yoast-seo-premium-wordpress\/ -->\n<title>Inst\u00e4ngda i hamnbass\u00e4ngen \u2013 men snart v\u00e4ntar en tur p\u00e5 havet - Svenska Magasinet<\/title>\n<meta name=\"robots\" content=\"noindex, follow, max-snippet:-1, max-image-preview:large, max-video-preview:-1\" \/>\n<meta property=\"og:locale\" content=\"sv_SE\" \/>\n<meta property=\"og:type\" content=\"article\" \/>\n<meta property=\"og:title\" content=\"Inst\u00e4ngda i hamnbass\u00e4ngen \u2013 men snart v\u00e4ntar en tur p\u00e5 havet\" \/>\n<meta property=\"og:description\" content=\"Nu har ett omfattande muddringsarbete inletts av floden r\u00edo Segura i Guardamar p\u00e5 Costa Blanca. Omfattande skyfall i september forslade med sig sediment fr\u00e5n stora markomr\u00e5den uppstr\u00f6ms som stoppade upp i flodmynningen d\u00e4r vattendjupet minskade till 90 centimeter. Det har gjort att fritidsb\u00e5tarna inte har kunnat l\u00e4mna hamnbass\u00e4ngen. Av Ola Josefsson &#8211; I st\u00e4llet f\u00f6r [&hellip;]\" \/>\n<meta property=\"og:url\" content=\"https:\/\/lightweb.dev\/l\/svm-temp\/nyheter\/instangda-i-hamnbassangen-men-snart-vantar-en-tur-pa-havet\/\" \/>\n<meta property=\"og:site_name\" content=\"Svenska Magasinet\" \/>\n<meta property=\"article:publisher\" content=\"https:\/\/www.facebook.com\/svenskamagasinet\" \/>\n<meta property=\"article:published_time\" content=\"2020-01-08T23:00:00+00:00\" \/>\n<meta property=\"og:image\" content=\"https:\/\/lightweb.dev\/l\/svm-temp\/wp-content\/uploads\/2022\/06\/instangda-i-hamnbassangen-men-snart-vantar-en-tur-pa-havet.png\" \/>\n\t<meta property=\"og:image:width\" content=\"700\" \/>\n\t<meta property=\"og:image:height\" content=\"421\" \/>\n\t<meta property=\"og:image:type\" content=\"image\/png\" \/>\n<meta name=\"author\" content=\"Redaktionen SvM\" \/>\n<meta name=\"twitter:card\" content=\"summary_large_image\" \/>\n<meta name=\"twitter:creator\" content=\"@SvenskaMagasine\" \/>\n<meta name=\"twitter:site\" content=\"@SvenskaMagasine\" \/>\n<script type=\"application\/ld+json\" class=\"yoast-schema-graph\">{\"@context\":\"https:\\\/\\\/schema.org\",\"@graph\":[{\"@type\":\"Article\",\"@id\":\"https:\\\/\\\/lightweb.dev\\\/l\\\/svm-temp\\\/nyheter\\\/instangda-i-hamnbassangen-men-snart-vantar-en-tur-pa-havet\\\/#article\",\"isPartOf\":{\"@id\":\"https:\\\/\\\/lightweb.dev\\\/l\\\/svm-temp\\\/nyheter\\\/instangda-i-hamnbassangen-men-snart-vantar-en-tur-pa-havet\\\/\"},\"author\":{\"name\":\"Redaktionen SvM\",\"@id\":\"https:\\\/\\\/lightweb.dev\\\/l\\\/svm-temp\\\/#\\\/schema\\\/person\\\/206a3bda5b607b0c25e1749191e4d837\"},\"headline\":\"Inst\u00e4ngda i hamnbass\u00e4ngen \u2013 men snart v\u00e4ntar en tur p\u00e5 havet\",\"datePublished\":\"2020-01-08T23:00:00+00:00\",\"mainEntityOfPage\":{\"@id\":\"https:\\\/\\\/lightweb.dev\\\/l\\\/svm-temp\\\/nyheter\\\/instangda-i-hamnbassangen-men-snart-vantar-en-tur-pa-havet\\\/\"},\"wordCount\":430,\"commentCount\":0,\"publisher\":{\"@id\":\"https:\\\/\\\/lightweb.dev\\\/l\\\/svm-temp\\\/#organization\"},\"image\":{\"@id\":\"https:\\\/\\\/lightweb.dev\\\/l\\\/svm-temp\\\/nyheter\\\/instangda-i-hamnbassangen-men-snart-vantar-en-tur-pa-havet\\\/#primaryimage\"},\"thumbnailUrl\":\"https:\\\/\\\/lightweb.dev\\\/l\\\/svm-temp\\\/wp-content\\\/uploads\\\/2022\\\/06\\\/instangda-i-hamnbassangen-men-snart-vantar-en-tur-pa-havet.png\",\"articleSection\":[\"Arkiv\",\"Nyheter\"],\"inLanguage\":\"sv-SE\"},{\"@type\":\"WebPage\",\"@id\":\"https:\\\/\\\/lightweb.dev\\\/l\\\/svm-temp\\\/nyheter\\\/instangda-i-hamnbassangen-men-snart-vantar-en-tur-pa-havet\\\/\",\"url\":\"https:\\\/\\\/lightweb.dev\\\/l\\\/svm-temp\\\/nyheter\\\/instangda-i-hamnbassangen-men-snart-vantar-en-tur-pa-havet\\\/\",\"name\":\"Inst\u00e4ngda i hamnbass\u00e4ngen \u2013 men snart v\u00e4ntar en tur p\u00e5 havet - Svenska Magasinet\",\"isPartOf\":{\"@id\":\"https:\\\/\\\/lightweb.dev\\\/l\\\/svm-temp\\\/#website\"},\"primaryImageOfPage\":{\"@id\":\"https:\\\/\\\/lightweb.dev\\\/l\\\/svm-temp\\\/nyheter\\\/instangda-i-hamnbassangen-men-snart-vantar-en-tur-pa-havet\\\/#primaryimage\"},\"image\":{\"@id\":\"https:\\\/\\\/lightweb.dev\\\/l\\\/svm-temp\\\/nyheter\\\/instangda-i-hamnbassangen-men-snart-vantar-en-tur-pa-havet\\\/#primaryimage\"},\"thumbnailUrl\":\"https:\\\/\\\/lightweb.dev\\\/l\\\/svm-temp\\\/wp-content\\\/uploads\\\/2022\\\/06\\\/instangda-i-hamnbassangen-men-snart-vantar-en-tur-pa-havet.png\",\"datePublished\":\"2020-01-08T23:00:00+00:00\",\"breadcrumb\":{\"@id\":\"https:\\\/\\\/lightweb.dev\\\/l\\\/svm-temp\\\/nyheter\\\/instangda-i-hamnbassangen-men-snart-vantar-en-tur-pa-havet\\\/#breadcrumb\"},\"inLanguage\":\"sv-SE\",\"potentialAction\":[{\"@type\":\"ReadAction\",\"target\":[\"https:\\\/\\\/lightweb.dev\\\/l\\\/svm-temp\\\/nyheter\\\/instangda-i-hamnbassangen-men-snart-vantar-en-tur-pa-havet\\\/\"]}]},{\"@type\":\"ImageObject\",\"inLanguage\":\"sv-SE\",\"@id\":\"https:\\\/\\\/lightweb.dev\\\/l\\\/svm-temp\\\/nyheter\\\/instangda-i-hamnbassangen-men-snart-vantar-en-tur-pa-havet\\\/#primaryimage\",\"url\":\"https:\\\/\\\/lightweb.dev\\\/l\\\/svm-temp\\\/wp-content\\\/uploads\\\/2022\\\/06\\\/instangda-i-hamnbassangen-men-snart-vantar-en-tur-pa-havet.png\",\"contentUrl\":\"https:\\\/\\\/lightweb.dev\\\/l\\\/svm-temp\\\/wp-content\\\/uploads\\\/2022\\\/06\\\/instangda-i-hamnbassangen-men-snart-vantar-en-tur-pa-havet.png\",\"width\":700,\"height\":421},{\"@type\":\"BreadcrumbList\",\"@id\":\"https:\\\/\\\/lightweb.dev\\\/l\\\/svm-temp\\\/nyheter\\\/instangda-i-hamnbassangen-men-snart-vantar-en-tur-pa-havet\\\/#breadcrumb\",\"itemListElement\":[{\"@type\":\"ListItem\",\"position\":1,\"name\":\"Hem\",\"item\":\"https:\\\/\\\/lightweb.dev\\\/l\\\/svm-temp\\\/\"},{\"@type\":\"ListItem\",\"position\":2,\"name\":\"Inst\u00e4ngda i hamnbass\u00e4ngen \u2013 men snart v\u00e4ntar en tur p\u00e5 havet\"}]},{\"@type\":\"WebSite\",\"@id\":\"https:\\\/\\\/lightweb.dev\\\/l\\\/svm-temp\\\/#website\",\"url\":\"https:\\\/\\\/lightweb.dev\\\/l\\\/svm-temp\\\/\",\"name\":\"Svenska Magasinet\",\"description\":\"Dina Spanska nyheter p&aring; Svenska\",\"publisher\":{\"@id\":\"https:\\\/\\\/lightweb.dev\\\/l\\\/svm-temp\\\/#organization\"},\"potentialAction\":[{\"@type\":\"SearchAction\",\"target\":{\"@type\":\"EntryPoint\",\"urlTemplate\":\"https:\\\/\\\/lightweb.dev\\\/l\\\/svm-temp\\\/?s={search_term_string}\"},\"query-input\":{\"@type\":\"PropertyValueSpecification\",\"valueRequired\":true,\"valueName\":\"search_term_string\"}}],\"inLanguage\":\"sv-SE\"},{\"@type\":\"Organization\",\"@id\":\"https:\\\/\\\/lightweb.dev\\\/l\\\/svm-temp\\\/#organization\",\"name\":\"Melkerson y Nott SL\",\"alternateName\":\"Svenska Magasinet\",\"url\":\"https:\\\/\\\/lightweb.dev\\\/l\\\/svm-temp\\\/\",\"logo\":{\"@type\":\"ImageObject\",\"inLanguage\":\"sv-SE\",\"@id\":\"https:\\\/\\\/lightweb.dev\\\/l\\\/svm-temp\\\/#\\\/schema\\\/logo\\\/image\\\/\",\"url\":\"https:\\\/\\\/lightweb.dev\\\/l\\\/svm-temp\\\/wp-content\\\/uploads\\\/2025\\\/02\\\/SvM-logo-Xtra-Centrerad-SVART.png\",\"contentUrl\":\"https:\\\/\\\/lightweb.dev\\\/l\\\/svm-temp\\\/wp-content\\\/uploads\\\/2025\\\/02\\\/SvM-logo-Xtra-Centrerad-SVART.png\",\"width\":300,\"height\":99,\"caption\":\"Melkerson y Nott SL\"},\"image\":{\"@id\":\"https:\\\/\\\/lightweb.dev\\\/l\\\/svm-temp\\\/#\\\/schema\\\/logo\\\/image\\\/\"},\"sameAs\":[\"https:\\\/\\\/www.facebook.com\\\/svenskamagasinet\",\"https:\\\/\\\/x.com\\\/SvenskaMagasine\"]},{\"@type\":\"Person\",\"@id\":\"https:\\\/\\\/lightweb.dev\\\/l\\\/svm-temp\\\/#\\\/schema\\\/person\\\/206a3bda5b607b0c25e1749191e4d837\",\"name\":\"Redaktionen SvM\",\"description\":\"Redaktionen\",\"sameAs\":[\"https:\\\/\\\/lightweb.dev\\\/l\\\/svm-temp\"],\"url\":\"https:\\\/\\\/lightweb.dev\\\/l\\\/svm-temp\\\/reporter\\\/redaktionen\\\/\"}]}<\/script>\n<!-- \/ Yoast SEO Premium plugin. -->","yoast_head_json":{"title":"Inst\u00e4ngda i hamnbass\u00e4ngen \u2013 men snart v\u00e4ntar en tur p\u00e5 havet - Svenska Magasinet","robots":{"index":"noindex","follow":"follow","max-snippet":"max-snippet:-1","max-image-preview":"max-image-preview:large","max-video-preview":"max-video-preview:-1"},"og_locale":"sv_SE","og_type":"article","og_title":"Inst\u00e4ngda i hamnbass\u00e4ngen \u2013 men snart v\u00e4ntar en tur p\u00e5 havet","og_description":"Nu har ett omfattande muddringsarbete inletts av floden r\u00edo Segura i Guardamar p\u00e5 Costa Blanca. Omfattande skyfall i september forslade med sig sediment fr\u00e5n stora markomr\u00e5den uppstr\u00f6ms som stoppade upp i flodmynningen d\u00e4r vattendjupet minskade till 90 centimeter. Det har gjort att fritidsb\u00e5tarna inte har kunnat l\u00e4mna hamnbass\u00e4ngen. Av Ola Josefsson &#8211; I st\u00e4llet f\u00f6r [&hellip;]","og_url":"https:\/\/lightweb.dev\/l\/svm-temp\/nyheter\/instangda-i-hamnbassangen-men-snart-vantar-en-tur-pa-havet\/","og_site_name":"Svenska Magasinet","article_publisher":"https:\/\/www.facebook.com\/svenskamagasinet","article_published_time":"2020-01-08T23:00:00+00:00","og_image":[{"width":700,"height":421,"url":"https:\/\/lightweb.dev\/l\/svm-temp\/wp-content\/uploads\/2022\/06\/instangda-i-hamnbassangen-men-snart-vantar-en-tur-pa-havet.png","type":"image\/png"}],"author":"Redaktionen SvM","twitter_card":"summary_large_image","twitter_creator":"@SvenskaMagasine","twitter_site":"@SvenskaMagasine","schema":{"@context":"https:\/\/schema.org","@graph":[{"@type":"Article","@id":"https:\/\/lightweb.dev\/l\/svm-temp\/nyheter\/instangda-i-hamnbassangen-men-snart-vantar-en-tur-pa-havet\/#article","isPartOf":{"@id":"https:\/\/lightweb.dev\/l\/svm-temp\/nyheter\/instangda-i-hamnbassangen-men-snart-vantar-en-tur-pa-havet\/"},"author":{"name":"Redaktionen SvM","@id":"https:\/\/lightweb.dev\/l\/svm-temp\/#\/schema\/person\/206a3bda5b607b0c25e1749191e4d837"},"headline":"Inst\u00e4ngda i hamnbass\u00e4ngen \u2013 men snart v\u00e4ntar en tur p\u00e5 havet","datePublished":"2020-01-08T23:00:00+00:00","mainEntityOfPage":{"@id":"https:\/\/lightweb.dev\/l\/svm-temp\/nyheter\/instangda-i-hamnbassangen-men-snart-vantar-en-tur-pa-havet\/"},"wordCount":430,"commentCount":0,"publisher":{"@id":"https:\/\/lightweb.dev\/l\/svm-temp\/#organization"},"image":{"@id":"https:\/\/lightweb.dev\/l\/svm-temp\/nyheter\/instangda-i-hamnbassangen-men-snart-vantar-en-tur-pa-havet\/#primaryimage"},"thumbnailUrl":"https:\/\/lightweb.dev\/l\/svm-temp\/wp-content\/uploads\/2022\/06\/instangda-i-hamnbassangen-men-snart-vantar-en-tur-pa-havet.png","articleSection":["Arkiv","Nyheter"],"inLanguage":"sv-SE"},{"@type":"WebPage","@id":"https:\/\/lightweb.dev\/l\/svm-temp\/nyheter\/instangda-i-hamnbassangen-men-snart-vantar-en-tur-pa-havet\/","url":"https:\/\/lightweb.dev\/l\/svm-temp\/nyheter\/instangda-i-hamnbassangen-men-snart-vantar-en-tur-pa-havet\/","name":"Inst\u00e4ngda i hamnbass\u00e4ngen \u2013 men snart v\u00e4ntar en tur p\u00e5 havet - Svenska Magasinet","isPartOf":{"@id":"https:\/\/lightweb.dev\/l\/svm-temp\/#website"},"primaryImageOfPage":{"@id":"https:\/\/lightweb.dev\/l\/svm-temp\/nyheter\/instangda-i-hamnbassangen-men-snart-vantar-en-tur-pa-havet\/#primaryimage"},"image":{"@id":"https:\/\/lightweb.dev\/l\/svm-temp\/nyheter\/instangda-i-hamnbassangen-men-snart-vantar-en-tur-pa-havet\/#primaryimage"},"thumbnailUrl":"https:\/\/lightweb.dev\/l\/svm-temp\/wp-content\/uploads\/2022\/06\/instangda-i-hamnbassangen-men-snart-vantar-en-tur-pa-havet.png","datePublished":"2020-01-08T23:00:00+00:00","breadcrumb":{"@id":"https:\/\/lightweb.dev\/l\/svm-temp\/nyheter\/instangda-i-hamnbassangen-men-snart-vantar-en-tur-pa-havet\/#breadcrumb"},"inLanguage":"sv-SE","potentialAction":[{"@type":"ReadAction","target":["https:\/\/lightweb.dev\/l\/svm-temp\/nyheter\/instangda-i-hamnbassangen-men-snart-vantar-en-tur-pa-havet\/"]}]},{"@type":"ImageObject","inLanguage":"sv-SE","@id":"https:\/\/lightweb.dev\/l\/svm-temp\/nyheter\/instangda-i-hamnbassangen-men-snart-vantar-en-tur-pa-havet\/#primaryimage","url":"https:\/\/lightweb.dev\/l\/svm-temp\/wp-content\/uploads\/2022\/06\/instangda-i-hamnbassangen-men-snart-vantar-en-tur-pa-havet.png","contentUrl":"https:\/\/lightweb.dev\/l\/svm-temp\/wp-content\/uploads\/2022\/06\/instangda-i-hamnbassangen-men-snart-vantar-en-tur-pa-havet.png","width":700,"height":421},{"@type":"BreadcrumbList","@id":"https:\/\/lightweb.dev\/l\/svm-temp\/nyheter\/instangda-i-hamnbassangen-men-snart-vantar-en-tur-pa-havet\/#breadcrumb","itemListElement":[{"@type":"ListItem","position":1,"name":"Hem","item":"https:\/\/lightweb.dev\/l\/svm-temp\/"},{"@type":"ListItem","position":2,"name":"Inst\u00e4ngda i hamnbass\u00e4ngen \u2013 men snart v\u00e4ntar en tur p\u00e5 havet"}]},{"@type":"WebSite","@id":"https:\/\/lightweb.dev\/l\/svm-temp\/#website","url":"https:\/\/lightweb.dev\/l\/svm-temp\/","name":"Svenska Magasinet","description":"Dina Spanska nyheter p&aring; Svenska","publisher":{"@id":"https:\/\/lightweb.dev\/l\/svm-temp\/#organization"},"potentialAction":[{"@type":"SearchAction","target":{"@type":"EntryPoint","urlTemplate":"https:\/\/lightweb.dev\/l\/svm-temp\/?s={search_term_string}"},"query-input":{"@type":"PropertyValueSpecification","valueRequired":true,"valueName":"search_term_string"}}],"inLanguage":"sv-SE"},{"@type":"Organization","@id":"https:\/\/lightweb.dev\/l\/svm-temp\/#organization","name":"Melkerson y Nott SL","alternateName":"Svenska Magasinet","url":"https:\/\/lightweb.dev\/l\/svm-temp\/","logo":{"@type":"ImageObject","inLanguage":"sv-SE","@id":"https:\/\/lightweb.dev\/l\/svm-temp\/#\/schema\/logo\/image\/","url":"https:\/\/lightweb.dev\/l\/svm-temp\/wp-content\/uploads\/2025\/02\/SvM-logo-Xtra-Centrerad-SVART.png","contentUrl":"https:\/\/lightweb.dev\/l\/svm-temp\/wp-content\/uploads\/2025\/02\/SvM-logo-Xtra-Centrerad-SVART.png","width":300,"height":99,"caption":"Melkerson y Nott SL"},"image":{"@id":"https:\/\/lightweb.dev\/l\/svm-temp\/#\/schema\/logo\/image\/"},"sameAs":["https:\/\/www.facebook.com\/svenskamagasinet","https:\/\/x.com\/SvenskaMagasine"]},{"@type":"Person","@id":"https:\/\/lightweb.dev\/l\/svm-temp\/#\/schema\/person\/206a3bda5b607b0c25e1749191e4d837","name":"Redaktionen SvM","description":"Redaktionen","sameAs":["https:\/\/lightweb.dev\/l\/svm-temp"],"url":"https:\/\/lightweb.dev\/l\/svm-temp\/reporter\/redaktionen\/"}]}},"_links":{"self":[{"href":"https:\/\/lightweb.dev\/l\/svm-temp\/wp-json\/wp\/v2\/posts\/14991","targetHints":{"allow":["GET"]}}],"collection":[{"href":"https:\/\/lightweb.dev\/l\/svm-temp\/wp-json\/wp\/v2\/posts"}],"about":[{"href":"https:\/\/lightweb.dev\/l\/svm-temp\/wp-json\/wp\/v2\/types\/post"}],"author":[{"embeddable":true,"href":"https:\/\/lightweb.dev\/l\/svm-temp\/wp-json\/wp\/v2\/users\/8"}],"replies":[{"embeddable":true,"href":"https:\/\/lightweb.dev\/l\/svm-temp\/wp-json\/wp\/v2\/comments?post=14991"}],"version-history":[{"count":0,"href":"https:\/\/lightweb.dev\/l\/svm-temp\/wp-json\/wp\/v2\/posts\/14991\/revisions"}],"wp:featuredmedia":[{"embeddable":true,"href":"https:\/\/lightweb.dev\/l\/svm-temp\/wp-json\/wp\/v2\/media\/14992"}],"wp:attachment":[{"href":"https:\/\/lightweb.dev\/l\/svm-temp\/wp-json\/wp\/v2\/media?parent=14991"}],"wp:term":[{"taxonomy":"category","embeddable":true,"href":"https:\/\/lightweb.dev\/l\/svm-temp\/wp-json\/wp\/v2\/categories?post=14991"},{"taxonomy":"post_tag","embeddable":true,"href":"https:\/\/lightweb.dev\/l\/svm-temp\/wp-json\/wp\/v2\/tags?post=14991"}],"curies":[{"name":"wp","href":"https:\/\/api.w.org\/{rel}","templated":true}]}}