{"id":14995,"date":"2020-01-08T00:00:00","date_gmt":"2020-01-07T23:00:00","guid":{"rendered":"https:\/\/lightweb.dev\/l\/svm-temp\/nyheter\/norwegian-infor-betalning-for-kabinvaska\/"},"modified":"2020-01-08T00:00:00","modified_gmt":"2020-01-07T23:00:00","slug":"norwegian-infor-betalning-for-kabinvaska","status":"publish","type":"post","link":"https:\/\/lightweb.dev\/l\/svm-temp\/nyheter\/norwegian-infor-betalning-for-kabinvaska\/","title":{"rendered":"Norwegian inf\u00f6r betalning f\u00f6r kabinv\u00e4ska"},"content":{"rendered":"<p> L\u00e5gprisflygbolaget Norwegian r\u00e4knar inte med n\u00e5got f\u00f6rb\u00e4ttrat resultat f\u00f6r 2020 j\u00e4mf\u00f6rt med fjol\u00e5ret 2019. Bolaget som har fem plan stationerade vid basen i M\u00e1laga har drabbats h\u00e5rt av flygf\u00f6rbudet med Boeing 737 Max. Nu f\u00f6rs\u00f6ker bolaget hitta nya inkomstm\u00f6jligheter.<\/p>\n<p>Enligt nyhetssajten check-in.dk kommer de som k\u00f6per de billigaste biljetterna snart inte att f\u00e5 ta med kabinv\u00e4ska gratis. Enligt Norwegians nya bagageregler, som \u00e4nnu inte offentliggjorts m\u00e5ste den som reser p\u00e5 s\u00e5 kallad low fare-biljett betala extra f\u00f6r kabinv\u00e4ska. Det erfar nyhetssajten check-in.dk.<\/p>\n<p>Norwegian har \u00e4nnu inte beslutat hur stor avgiften blir. De nya reglerna v\u00e4ntas tr\u00e4da i kraft i februari. Kunder kommer att informeras i f\u00f6rv\u00e4g, skriver TT.<\/p>\n<p>Det kommer fortfarande att vara gratis att ta med ett litet handbagage som ryms under s\u00e4tet framf\u00f6r.<\/p>\n<p>Norwegian f\u00f6rklarar de nya reglerna med \u00f6kad punktlighet och f\u00f6rb\u00e4ttrad upplevelse f\u00f6r passagerarna.<\/p>\n<p>Men snarare \u00e4r det en m\u00f6jlighet att \u00f6ka int\u00e4kterna.<\/p>\n<p>Norwegian planerar ocks\u00e5 att h\u00f6ja viktgr\u00e4nsen f\u00f6r incheckat bagage fr\u00e5n 20 till 23 kilo.<\/p>\n<p>N\u00e4r det g\u00e4ller trafiken p\u00e5 M\u00e1laga flygplats \u00e4r Norwegian det fj\u00e4rde st\u00f6rsta bolaget. Prognosen f\u00f6r 2020 \u00e4r sv\u00e5rbed\u00f6md och bolaget r\u00e4knar inte med n\u00e5got f\u00f6rb\u00e4ttrat resultat i \u00e5r j\u00e4mf\u00f6rt med 2019. Utvecklingen i Iran kan g\u00f6ra att br\u00e4nslepriserna stiger.<\/p>\n<p>Norwegian redovisar ett litet plus i antalet resen\u00e4rer under de f\u00f6rsta elva m\u00e5naderna 2019 j\u00e4mf\u00f6rt med samma period 2018. Enligt uppgifter fr\u00e5n spanska luftfartsverket Aena hade bolaget 1,5 miljoner resen\u00e4rer mellan november 2018 till november 2019 skriver Europa Press.<\/p>\n<p>Bland l\u00e5gprisflygbolagen hade Ryanair flest resen\u00e4rer med 4,6 miljoner fram till november 2019 f\u00f6ljt av Vueling, 1.990.019, Easyjet,1.723.843, Norwegian, 1.552.709 och Jet2.com med 930.957.<\/p>\n<p>Globalt l\u00e5g kabinfaktorn p\u00e5 86,6 procent vilket var en svag \u00f6kning j\u00e4mf\u00f6rt med \u00e5ret innan. Punktligheten n\u00e4rmade sig 80 procent och koldioxidutsl\u00e4ppen minskade med 4 procent.<\/p>\n<p>&#8211; Under hela \u00e5ret har vi arbetat med att f\u00f6rb\u00e4ttra och effektivisera rutter s\u00e5 att de anpassas till s\u00e4songsv\u00e4ngningar. Samtidigt minskade utsl\u00e4ppen j\u00e4mf\u00f6rt med tidigare \u00e5r. Biljettf\u00f6rs\u00e4ljningen f\u00f6r de kommande m\u00e5naderna ser bra ut f\u00f6r b\u00e5de aff\u00e4rsresen\u00e4rer och fritidsresen\u00e4rer, s\u00e4ger VD:n Jacob Schram.<br \/>\n KLICKA H\u00c4R OCH L\u00c4S MER OM FLYGBRANSCHEN: Spanien just nu &#8211; flyghubbar<\/p>\n","protected":false},"excerpt":{"rendered":"<p>L\u00e5gprisflygbolaget Norwegian r\u00e4knar inte med n\u00e5got f\u00f6rb\u00e4ttrat resultat f\u00f6r 2020 j\u00e4mf\u00f6rt med fjol\u00e5ret 2019. Bolaget som har fem plan stationerade vid basen i M\u00e1laga har drabbats h\u00e5rt av flygf\u00f6rbudet med Boeing 737 Max. Nu f\u00f6rs\u00f6ker bolaget hitta nya inkomstm\u00f6jligheter. Enligt nyhetssajten check-in.dk kommer de som k\u00f6per de billigaste biljetterna snart inte att f\u00e5 ta med [&hellip;]<\/p>\n","protected":false},"author":8,"featured_media":14996,"comment_status":"open","ping_status":"open","sticky":false,"template":"","format":"standard","meta":{"_et_pb_use_builder":"","_et_pb_old_content":"","_et_gb_content_width":"","footnotes":""},"categories":[395,3],"tags":[],"class_list":["post-14995","post","type-post","status-publish","format-standard","has-post-thumbnail","hentry","category-arkiv-nyheter","category-nyheter"],"yoast_head":"<!-- This site is optimized with the Yoast SEO Premium plugin v26.2 (Yoast SEO v27.4) - https:\/\/yoast.com\/product\/yoast-seo-premium-wordpress\/ -->\n<title>Norwegian inf\u00f6r betalning f\u00f6r kabinv\u00e4ska - Svenska Magasinet<\/title>\n<meta name=\"robots\" content=\"noindex, follow, max-snippet:-1, max-image-preview:large, max-video-preview:-1\" \/>\n<meta property=\"og:locale\" content=\"sv_SE\" \/>\n<meta property=\"og:type\" content=\"article\" \/>\n<meta property=\"og:title\" content=\"Norwegian inf\u00f6r betalning f\u00f6r kabinv\u00e4ska\" \/>\n<meta property=\"og:description\" content=\"L\u00e5gprisflygbolaget Norwegian r\u00e4knar inte med n\u00e5got f\u00f6rb\u00e4ttrat resultat f\u00f6r 2020 j\u00e4mf\u00f6rt med fjol\u00e5ret 2019. Bolaget som har fem plan stationerade vid basen i M\u00e1laga har drabbats h\u00e5rt av flygf\u00f6rbudet med Boeing 737 Max. Nu f\u00f6rs\u00f6ker bolaget hitta nya inkomstm\u00f6jligheter. Enligt nyhetssajten check-in.dk kommer de som k\u00f6per de billigaste biljetterna snart inte att f\u00e5 ta med [&hellip;]\" \/>\n<meta property=\"og:url\" content=\"https:\/\/lightweb.dev\/l\/svm-temp\/nyheter\/norwegian-infor-betalning-for-kabinvaska\/\" \/>\n<meta property=\"og:site_name\" content=\"Svenska Magasinet\" \/>\n<meta property=\"article:publisher\" content=\"https:\/\/www.facebook.com\/svenskamagasinet\" \/>\n<meta property=\"article:published_time\" content=\"2020-01-07T23:00:00+00:00\" \/>\n<meta property=\"og:image\" content=\"https:\/\/lightweb.dev\/l\/svm-temp\/wp-content\/uploads\/2022\/06\/norwegian-infor-betalning-for-kabinvaska.png\" \/>\n\t<meta property=\"og:image:width\" content=\"700\" \/>\n\t<meta property=\"og:image:height\" content=\"420\" \/>\n\t<meta property=\"og:image:type\" content=\"image\/png\" \/>\n<meta name=\"author\" content=\"Redaktionen SvM\" \/>\n<meta name=\"twitter:card\" content=\"summary_large_image\" \/>\n<meta name=\"twitter:creator\" content=\"@SvenskaMagasine\" \/>\n<meta name=\"twitter:site\" content=\"@SvenskaMagasine\" \/>\n<script type=\"application\/ld+json\" class=\"yoast-schema-graph\">{\"@context\":\"https:\\\/\\\/schema.org\",\"@graph\":[{\"@type\":\"Article\",\"@id\":\"https:\\\/\\\/lightweb.dev\\\/l\\\/svm-temp\\\/nyheter\\\/norwegian-infor-betalning-for-kabinvaska\\\/#article\",\"isPartOf\":{\"@id\":\"https:\\\/\\\/lightweb.dev\\\/l\\\/svm-temp\\\/nyheter\\\/norwegian-infor-betalning-for-kabinvaska\\\/\"},\"author\":{\"name\":\"Redaktionen SvM\",\"@id\":\"https:\\\/\\\/lightweb.dev\\\/l\\\/svm-temp\\\/#\\\/schema\\\/person\\\/206a3bda5b607b0c25e1749191e4d837\"},\"headline\":\"Norwegian inf\u00f6r betalning f\u00f6r kabinv\u00e4ska\",\"datePublished\":\"2020-01-07T23:00:00+00:00\",\"mainEntityOfPage\":{\"@id\":\"https:\\\/\\\/lightweb.dev\\\/l\\\/svm-temp\\\/nyheter\\\/norwegian-infor-betalning-for-kabinvaska\\\/\"},\"wordCount\":422,\"commentCount\":0,\"publisher\":{\"@id\":\"https:\\\/\\\/lightweb.dev\\\/l\\\/svm-temp\\\/#organization\"},\"image\":{\"@id\":\"https:\\\/\\\/lightweb.dev\\\/l\\\/svm-temp\\\/nyheter\\\/norwegian-infor-betalning-for-kabinvaska\\\/#primaryimage\"},\"thumbnailUrl\":\"https:\\\/\\\/lightweb.dev\\\/l\\\/svm-temp\\\/wp-content\\\/uploads\\\/2022\\\/06\\\/norwegian-infor-betalning-for-kabinvaska.png\",\"articleSection\":[\"Arkiv\",\"Nyheter\"],\"inLanguage\":\"sv-SE\"},{\"@type\":\"WebPage\",\"@id\":\"https:\\\/\\\/lightweb.dev\\\/l\\\/svm-temp\\\/nyheter\\\/norwegian-infor-betalning-for-kabinvaska\\\/\",\"url\":\"https:\\\/\\\/lightweb.dev\\\/l\\\/svm-temp\\\/nyheter\\\/norwegian-infor-betalning-for-kabinvaska\\\/\",\"name\":\"Norwegian inf\u00f6r betalning f\u00f6r kabinv\u00e4ska - Svenska Magasinet\",\"isPartOf\":{\"@id\":\"https:\\\/\\\/lightweb.dev\\\/l\\\/svm-temp\\\/#website\"},\"primaryImageOfPage\":{\"@id\":\"https:\\\/\\\/lightweb.dev\\\/l\\\/svm-temp\\\/nyheter\\\/norwegian-infor-betalning-for-kabinvaska\\\/#primaryimage\"},\"image\":{\"@id\":\"https:\\\/\\\/lightweb.dev\\\/l\\\/svm-temp\\\/nyheter\\\/norwegian-infor-betalning-for-kabinvaska\\\/#primaryimage\"},\"thumbnailUrl\":\"https:\\\/\\\/lightweb.dev\\\/l\\\/svm-temp\\\/wp-content\\\/uploads\\\/2022\\\/06\\\/norwegian-infor-betalning-for-kabinvaska.png\",\"datePublished\":\"2020-01-07T23:00:00+00:00\",\"breadcrumb\":{\"@id\":\"https:\\\/\\\/lightweb.dev\\\/l\\\/svm-temp\\\/nyheter\\\/norwegian-infor-betalning-for-kabinvaska\\\/#breadcrumb\"},\"inLanguage\":\"sv-SE\",\"potentialAction\":[{\"@type\":\"ReadAction\",\"target\":[\"https:\\\/\\\/lightweb.dev\\\/l\\\/svm-temp\\\/nyheter\\\/norwegian-infor-betalning-for-kabinvaska\\\/\"]}]},{\"@type\":\"ImageObject\",\"inLanguage\":\"sv-SE\",\"@id\":\"https:\\\/\\\/lightweb.dev\\\/l\\\/svm-temp\\\/nyheter\\\/norwegian-infor-betalning-for-kabinvaska\\\/#primaryimage\",\"url\":\"https:\\\/\\\/lightweb.dev\\\/l\\\/svm-temp\\\/wp-content\\\/uploads\\\/2022\\\/06\\\/norwegian-infor-betalning-for-kabinvaska.png\",\"contentUrl\":\"https:\\\/\\\/lightweb.dev\\\/l\\\/svm-temp\\\/wp-content\\\/uploads\\\/2022\\\/06\\\/norwegian-infor-betalning-for-kabinvaska.png\",\"width\":700,\"height\":420},{\"@type\":\"BreadcrumbList\",\"@id\":\"https:\\\/\\\/lightweb.dev\\\/l\\\/svm-temp\\\/nyheter\\\/norwegian-infor-betalning-for-kabinvaska\\\/#breadcrumb\",\"itemListElement\":[{\"@type\":\"ListItem\",\"position\":1,\"name\":\"Hem\",\"item\":\"https:\\\/\\\/lightweb.dev\\\/l\\\/svm-temp\\\/\"},{\"@type\":\"ListItem\",\"position\":2,\"name\":\"Norwegian inf\u00f6r betalning f\u00f6r kabinv\u00e4ska\"}]},{\"@type\":\"WebSite\",\"@id\":\"https:\\\/\\\/lightweb.dev\\\/l\\\/svm-temp\\\/#website\",\"url\":\"https:\\\/\\\/lightweb.dev\\\/l\\\/svm-temp\\\/\",\"name\":\"Svenska Magasinet\",\"description\":\"Dina Spanska nyheter p&aring; Svenska\",\"publisher\":{\"@id\":\"https:\\\/\\\/lightweb.dev\\\/l\\\/svm-temp\\\/#organization\"},\"potentialAction\":[{\"@type\":\"SearchAction\",\"target\":{\"@type\":\"EntryPoint\",\"urlTemplate\":\"https:\\\/\\\/lightweb.dev\\\/l\\\/svm-temp\\\/?s={search_term_string}\"},\"query-input\":{\"@type\":\"PropertyValueSpecification\",\"valueRequired\":true,\"valueName\":\"search_term_string\"}}],\"inLanguage\":\"sv-SE\"},{\"@type\":\"Organization\",\"@id\":\"https:\\\/\\\/lightweb.dev\\\/l\\\/svm-temp\\\/#organization\",\"name\":\"Melkerson y Nott SL\",\"alternateName\":\"Svenska Magasinet\",\"url\":\"https:\\\/\\\/lightweb.dev\\\/l\\\/svm-temp\\\/\",\"logo\":{\"@type\":\"ImageObject\",\"inLanguage\":\"sv-SE\",\"@id\":\"https:\\\/\\\/lightweb.dev\\\/l\\\/svm-temp\\\/#\\\/schema\\\/logo\\\/image\\\/\",\"url\":\"https:\\\/\\\/lightweb.dev\\\/l\\\/svm-temp\\\/wp-content\\\/uploads\\\/2025\\\/02\\\/SvM-logo-Xtra-Centrerad-SVART.png\",\"contentUrl\":\"https:\\\/\\\/lightweb.dev\\\/l\\\/svm-temp\\\/wp-content\\\/uploads\\\/2025\\\/02\\\/SvM-logo-Xtra-Centrerad-SVART.png\",\"width\":300,\"height\":99,\"caption\":\"Melkerson y Nott SL\"},\"image\":{\"@id\":\"https:\\\/\\\/lightweb.dev\\\/l\\\/svm-temp\\\/#\\\/schema\\\/logo\\\/image\\\/\"},\"sameAs\":[\"https:\\\/\\\/www.facebook.com\\\/svenskamagasinet\",\"https:\\\/\\\/x.com\\\/SvenskaMagasine\"]},{\"@type\":\"Person\",\"@id\":\"https:\\\/\\\/lightweb.dev\\\/l\\\/svm-temp\\\/#\\\/schema\\\/person\\\/206a3bda5b607b0c25e1749191e4d837\",\"name\":\"Redaktionen SvM\",\"description\":\"Redaktionen\",\"sameAs\":[\"https:\\\/\\\/lightweb.dev\\\/l\\\/svm-temp\"],\"url\":\"https:\\\/\\\/lightweb.dev\\\/l\\\/svm-temp\\\/reporter\\\/redaktionen\\\/\"}]}<\/script>\n<!-- \/ Yoast SEO Premium plugin. -->","yoast_head_json":{"title":"Norwegian inf\u00f6r betalning f\u00f6r kabinv\u00e4ska - Svenska Magasinet","robots":{"index":"noindex","follow":"follow","max-snippet":"max-snippet:-1","max-image-preview":"max-image-preview:large","max-video-preview":"max-video-preview:-1"},"og_locale":"sv_SE","og_type":"article","og_title":"Norwegian inf\u00f6r betalning f\u00f6r kabinv\u00e4ska","og_description":"L\u00e5gprisflygbolaget Norwegian r\u00e4knar inte med n\u00e5got f\u00f6rb\u00e4ttrat resultat f\u00f6r 2020 j\u00e4mf\u00f6rt med fjol\u00e5ret 2019. Bolaget som har fem plan stationerade vid basen i M\u00e1laga har drabbats h\u00e5rt av flygf\u00f6rbudet med Boeing 737 Max. Nu f\u00f6rs\u00f6ker bolaget hitta nya inkomstm\u00f6jligheter. Enligt nyhetssajten check-in.dk kommer de som k\u00f6per de billigaste biljetterna snart inte att f\u00e5 ta med [&hellip;]","og_url":"https:\/\/lightweb.dev\/l\/svm-temp\/nyheter\/norwegian-infor-betalning-for-kabinvaska\/","og_site_name":"Svenska Magasinet","article_publisher":"https:\/\/www.facebook.com\/svenskamagasinet","article_published_time":"2020-01-07T23:00:00+00:00","og_image":[{"width":700,"height":420,"url":"https:\/\/lightweb.dev\/l\/svm-temp\/wp-content\/uploads\/2022\/06\/norwegian-infor-betalning-for-kabinvaska.png","type":"image\/png"}],"author":"Redaktionen SvM","twitter_card":"summary_large_image","twitter_creator":"@SvenskaMagasine","twitter_site":"@SvenskaMagasine","schema":{"@context":"https:\/\/schema.org","@graph":[{"@type":"Article","@id":"https:\/\/lightweb.dev\/l\/svm-temp\/nyheter\/norwegian-infor-betalning-for-kabinvaska\/#article","isPartOf":{"@id":"https:\/\/lightweb.dev\/l\/svm-temp\/nyheter\/norwegian-infor-betalning-for-kabinvaska\/"},"author":{"name":"Redaktionen SvM","@id":"https:\/\/lightweb.dev\/l\/svm-temp\/#\/schema\/person\/206a3bda5b607b0c25e1749191e4d837"},"headline":"Norwegian inf\u00f6r betalning f\u00f6r kabinv\u00e4ska","datePublished":"2020-01-07T23:00:00+00:00","mainEntityOfPage":{"@id":"https:\/\/lightweb.dev\/l\/svm-temp\/nyheter\/norwegian-infor-betalning-for-kabinvaska\/"},"wordCount":422,"commentCount":0,"publisher":{"@id":"https:\/\/lightweb.dev\/l\/svm-temp\/#organization"},"image":{"@id":"https:\/\/lightweb.dev\/l\/svm-temp\/nyheter\/norwegian-infor-betalning-for-kabinvaska\/#primaryimage"},"thumbnailUrl":"https:\/\/lightweb.dev\/l\/svm-temp\/wp-content\/uploads\/2022\/06\/norwegian-infor-betalning-for-kabinvaska.png","articleSection":["Arkiv","Nyheter"],"inLanguage":"sv-SE"},{"@type":"WebPage","@id":"https:\/\/lightweb.dev\/l\/svm-temp\/nyheter\/norwegian-infor-betalning-for-kabinvaska\/","url":"https:\/\/lightweb.dev\/l\/svm-temp\/nyheter\/norwegian-infor-betalning-for-kabinvaska\/","name":"Norwegian inf\u00f6r betalning f\u00f6r kabinv\u00e4ska - Svenska Magasinet","isPartOf":{"@id":"https:\/\/lightweb.dev\/l\/svm-temp\/#website"},"primaryImageOfPage":{"@id":"https:\/\/lightweb.dev\/l\/svm-temp\/nyheter\/norwegian-infor-betalning-for-kabinvaska\/#primaryimage"},"image":{"@id":"https:\/\/lightweb.dev\/l\/svm-temp\/nyheter\/norwegian-infor-betalning-for-kabinvaska\/#primaryimage"},"thumbnailUrl":"https:\/\/lightweb.dev\/l\/svm-temp\/wp-content\/uploads\/2022\/06\/norwegian-infor-betalning-for-kabinvaska.png","datePublished":"2020-01-07T23:00:00+00:00","breadcrumb":{"@id":"https:\/\/lightweb.dev\/l\/svm-temp\/nyheter\/norwegian-infor-betalning-for-kabinvaska\/#breadcrumb"},"inLanguage":"sv-SE","potentialAction":[{"@type":"ReadAction","target":["https:\/\/lightweb.dev\/l\/svm-temp\/nyheter\/norwegian-infor-betalning-for-kabinvaska\/"]}]},{"@type":"ImageObject","inLanguage":"sv-SE","@id":"https:\/\/lightweb.dev\/l\/svm-temp\/nyheter\/norwegian-infor-betalning-for-kabinvaska\/#primaryimage","url":"https:\/\/lightweb.dev\/l\/svm-temp\/wp-content\/uploads\/2022\/06\/norwegian-infor-betalning-for-kabinvaska.png","contentUrl":"https:\/\/lightweb.dev\/l\/svm-temp\/wp-content\/uploads\/2022\/06\/norwegian-infor-betalning-for-kabinvaska.png","width":700,"height":420},{"@type":"BreadcrumbList","@id":"https:\/\/lightweb.dev\/l\/svm-temp\/nyheter\/norwegian-infor-betalning-for-kabinvaska\/#breadcrumb","itemListElement":[{"@type":"ListItem","position":1,"name":"Hem","item":"https:\/\/lightweb.dev\/l\/svm-temp\/"},{"@type":"ListItem","position":2,"name":"Norwegian inf\u00f6r betalning f\u00f6r kabinv\u00e4ska"}]},{"@type":"WebSite","@id":"https:\/\/lightweb.dev\/l\/svm-temp\/#website","url":"https:\/\/lightweb.dev\/l\/svm-temp\/","name":"Svenska Magasinet","description":"Dina Spanska nyheter p&aring; Svenska","publisher":{"@id":"https:\/\/lightweb.dev\/l\/svm-temp\/#organization"},"potentialAction":[{"@type":"SearchAction","target":{"@type":"EntryPoint","urlTemplate":"https:\/\/lightweb.dev\/l\/svm-temp\/?s={search_term_string}"},"query-input":{"@type":"PropertyValueSpecification","valueRequired":true,"valueName":"search_term_string"}}],"inLanguage":"sv-SE"},{"@type":"Organization","@id":"https:\/\/lightweb.dev\/l\/svm-temp\/#organization","name":"Melkerson y Nott SL","alternateName":"Svenska Magasinet","url":"https:\/\/lightweb.dev\/l\/svm-temp\/","logo":{"@type":"ImageObject","inLanguage":"sv-SE","@id":"https:\/\/lightweb.dev\/l\/svm-temp\/#\/schema\/logo\/image\/","url":"https:\/\/lightweb.dev\/l\/svm-temp\/wp-content\/uploads\/2025\/02\/SvM-logo-Xtra-Centrerad-SVART.png","contentUrl":"https:\/\/lightweb.dev\/l\/svm-temp\/wp-content\/uploads\/2025\/02\/SvM-logo-Xtra-Centrerad-SVART.png","width":300,"height":99,"caption":"Melkerson y Nott SL"},"image":{"@id":"https:\/\/lightweb.dev\/l\/svm-temp\/#\/schema\/logo\/image\/"},"sameAs":["https:\/\/www.facebook.com\/svenskamagasinet","https:\/\/x.com\/SvenskaMagasine"]},{"@type":"Person","@id":"https:\/\/lightweb.dev\/l\/svm-temp\/#\/schema\/person\/206a3bda5b607b0c25e1749191e4d837","name":"Redaktionen SvM","description":"Redaktionen","sameAs":["https:\/\/lightweb.dev\/l\/svm-temp"],"url":"https:\/\/lightweb.dev\/l\/svm-temp\/reporter\/redaktionen\/"}]}},"_links":{"self":[{"href":"https:\/\/lightweb.dev\/l\/svm-temp\/wp-json\/wp\/v2\/posts\/14995","targetHints":{"allow":["GET"]}}],"collection":[{"href":"https:\/\/lightweb.dev\/l\/svm-temp\/wp-json\/wp\/v2\/posts"}],"about":[{"href":"https:\/\/lightweb.dev\/l\/svm-temp\/wp-json\/wp\/v2\/types\/post"}],"author":[{"embeddable":true,"href":"https:\/\/lightweb.dev\/l\/svm-temp\/wp-json\/wp\/v2\/users\/8"}],"replies":[{"embeddable":true,"href":"https:\/\/lightweb.dev\/l\/svm-temp\/wp-json\/wp\/v2\/comments?post=14995"}],"version-history":[{"count":0,"href":"https:\/\/lightweb.dev\/l\/svm-temp\/wp-json\/wp\/v2\/posts\/14995\/revisions"}],"wp:featuredmedia":[{"embeddable":true,"href":"https:\/\/lightweb.dev\/l\/svm-temp\/wp-json\/wp\/v2\/media\/14996"}],"wp:attachment":[{"href":"https:\/\/lightweb.dev\/l\/svm-temp\/wp-json\/wp\/v2\/media?parent=14995"}],"wp:term":[{"taxonomy":"category","embeddable":true,"href":"https:\/\/lightweb.dev\/l\/svm-temp\/wp-json\/wp\/v2\/categories?post=14995"},{"taxonomy":"post_tag","embeddable":true,"href":"https:\/\/lightweb.dev\/l\/svm-temp\/wp-json\/wp\/v2\/tags?post=14995"}],"curies":[{"name":"wp","href":"https:\/\/api.w.org\/{rel}","templated":true}]}}