{"id":14999,"date":"2020-01-08T00:00:00","date_gmt":"2020-01-07T23:00:00","guid":{"rendered":"https:\/\/lightweb.dev\/l\/svm-temp\/nyheter\/ockuperade-lagenheter-hyrdes-ut-till-migranter\/"},"modified":"2020-01-08T00:00:00","modified_gmt":"2020-01-07T23:00:00","slug":"ockuperade-lagenheter-hyrdes-ut-till-migranter","status":"publish","type":"post","link":"https:\/\/lightweb.dev\/l\/svm-temp\/nyheter\/ockuperade-lagenheter-hyrdes-ut-till-migranter\/","title":{"rendered":"Ockuperade l\u00e4genheter hyrdes ut till migranter"},"content":{"rendered":"<p> Den spanska nationalpolisen har gripit tv\u00e5 personer som de misst\u00e4nker ha varit ledare f\u00f6r en kriminell organisation som ockuperade l\u00e4genheter i Mula (Murcia) och sedan hyrde ut dem till invandrare.<\/p>\n<p>De gripna \u00e4r en 27-\u00e5rig man och en 40-\u00e5rig kvinna. De utnyttjade det faktum att invandrarna, de flesta nyanl\u00e4nda befann sig i en s\u00e4rskilt utsatt situation skriver La Opinion.<\/p>\n<p>Organisationen agerade alltid p\u00e5 samma s\u00e4tt, f\u00f6rst ockuperade de tomma hus som \u00e4gdes av banker. D\u00e4refter lurade de el och vattenbolag att ansluta l\u00e4genheterna. Sen letade de upp sina hyresg\u00e4ster, fr\u00e4mst bland nordafrikaner med d\u00e5lig ekonomi och utan uppeh\u00e5llstillst\u00e5nd. Dessa fick sedan betala mellan 50 och 100 euro per m\u00e5nad f\u00f6r varje person i l\u00e4genheterna.<\/p>\n<p>N\u00e4r hyresg\u00e4sterna kom till l\u00e4genheterna fick de undervisning av organisationen i vad de skulle s\u00e4ga till polisen n\u00e4r dessa kom f\u00f6r att kasta ut dem.<\/p>\n<p>Polisen har lyckats hitta fyra byggnader som organisationen ockuperat och nio offer \u00e4r identifierade. N\u00e4r polisen kontaktade offren s\u00e5 var de medvetna om att de hade blivit lurade, men de var inte medvetna om att de bodde i ockuperade hus.<\/p>\n<p>Med gripandet av de tv\u00e5 ledarna betraktar polisen organisationen som stoppad och de gripna \u00e5talas nu f\u00f6r brott f\u00f6r att gynna illegal invandring, hot, tv\u00e5ng, usurpation av fastigheter, bedr\u00e4geri och f\u00f6r tillh\u00f6rande av kriminell organisation. Till\u00e4ggas b\u00f6r kanske att i Spanien l\u00e4ggs straffv\u00e4rdet f\u00f6r brotten ihop vilket inneb\u00e4r att vid f\u00e4llande dom har de \u00e5talande l\u00e5nga f\u00e4ngelsestraff, samt h\u00f6ga skadest\u00e5nd att se fram mot.<\/p>\n<p>Bildtext: Ett av rummen i ett av de ockuperade husen. Foto: Polic\u00eda Nacional.<br \/>\nArtikel: Jonny Erixon.<\/p>\n","protected":false},"excerpt":{"rendered":"<p>Den spanska nationalpolisen har gripit tv\u00e5 personer som de misst\u00e4nker ha varit ledare f\u00f6r en kriminell organisation som ockuperade l\u00e4genheter i Mula (Murcia) och sedan hyrde ut dem till invandrare. De gripna \u00e4r en 27-\u00e5rig man och en 40-\u00e5rig kvinna. De utnyttjade det faktum att invandrarna, de flesta nyanl\u00e4nda befann sig i en s\u00e4rskilt utsatt [&hellip;]<\/p>\n","protected":false},"author":8,"featured_media":15000,"comment_status":"open","ping_status":"open","sticky":false,"template":"","format":"standard","meta":{"_et_pb_use_builder":"","_et_pb_old_content":"","_et_gb_content_width":"","footnotes":""},"categories":[395,3],"tags":[],"class_list":["post-14999","post","type-post","status-publish","format-standard","has-post-thumbnail","hentry","category-arkiv-nyheter","category-nyheter"],"yoast_head":"<!-- This site is optimized with the Yoast SEO Premium plugin v26.2 (Yoast SEO v27.4) - https:\/\/yoast.com\/product\/yoast-seo-premium-wordpress\/ -->\n<title>Ockuperade l\u00e4genheter hyrdes ut till migranter - Svenska Magasinet<\/title>\n<meta name=\"robots\" content=\"noindex, follow, max-snippet:-1, max-image-preview:large, max-video-preview:-1\" \/>\n<meta property=\"og:locale\" content=\"sv_SE\" \/>\n<meta property=\"og:type\" content=\"article\" \/>\n<meta property=\"og:title\" content=\"Ockuperade l\u00e4genheter hyrdes ut till migranter\" \/>\n<meta property=\"og:description\" content=\"Den spanska nationalpolisen har gripit tv\u00e5 personer som de misst\u00e4nker ha varit ledare f\u00f6r en kriminell organisation som ockuperade l\u00e4genheter i Mula (Murcia) och sedan hyrde ut dem till invandrare. De gripna \u00e4r en 27-\u00e5rig man och en 40-\u00e5rig kvinna. De utnyttjade det faktum att invandrarna, de flesta nyanl\u00e4nda befann sig i en s\u00e4rskilt utsatt [&hellip;]\" \/>\n<meta property=\"og:url\" content=\"https:\/\/lightweb.dev\/l\/svm-temp\/nyheter\/ockuperade-lagenheter-hyrdes-ut-till-migranter\/\" \/>\n<meta property=\"og:site_name\" content=\"Svenska Magasinet\" \/>\n<meta property=\"article:publisher\" content=\"https:\/\/www.facebook.com\/svenskamagasinet\" \/>\n<meta property=\"article:published_time\" content=\"2020-01-07T23:00:00+00:00\" \/>\n<meta property=\"og:image\" content=\"https:\/\/lightweb.dev\/l\/svm-temp\/wp-content\/uploads\/2022\/06\/ockuperade-lagenheter-hyrdes-ut-till-migranter.png\" \/>\n\t<meta property=\"og:image:width\" content=\"700\" \/>\n\t<meta property=\"og:image:height\" content=\"420\" \/>\n\t<meta property=\"og:image:type\" content=\"image\/png\" \/>\n<meta name=\"author\" content=\"Redaktionen SvM\" \/>\n<meta name=\"twitter:card\" content=\"summary_large_image\" \/>\n<meta name=\"twitter:creator\" content=\"@SvenskaMagasine\" \/>\n<meta name=\"twitter:site\" content=\"@SvenskaMagasine\" \/>\n<script type=\"application\/ld+json\" class=\"yoast-schema-graph\">{\"@context\":\"https:\\\/\\\/schema.org\",\"@graph\":[{\"@type\":\"Article\",\"@id\":\"https:\\\/\\\/lightweb.dev\\\/l\\\/svm-temp\\\/nyheter\\\/ockuperade-lagenheter-hyrdes-ut-till-migranter\\\/#article\",\"isPartOf\":{\"@id\":\"https:\\\/\\\/lightweb.dev\\\/l\\\/svm-temp\\\/nyheter\\\/ockuperade-lagenheter-hyrdes-ut-till-migranter\\\/\"},\"author\":{\"name\":\"Redaktionen SvM\",\"@id\":\"https:\\\/\\\/lightweb.dev\\\/l\\\/svm-temp\\\/#\\\/schema\\\/person\\\/206a3bda5b607b0c25e1749191e4d837\"},\"headline\":\"Ockuperade l\u00e4genheter hyrdes ut till migranter\",\"datePublished\":\"2020-01-07T23:00:00+00:00\",\"mainEntityOfPage\":{\"@id\":\"https:\\\/\\\/lightweb.dev\\\/l\\\/svm-temp\\\/nyheter\\\/ockuperade-lagenheter-hyrdes-ut-till-migranter\\\/\"},\"wordCount\":308,\"commentCount\":0,\"publisher\":{\"@id\":\"https:\\\/\\\/lightweb.dev\\\/l\\\/svm-temp\\\/#organization\"},\"image\":{\"@id\":\"https:\\\/\\\/lightweb.dev\\\/l\\\/svm-temp\\\/nyheter\\\/ockuperade-lagenheter-hyrdes-ut-till-migranter\\\/#primaryimage\"},\"thumbnailUrl\":\"https:\\\/\\\/lightweb.dev\\\/l\\\/svm-temp\\\/wp-content\\\/uploads\\\/2022\\\/06\\\/ockuperade-lagenheter-hyrdes-ut-till-migranter.png\",\"articleSection\":[\"Arkiv\",\"Nyheter\"],\"inLanguage\":\"sv-SE\"},{\"@type\":\"WebPage\",\"@id\":\"https:\\\/\\\/lightweb.dev\\\/l\\\/svm-temp\\\/nyheter\\\/ockuperade-lagenheter-hyrdes-ut-till-migranter\\\/\",\"url\":\"https:\\\/\\\/lightweb.dev\\\/l\\\/svm-temp\\\/nyheter\\\/ockuperade-lagenheter-hyrdes-ut-till-migranter\\\/\",\"name\":\"Ockuperade l\u00e4genheter hyrdes ut till migranter - Svenska Magasinet\",\"isPartOf\":{\"@id\":\"https:\\\/\\\/lightweb.dev\\\/l\\\/svm-temp\\\/#website\"},\"primaryImageOfPage\":{\"@id\":\"https:\\\/\\\/lightweb.dev\\\/l\\\/svm-temp\\\/nyheter\\\/ockuperade-lagenheter-hyrdes-ut-till-migranter\\\/#primaryimage\"},\"image\":{\"@id\":\"https:\\\/\\\/lightweb.dev\\\/l\\\/svm-temp\\\/nyheter\\\/ockuperade-lagenheter-hyrdes-ut-till-migranter\\\/#primaryimage\"},\"thumbnailUrl\":\"https:\\\/\\\/lightweb.dev\\\/l\\\/svm-temp\\\/wp-content\\\/uploads\\\/2022\\\/06\\\/ockuperade-lagenheter-hyrdes-ut-till-migranter.png\",\"datePublished\":\"2020-01-07T23:00:00+00:00\",\"breadcrumb\":{\"@id\":\"https:\\\/\\\/lightweb.dev\\\/l\\\/svm-temp\\\/nyheter\\\/ockuperade-lagenheter-hyrdes-ut-till-migranter\\\/#breadcrumb\"},\"inLanguage\":\"sv-SE\",\"potentialAction\":[{\"@type\":\"ReadAction\",\"target\":[\"https:\\\/\\\/lightweb.dev\\\/l\\\/svm-temp\\\/nyheter\\\/ockuperade-lagenheter-hyrdes-ut-till-migranter\\\/\"]}]},{\"@type\":\"ImageObject\",\"inLanguage\":\"sv-SE\",\"@id\":\"https:\\\/\\\/lightweb.dev\\\/l\\\/svm-temp\\\/nyheter\\\/ockuperade-lagenheter-hyrdes-ut-till-migranter\\\/#primaryimage\",\"url\":\"https:\\\/\\\/lightweb.dev\\\/l\\\/svm-temp\\\/wp-content\\\/uploads\\\/2022\\\/06\\\/ockuperade-lagenheter-hyrdes-ut-till-migranter.png\",\"contentUrl\":\"https:\\\/\\\/lightweb.dev\\\/l\\\/svm-temp\\\/wp-content\\\/uploads\\\/2022\\\/06\\\/ockuperade-lagenheter-hyrdes-ut-till-migranter.png\",\"width\":700,\"height\":420},{\"@type\":\"BreadcrumbList\",\"@id\":\"https:\\\/\\\/lightweb.dev\\\/l\\\/svm-temp\\\/nyheter\\\/ockuperade-lagenheter-hyrdes-ut-till-migranter\\\/#breadcrumb\",\"itemListElement\":[{\"@type\":\"ListItem\",\"position\":1,\"name\":\"Hem\",\"item\":\"https:\\\/\\\/lightweb.dev\\\/l\\\/svm-temp\\\/\"},{\"@type\":\"ListItem\",\"position\":2,\"name\":\"Ockuperade l\u00e4genheter hyrdes ut till migranter\"}]},{\"@type\":\"WebSite\",\"@id\":\"https:\\\/\\\/lightweb.dev\\\/l\\\/svm-temp\\\/#website\",\"url\":\"https:\\\/\\\/lightweb.dev\\\/l\\\/svm-temp\\\/\",\"name\":\"Svenska Magasinet\",\"description\":\"Dina Spanska nyheter p&aring; Svenska\",\"publisher\":{\"@id\":\"https:\\\/\\\/lightweb.dev\\\/l\\\/svm-temp\\\/#organization\"},\"potentialAction\":[{\"@type\":\"SearchAction\",\"target\":{\"@type\":\"EntryPoint\",\"urlTemplate\":\"https:\\\/\\\/lightweb.dev\\\/l\\\/svm-temp\\\/?s={search_term_string}\"},\"query-input\":{\"@type\":\"PropertyValueSpecification\",\"valueRequired\":true,\"valueName\":\"search_term_string\"}}],\"inLanguage\":\"sv-SE\"},{\"@type\":\"Organization\",\"@id\":\"https:\\\/\\\/lightweb.dev\\\/l\\\/svm-temp\\\/#organization\",\"name\":\"Melkerson y Nott SL\",\"alternateName\":\"Svenska Magasinet\",\"url\":\"https:\\\/\\\/lightweb.dev\\\/l\\\/svm-temp\\\/\",\"logo\":{\"@type\":\"ImageObject\",\"inLanguage\":\"sv-SE\",\"@id\":\"https:\\\/\\\/lightweb.dev\\\/l\\\/svm-temp\\\/#\\\/schema\\\/logo\\\/image\\\/\",\"url\":\"https:\\\/\\\/lightweb.dev\\\/l\\\/svm-temp\\\/wp-content\\\/uploads\\\/2025\\\/02\\\/SvM-logo-Xtra-Centrerad-SVART.png\",\"contentUrl\":\"https:\\\/\\\/lightweb.dev\\\/l\\\/svm-temp\\\/wp-content\\\/uploads\\\/2025\\\/02\\\/SvM-logo-Xtra-Centrerad-SVART.png\",\"width\":300,\"height\":99,\"caption\":\"Melkerson y Nott SL\"},\"image\":{\"@id\":\"https:\\\/\\\/lightweb.dev\\\/l\\\/svm-temp\\\/#\\\/schema\\\/logo\\\/image\\\/\"},\"sameAs\":[\"https:\\\/\\\/www.facebook.com\\\/svenskamagasinet\",\"https:\\\/\\\/x.com\\\/SvenskaMagasine\"]},{\"@type\":\"Person\",\"@id\":\"https:\\\/\\\/lightweb.dev\\\/l\\\/svm-temp\\\/#\\\/schema\\\/person\\\/206a3bda5b607b0c25e1749191e4d837\",\"name\":\"Redaktionen SvM\",\"description\":\"Redaktionen\",\"sameAs\":[\"https:\\\/\\\/lightweb.dev\\\/l\\\/svm-temp\"],\"url\":\"https:\\\/\\\/lightweb.dev\\\/l\\\/svm-temp\\\/reporter\\\/redaktionen\\\/\"}]}<\/script>\n<!-- \/ Yoast SEO Premium plugin. -->","yoast_head_json":{"title":"Ockuperade l\u00e4genheter hyrdes ut till migranter - Svenska Magasinet","robots":{"index":"noindex","follow":"follow","max-snippet":"max-snippet:-1","max-image-preview":"max-image-preview:large","max-video-preview":"max-video-preview:-1"},"og_locale":"sv_SE","og_type":"article","og_title":"Ockuperade l\u00e4genheter hyrdes ut till migranter","og_description":"Den spanska nationalpolisen har gripit tv\u00e5 personer som de misst\u00e4nker ha varit ledare f\u00f6r en kriminell organisation som ockuperade l\u00e4genheter i Mula (Murcia) och sedan hyrde ut dem till invandrare. De gripna \u00e4r en 27-\u00e5rig man och en 40-\u00e5rig kvinna. De utnyttjade det faktum att invandrarna, de flesta nyanl\u00e4nda befann sig i en s\u00e4rskilt utsatt [&hellip;]","og_url":"https:\/\/lightweb.dev\/l\/svm-temp\/nyheter\/ockuperade-lagenheter-hyrdes-ut-till-migranter\/","og_site_name":"Svenska Magasinet","article_publisher":"https:\/\/www.facebook.com\/svenskamagasinet","article_published_time":"2020-01-07T23:00:00+00:00","og_image":[{"width":700,"height":420,"url":"https:\/\/lightweb.dev\/l\/svm-temp\/wp-content\/uploads\/2022\/06\/ockuperade-lagenheter-hyrdes-ut-till-migranter.png","type":"image\/png"}],"author":"Redaktionen SvM","twitter_card":"summary_large_image","twitter_creator":"@SvenskaMagasine","twitter_site":"@SvenskaMagasine","schema":{"@context":"https:\/\/schema.org","@graph":[{"@type":"Article","@id":"https:\/\/lightweb.dev\/l\/svm-temp\/nyheter\/ockuperade-lagenheter-hyrdes-ut-till-migranter\/#article","isPartOf":{"@id":"https:\/\/lightweb.dev\/l\/svm-temp\/nyheter\/ockuperade-lagenheter-hyrdes-ut-till-migranter\/"},"author":{"name":"Redaktionen SvM","@id":"https:\/\/lightweb.dev\/l\/svm-temp\/#\/schema\/person\/206a3bda5b607b0c25e1749191e4d837"},"headline":"Ockuperade l\u00e4genheter hyrdes ut till migranter","datePublished":"2020-01-07T23:00:00+00:00","mainEntityOfPage":{"@id":"https:\/\/lightweb.dev\/l\/svm-temp\/nyheter\/ockuperade-lagenheter-hyrdes-ut-till-migranter\/"},"wordCount":308,"commentCount":0,"publisher":{"@id":"https:\/\/lightweb.dev\/l\/svm-temp\/#organization"},"image":{"@id":"https:\/\/lightweb.dev\/l\/svm-temp\/nyheter\/ockuperade-lagenheter-hyrdes-ut-till-migranter\/#primaryimage"},"thumbnailUrl":"https:\/\/lightweb.dev\/l\/svm-temp\/wp-content\/uploads\/2022\/06\/ockuperade-lagenheter-hyrdes-ut-till-migranter.png","articleSection":["Arkiv","Nyheter"],"inLanguage":"sv-SE"},{"@type":"WebPage","@id":"https:\/\/lightweb.dev\/l\/svm-temp\/nyheter\/ockuperade-lagenheter-hyrdes-ut-till-migranter\/","url":"https:\/\/lightweb.dev\/l\/svm-temp\/nyheter\/ockuperade-lagenheter-hyrdes-ut-till-migranter\/","name":"Ockuperade l\u00e4genheter hyrdes ut till migranter - Svenska Magasinet","isPartOf":{"@id":"https:\/\/lightweb.dev\/l\/svm-temp\/#website"},"primaryImageOfPage":{"@id":"https:\/\/lightweb.dev\/l\/svm-temp\/nyheter\/ockuperade-lagenheter-hyrdes-ut-till-migranter\/#primaryimage"},"image":{"@id":"https:\/\/lightweb.dev\/l\/svm-temp\/nyheter\/ockuperade-lagenheter-hyrdes-ut-till-migranter\/#primaryimage"},"thumbnailUrl":"https:\/\/lightweb.dev\/l\/svm-temp\/wp-content\/uploads\/2022\/06\/ockuperade-lagenheter-hyrdes-ut-till-migranter.png","datePublished":"2020-01-07T23:00:00+00:00","breadcrumb":{"@id":"https:\/\/lightweb.dev\/l\/svm-temp\/nyheter\/ockuperade-lagenheter-hyrdes-ut-till-migranter\/#breadcrumb"},"inLanguage":"sv-SE","potentialAction":[{"@type":"ReadAction","target":["https:\/\/lightweb.dev\/l\/svm-temp\/nyheter\/ockuperade-lagenheter-hyrdes-ut-till-migranter\/"]}]},{"@type":"ImageObject","inLanguage":"sv-SE","@id":"https:\/\/lightweb.dev\/l\/svm-temp\/nyheter\/ockuperade-lagenheter-hyrdes-ut-till-migranter\/#primaryimage","url":"https:\/\/lightweb.dev\/l\/svm-temp\/wp-content\/uploads\/2022\/06\/ockuperade-lagenheter-hyrdes-ut-till-migranter.png","contentUrl":"https:\/\/lightweb.dev\/l\/svm-temp\/wp-content\/uploads\/2022\/06\/ockuperade-lagenheter-hyrdes-ut-till-migranter.png","width":700,"height":420},{"@type":"BreadcrumbList","@id":"https:\/\/lightweb.dev\/l\/svm-temp\/nyheter\/ockuperade-lagenheter-hyrdes-ut-till-migranter\/#breadcrumb","itemListElement":[{"@type":"ListItem","position":1,"name":"Hem","item":"https:\/\/lightweb.dev\/l\/svm-temp\/"},{"@type":"ListItem","position":2,"name":"Ockuperade l\u00e4genheter hyrdes ut till migranter"}]},{"@type":"WebSite","@id":"https:\/\/lightweb.dev\/l\/svm-temp\/#website","url":"https:\/\/lightweb.dev\/l\/svm-temp\/","name":"Svenska Magasinet","description":"Dina Spanska nyheter p&aring; Svenska","publisher":{"@id":"https:\/\/lightweb.dev\/l\/svm-temp\/#organization"},"potentialAction":[{"@type":"SearchAction","target":{"@type":"EntryPoint","urlTemplate":"https:\/\/lightweb.dev\/l\/svm-temp\/?s={search_term_string}"},"query-input":{"@type":"PropertyValueSpecification","valueRequired":true,"valueName":"search_term_string"}}],"inLanguage":"sv-SE"},{"@type":"Organization","@id":"https:\/\/lightweb.dev\/l\/svm-temp\/#organization","name":"Melkerson y Nott SL","alternateName":"Svenska Magasinet","url":"https:\/\/lightweb.dev\/l\/svm-temp\/","logo":{"@type":"ImageObject","inLanguage":"sv-SE","@id":"https:\/\/lightweb.dev\/l\/svm-temp\/#\/schema\/logo\/image\/","url":"https:\/\/lightweb.dev\/l\/svm-temp\/wp-content\/uploads\/2025\/02\/SvM-logo-Xtra-Centrerad-SVART.png","contentUrl":"https:\/\/lightweb.dev\/l\/svm-temp\/wp-content\/uploads\/2025\/02\/SvM-logo-Xtra-Centrerad-SVART.png","width":300,"height":99,"caption":"Melkerson y Nott SL"},"image":{"@id":"https:\/\/lightweb.dev\/l\/svm-temp\/#\/schema\/logo\/image\/"},"sameAs":["https:\/\/www.facebook.com\/svenskamagasinet","https:\/\/x.com\/SvenskaMagasine"]},{"@type":"Person","@id":"https:\/\/lightweb.dev\/l\/svm-temp\/#\/schema\/person\/206a3bda5b607b0c25e1749191e4d837","name":"Redaktionen SvM","description":"Redaktionen","sameAs":["https:\/\/lightweb.dev\/l\/svm-temp"],"url":"https:\/\/lightweb.dev\/l\/svm-temp\/reporter\/redaktionen\/"}]}},"_links":{"self":[{"href":"https:\/\/lightweb.dev\/l\/svm-temp\/wp-json\/wp\/v2\/posts\/14999","targetHints":{"allow":["GET"]}}],"collection":[{"href":"https:\/\/lightweb.dev\/l\/svm-temp\/wp-json\/wp\/v2\/posts"}],"about":[{"href":"https:\/\/lightweb.dev\/l\/svm-temp\/wp-json\/wp\/v2\/types\/post"}],"author":[{"embeddable":true,"href":"https:\/\/lightweb.dev\/l\/svm-temp\/wp-json\/wp\/v2\/users\/8"}],"replies":[{"embeddable":true,"href":"https:\/\/lightweb.dev\/l\/svm-temp\/wp-json\/wp\/v2\/comments?post=14999"}],"version-history":[{"count":0,"href":"https:\/\/lightweb.dev\/l\/svm-temp\/wp-json\/wp\/v2\/posts\/14999\/revisions"}],"wp:featuredmedia":[{"embeddable":true,"href":"https:\/\/lightweb.dev\/l\/svm-temp\/wp-json\/wp\/v2\/media\/15000"}],"wp:attachment":[{"href":"https:\/\/lightweb.dev\/l\/svm-temp\/wp-json\/wp\/v2\/media?parent=14999"}],"wp:term":[{"taxonomy":"category","embeddable":true,"href":"https:\/\/lightweb.dev\/l\/svm-temp\/wp-json\/wp\/v2\/categories?post=14999"},{"taxonomy":"post_tag","embeddable":true,"href":"https:\/\/lightweb.dev\/l\/svm-temp\/wp-json\/wp\/v2\/tags?post=14999"}],"curies":[{"name":"wp","href":"https:\/\/api.w.org\/{rel}","templated":true}]}}