{"id":15001,"date":"2020-01-08T00:00:00","date_gmt":"2020-01-07T23:00:00","guid":{"rendered":"https:\/\/lightweb.dev\/l\/svm-temp\/nyheter\/juan-carlos-aldsta-syster-dona-pilar-har-avlidit\/"},"modified":"2020-01-08T00:00:00","modified_gmt":"2020-01-07T23:00:00","slug":"juan-carlos-aldsta-syster-dona-pilar-har-avlidit","status":"publish","type":"post","link":"https:\/\/lightweb.dev\/l\/svm-temp\/nyheter\/juan-carlos-aldsta-syster-dona-pilar-har-avlidit\/","title":{"rendered":"Juan Carlos \u00e4ldsta syster Do\u00f1a Pilar har avlidit"},"content":{"rendered":"<p> Do\u00f1a Pilar de Borb\u00f3n y Borb\u00f3n, prinsessa av Spanien, storasyster till exkung Juan Carlos I och faster till nuvarande kungen Felipe VI, avled p\u00e5 onsdagen p\u00e5 sjukhuset Cl\u00ednica Ruber Internacional i Madrid. Do\u00f1a Pilar som var mycket omtyckt och folkk\u00e4r blev 83 \u00e5r. Juan Carlos och Do\u00f1a Sof\u00eda samt systern Do\u00f1a Margarita fanns vid hennes sida n\u00e4r hon somnade in.<\/p>\n<p>Spaniens regeringschef Pedro Sanch\u00e9z skriver p\u00e5 Twitter:<br \/>\n&#8221;Mina och regeringens kondoleanser g\u00e5r till till kung Felipe VI, till hans far Don Juan Carlos och till hela kungafamiljen efter Do\u00f1a Pilar de Borb\u00f3ns bortg\u00e5ng. Vi delar er sorg&#8221;.<\/p>\n<p>Pilar de Borb\u00f3n avled i kolorektalcancer. Hon opererades i februari ifjol och genomgick kemoterapi. I september m\u00e5nad blev hon inlagd p\u00e5 ett sjukhus p\u00e5 Mallorca efter att hennes v\u00e4rden pl\u00f6tsligt f\u00f6rs\u00e4mrades. Efter n\u00e5gra dagar l\u00e4mnade hon sjukhuset i rullstol. I s\u00f6ndags togs hon in p\u00e5 sjukhuset Ruber Internacional efter att hennes tillst\u00e5nd f\u00f6rs\u00e4mrats.<\/p>\n<p>Do\u00f1a Pilar var omtyckt av gemene man i Spanien f\u00f6r sitt enkla s\u00e4tt och f\u00f6r att alltid finnas bland folket. Hon bes\u00f6kte regelbundet marknaden Rastrillo i Madrid. Pilar var \u00e4ven en av initiativtagarna med att samla in pengar till ONG Nuevo Futuro, f\u00f6r heml\u00f6sa barn.<\/p>\n<p>Pilar f\u00f6ddes i exil i franska Cannes den 30 juli 1936 vid inledningen p\u00e5 spanska inb\u00f6rdeskriget. Hon l\u00e4rde att \u00e4lska sitt land p\u00e5 avst\u00e5nd och v\u00e4xte upp, precis som sin lillasyster Margarita, i Estoril (Portugal).<\/p>\n<p>Vid 21 \u00e5rs \u00e5lder bes\u00f6kte hon Spanien f\u00f6r f\u00f6rsta g\u00e5ngen n\u00e4r hon reste till Sevilla f\u00f6r att n\u00e4rvara vid sin mormor Do\u00f1a Luisa de Orleans begravning. Vid 23 \u00e5rs \u00e5lder f\u00f6ljde hon med sin lillebror Juan Carlos n\u00e4r denne skulle in vid milit\u00e4rakademin i Zaragoza.<\/p>\n<p>Om Spanien hade haft kvinnlig tronf\u00f6ljd skulle Do\u00f1a Pilar ha blivit drottning av Spanien. Pilar var alltid tydlig med sin st\u00e4llning: \u201dRedan fr\u00e5n unga \u00e5r s\u00e5 visste jag att min uppgift var att st\u00f6dja min bror\u201d.<\/p>\n<p>Do\u00f1a Pilar var utbildad sjuksk\u00f6terska och i samband med en t\u00e5golycka n\u00e4ra Lissabon med 50 d\u00f6dade och m\u00e5nga skadade fanns hon p\u00e5 plats f\u00f6r att hj\u00e4lpa till.<\/p>\n<p>Vid 31 \u00e5rs \u00e5lder gifte hon sig med Luis G\u00f3mez-Acebo y Duque de Estrada. Tillsammans fick de fem barn: Simoneta (1968), Juan, (1969), Bruno (1971), Beltr\u00e1n (1973) och Fernando (1974). Hon blev \u00e4nka 1991 d\u00e5 hennes man avled i lymfcancer.<\/p>\n<p>I en intervju i dagstidningen ABC sa Do\u00f1a Pilar nyligen:<br \/>\n\u201dJag har blivit gammal, men jag vet inte hur l\u00e4nge det p\u00e5g\u00e5r\u201d.<\/p>\n<p>Do\u00f1a Pilar som hade titeln, hertiginna, Duquesa de Badajoz, avled p\u00e5 onsdagen vid 83 \u00e5rs \u00e5lder av cancer.<\/p>\n","protected":false},"excerpt":{"rendered":"<p>Do\u00f1a Pilar de Borb\u00f3n y Borb\u00f3n, prinsessa av Spanien, storasyster till exkung Juan Carlos I och faster till nuvarande kungen Felipe VI, avled p\u00e5 onsdagen p\u00e5 sjukhuset Cl\u00ednica Ruber Internacional i Madrid. Do\u00f1a Pilar som var mycket omtyckt och folkk\u00e4r blev 83 \u00e5r. Juan Carlos och Do\u00f1a Sof\u00eda samt systern Do\u00f1a Margarita fanns vid hennes [&hellip;]<\/p>\n","protected":false},"author":8,"featured_media":15002,"comment_status":"open","ping_status":"open","sticky":false,"template":"","format":"standard","meta":{"_et_pb_use_builder":"","_et_pb_old_content":"","_et_gb_content_width":"","footnotes":""},"categories":[395,3],"tags":[],"class_list":["post-15001","post","type-post","status-publish","format-standard","has-post-thumbnail","hentry","category-arkiv-nyheter","category-nyheter"],"yoast_head":"<!-- This site is optimized with the Yoast SEO Premium plugin v26.2 (Yoast SEO v27.4) - https:\/\/yoast.com\/product\/yoast-seo-premium-wordpress\/ -->\n<title>Juan Carlos \u00e4ldsta syster Do\u00f1a Pilar har avlidit - Svenska Magasinet<\/title>\n<meta name=\"robots\" content=\"noindex, follow, max-snippet:-1, max-image-preview:large, max-video-preview:-1\" \/>\n<meta property=\"og:locale\" content=\"sv_SE\" \/>\n<meta property=\"og:type\" content=\"article\" \/>\n<meta property=\"og:title\" content=\"Juan Carlos \u00e4ldsta syster Do\u00f1a Pilar har avlidit\" \/>\n<meta property=\"og:description\" content=\"Do\u00f1a Pilar de Borb\u00f3n y Borb\u00f3n, prinsessa av Spanien, storasyster till exkung Juan Carlos I och faster till nuvarande kungen Felipe VI, avled p\u00e5 onsdagen p\u00e5 sjukhuset Cl\u00ednica Ruber Internacional i Madrid. Do\u00f1a Pilar som var mycket omtyckt och folkk\u00e4r blev 83 \u00e5r. Juan Carlos och Do\u00f1a Sof\u00eda samt systern Do\u00f1a Margarita fanns vid hennes [&hellip;]\" \/>\n<meta property=\"og:url\" content=\"https:\/\/lightweb.dev\/l\/svm-temp\/nyheter\/juan-carlos-aldsta-syster-dona-pilar-har-avlidit\/\" \/>\n<meta property=\"og:site_name\" content=\"Svenska Magasinet\" \/>\n<meta property=\"article:publisher\" content=\"https:\/\/www.facebook.com\/svenskamagasinet\" \/>\n<meta property=\"article:published_time\" content=\"2020-01-07T23:00:00+00:00\" \/>\n<meta property=\"og:image\" content=\"https:\/\/lightweb.dev\/l\/svm-temp\/wp-content\/uploads\/2022\/06\/juan-carlos-aldsta-syster-doa-pilar-har-avlidit.png\" \/>\n\t<meta property=\"og:image:width\" content=\"700\" \/>\n\t<meta property=\"og:image:height\" content=\"420\" \/>\n\t<meta property=\"og:image:type\" content=\"image\/png\" \/>\n<meta name=\"author\" content=\"Redaktionen SvM\" \/>\n<meta name=\"twitter:card\" content=\"summary_large_image\" \/>\n<meta name=\"twitter:creator\" content=\"@SvenskaMagasine\" \/>\n<meta name=\"twitter:site\" content=\"@SvenskaMagasine\" \/>\n<script type=\"application\/ld+json\" class=\"yoast-schema-graph\">{\"@context\":\"https:\\\/\\\/schema.org\",\"@graph\":[{\"@type\":\"Article\",\"@id\":\"https:\\\/\\\/lightweb.dev\\\/l\\\/svm-temp\\\/nyheter\\\/juan-carlos-aldsta-syster-dona-pilar-har-avlidit\\\/#article\",\"isPartOf\":{\"@id\":\"https:\\\/\\\/lightweb.dev\\\/l\\\/svm-temp\\\/nyheter\\\/juan-carlos-aldsta-syster-dona-pilar-har-avlidit\\\/\"},\"author\":{\"name\":\"Redaktionen SvM\",\"@id\":\"https:\\\/\\\/lightweb.dev\\\/l\\\/svm-temp\\\/#\\\/schema\\\/person\\\/206a3bda5b607b0c25e1749191e4d837\"},\"headline\":\"Juan Carlos \u00e4ldsta syster Do\u00f1a Pilar har avlidit\",\"datePublished\":\"2020-01-07T23:00:00+00:00\",\"mainEntityOfPage\":{\"@id\":\"https:\\\/\\\/lightweb.dev\\\/l\\\/svm-temp\\\/nyheter\\\/juan-carlos-aldsta-syster-dona-pilar-har-avlidit\\\/\"},\"wordCount\":483,\"commentCount\":0,\"publisher\":{\"@id\":\"https:\\\/\\\/lightweb.dev\\\/l\\\/svm-temp\\\/#organization\"},\"image\":{\"@id\":\"https:\\\/\\\/lightweb.dev\\\/l\\\/svm-temp\\\/nyheter\\\/juan-carlos-aldsta-syster-dona-pilar-har-avlidit\\\/#primaryimage\"},\"thumbnailUrl\":\"https:\\\/\\\/lightweb.dev\\\/l\\\/svm-temp\\\/wp-content\\\/uploads\\\/2022\\\/06\\\/juan-carlos-aldsta-syster-doa-pilar-har-avlidit.png\",\"articleSection\":[\"Arkiv\",\"Nyheter\"],\"inLanguage\":\"sv-SE\"},{\"@type\":\"WebPage\",\"@id\":\"https:\\\/\\\/lightweb.dev\\\/l\\\/svm-temp\\\/nyheter\\\/juan-carlos-aldsta-syster-dona-pilar-har-avlidit\\\/\",\"url\":\"https:\\\/\\\/lightweb.dev\\\/l\\\/svm-temp\\\/nyheter\\\/juan-carlos-aldsta-syster-dona-pilar-har-avlidit\\\/\",\"name\":\"Juan Carlos \u00e4ldsta syster Do\u00f1a Pilar har avlidit - Svenska Magasinet\",\"isPartOf\":{\"@id\":\"https:\\\/\\\/lightweb.dev\\\/l\\\/svm-temp\\\/#website\"},\"primaryImageOfPage\":{\"@id\":\"https:\\\/\\\/lightweb.dev\\\/l\\\/svm-temp\\\/nyheter\\\/juan-carlos-aldsta-syster-dona-pilar-har-avlidit\\\/#primaryimage\"},\"image\":{\"@id\":\"https:\\\/\\\/lightweb.dev\\\/l\\\/svm-temp\\\/nyheter\\\/juan-carlos-aldsta-syster-dona-pilar-har-avlidit\\\/#primaryimage\"},\"thumbnailUrl\":\"https:\\\/\\\/lightweb.dev\\\/l\\\/svm-temp\\\/wp-content\\\/uploads\\\/2022\\\/06\\\/juan-carlos-aldsta-syster-doa-pilar-har-avlidit.png\",\"datePublished\":\"2020-01-07T23:00:00+00:00\",\"breadcrumb\":{\"@id\":\"https:\\\/\\\/lightweb.dev\\\/l\\\/svm-temp\\\/nyheter\\\/juan-carlos-aldsta-syster-dona-pilar-har-avlidit\\\/#breadcrumb\"},\"inLanguage\":\"sv-SE\",\"potentialAction\":[{\"@type\":\"ReadAction\",\"target\":[\"https:\\\/\\\/lightweb.dev\\\/l\\\/svm-temp\\\/nyheter\\\/juan-carlos-aldsta-syster-dona-pilar-har-avlidit\\\/\"]}]},{\"@type\":\"ImageObject\",\"inLanguage\":\"sv-SE\",\"@id\":\"https:\\\/\\\/lightweb.dev\\\/l\\\/svm-temp\\\/nyheter\\\/juan-carlos-aldsta-syster-dona-pilar-har-avlidit\\\/#primaryimage\",\"url\":\"https:\\\/\\\/lightweb.dev\\\/l\\\/svm-temp\\\/wp-content\\\/uploads\\\/2022\\\/06\\\/juan-carlos-aldsta-syster-doa-pilar-har-avlidit.png\",\"contentUrl\":\"https:\\\/\\\/lightweb.dev\\\/l\\\/svm-temp\\\/wp-content\\\/uploads\\\/2022\\\/06\\\/juan-carlos-aldsta-syster-doa-pilar-har-avlidit.png\",\"width\":700,\"height\":420},{\"@type\":\"BreadcrumbList\",\"@id\":\"https:\\\/\\\/lightweb.dev\\\/l\\\/svm-temp\\\/nyheter\\\/juan-carlos-aldsta-syster-dona-pilar-har-avlidit\\\/#breadcrumb\",\"itemListElement\":[{\"@type\":\"ListItem\",\"position\":1,\"name\":\"Hem\",\"item\":\"https:\\\/\\\/lightweb.dev\\\/l\\\/svm-temp\\\/\"},{\"@type\":\"ListItem\",\"position\":2,\"name\":\"Juan Carlos \u00e4ldsta syster Do\u00f1a Pilar har avlidit\"}]},{\"@type\":\"WebSite\",\"@id\":\"https:\\\/\\\/lightweb.dev\\\/l\\\/svm-temp\\\/#website\",\"url\":\"https:\\\/\\\/lightweb.dev\\\/l\\\/svm-temp\\\/\",\"name\":\"Svenska Magasinet\",\"description\":\"Dina Spanska nyheter p&aring; Svenska\",\"publisher\":{\"@id\":\"https:\\\/\\\/lightweb.dev\\\/l\\\/svm-temp\\\/#organization\"},\"potentialAction\":[{\"@type\":\"SearchAction\",\"target\":{\"@type\":\"EntryPoint\",\"urlTemplate\":\"https:\\\/\\\/lightweb.dev\\\/l\\\/svm-temp\\\/?s={search_term_string}\"},\"query-input\":{\"@type\":\"PropertyValueSpecification\",\"valueRequired\":true,\"valueName\":\"search_term_string\"}}],\"inLanguage\":\"sv-SE\"},{\"@type\":\"Organization\",\"@id\":\"https:\\\/\\\/lightweb.dev\\\/l\\\/svm-temp\\\/#organization\",\"name\":\"Melkerson y Nott SL\",\"alternateName\":\"Svenska Magasinet\",\"url\":\"https:\\\/\\\/lightweb.dev\\\/l\\\/svm-temp\\\/\",\"logo\":{\"@type\":\"ImageObject\",\"inLanguage\":\"sv-SE\",\"@id\":\"https:\\\/\\\/lightweb.dev\\\/l\\\/svm-temp\\\/#\\\/schema\\\/logo\\\/image\\\/\",\"url\":\"https:\\\/\\\/lightweb.dev\\\/l\\\/svm-temp\\\/wp-content\\\/uploads\\\/2025\\\/02\\\/SvM-logo-Xtra-Centrerad-SVART.png\",\"contentUrl\":\"https:\\\/\\\/lightweb.dev\\\/l\\\/svm-temp\\\/wp-content\\\/uploads\\\/2025\\\/02\\\/SvM-logo-Xtra-Centrerad-SVART.png\",\"width\":300,\"height\":99,\"caption\":\"Melkerson y Nott SL\"},\"image\":{\"@id\":\"https:\\\/\\\/lightweb.dev\\\/l\\\/svm-temp\\\/#\\\/schema\\\/logo\\\/image\\\/\"},\"sameAs\":[\"https:\\\/\\\/www.facebook.com\\\/svenskamagasinet\",\"https:\\\/\\\/x.com\\\/SvenskaMagasine\"]},{\"@type\":\"Person\",\"@id\":\"https:\\\/\\\/lightweb.dev\\\/l\\\/svm-temp\\\/#\\\/schema\\\/person\\\/206a3bda5b607b0c25e1749191e4d837\",\"name\":\"Redaktionen SvM\",\"description\":\"Redaktionen\",\"sameAs\":[\"https:\\\/\\\/lightweb.dev\\\/l\\\/svm-temp\"],\"url\":\"https:\\\/\\\/lightweb.dev\\\/l\\\/svm-temp\\\/reporter\\\/redaktionen\\\/\"}]}<\/script>\n<!-- \/ Yoast SEO Premium plugin. -->","yoast_head_json":{"title":"Juan Carlos \u00e4ldsta syster Do\u00f1a Pilar har avlidit - Svenska Magasinet","robots":{"index":"noindex","follow":"follow","max-snippet":"max-snippet:-1","max-image-preview":"max-image-preview:large","max-video-preview":"max-video-preview:-1"},"og_locale":"sv_SE","og_type":"article","og_title":"Juan Carlos \u00e4ldsta syster Do\u00f1a Pilar har avlidit","og_description":"Do\u00f1a Pilar de Borb\u00f3n y Borb\u00f3n, prinsessa av Spanien, storasyster till exkung Juan Carlos I och faster till nuvarande kungen Felipe VI, avled p\u00e5 onsdagen p\u00e5 sjukhuset Cl\u00ednica Ruber Internacional i Madrid. Do\u00f1a Pilar som var mycket omtyckt och folkk\u00e4r blev 83 \u00e5r. Juan Carlos och Do\u00f1a Sof\u00eda samt systern Do\u00f1a Margarita fanns vid hennes [&hellip;]","og_url":"https:\/\/lightweb.dev\/l\/svm-temp\/nyheter\/juan-carlos-aldsta-syster-dona-pilar-har-avlidit\/","og_site_name":"Svenska Magasinet","article_publisher":"https:\/\/www.facebook.com\/svenskamagasinet","article_published_time":"2020-01-07T23:00:00+00:00","og_image":[{"width":700,"height":420,"url":"https:\/\/lightweb.dev\/l\/svm-temp\/wp-content\/uploads\/2022\/06\/juan-carlos-aldsta-syster-doa-pilar-har-avlidit.png","type":"image\/png"}],"author":"Redaktionen SvM","twitter_card":"summary_large_image","twitter_creator":"@SvenskaMagasine","twitter_site":"@SvenskaMagasine","schema":{"@context":"https:\/\/schema.org","@graph":[{"@type":"Article","@id":"https:\/\/lightweb.dev\/l\/svm-temp\/nyheter\/juan-carlos-aldsta-syster-dona-pilar-har-avlidit\/#article","isPartOf":{"@id":"https:\/\/lightweb.dev\/l\/svm-temp\/nyheter\/juan-carlos-aldsta-syster-dona-pilar-har-avlidit\/"},"author":{"name":"Redaktionen SvM","@id":"https:\/\/lightweb.dev\/l\/svm-temp\/#\/schema\/person\/206a3bda5b607b0c25e1749191e4d837"},"headline":"Juan Carlos \u00e4ldsta syster Do\u00f1a Pilar har avlidit","datePublished":"2020-01-07T23:00:00+00:00","mainEntityOfPage":{"@id":"https:\/\/lightweb.dev\/l\/svm-temp\/nyheter\/juan-carlos-aldsta-syster-dona-pilar-har-avlidit\/"},"wordCount":483,"commentCount":0,"publisher":{"@id":"https:\/\/lightweb.dev\/l\/svm-temp\/#organization"},"image":{"@id":"https:\/\/lightweb.dev\/l\/svm-temp\/nyheter\/juan-carlos-aldsta-syster-dona-pilar-har-avlidit\/#primaryimage"},"thumbnailUrl":"https:\/\/lightweb.dev\/l\/svm-temp\/wp-content\/uploads\/2022\/06\/juan-carlos-aldsta-syster-doa-pilar-har-avlidit.png","articleSection":["Arkiv","Nyheter"],"inLanguage":"sv-SE"},{"@type":"WebPage","@id":"https:\/\/lightweb.dev\/l\/svm-temp\/nyheter\/juan-carlos-aldsta-syster-dona-pilar-har-avlidit\/","url":"https:\/\/lightweb.dev\/l\/svm-temp\/nyheter\/juan-carlos-aldsta-syster-dona-pilar-har-avlidit\/","name":"Juan Carlos \u00e4ldsta syster Do\u00f1a Pilar har avlidit - Svenska Magasinet","isPartOf":{"@id":"https:\/\/lightweb.dev\/l\/svm-temp\/#website"},"primaryImageOfPage":{"@id":"https:\/\/lightweb.dev\/l\/svm-temp\/nyheter\/juan-carlos-aldsta-syster-dona-pilar-har-avlidit\/#primaryimage"},"image":{"@id":"https:\/\/lightweb.dev\/l\/svm-temp\/nyheter\/juan-carlos-aldsta-syster-dona-pilar-har-avlidit\/#primaryimage"},"thumbnailUrl":"https:\/\/lightweb.dev\/l\/svm-temp\/wp-content\/uploads\/2022\/06\/juan-carlos-aldsta-syster-doa-pilar-har-avlidit.png","datePublished":"2020-01-07T23:00:00+00:00","breadcrumb":{"@id":"https:\/\/lightweb.dev\/l\/svm-temp\/nyheter\/juan-carlos-aldsta-syster-dona-pilar-har-avlidit\/#breadcrumb"},"inLanguage":"sv-SE","potentialAction":[{"@type":"ReadAction","target":["https:\/\/lightweb.dev\/l\/svm-temp\/nyheter\/juan-carlos-aldsta-syster-dona-pilar-har-avlidit\/"]}]},{"@type":"ImageObject","inLanguage":"sv-SE","@id":"https:\/\/lightweb.dev\/l\/svm-temp\/nyheter\/juan-carlos-aldsta-syster-dona-pilar-har-avlidit\/#primaryimage","url":"https:\/\/lightweb.dev\/l\/svm-temp\/wp-content\/uploads\/2022\/06\/juan-carlos-aldsta-syster-doa-pilar-har-avlidit.png","contentUrl":"https:\/\/lightweb.dev\/l\/svm-temp\/wp-content\/uploads\/2022\/06\/juan-carlos-aldsta-syster-doa-pilar-har-avlidit.png","width":700,"height":420},{"@type":"BreadcrumbList","@id":"https:\/\/lightweb.dev\/l\/svm-temp\/nyheter\/juan-carlos-aldsta-syster-dona-pilar-har-avlidit\/#breadcrumb","itemListElement":[{"@type":"ListItem","position":1,"name":"Hem","item":"https:\/\/lightweb.dev\/l\/svm-temp\/"},{"@type":"ListItem","position":2,"name":"Juan Carlos \u00e4ldsta syster Do\u00f1a Pilar har avlidit"}]},{"@type":"WebSite","@id":"https:\/\/lightweb.dev\/l\/svm-temp\/#website","url":"https:\/\/lightweb.dev\/l\/svm-temp\/","name":"Svenska Magasinet","description":"Dina Spanska nyheter p&aring; Svenska","publisher":{"@id":"https:\/\/lightweb.dev\/l\/svm-temp\/#organization"},"potentialAction":[{"@type":"SearchAction","target":{"@type":"EntryPoint","urlTemplate":"https:\/\/lightweb.dev\/l\/svm-temp\/?s={search_term_string}"},"query-input":{"@type":"PropertyValueSpecification","valueRequired":true,"valueName":"search_term_string"}}],"inLanguage":"sv-SE"},{"@type":"Organization","@id":"https:\/\/lightweb.dev\/l\/svm-temp\/#organization","name":"Melkerson y Nott SL","alternateName":"Svenska Magasinet","url":"https:\/\/lightweb.dev\/l\/svm-temp\/","logo":{"@type":"ImageObject","inLanguage":"sv-SE","@id":"https:\/\/lightweb.dev\/l\/svm-temp\/#\/schema\/logo\/image\/","url":"https:\/\/lightweb.dev\/l\/svm-temp\/wp-content\/uploads\/2025\/02\/SvM-logo-Xtra-Centrerad-SVART.png","contentUrl":"https:\/\/lightweb.dev\/l\/svm-temp\/wp-content\/uploads\/2025\/02\/SvM-logo-Xtra-Centrerad-SVART.png","width":300,"height":99,"caption":"Melkerson y Nott SL"},"image":{"@id":"https:\/\/lightweb.dev\/l\/svm-temp\/#\/schema\/logo\/image\/"},"sameAs":["https:\/\/www.facebook.com\/svenskamagasinet","https:\/\/x.com\/SvenskaMagasine"]},{"@type":"Person","@id":"https:\/\/lightweb.dev\/l\/svm-temp\/#\/schema\/person\/206a3bda5b607b0c25e1749191e4d837","name":"Redaktionen SvM","description":"Redaktionen","sameAs":["https:\/\/lightweb.dev\/l\/svm-temp"],"url":"https:\/\/lightweb.dev\/l\/svm-temp\/reporter\/redaktionen\/"}]}},"_links":{"self":[{"href":"https:\/\/lightweb.dev\/l\/svm-temp\/wp-json\/wp\/v2\/posts\/15001","targetHints":{"allow":["GET"]}}],"collection":[{"href":"https:\/\/lightweb.dev\/l\/svm-temp\/wp-json\/wp\/v2\/posts"}],"about":[{"href":"https:\/\/lightweb.dev\/l\/svm-temp\/wp-json\/wp\/v2\/types\/post"}],"author":[{"embeddable":true,"href":"https:\/\/lightweb.dev\/l\/svm-temp\/wp-json\/wp\/v2\/users\/8"}],"replies":[{"embeddable":true,"href":"https:\/\/lightweb.dev\/l\/svm-temp\/wp-json\/wp\/v2\/comments?post=15001"}],"version-history":[{"count":0,"href":"https:\/\/lightweb.dev\/l\/svm-temp\/wp-json\/wp\/v2\/posts\/15001\/revisions"}],"wp:featuredmedia":[{"embeddable":true,"href":"https:\/\/lightweb.dev\/l\/svm-temp\/wp-json\/wp\/v2\/media\/15002"}],"wp:attachment":[{"href":"https:\/\/lightweb.dev\/l\/svm-temp\/wp-json\/wp\/v2\/media?parent=15001"}],"wp:term":[{"taxonomy":"category","embeddable":true,"href":"https:\/\/lightweb.dev\/l\/svm-temp\/wp-json\/wp\/v2\/categories?post=15001"},{"taxonomy":"post_tag","embeddable":true,"href":"https:\/\/lightweb.dev\/l\/svm-temp\/wp-json\/wp\/v2\/tags?post=15001"}],"curies":[{"name":"wp","href":"https:\/\/api.w.org\/{rel}","templated":true}]}}