{"id":15007,"date":"2020-01-07T00:00:00","date_gmt":"2020-01-06T23:00:00","guid":{"rendered":"https:\/\/lightweb.dev\/l\/svm-temp\/nyheter\/medelhavsregionens-vackraste-olivtrad-vaxer-i-spanien\/"},"modified":"2020-01-07T00:00:00","modified_gmt":"2020-01-06T23:00:00","slug":"medelhavsregionens-vackraste-olivtrad-vaxer-i-spanien","status":"publish","type":"post","link":"https:\/\/lightweb.dev\/l\/svm-temp\/nyheter\/medelhavsregionens-vackraste-olivtrad-vaxer-i-spanien\/","title":{"rendered":"Medelhavsregionens vackraste olivtr\u00e4d v\u00e4xer i Spanien"},"content":{"rendered":"<p> Nu \u00e4r det avgjort. Var det vackraste olivtr\u00e4det v\u00e4xer i Medelhavsregionen. Totalt tolv kandidater fr\u00e5n Spanien, Italien, Libanon, Tunisien, Montenegro och Turkiet hade kvalificerat sig till den f\u00f6rsta upplagan av Concurso del Mejor Olivo Monumental del Mediterr\u00e1neo.<\/p>\n<p>Olivtr\u00e4det \u201dEl olivo de Sinfo\u201dhittar du i Traiguera (Castell\u00f3n) mellan Valencia och Barcelona. Det anses vara Medelhavsregionens vackraste. Olivtr\u00e4det \u00e4r k\u00e4nnetecknande f\u00f6r Medelhavsomr\u00e5det. Genom \u00e4toliver och olja s\u00e5 ing\u00e5r det \u00e4ven bland baslivsmedlen.<\/p>\n<p>Att vinnaren heter \u201dEl olivo de Sinfo\u201d kommer fr\u00e5n namnet Sinforosa som var mormor till \u00e4garen, Jos\u00e9 Manuel Alemany, av marken d\u00e4r tr\u00e4det st\u00e5r.<\/p>\n<p>Juryn bestods av specialister fr\u00e5n de deltagande l\u00e4nderna. Tr\u00e4dets livsl\u00e4ngd, storlek, dess spektakul\u00e4ra bild som framtr\u00e4der i sin storlek och robusthet i ensamt majest\u00e4t ligger bakom kriterierna f\u00f6r att v\u00e4ljas till det vackraste olivtr\u00e4det.<\/p>\n<p>Enligt experter vid den spanska sammanslutningen Aemo (Asociaci\u00f3n Espa\u00f1ola de municipios del Olivo) \u00e4r tr\u00e4det som vann cirka tv\u00e5 tusen \u00e5r gammalt och st\u00e5r utmed den gamla romerska f\u00e4rdv\u00e4gen V\u00eda Augusta. Tr\u00e4det har d\u00e4rmed sett m\u00e5nga kapitel i v\u00e5r historia.<\/p>\n<p>\u00c4garen Jos\u00e9 Manuel Alemany s\u00e4ger till spanska medier att han tar hand om tr\u00e4det med mycket k\u00e4rlek och att det blir hans tv\u00e5 d\u00f6ttrar som f\u00e5r \u00e4rva det. 4.000 liter vatten om \u00e5ret h\u00e5ller det frodigt.<\/p>\n<p>(Foto: Aemo)<\/p>\n","protected":false},"excerpt":{"rendered":"<p>Nu \u00e4r det avgjort. Var det vackraste olivtr\u00e4det v\u00e4xer i Medelhavsregionen. Totalt tolv kandidater fr\u00e5n Spanien, Italien, Libanon, Tunisien, Montenegro och Turkiet hade kvalificerat sig till den f\u00f6rsta upplagan av Concurso del Mejor Olivo Monumental del Mediterr\u00e1neo. Olivtr\u00e4det \u201dEl olivo de Sinfo\u201dhittar du i Traiguera (Castell\u00f3n) mellan Valencia och Barcelona. Det anses vara Medelhavsregionens vackraste. [&hellip;]<\/p>\n","protected":false},"author":8,"featured_media":15008,"comment_status":"open","ping_status":"open","sticky":false,"template":"","format":"standard","meta":{"_et_pb_use_builder":"","_et_pb_old_content":"","_et_gb_content_width":"","footnotes":""},"categories":[395,3],"tags":[],"class_list":["post-15007","post","type-post","status-publish","format-standard","has-post-thumbnail","hentry","category-arkiv-nyheter","category-nyheter"],"yoast_head":"<!-- This site is optimized with the Yoast SEO Premium plugin v26.2 (Yoast SEO v27.4) - https:\/\/yoast.com\/product\/yoast-seo-premium-wordpress\/ -->\n<title>Medelhavsregionens vackraste olivtr\u00e4d v\u00e4xer i Spanien - Svenska Magasinet<\/title>\n<meta name=\"robots\" content=\"noindex, follow, max-snippet:-1, max-image-preview:large, max-video-preview:-1\" \/>\n<meta property=\"og:locale\" content=\"sv_SE\" \/>\n<meta property=\"og:type\" content=\"article\" \/>\n<meta property=\"og:title\" content=\"Medelhavsregionens vackraste olivtr\u00e4d v\u00e4xer i Spanien\" \/>\n<meta property=\"og:description\" content=\"Nu \u00e4r det avgjort. Var det vackraste olivtr\u00e4det v\u00e4xer i Medelhavsregionen. Totalt tolv kandidater fr\u00e5n Spanien, Italien, Libanon, Tunisien, Montenegro och Turkiet hade kvalificerat sig till den f\u00f6rsta upplagan av Concurso del Mejor Olivo Monumental del Mediterr\u00e1neo. Olivtr\u00e4det \u201dEl olivo de Sinfo\u201dhittar du i Traiguera (Castell\u00f3n) mellan Valencia och Barcelona. Det anses vara Medelhavsregionens vackraste. [&hellip;]\" \/>\n<meta property=\"og:url\" content=\"https:\/\/lightweb.dev\/l\/svm-temp\/nyheter\/medelhavsregionens-vackraste-olivtrad-vaxer-i-spanien\/\" \/>\n<meta property=\"og:site_name\" content=\"Svenska Magasinet\" \/>\n<meta property=\"article:publisher\" content=\"https:\/\/www.facebook.com\/svenskamagasinet\" \/>\n<meta property=\"article:published_time\" content=\"2020-01-06T23:00:00+00:00\" \/>\n<meta property=\"og:image\" content=\"https:\/\/lightweb.dev\/l\/svm-temp\/wp-content\/uploads\/2022\/06\/medelhavsregionens-vackraste-olivtrad-vaxer-i-spanien.png\" \/>\n\t<meta property=\"og:image:width\" content=\"700\" \/>\n\t<meta property=\"og:image:height\" content=\"420\" \/>\n\t<meta property=\"og:image:type\" content=\"image\/png\" \/>\n<meta name=\"author\" content=\"Redaktionen SvM\" \/>\n<meta name=\"twitter:card\" content=\"summary_large_image\" \/>\n<meta name=\"twitter:creator\" content=\"@SvenskaMagasine\" \/>\n<meta name=\"twitter:site\" content=\"@SvenskaMagasine\" \/>\n<script type=\"application\/ld+json\" class=\"yoast-schema-graph\">{\"@context\":\"https:\\\/\\\/schema.org\",\"@graph\":[{\"@type\":\"Article\",\"@id\":\"https:\\\/\\\/lightweb.dev\\\/l\\\/svm-temp\\\/nyheter\\\/medelhavsregionens-vackraste-olivtrad-vaxer-i-spanien\\\/#article\",\"isPartOf\":{\"@id\":\"https:\\\/\\\/lightweb.dev\\\/l\\\/svm-temp\\\/nyheter\\\/medelhavsregionens-vackraste-olivtrad-vaxer-i-spanien\\\/\"},\"author\":{\"name\":\"Redaktionen SvM\",\"@id\":\"https:\\\/\\\/lightweb.dev\\\/l\\\/svm-temp\\\/#\\\/schema\\\/person\\\/206a3bda5b607b0c25e1749191e4d837\"},\"headline\":\"Medelhavsregionens vackraste olivtr\u00e4d v\u00e4xer i Spanien\",\"datePublished\":\"2020-01-06T23:00:00+00:00\",\"mainEntityOfPage\":{\"@id\":\"https:\\\/\\\/lightweb.dev\\\/l\\\/svm-temp\\\/nyheter\\\/medelhavsregionens-vackraste-olivtrad-vaxer-i-spanien\\\/\"},\"wordCount\":257,\"commentCount\":0,\"publisher\":{\"@id\":\"https:\\\/\\\/lightweb.dev\\\/l\\\/svm-temp\\\/#organization\"},\"image\":{\"@id\":\"https:\\\/\\\/lightweb.dev\\\/l\\\/svm-temp\\\/nyheter\\\/medelhavsregionens-vackraste-olivtrad-vaxer-i-spanien\\\/#primaryimage\"},\"thumbnailUrl\":\"https:\\\/\\\/lightweb.dev\\\/l\\\/svm-temp\\\/wp-content\\\/uploads\\\/2022\\\/06\\\/medelhavsregionens-vackraste-olivtrad-vaxer-i-spanien.png\",\"articleSection\":[\"Arkiv\",\"Nyheter\"],\"inLanguage\":\"sv-SE\"},{\"@type\":\"WebPage\",\"@id\":\"https:\\\/\\\/lightweb.dev\\\/l\\\/svm-temp\\\/nyheter\\\/medelhavsregionens-vackraste-olivtrad-vaxer-i-spanien\\\/\",\"url\":\"https:\\\/\\\/lightweb.dev\\\/l\\\/svm-temp\\\/nyheter\\\/medelhavsregionens-vackraste-olivtrad-vaxer-i-spanien\\\/\",\"name\":\"Medelhavsregionens vackraste olivtr\u00e4d v\u00e4xer i Spanien - Svenska Magasinet\",\"isPartOf\":{\"@id\":\"https:\\\/\\\/lightweb.dev\\\/l\\\/svm-temp\\\/#website\"},\"primaryImageOfPage\":{\"@id\":\"https:\\\/\\\/lightweb.dev\\\/l\\\/svm-temp\\\/nyheter\\\/medelhavsregionens-vackraste-olivtrad-vaxer-i-spanien\\\/#primaryimage\"},\"image\":{\"@id\":\"https:\\\/\\\/lightweb.dev\\\/l\\\/svm-temp\\\/nyheter\\\/medelhavsregionens-vackraste-olivtrad-vaxer-i-spanien\\\/#primaryimage\"},\"thumbnailUrl\":\"https:\\\/\\\/lightweb.dev\\\/l\\\/svm-temp\\\/wp-content\\\/uploads\\\/2022\\\/06\\\/medelhavsregionens-vackraste-olivtrad-vaxer-i-spanien.png\",\"datePublished\":\"2020-01-06T23:00:00+00:00\",\"breadcrumb\":{\"@id\":\"https:\\\/\\\/lightweb.dev\\\/l\\\/svm-temp\\\/nyheter\\\/medelhavsregionens-vackraste-olivtrad-vaxer-i-spanien\\\/#breadcrumb\"},\"inLanguage\":\"sv-SE\",\"potentialAction\":[{\"@type\":\"ReadAction\",\"target\":[\"https:\\\/\\\/lightweb.dev\\\/l\\\/svm-temp\\\/nyheter\\\/medelhavsregionens-vackraste-olivtrad-vaxer-i-spanien\\\/\"]}]},{\"@type\":\"ImageObject\",\"inLanguage\":\"sv-SE\",\"@id\":\"https:\\\/\\\/lightweb.dev\\\/l\\\/svm-temp\\\/nyheter\\\/medelhavsregionens-vackraste-olivtrad-vaxer-i-spanien\\\/#primaryimage\",\"url\":\"https:\\\/\\\/lightweb.dev\\\/l\\\/svm-temp\\\/wp-content\\\/uploads\\\/2022\\\/06\\\/medelhavsregionens-vackraste-olivtrad-vaxer-i-spanien.png\",\"contentUrl\":\"https:\\\/\\\/lightweb.dev\\\/l\\\/svm-temp\\\/wp-content\\\/uploads\\\/2022\\\/06\\\/medelhavsregionens-vackraste-olivtrad-vaxer-i-spanien.png\",\"width\":700,\"height\":420},{\"@type\":\"BreadcrumbList\",\"@id\":\"https:\\\/\\\/lightweb.dev\\\/l\\\/svm-temp\\\/nyheter\\\/medelhavsregionens-vackraste-olivtrad-vaxer-i-spanien\\\/#breadcrumb\",\"itemListElement\":[{\"@type\":\"ListItem\",\"position\":1,\"name\":\"Hem\",\"item\":\"https:\\\/\\\/lightweb.dev\\\/l\\\/svm-temp\\\/\"},{\"@type\":\"ListItem\",\"position\":2,\"name\":\"Medelhavsregionens vackraste olivtr\u00e4d v\u00e4xer i Spanien\"}]},{\"@type\":\"WebSite\",\"@id\":\"https:\\\/\\\/lightweb.dev\\\/l\\\/svm-temp\\\/#website\",\"url\":\"https:\\\/\\\/lightweb.dev\\\/l\\\/svm-temp\\\/\",\"name\":\"Svenska Magasinet\",\"description\":\"Dina Spanska nyheter p&aring; Svenska\",\"publisher\":{\"@id\":\"https:\\\/\\\/lightweb.dev\\\/l\\\/svm-temp\\\/#organization\"},\"potentialAction\":[{\"@type\":\"SearchAction\",\"target\":{\"@type\":\"EntryPoint\",\"urlTemplate\":\"https:\\\/\\\/lightweb.dev\\\/l\\\/svm-temp\\\/?s={search_term_string}\"},\"query-input\":{\"@type\":\"PropertyValueSpecification\",\"valueRequired\":true,\"valueName\":\"search_term_string\"}}],\"inLanguage\":\"sv-SE\"},{\"@type\":\"Organization\",\"@id\":\"https:\\\/\\\/lightweb.dev\\\/l\\\/svm-temp\\\/#organization\",\"name\":\"Melkerson y Nott SL\",\"alternateName\":\"Svenska Magasinet\",\"url\":\"https:\\\/\\\/lightweb.dev\\\/l\\\/svm-temp\\\/\",\"logo\":{\"@type\":\"ImageObject\",\"inLanguage\":\"sv-SE\",\"@id\":\"https:\\\/\\\/lightweb.dev\\\/l\\\/svm-temp\\\/#\\\/schema\\\/logo\\\/image\\\/\",\"url\":\"https:\\\/\\\/lightweb.dev\\\/l\\\/svm-temp\\\/wp-content\\\/uploads\\\/2025\\\/02\\\/SvM-logo-Xtra-Centrerad-SVART.png\",\"contentUrl\":\"https:\\\/\\\/lightweb.dev\\\/l\\\/svm-temp\\\/wp-content\\\/uploads\\\/2025\\\/02\\\/SvM-logo-Xtra-Centrerad-SVART.png\",\"width\":300,\"height\":99,\"caption\":\"Melkerson y Nott SL\"},\"image\":{\"@id\":\"https:\\\/\\\/lightweb.dev\\\/l\\\/svm-temp\\\/#\\\/schema\\\/logo\\\/image\\\/\"},\"sameAs\":[\"https:\\\/\\\/www.facebook.com\\\/svenskamagasinet\",\"https:\\\/\\\/x.com\\\/SvenskaMagasine\"]},{\"@type\":\"Person\",\"@id\":\"https:\\\/\\\/lightweb.dev\\\/l\\\/svm-temp\\\/#\\\/schema\\\/person\\\/206a3bda5b607b0c25e1749191e4d837\",\"name\":\"Redaktionen SvM\",\"description\":\"Redaktionen\",\"sameAs\":[\"https:\\\/\\\/lightweb.dev\\\/l\\\/svm-temp\"],\"url\":\"https:\\\/\\\/lightweb.dev\\\/l\\\/svm-temp\\\/reporter\\\/redaktionen\\\/\"}]}<\/script>\n<!-- \/ Yoast SEO Premium plugin. -->","yoast_head_json":{"title":"Medelhavsregionens vackraste olivtr\u00e4d v\u00e4xer i Spanien - Svenska Magasinet","robots":{"index":"noindex","follow":"follow","max-snippet":"max-snippet:-1","max-image-preview":"max-image-preview:large","max-video-preview":"max-video-preview:-1"},"og_locale":"sv_SE","og_type":"article","og_title":"Medelhavsregionens vackraste olivtr\u00e4d v\u00e4xer i Spanien","og_description":"Nu \u00e4r det avgjort. Var det vackraste olivtr\u00e4det v\u00e4xer i Medelhavsregionen. Totalt tolv kandidater fr\u00e5n Spanien, Italien, Libanon, Tunisien, Montenegro och Turkiet hade kvalificerat sig till den f\u00f6rsta upplagan av Concurso del Mejor Olivo Monumental del Mediterr\u00e1neo. Olivtr\u00e4det \u201dEl olivo de Sinfo\u201dhittar du i Traiguera (Castell\u00f3n) mellan Valencia och Barcelona. Det anses vara Medelhavsregionens vackraste. [&hellip;]","og_url":"https:\/\/lightweb.dev\/l\/svm-temp\/nyheter\/medelhavsregionens-vackraste-olivtrad-vaxer-i-spanien\/","og_site_name":"Svenska Magasinet","article_publisher":"https:\/\/www.facebook.com\/svenskamagasinet","article_published_time":"2020-01-06T23:00:00+00:00","og_image":[{"width":700,"height":420,"url":"https:\/\/lightweb.dev\/l\/svm-temp\/wp-content\/uploads\/2022\/06\/medelhavsregionens-vackraste-olivtrad-vaxer-i-spanien.png","type":"image\/png"}],"author":"Redaktionen SvM","twitter_card":"summary_large_image","twitter_creator":"@SvenskaMagasine","twitter_site":"@SvenskaMagasine","schema":{"@context":"https:\/\/schema.org","@graph":[{"@type":"Article","@id":"https:\/\/lightweb.dev\/l\/svm-temp\/nyheter\/medelhavsregionens-vackraste-olivtrad-vaxer-i-spanien\/#article","isPartOf":{"@id":"https:\/\/lightweb.dev\/l\/svm-temp\/nyheter\/medelhavsregionens-vackraste-olivtrad-vaxer-i-spanien\/"},"author":{"name":"Redaktionen SvM","@id":"https:\/\/lightweb.dev\/l\/svm-temp\/#\/schema\/person\/206a3bda5b607b0c25e1749191e4d837"},"headline":"Medelhavsregionens vackraste olivtr\u00e4d v\u00e4xer i Spanien","datePublished":"2020-01-06T23:00:00+00:00","mainEntityOfPage":{"@id":"https:\/\/lightweb.dev\/l\/svm-temp\/nyheter\/medelhavsregionens-vackraste-olivtrad-vaxer-i-spanien\/"},"wordCount":257,"commentCount":0,"publisher":{"@id":"https:\/\/lightweb.dev\/l\/svm-temp\/#organization"},"image":{"@id":"https:\/\/lightweb.dev\/l\/svm-temp\/nyheter\/medelhavsregionens-vackraste-olivtrad-vaxer-i-spanien\/#primaryimage"},"thumbnailUrl":"https:\/\/lightweb.dev\/l\/svm-temp\/wp-content\/uploads\/2022\/06\/medelhavsregionens-vackraste-olivtrad-vaxer-i-spanien.png","articleSection":["Arkiv","Nyheter"],"inLanguage":"sv-SE"},{"@type":"WebPage","@id":"https:\/\/lightweb.dev\/l\/svm-temp\/nyheter\/medelhavsregionens-vackraste-olivtrad-vaxer-i-spanien\/","url":"https:\/\/lightweb.dev\/l\/svm-temp\/nyheter\/medelhavsregionens-vackraste-olivtrad-vaxer-i-spanien\/","name":"Medelhavsregionens vackraste olivtr\u00e4d v\u00e4xer i Spanien - Svenska Magasinet","isPartOf":{"@id":"https:\/\/lightweb.dev\/l\/svm-temp\/#website"},"primaryImageOfPage":{"@id":"https:\/\/lightweb.dev\/l\/svm-temp\/nyheter\/medelhavsregionens-vackraste-olivtrad-vaxer-i-spanien\/#primaryimage"},"image":{"@id":"https:\/\/lightweb.dev\/l\/svm-temp\/nyheter\/medelhavsregionens-vackraste-olivtrad-vaxer-i-spanien\/#primaryimage"},"thumbnailUrl":"https:\/\/lightweb.dev\/l\/svm-temp\/wp-content\/uploads\/2022\/06\/medelhavsregionens-vackraste-olivtrad-vaxer-i-spanien.png","datePublished":"2020-01-06T23:00:00+00:00","breadcrumb":{"@id":"https:\/\/lightweb.dev\/l\/svm-temp\/nyheter\/medelhavsregionens-vackraste-olivtrad-vaxer-i-spanien\/#breadcrumb"},"inLanguage":"sv-SE","potentialAction":[{"@type":"ReadAction","target":["https:\/\/lightweb.dev\/l\/svm-temp\/nyheter\/medelhavsregionens-vackraste-olivtrad-vaxer-i-spanien\/"]}]},{"@type":"ImageObject","inLanguage":"sv-SE","@id":"https:\/\/lightweb.dev\/l\/svm-temp\/nyheter\/medelhavsregionens-vackraste-olivtrad-vaxer-i-spanien\/#primaryimage","url":"https:\/\/lightweb.dev\/l\/svm-temp\/wp-content\/uploads\/2022\/06\/medelhavsregionens-vackraste-olivtrad-vaxer-i-spanien.png","contentUrl":"https:\/\/lightweb.dev\/l\/svm-temp\/wp-content\/uploads\/2022\/06\/medelhavsregionens-vackraste-olivtrad-vaxer-i-spanien.png","width":700,"height":420},{"@type":"BreadcrumbList","@id":"https:\/\/lightweb.dev\/l\/svm-temp\/nyheter\/medelhavsregionens-vackraste-olivtrad-vaxer-i-spanien\/#breadcrumb","itemListElement":[{"@type":"ListItem","position":1,"name":"Hem","item":"https:\/\/lightweb.dev\/l\/svm-temp\/"},{"@type":"ListItem","position":2,"name":"Medelhavsregionens vackraste olivtr\u00e4d v\u00e4xer i Spanien"}]},{"@type":"WebSite","@id":"https:\/\/lightweb.dev\/l\/svm-temp\/#website","url":"https:\/\/lightweb.dev\/l\/svm-temp\/","name":"Svenska Magasinet","description":"Dina Spanska nyheter p&aring; Svenska","publisher":{"@id":"https:\/\/lightweb.dev\/l\/svm-temp\/#organization"},"potentialAction":[{"@type":"SearchAction","target":{"@type":"EntryPoint","urlTemplate":"https:\/\/lightweb.dev\/l\/svm-temp\/?s={search_term_string}"},"query-input":{"@type":"PropertyValueSpecification","valueRequired":true,"valueName":"search_term_string"}}],"inLanguage":"sv-SE"},{"@type":"Organization","@id":"https:\/\/lightweb.dev\/l\/svm-temp\/#organization","name":"Melkerson y Nott SL","alternateName":"Svenska Magasinet","url":"https:\/\/lightweb.dev\/l\/svm-temp\/","logo":{"@type":"ImageObject","inLanguage":"sv-SE","@id":"https:\/\/lightweb.dev\/l\/svm-temp\/#\/schema\/logo\/image\/","url":"https:\/\/lightweb.dev\/l\/svm-temp\/wp-content\/uploads\/2025\/02\/SvM-logo-Xtra-Centrerad-SVART.png","contentUrl":"https:\/\/lightweb.dev\/l\/svm-temp\/wp-content\/uploads\/2025\/02\/SvM-logo-Xtra-Centrerad-SVART.png","width":300,"height":99,"caption":"Melkerson y Nott SL"},"image":{"@id":"https:\/\/lightweb.dev\/l\/svm-temp\/#\/schema\/logo\/image\/"},"sameAs":["https:\/\/www.facebook.com\/svenskamagasinet","https:\/\/x.com\/SvenskaMagasine"]},{"@type":"Person","@id":"https:\/\/lightweb.dev\/l\/svm-temp\/#\/schema\/person\/206a3bda5b607b0c25e1749191e4d837","name":"Redaktionen SvM","description":"Redaktionen","sameAs":["https:\/\/lightweb.dev\/l\/svm-temp"],"url":"https:\/\/lightweb.dev\/l\/svm-temp\/reporter\/redaktionen\/"}]}},"_links":{"self":[{"href":"https:\/\/lightweb.dev\/l\/svm-temp\/wp-json\/wp\/v2\/posts\/15007","targetHints":{"allow":["GET"]}}],"collection":[{"href":"https:\/\/lightweb.dev\/l\/svm-temp\/wp-json\/wp\/v2\/posts"}],"about":[{"href":"https:\/\/lightweb.dev\/l\/svm-temp\/wp-json\/wp\/v2\/types\/post"}],"author":[{"embeddable":true,"href":"https:\/\/lightweb.dev\/l\/svm-temp\/wp-json\/wp\/v2\/users\/8"}],"replies":[{"embeddable":true,"href":"https:\/\/lightweb.dev\/l\/svm-temp\/wp-json\/wp\/v2\/comments?post=15007"}],"version-history":[{"count":0,"href":"https:\/\/lightweb.dev\/l\/svm-temp\/wp-json\/wp\/v2\/posts\/15007\/revisions"}],"wp:featuredmedia":[{"embeddable":true,"href":"https:\/\/lightweb.dev\/l\/svm-temp\/wp-json\/wp\/v2\/media\/15008"}],"wp:attachment":[{"href":"https:\/\/lightweb.dev\/l\/svm-temp\/wp-json\/wp\/v2\/media?parent=15007"}],"wp:term":[{"taxonomy":"category","embeddable":true,"href":"https:\/\/lightweb.dev\/l\/svm-temp\/wp-json\/wp\/v2\/categories?post=15007"},{"taxonomy":"post_tag","embeddable":true,"href":"https:\/\/lightweb.dev\/l\/svm-temp\/wp-json\/wp\/v2\/tags?post=15007"}],"curies":[{"name":"wp","href":"https:\/\/api.w.org\/{rel}","templated":true}]}}