{"id":15011,"date":"2020-01-03T00:00:00","date_gmt":"2020-01-02T23:00:00","guid":{"rendered":"https:\/\/lightweb.dev\/l\/svm-temp\/nyheter\/antalet-trafikoffer-pa-solkusten-okade-med-80-procent\/"},"modified":"2020-01-03T00:00:00","modified_gmt":"2020-01-02T23:00:00","slug":"antalet-trafikoffer-pa-solkusten-okade-med-80-procent","status":"publish","type":"post","link":"https:\/\/lightweb.dev\/l\/svm-temp\/nyheter\/antalet-trafikoffer-pa-solkusten-okade-med-80-procent\/","title":{"rendered":"Antalet trafikoffer p\u00e5 Solkusten \u00f6kade med 80 procent"},"content":{"rendered":"<p> Antalet d\u00f6dsoffer i trafiken i provinsen M\u00e1laga under 2019 blev 34 stycken vilket var en \u00f6kning med 80 procent j\u00e4mf\u00f6rt med de 19 som omkom 2018. Distraherande faktorer och fler motorcykeloffer bidrog till det \u00f6kade antalet. Det visar siffror fr\u00e5n trafikpolisen Jefatura Provincial de Tr\u00e1fico i M\u00e1laga. Nationellt var siffran \u00f6ver antalet offer i trafiken rekordl\u00e5g.<\/p>\n<p>2018 slogs ett rekord i provinsen M\u00e1laga i modern tid. Aldrig n\u00e5gonsin hade s\u00e5 f\u00e5 omkommit i trafiken p\u00e5 Solkusten som det \u00e5ret. Men fr\u00e5n 18 d\u00f6dsoffer s\u00e5 \u00f6kade den siffran under 2019 till 34. Det betyder att statistiken \u00e4r tillbaka p\u00e5 liknande niv\u00e5er som 2016 och 2017.<\/p>\n<p>Under 2019 intr\u00e4ffade 30 olyckor med d\u00f6dlig utg\u00e5ng, i dessa var 55 motorfordon inblandade. Det kan j\u00e4mf\u00f6ras med 2018 och 18 olyckor respektive 29 motorfordon.<\/p>\n<p>Det var inte bara antalet d\u00f6dsoffer som \u00f6kade under 2019. \u00c4ven skadade i trafiken \u00f6kade till 64 j\u00e4mf\u00f6rt med 32 \u00e5ret innan.<\/p>\n<p>\u201dDistraherande faktorer\u201d ligger bakom 40 procent av olyckorna. Vid 20 procent av olyckorna tillskrivs f\u00f6r h\u00f6g hastighet som orsaken.<\/p>\n<p>Antalet omkomna MC-\u00e5kare i provinsen M\u00e1laga var 11 stycken.<\/p>\n<p>Totalt i Spanien omkom 1.098 personer i trafiken under 2019 vilket var 90 f\u00e4rre j\u00e4mf\u00f6rt med 2018. Siffran f\u00f6r 2019 \u00e4r den l\u00e4gsta sedan 1960 d\u00e5 siffror \u00f6ver d\u00f6dsoffer i trafiken b\u00f6rjade f\u00f6ras. Det visar siffror fr\u00e5n DGT (Direcci\u00f3n General de Tr\u00e1fico).<\/p>\n","protected":false},"excerpt":{"rendered":"<p>Antalet d\u00f6dsoffer i trafiken i provinsen M\u00e1laga under 2019 blev 34 stycken vilket var en \u00f6kning med 80 procent j\u00e4mf\u00f6rt med de 19 som omkom 2018. Distraherande faktorer och fler motorcykeloffer bidrog till det \u00f6kade antalet. Det visar siffror fr\u00e5n trafikpolisen Jefatura Provincial de Tr\u00e1fico i M\u00e1laga. Nationellt var siffran \u00f6ver antalet offer i trafiken [&hellip;]<\/p>\n","protected":false},"author":8,"featured_media":15012,"comment_status":"open","ping_status":"open","sticky":false,"template":"","format":"standard","meta":{"_et_pb_use_builder":"","_et_pb_old_content":"","_et_gb_content_width":"","footnotes":""},"categories":[395,3],"tags":[],"class_list":["post-15011","post","type-post","status-publish","format-standard","has-post-thumbnail","hentry","category-arkiv-nyheter","category-nyheter"],"yoast_head":"<!-- This site is optimized with the Yoast SEO Premium plugin v26.2 (Yoast SEO v27.4) - https:\/\/yoast.com\/product\/yoast-seo-premium-wordpress\/ -->\n<title>Antalet trafikoffer p\u00e5 Solkusten \u00f6kade med 80 procent - Svenska Magasinet<\/title>\n<meta name=\"robots\" content=\"noindex, follow, max-snippet:-1, max-image-preview:large, max-video-preview:-1\" \/>\n<meta property=\"og:locale\" content=\"sv_SE\" \/>\n<meta property=\"og:type\" content=\"article\" \/>\n<meta property=\"og:title\" content=\"Antalet trafikoffer p\u00e5 Solkusten \u00f6kade med 80 procent\" \/>\n<meta property=\"og:description\" content=\"Antalet d\u00f6dsoffer i trafiken i provinsen M\u00e1laga under 2019 blev 34 stycken vilket var en \u00f6kning med 80 procent j\u00e4mf\u00f6rt med de 19 som omkom 2018. Distraherande faktorer och fler motorcykeloffer bidrog till det \u00f6kade antalet. Det visar siffror fr\u00e5n trafikpolisen Jefatura Provincial de Tr\u00e1fico i M\u00e1laga. Nationellt var siffran \u00f6ver antalet offer i trafiken [&hellip;]\" \/>\n<meta property=\"og:url\" content=\"https:\/\/lightweb.dev\/l\/svm-temp\/nyheter\/antalet-trafikoffer-pa-solkusten-okade-med-80-procent\/\" \/>\n<meta property=\"og:site_name\" content=\"Svenska Magasinet\" \/>\n<meta property=\"article:publisher\" content=\"https:\/\/www.facebook.com\/svenskamagasinet\" \/>\n<meta property=\"article:published_time\" content=\"2020-01-02T23:00:00+00:00\" \/>\n<meta property=\"og:image\" content=\"https:\/\/lightweb.dev\/l\/svm-temp\/wp-content\/uploads\/2022\/06\/antalet-trafikoffer-pa-solkusten-okade-med-80-procent.png\" \/>\n\t<meta property=\"og:image:width\" content=\"700\" \/>\n\t<meta property=\"og:image:height\" content=\"420\" \/>\n\t<meta property=\"og:image:type\" content=\"image\/png\" \/>\n<meta name=\"author\" content=\"Redaktionen SvM\" \/>\n<meta name=\"twitter:card\" content=\"summary_large_image\" \/>\n<meta name=\"twitter:creator\" content=\"@SvenskaMagasine\" \/>\n<meta name=\"twitter:site\" content=\"@SvenskaMagasine\" \/>\n<script type=\"application\/ld+json\" class=\"yoast-schema-graph\">{\"@context\":\"https:\\\/\\\/schema.org\",\"@graph\":[{\"@type\":\"Article\",\"@id\":\"https:\\\/\\\/lightweb.dev\\\/l\\\/svm-temp\\\/nyheter\\\/antalet-trafikoffer-pa-solkusten-okade-med-80-procent\\\/#article\",\"isPartOf\":{\"@id\":\"https:\\\/\\\/lightweb.dev\\\/l\\\/svm-temp\\\/nyheter\\\/antalet-trafikoffer-pa-solkusten-okade-med-80-procent\\\/\"},\"author\":{\"name\":\"Redaktionen SvM\",\"@id\":\"https:\\\/\\\/lightweb.dev\\\/l\\\/svm-temp\\\/#\\\/schema\\\/person\\\/206a3bda5b607b0c25e1749191e4d837\"},\"headline\":\"Antalet trafikoffer p\u00e5 Solkusten \u00f6kade med 80 procent\",\"datePublished\":\"2020-01-02T23:00:00+00:00\",\"mainEntityOfPage\":{\"@id\":\"https:\\\/\\\/lightweb.dev\\\/l\\\/svm-temp\\\/nyheter\\\/antalet-trafikoffer-pa-solkusten-okade-med-80-procent\\\/\"},\"wordCount\":235,\"commentCount\":0,\"publisher\":{\"@id\":\"https:\\\/\\\/lightweb.dev\\\/l\\\/svm-temp\\\/#organization\"},\"image\":{\"@id\":\"https:\\\/\\\/lightweb.dev\\\/l\\\/svm-temp\\\/nyheter\\\/antalet-trafikoffer-pa-solkusten-okade-med-80-procent\\\/#primaryimage\"},\"thumbnailUrl\":\"https:\\\/\\\/lightweb.dev\\\/l\\\/svm-temp\\\/wp-content\\\/uploads\\\/2022\\\/06\\\/antalet-trafikoffer-pa-solkusten-okade-med-80-procent.png\",\"articleSection\":[\"Arkiv\",\"Nyheter\"],\"inLanguage\":\"sv-SE\"},{\"@type\":\"WebPage\",\"@id\":\"https:\\\/\\\/lightweb.dev\\\/l\\\/svm-temp\\\/nyheter\\\/antalet-trafikoffer-pa-solkusten-okade-med-80-procent\\\/\",\"url\":\"https:\\\/\\\/lightweb.dev\\\/l\\\/svm-temp\\\/nyheter\\\/antalet-trafikoffer-pa-solkusten-okade-med-80-procent\\\/\",\"name\":\"Antalet trafikoffer p\u00e5 Solkusten \u00f6kade med 80 procent - Svenska Magasinet\",\"isPartOf\":{\"@id\":\"https:\\\/\\\/lightweb.dev\\\/l\\\/svm-temp\\\/#website\"},\"primaryImageOfPage\":{\"@id\":\"https:\\\/\\\/lightweb.dev\\\/l\\\/svm-temp\\\/nyheter\\\/antalet-trafikoffer-pa-solkusten-okade-med-80-procent\\\/#primaryimage\"},\"image\":{\"@id\":\"https:\\\/\\\/lightweb.dev\\\/l\\\/svm-temp\\\/nyheter\\\/antalet-trafikoffer-pa-solkusten-okade-med-80-procent\\\/#primaryimage\"},\"thumbnailUrl\":\"https:\\\/\\\/lightweb.dev\\\/l\\\/svm-temp\\\/wp-content\\\/uploads\\\/2022\\\/06\\\/antalet-trafikoffer-pa-solkusten-okade-med-80-procent.png\",\"datePublished\":\"2020-01-02T23:00:00+00:00\",\"breadcrumb\":{\"@id\":\"https:\\\/\\\/lightweb.dev\\\/l\\\/svm-temp\\\/nyheter\\\/antalet-trafikoffer-pa-solkusten-okade-med-80-procent\\\/#breadcrumb\"},\"inLanguage\":\"sv-SE\",\"potentialAction\":[{\"@type\":\"ReadAction\",\"target\":[\"https:\\\/\\\/lightweb.dev\\\/l\\\/svm-temp\\\/nyheter\\\/antalet-trafikoffer-pa-solkusten-okade-med-80-procent\\\/\"]}]},{\"@type\":\"ImageObject\",\"inLanguage\":\"sv-SE\",\"@id\":\"https:\\\/\\\/lightweb.dev\\\/l\\\/svm-temp\\\/nyheter\\\/antalet-trafikoffer-pa-solkusten-okade-med-80-procent\\\/#primaryimage\",\"url\":\"https:\\\/\\\/lightweb.dev\\\/l\\\/svm-temp\\\/wp-content\\\/uploads\\\/2022\\\/06\\\/antalet-trafikoffer-pa-solkusten-okade-med-80-procent.png\",\"contentUrl\":\"https:\\\/\\\/lightweb.dev\\\/l\\\/svm-temp\\\/wp-content\\\/uploads\\\/2022\\\/06\\\/antalet-trafikoffer-pa-solkusten-okade-med-80-procent.png\",\"width\":700,\"height\":420},{\"@type\":\"BreadcrumbList\",\"@id\":\"https:\\\/\\\/lightweb.dev\\\/l\\\/svm-temp\\\/nyheter\\\/antalet-trafikoffer-pa-solkusten-okade-med-80-procent\\\/#breadcrumb\",\"itemListElement\":[{\"@type\":\"ListItem\",\"position\":1,\"name\":\"Hem\",\"item\":\"https:\\\/\\\/lightweb.dev\\\/l\\\/svm-temp\\\/\"},{\"@type\":\"ListItem\",\"position\":2,\"name\":\"Antalet trafikoffer p\u00e5 Solkusten \u00f6kade med 80 procent\"}]},{\"@type\":\"WebSite\",\"@id\":\"https:\\\/\\\/lightweb.dev\\\/l\\\/svm-temp\\\/#website\",\"url\":\"https:\\\/\\\/lightweb.dev\\\/l\\\/svm-temp\\\/\",\"name\":\"Svenska Magasinet\",\"description\":\"Dina Spanska nyheter p&aring; Svenska\",\"publisher\":{\"@id\":\"https:\\\/\\\/lightweb.dev\\\/l\\\/svm-temp\\\/#organization\"},\"potentialAction\":[{\"@type\":\"SearchAction\",\"target\":{\"@type\":\"EntryPoint\",\"urlTemplate\":\"https:\\\/\\\/lightweb.dev\\\/l\\\/svm-temp\\\/?s={search_term_string}\"},\"query-input\":{\"@type\":\"PropertyValueSpecification\",\"valueRequired\":true,\"valueName\":\"search_term_string\"}}],\"inLanguage\":\"sv-SE\"},{\"@type\":\"Organization\",\"@id\":\"https:\\\/\\\/lightweb.dev\\\/l\\\/svm-temp\\\/#organization\",\"name\":\"Melkerson y Nott SL\",\"alternateName\":\"Svenska Magasinet\",\"url\":\"https:\\\/\\\/lightweb.dev\\\/l\\\/svm-temp\\\/\",\"logo\":{\"@type\":\"ImageObject\",\"inLanguage\":\"sv-SE\",\"@id\":\"https:\\\/\\\/lightweb.dev\\\/l\\\/svm-temp\\\/#\\\/schema\\\/logo\\\/image\\\/\",\"url\":\"https:\\\/\\\/lightweb.dev\\\/l\\\/svm-temp\\\/wp-content\\\/uploads\\\/2025\\\/02\\\/SvM-logo-Xtra-Centrerad-SVART.png\",\"contentUrl\":\"https:\\\/\\\/lightweb.dev\\\/l\\\/svm-temp\\\/wp-content\\\/uploads\\\/2025\\\/02\\\/SvM-logo-Xtra-Centrerad-SVART.png\",\"width\":300,\"height\":99,\"caption\":\"Melkerson y Nott SL\"},\"image\":{\"@id\":\"https:\\\/\\\/lightweb.dev\\\/l\\\/svm-temp\\\/#\\\/schema\\\/logo\\\/image\\\/\"},\"sameAs\":[\"https:\\\/\\\/www.facebook.com\\\/svenskamagasinet\",\"https:\\\/\\\/x.com\\\/SvenskaMagasine\"]},{\"@type\":\"Person\",\"@id\":\"https:\\\/\\\/lightweb.dev\\\/l\\\/svm-temp\\\/#\\\/schema\\\/person\\\/206a3bda5b607b0c25e1749191e4d837\",\"name\":\"Redaktionen SvM\",\"description\":\"Redaktionen\",\"sameAs\":[\"https:\\\/\\\/lightweb.dev\\\/l\\\/svm-temp\"],\"url\":\"https:\\\/\\\/lightweb.dev\\\/l\\\/svm-temp\\\/reporter\\\/redaktionen\\\/\"}]}<\/script>\n<!-- \/ Yoast SEO Premium plugin. -->","yoast_head_json":{"title":"Antalet trafikoffer p\u00e5 Solkusten \u00f6kade med 80 procent - Svenska Magasinet","robots":{"index":"noindex","follow":"follow","max-snippet":"max-snippet:-1","max-image-preview":"max-image-preview:large","max-video-preview":"max-video-preview:-1"},"og_locale":"sv_SE","og_type":"article","og_title":"Antalet trafikoffer p\u00e5 Solkusten \u00f6kade med 80 procent","og_description":"Antalet d\u00f6dsoffer i trafiken i provinsen M\u00e1laga under 2019 blev 34 stycken vilket var en \u00f6kning med 80 procent j\u00e4mf\u00f6rt med de 19 som omkom 2018. Distraherande faktorer och fler motorcykeloffer bidrog till det \u00f6kade antalet. Det visar siffror fr\u00e5n trafikpolisen Jefatura Provincial de Tr\u00e1fico i M\u00e1laga. Nationellt var siffran \u00f6ver antalet offer i trafiken [&hellip;]","og_url":"https:\/\/lightweb.dev\/l\/svm-temp\/nyheter\/antalet-trafikoffer-pa-solkusten-okade-med-80-procent\/","og_site_name":"Svenska Magasinet","article_publisher":"https:\/\/www.facebook.com\/svenskamagasinet","article_published_time":"2020-01-02T23:00:00+00:00","og_image":[{"width":700,"height":420,"url":"https:\/\/lightweb.dev\/l\/svm-temp\/wp-content\/uploads\/2022\/06\/antalet-trafikoffer-pa-solkusten-okade-med-80-procent.png","type":"image\/png"}],"author":"Redaktionen SvM","twitter_card":"summary_large_image","twitter_creator":"@SvenskaMagasine","twitter_site":"@SvenskaMagasine","schema":{"@context":"https:\/\/schema.org","@graph":[{"@type":"Article","@id":"https:\/\/lightweb.dev\/l\/svm-temp\/nyheter\/antalet-trafikoffer-pa-solkusten-okade-med-80-procent\/#article","isPartOf":{"@id":"https:\/\/lightweb.dev\/l\/svm-temp\/nyheter\/antalet-trafikoffer-pa-solkusten-okade-med-80-procent\/"},"author":{"name":"Redaktionen SvM","@id":"https:\/\/lightweb.dev\/l\/svm-temp\/#\/schema\/person\/206a3bda5b607b0c25e1749191e4d837"},"headline":"Antalet trafikoffer p\u00e5 Solkusten \u00f6kade med 80 procent","datePublished":"2020-01-02T23:00:00+00:00","mainEntityOfPage":{"@id":"https:\/\/lightweb.dev\/l\/svm-temp\/nyheter\/antalet-trafikoffer-pa-solkusten-okade-med-80-procent\/"},"wordCount":235,"commentCount":0,"publisher":{"@id":"https:\/\/lightweb.dev\/l\/svm-temp\/#organization"},"image":{"@id":"https:\/\/lightweb.dev\/l\/svm-temp\/nyheter\/antalet-trafikoffer-pa-solkusten-okade-med-80-procent\/#primaryimage"},"thumbnailUrl":"https:\/\/lightweb.dev\/l\/svm-temp\/wp-content\/uploads\/2022\/06\/antalet-trafikoffer-pa-solkusten-okade-med-80-procent.png","articleSection":["Arkiv","Nyheter"],"inLanguage":"sv-SE"},{"@type":"WebPage","@id":"https:\/\/lightweb.dev\/l\/svm-temp\/nyheter\/antalet-trafikoffer-pa-solkusten-okade-med-80-procent\/","url":"https:\/\/lightweb.dev\/l\/svm-temp\/nyheter\/antalet-trafikoffer-pa-solkusten-okade-med-80-procent\/","name":"Antalet trafikoffer p\u00e5 Solkusten \u00f6kade med 80 procent - Svenska Magasinet","isPartOf":{"@id":"https:\/\/lightweb.dev\/l\/svm-temp\/#website"},"primaryImageOfPage":{"@id":"https:\/\/lightweb.dev\/l\/svm-temp\/nyheter\/antalet-trafikoffer-pa-solkusten-okade-med-80-procent\/#primaryimage"},"image":{"@id":"https:\/\/lightweb.dev\/l\/svm-temp\/nyheter\/antalet-trafikoffer-pa-solkusten-okade-med-80-procent\/#primaryimage"},"thumbnailUrl":"https:\/\/lightweb.dev\/l\/svm-temp\/wp-content\/uploads\/2022\/06\/antalet-trafikoffer-pa-solkusten-okade-med-80-procent.png","datePublished":"2020-01-02T23:00:00+00:00","breadcrumb":{"@id":"https:\/\/lightweb.dev\/l\/svm-temp\/nyheter\/antalet-trafikoffer-pa-solkusten-okade-med-80-procent\/#breadcrumb"},"inLanguage":"sv-SE","potentialAction":[{"@type":"ReadAction","target":["https:\/\/lightweb.dev\/l\/svm-temp\/nyheter\/antalet-trafikoffer-pa-solkusten-okade-med-80-procent\/"]}]},{"@type":"ImageObject","inLanguage":"sv-SE","@id":"https:\/\/lightweb.dev\/l\/svm-temp\/nyheter\/antalet-trafikoffer-pa-solkusten-okade-med-80-procent\/#primaryimage","url":"https:\/\/lightweb.dev\/l\/svm-temp\/wp-content\/uploads\/2022\/06\/antalet-trafikoffer-pa-solkusten-okade-med-80-procent.png","contentUrl":"https:\/\/lightweb.dev\/l\/svm-temp\/wp-content\/uploads\/2022\/06\/antalet-trafikoffer-pa-solkusten-okade-med-80-procent.png","width":700,"height":420},{"@type":"BreadcrumbList","@id":"https:\/\/lightweb.dev\/l\/svm-temp\/nyheter\/antalet-trafikoffer-pa-solkusten-okade-med-80-procent\/#breadcrumb","itemListElement":[{"@type":"ListItem","position":1,"name":"Hem","item":"https:\/\/lightweb.dev\/l\/svm-temp\/"},{"@type":"ListItem","position":2,"name":"Antalet trafikoffer p\u00e5 Solkusten \u00f6kade med 80 procent"}]},{"@type":"WebSite","@id":"https:\/\/lightweb.dev\/l\/svm-temp\/#website","url":"https:\/\/lightweb.dev\/l\/svm-temp\/","name":"Svenska Magasinet","description":"Dina Spanska nyheter p&aring; Svenska","publisher":{"@id":"https:\/\/lightweb.dev\/l\/svm-temp\/#organization"},"potentialAction":[{"@type":"SearchAction","target":{"@type":"EntryPoint","urlTemplate":"https:\/\/lightweb.dev\/l\/svm-temp\/?s={search_term_string}"},"query-input":{"@type":"PropertyValueSpecification","valueRequired":true,"valueName":"search_term_string"}}],"inLanguage":"sv-SE"},{"@type":"Organization","@id":"https:\/\/lightweb.dev\/l\/svm-temp\/#organization","name":"Melkerson y Nott SL","alternateName":"Svenska Magasinet","url":"https:\/\/lightweb.dev\/l\/svm-temp\/","logo":{"@type":"ImageObject","inLanguage":"sv-SE","@id":"https:\/\/lightweb.dev\/l\/svm-temp\/#\/schema\/logo\/image\/","url":"https:\/\/lightweb.dev\/l\/svm-temp\/wp-content\/uploads\/2025\/02\/SvM-logo-Xtra-Centrerad-SVART.png","contentUrl":"https:\/\/lightweb.dev\/l\/svm-temp\/wp-content\/uploads\/2025\/02\/SvM-logo-Xtra-Centrerad-SVART.png","width":300,"height":99,"caption":"Melkerson y Nott SL"},"image":{"@id":"https:\/\/lightweb.dev\/l\/svm-temp\/#\/schema\/logo\/image\/"},"sameAs":["https:\/\/www.facebook.com\/svenskamagasinet","https:\/\/x.com\/SvenskaMagasine"]},{"@type":"Person","@id":"https:\/\/lightweb.dev\/l\/svm-temp\/#\/schema\/person\/206a3bda5b607b0c25e1749191e4d837","name":"Redaktionen SvM","description":"Redaktionen","sameAs":["https:\/\/lightweb.dev\/l\/svm-temp"],"url":"https:\/\/lightweb.dev\/l\/svm-temp\/reporter\/redaktionen\/"}]}},"_links":{"self":[{"href":"https:\/\/lightweb.dev\/l\/svm-temp\/wp-json\/wp\/v2\/posts\/15011","targetHints":{"allow":["GET"]}}],"collection":[{"href":"https:\/\/lightweb.dev\/l\/svm-temp\/wp-json\/wp\/v2\/posts"}],"about":[{"href":"https:\/\/lightweb.dev\/l\/svm-temp\/wp-json\/wp\/v2\/types\/post"}],"author":[{"embeddable":true,"href":"https:\/\/lightweb.dev\/l\/svm-temp\/wp-json\/wp\/v2\/users\/8"}],"replies":[{"embeddable":true,"href":"https:\/\/lightweb.dev\/l\/svm-temp\/wp-json\/wp\/v2\/comments?post=15011"}],"version-history":[{"count":0,"href":"https:\/\/lightweb.dev\/l\/svm-temp\/wp-json\/wp\/v2\/posts\/15011\/revisions"}],"wp:featuredmedia":[{"embeddable":true,"href":"https:\/\/lightweb.dev\/l\/svm-temp\/wp-json\/wp\/v2\/media\/15012"}],"wp:attachment":[{"href":"https:\/\/lightweb.dev\/l\/svm-temp\/wp-json\/wp\/v2\/media?parent=15011"}],"wp:term":[{"taxonomy":"category","embeddable":true,"href":"https:\/\/lightweb.dev\/l\/svm-temp\/wp-json\/wp\/v2\/categories?post=15011"},{"taxonomy":"post_tag","embeddable":true,"href":"https:\/\/lightweb.dev\/l\/svm-temp\/wp-json\/wp\/v2\/tags?post=15011"}],"curies":[{"name":"wp","href":"https:\/\/api.w.org\/{rel}","templated":true}]}}