{"id":15013,"date":"2020-01-03T00:00:00","date_gmt":"2020-01-02T23:00:00","guid":{"rendered":"https:\/\/lightweb.dev\/l\/svm-temp\/nyheter\/trettonhelgen-i-spanien-2020\/"},"modified":"2020-01-03T00:00:00","modified_gmt":"2020-01-02T23:00:00","slug":"trettonhelgen-i-spanien-2020","status":"publish","type":"post","link":"https:\/\/lightweb.dev\/l\/svm-temp\/nyheter\/trettonhelgen-i-spanien-2020\/","title":{"rendered":"Trettonhelgen i Spanien 2020"},"content":{"rendered":"<p> Trettondagsafton och trettondagen \u00e4r de viktigaste juldagarna f\u00f6r de flesta spanjorer och d\u00e5 speciellt f\u00f6r barnen, det \u00e4r d\u00e5 det \u00e4r parader och julklappsutdelning.<\/p>\n<p>Helgen handlar mycket om de tre vise m\u00e4nnen, eller de magiska kungarna som p\u00e5 spanska kallas Los Reyes Magos. Alla spanska barn vet att de heter Melchor, Caspar och Baltasar och de vet dessutom hur de ser ut och att de egentligen red p\u00e5 kameler. Av Jonny Erixon<\/p>\n<p>Trettondagsafton, 5 januari.<\/p>\n<p>Detta \u00e4r ingen allm\u00e4n helgdag i Spanien, men p\u00e5 kv\u00e4llen tar firandet vid. D\u00e5 \u00e4r det stora parader i st\u00e4derna dessa kallas Cabalgata de Reyes Magos, de 3 vise m\u00e4nnen f\u00e4rdas d\u00e5 genom st\u00e4derna och det sl\u00e4ngs ut enorma m\u00e4ngder godis till alla som kantar gatorna (ibland \u00e4ven leksaker). Det \u00e4r inga sm\u00e5 parader, i en relativt liten stad som Fuengirola \u00e4r det i \u00e5r 25 karosser och det sl\u00e4ngs ut m\u00e5nga ton karameller. H\u00e4r anl\u00e4nder kungarna i helikopter till Elolastadion kl.16:00 och paraden b\u00f6rjar 17:00 p\u00e5 Calle Mallorca.<\/p>\n<p>Tiderna n\u00e4r paraderna b\u00f6rjar varierar men starten brukar vara mellan 16 \u2013 19 i de flesta st\u00e4derna. Den st\u00f6rsta \u00e4r i Madrid den har mer \u00e4n 2.000 deltagare och b\u00f6rjar 18:30, den s\u00e4nds dessutom alltid direkt i spansk TV. Det b\u00e4sta \u00e4r att kontrollera med turistkontoret i respektive stad f\u00f6r tider och f\u00e4rdv\u00e4g. Ett tips \u00e4r att ha med plastp\u00e5sar att plocka karameller i, m\u00e5nga har ocks\u00e5 ett paraply som de v\u00e4nder upp och ned f\u00f6r att l\u00e4ttare kunna f\u00e5nga godiset.<\/p>\n<p>Efter paraderna s\u00e5 firas det och barnen f\u00f6rv\u00e4ntas g\u00f6ra rent sina skor som de senare st\u00e4ller ut p\u00e5 antingen trappen eller \u00e4nnu hellre p\u00e5 f\u00f6nsterblecket. Under natten kommer s\u00e5 de tre kungarna och l\u00e4mnar presenter d\u00e4r skorna \u00e4r. M\u00e5nga barn har redan tidigare skrivit \u00f6nskelistor till kungarna. Precis som vi st\u00e4ller ut lite godsaker till tomten st\u00e4ller spanjorerna ut lik\u00f6r, julgodis och andra godsaker till de tre vise m\u00e4nnen och deras kameler.<\/p>\n<p>Trettondagen, 6 januari.<\/p>\n<p>El d\u00eda de los Reyes Magos som \u00e4r det spanska namnet \u00e4r allm\u00e4n helgdag i hela den katolska v\u00e4rlden och \u00e4ven i de flesta andra kristna l\u00e4nder. P\u00e5 morgonen f\u00e5r \u00e4ntligen barnen sina efterl\u00e4ngtade julklappar och dagen \u00e4r sedan en stor familjedag. Det \u00e4r en tradition att de tre vise m\u00e4nnen rider runt i olika st\u00e4der i Spanien hela dagen och delar ut g\u00e5vor till barn som ligger p\u00e5 sjukhus. En annan tradition \u00e4r bakverket Rosc\u00f3n de Reyes, det \u00e4r den traditionella frukosten denna dagen (men den \u00e4ts ibland \u00e4ven p\u00e5 kv\u00e4llen f\u00f6re).<\/p>\n<p>En annan sak som h\u00e4nder denna dagen \u00e4r dragningen i lotteriet el Ni\u00f1o. Namnet El Ni\u00f1o (barnet) syftar givetvis p\u00e5 Jesusbarnet. Man kan v\u00e4l s\u00e4ga som s\u00e5 att julen i Spanien inleds den 22 december med v\u00e4rldens st\u00f6rsta lotteri El Gordo och sen avslutas julen med det betydligt mindre lotteriet el Ni\u00f1o. P\u00e5f\u00f6ljande dag, den 7 januari \u00e4r julen slut i Spanien och d\u00e5 b\u00f6rjar ist\u00e4llet den stora vinterrean.<\/p>\n<p>N\u00e5gon tjugondedag Knut finns inte i Spanien, den firas bara i Sverige, Finland och delar av Norge. Men svenska f\u00f6reningar och svenska kyrkor brukar ofta ha tillst\u00e4llningar den dagen.<\/p>\n<p>Relaterade artiklar:<\/p>\n<p>Spanska jultraditioner.<br \/>\nNy\u00e5rsfirande i Spanien.<\/p>\n<p>Bildtext: De tv\u00e5 bilderna fr\u00e5n paraden \u00e4r b\u00e5da fr\u00e5n Fuengirola, foto Erixon Consulting. Bakverket \u00e4r en typisk Rosc\u00f3n de Reyes.<\/p>\n","protected":false},"excerpt":{"rendered":"<p>Trettondagsafton och trettondagen \u00e4r de viktigaste juldagarna f\u00f6r de flesta spanjorer och d\u00e5 speciellt f\u00f6r barnen, det \u00e4r d\u00e5 det \u00e4r parader och julklappsutdelning. Helgen handlar mycket om de tre vise m\u00e4nnen, eller de magiska kungarna som p\u00e5 spanska kallas Los Reyes Magos. Alla spanska barn vet att de heter Melchor, Caspar och Baltasar och [&hellip;]<\/p>\n","protected":false},"author":8,"featured_media":15014,"comment_status":"open","ping_status":"open","sticky":false,"template":"","format":"standard","meta":{"_et_pb_use_builder":"","_et_pb_old_content":"","_et_gb_content_width":"","footnotes":""},"categories":[395,3],"tags":[],"class_list":["post-15013","post","type-post","status-publish","format-standard","has-post-thumbnail","hentry","category-arkiv-nyheter","category-nyheter"],"yoast_head":"<!-- This site is optimized with the Yoast SEO Premium plugin v26.2 (Yoast SEO v27.4) - https:\/\/yoast.com\/product\/yoast-seo-premium-wordpress\/ -->\n<title>Trettonhelgen i Spanien 2020 - Svenska Magasinet<\/title>\n<meta name=\"robots\" content=\"noindex, follow, max-snippet:-1, max-image-preview:large, max-video-preview:-1\" \/>\n<meta property=\"og:locale\" content=\"sv_SE\" \/>\n<meta property=\"og:type\" content=\"article\" \/>\n<meta property=\"og:title\" content=\"Trettonhelgen i Spanien 2020\" \/>\n<meta property=\"og:description\" content=\"Trettondagsafton och trettondagen \u00e4r de viktigaste juldagarna f\u00f6r de flesta spanjorer och d\u00e5 speciellt f\u00f6r barnen, det \u00e4r d\u00e5 det \u00e4r parader och julklappsutdelning. Helgen handlar mycket om de tre vise m\u00e4nnen, eller de magiska kungarna som p\u00e5 spanska kallas Los Reyes Magos. Alla spanska barn vet att de heter Melchor, Caspar och Baltasar och [&hellip;]\" \/>\n<meta property=\"og:url\" content=\"https:\/\/lightweb.dev\/l\/svm-temp\/nyheter\/trettonhelgen-i-spanien-2020\/\" \/>\n<meta property=\"og:site_name\" content=\"Svenska Magasinet\" \/>\n<meta property=\"article:publisher\" content=\"https:\/\/www.facebook.com\/svenskamagasinet\" \/>\n<meta property=\"article:published_time\" content=\"2020-01-02T23:00:00+00:00\" \/>\n<meta property=\"og:image\" content=\"https:\/\/lightweb.dev\/l\/svm-temp\/wp-content\/uploads\/2022\/06\/trettonhelgen-i-spanien-2020.png\" \/>\n\t<meta property=\"og:image:width\" content=\"700\" \/>\n\t<meta property=\"og:image:height\" content=\"420\" \/>\n\t<meta property=\"og:image:type\" content=\"image\/png\" \/>\n<meta name=\"author\" content=\"Redaktionen SvM\" \/>\n<meta name=\"twitter:card\" content=\"summary_large_image\" \/>\n<meta name=\"twitter:creator\" content=\"@SvenskaMagasine\" \/>\n<meta name=\"twitter:site\" content=\"@SvenskaMagasine\" \/>\n<script type=\"application\/ld+json\" class=\"yoast-schema-graph\">{\"@context\":\"https:\\\/\\\/schema.org\",\"@graph\":[{\"@type\":\"Article\",\"@id\":\"https:\\\/\\\/lightweb.dev\\\/l\\\/svm-temp\\\/nyheter\\\/trettonhelgen-i-spanien-2020\\\/#article\",\"isPartOf\":{\"@id\":\"https:\\\/\\\/lightweb.dev\\\/l\\\/svm-temp\\\/nyheter\\\/trettonhelgen-i-spanien-2020\\\/\"},\"author\":{\"name\":\"Redaktionen SvM\",\"@id\":\"https:\\\/\\\/lightweb.dev\\\/l\\\/svm-temp\\\/#\\\/schema\\\/person\\\/206a3bda5b607b0c25e1749191e4d837\"},\"headline\":\"Trettonhelgen i Spanien 2020\",\"datePublished\":\"2020-01-02T23:00:00+00:00\",\"mainEntityOfPage\":{\"@id\":\"https:\\\/\\\/lightweb.dev\\\/l\\\/svm-temp\\\/nyheter\\\/trettonhelgen-i-spanien-2020\\\/\"},\"wordCount\":605,\"commentCount\":1,\"publisher\":{\"@id\":\"https:\\\/\\\/lightweb.dev\\\/l\\\/svm-temp\\\/#organization\"},\"image\":{\"@id\":\"https:\\\/\\\/lightweb.dev\\\/l\\\/svm-temp\\\/nyheter\\\/trettonhelgen-i-spanien-2020\\\/#primaryimage\"},\"thumbnailUrl\":\"https:\\\/\\\/lightweb.dev\\\/l\\\/svm-temp\\\/wp-content\\\/uploads\\\/2022\\\/06\\\/trettonhelgen-i-spanien-2020.png\",\"articleSection\":[\"Arkiv\",\"Nyheter\"],\"inLanguage\":\"sv-SE\"},{\"@type\":\"WebPage\",\"@id\":\"https:\\\/\\\/lightweb.dev\\\/l\\\/svm-temp\\\/nyheter\\\/trettonhelgen-i-spanien-2020\\\/\",\"url\":\"https:\\\/\\\/lightweb.dev\\\/l\\\/svm-temp\\\/nyheter\\\/trettonhelgen-i-spanien-2020\\\/\",\"name\":\"Trettonhelgen i Spanien 2020 - Svenska Magasinet\",\"isPartOf\":{\"@id\":\"https:\\\/\\\/lightweb.dev\\\/l\\\/svm-temp\\\/#website\"},\"primaryImageOfPage\":{\"@id\":\"https:\\\/\\\/lightweb.dev\\\/l\\\/svm-temp\\\/nyheter\\\/trettonhelgen-i-spanien-2020\\\/#primaryimage\"},\"image\":{\"@id\":\"https:\\\/\\\/lightweb.dev\\\/l\\\/svm-temp\\\/nyheter\\\/trettonhelgen-i-spanien-2020\\\/#primaryimage\"},\"thumbnailUrl\":\"https:\\\/\\\/lightweb.dev\\\/l\\\/svm-temp\\\/wp-content\\\/uploads\\\/2022\\\/06\\\/trettonhelgen-i-spanien-2020.png\",\"datePublished\":\"2020-01-02T23:00:00+00:00\",\"breadcrumb\":{\"@id\":\"https:\\\/\\\/lightweb.dev\\\/l\\\/svm-temp\\\/nyheter\\\/trettonhelgen-i-spanien-2020\\\/#breadcrumb\"},\"inLanguage\":\"sv-SE\",\"potentialAction\":[{\"@type\":\"ReadAction\",\"target\":[\"https:\\\/\\\/lightweb.dev\\\/l\\\/svm-temp\\\/nyheter\\\/trettonhelgen-i-spanien-2020\\\/\"]}]},{\"@type\":\"ImageObject\",\"inLanguage\":\"sv-SE\",\"@id\":\"https:\\\/\\\/lightweb.dev\\\/l\\\/svm-temp\\\/nyheter\\\/trettonhelgen-i-spanien-2020\\\/#primaryimage\",\"url\":\"https:\\\/\\\/lightweb.dev\\\/l\\\/svm-temp\\\/wp-content\\\/uploads\\\/2022\\\/06\\\/trettonhelgen-i-spanien-2020.png\",\"contentUrl\":\"https:\\\/\\\/lightweb.dev\\\/l\\\/svm-temp\\\/wp-content\\\/uploads\\\/2022\\\/06\\\/trettonhelgen-i-spanien-2020.png\",\"width\":700,\"height\":420},{\"@type\":\"BreadcrumbList\",\"@id\":\"https:\\\/\\\/lightweb.dev\\\/l\\\/svm-temp\\\/nyheter\\\/trettonhelgen-i-spanien-2020\\\/#breadcrumb\",\"itemListElement\":[{\"@type\":\"ListItem\",\"position\":1,\"name\":\"Hem\",\"item\":\"https:\\\/\\\/lightweb.dev\\\/l\\\/svm-temp\\\/\"},{\"@type\":\"ListItem\",\"position\":2,\"name\":\"Trettonhelgen i Spanien 2020\"}]},{\"@type\":\"WebSite\",\"@id\":\"https:\\\/\\\/lightweb.dev\\\/l\\\/svm-temp\\\/#website\",\"url\":\"https:\\\/\\\/lightweb.dev\\\/l\\\/svm-temp\\\/\",\"name\":\"Svenska Magasinet\",\"description\":\"Dina Spanska nyheter p&aring; Svenska\",\"publisher\":{\"@id\":\"https:\\\/\\\/lightweb.dev\\\/l\\\/svm-temp\\\/#organization\"},\"potentialAction\":[{\"@type\":\"SearchAction\",\"target\":{\"@type\":\"EntryPoint\",\"urlTemplate\":\"https:\\\/\\\/lightweb.dev\\\/l\\\/svm-temp\\\/?s={search_term_string}\"},\"query-input\":{\"@type\":\"PropertyValueSpecification\",\"valueRequired\":true,\"valueName\":\"search_term_string\"}}],\"inLanguage\":\"sv-SE\"},{\"@type\":\"Organization\",\"@id\":\"https:\\\/\\\/lightweb.dev\\\/l\\\/svm-temp\\\/#organization\",\"name\":\"Melkerson y Nott SL\",\"alternateName\":\"Svenska Magasinet\",\"url\":\"https:\\\/\\\/lightweb.dev\\\/l\\\/svm-temp\\\/\",\"logo\":{\"@type\":\"ImageObject\",\"inLanguage\":\"sv-SE\",\"@id\":\"https:\\\/\\\/lightweb.dev\\\/l\\\/svm-temp\\\/#\\\/schema\\\/logo\\\/image\\\/\",\"url\":\"https:\\\/\\\/lightweb.dev\\\/l\\\/svm-temp\\\/wp-content\\\/uploads\\\/2025\\\/02\\\/SvM-logo-Xtra-Centrerad-SVART.png\",\"contentUrl\":\"https:\\\/\\\/lightweb.dev\\\/l\\\/svm-temp\\\/wp-content\\\/uploads\\\/2025\\\/02\\\/SvM-logo-Xtra-Centrerad-SVART.png\",\"width\":300,\"height\":99,\"caption\":\"Melkerson y Nott SL\"},\"image\":{\"@id\":\"https:\\\/\\\/lightweb.dev\\\/l\\\/svm-temp\\\/#\\\/schema\\\/logo\\\/image\\\/\"},\"sameAs\":[\"https:\\\/\\\/www.facebook.com\\\/svenskamagasinet\",\"https:\\\/\\\/x.com\\\/SvenskaMagasine\"]},{\"@type\":\"Person\",\"@id\":\"https:\\\/\\\/lightweb.dev\\\/l\\\/svm-temp\\\/#\\\/schema\\\/person\\\/206a3bda5b607b0c25e1749191e4d837\",\"name\":\"Redaktionen SvM\",\"description\":\"Redaktionen\",\"sameAs\":[\"https:\\\/\\\/lightweb.dev\\\/l\\\/svm-temp\"],\"url\":\"https:\\\/\\\/lightweb.dev\\\/l\\\/svm-temp\\\/reporter\\\/redaktionen\\\/\"}]}<\/script>\n<!-- \/ Yoast SEO Premium plugin. -->","yoast_head_json":{"title":"Trettonhelgen i Spanien 2020 - Svenska Magasinet","robots":{"index":"noindex","follow":"follow","max-snippet":"max-snippet:-1","max-image-preview":"max-image-preview:large","max-video-preview":"max-video-preview:-1"},"og_locale":"sv_SE","og_type":"article","og_title":"Trettonhelgen i Spanien 2020","og_description":"Trettondagsafton och trettondagen \u00e4r de viktigaste juldagarna f\u00f6r de flesta spanjorer och d\u00e5 speciellt f\u00f6r barnen, det \u00e4r d\u00e5 det \u00e4r parader och julklappsutdelning. Helgen handlar mycket om de tre vise m\u00e4nnen, eller de magiska kungarna som p\u00e5 spanska kallas Los Reyes Magos. Alla spanska barn vet att de heter Melchor, Caspar och Baltasar och [&hellip;]","og_url":"https:\/\/lightweb.dev\/l\/svm-temp\/nyheter\/trettonhelgen-i-spanien-2020\/","og_site_name":"Svenska Magasinet","article_publisher":"https:\/\/www.facebook.com\/svenskamagasinet","article_published_time":"2020-01-02T23:00:00+00:00","og_image":[{"width":700,"height":420,"url":"https:\/\/lightweb.dev\/l\/svm-temp\/wp-content\/uploads\/2022\/06\/trettonhelgen-i-spanien-2020.png","type":"image\/png"}],"author":"Redaktionen SvM","twitter_card":"summary_large_image","twitter_creator":"@SvenskaMagasine","twitter_site":"@SvenskaMagasine","schema":{"@context":"https:\/\/schema.org","@graph":[{"@type":"Article","@id":"https:\/\/lightweb.dev\/l\/svm-temp\/nyheter\/trettonhelgen-i-spanien-2020\/#article","isPartOf":{"@id":"https:\/\/lightweb.dev\/l\/svm-temp\/nyheter\/trettonhelgen-i-spanien-2020\/"},"author":{"name":"Redaktionen SvM","@id":"https:\/\/lightweb.dev\/l\/svm-temp\/#\/schema\/person\/206a3bda5b607b0c25e1749191e4d837"},"headline":"Trettonhelgen i Spanien 2020","datePublished":"2020-01-02T23:00:00+00:00","mainEntityOfPage":{"@id":"https:\/\/lightweb.dev\/l\/svm-temp\/nyheter\/trettonhelgen-i-spanien-2020\/"},"wordCount":605,"commentCount":1,"publisher":{"@id":"https:\/\/lightweb.dev\/l\/svm-temp\/#organization"},"image":{"@id":"https:\/\/lightweb.dev\/l\/svm-temp\/nyheter\/trettonhelgen-i-spanien-2020\/#primaryimage"},"thumbnailUrl":"https:\/\/lightweb.dev\/l\/svm-temp\/wp-content\/uploads\/2022\/06\/trettonhelgen-i-spanien-2020.png","articleSection":["Arkiv","Nyheter"],"inLanguage":"sv-SE"},{"@type":"WebPage","@id":"https:\/\/lightweb.dev\/l\/svm-temp\/nyheter\/trettonhelgen-i-spanien-2020\/","url":"https:\/\/lightweb.dev\/l\/svm-temp\/nyheter\/trettonhelgen-i-spanien-2020\/","name":"Trettonhelgen i Spanien 2020 - Svenska Magasinet","isPartOf":{"@id":"https:\/\/lightweb.dev\/l\/svm-temp\/#website"},"primaryImageOfPage":{"@id":"https:\/\/lightweb.dev\/l\/svm-temp\/nyheter\/trettonhelgen-i-spanien-2020\/#primaryimage"},"image":{"@id":"https:\/\/lightweb.dev\/l\/svm-temp\/nyheter\/trettonhelgen-i-spanien-2020\/#primaryimage"},"thumbnailUrl":"https:\/\/lightweb.dev\/l\/svm-temp\/wp-content\/uploads\/2022\/06\/trettonhelgen-i-spanien-2020.png","datePublished":"2020-01-02T23:00:00+00:00","breadcrumb":{"@id":"https:\/\/lightweb.dev\/l\/svm-temp\/nyheter\/trettonhelgen-i-spanien-2020\/#breadcrumb"},"inLanguage":"sv-SE","potentialAction":[{"@type":"ReadAction","target":["https:\/\/lightweb.dev\/l\/svm-temp\/nyheter\/trettonhelgen-i-spanien-2020\/"]}]},{"@type":"ImageObject","inLanguage":"sv-SE","@id":"https:\/\/lightweb.dev\/l\/svm-temp\/nyheter\/trettonhelgen-i-spanien-2020\/#primaryimage","url":"https:\/\/lightweb.dev\/l\/svm-temp\/wp-content\/uploads\/2022\/06\/trettonhelgen-i-spanien-2020.png","contentUrl":"https:\/\/lightweb.dev\/l\/svm-temp\/wp-content\/uploads\/2022\/06\/trettonhelgen-i-spanien-2020.png","width":700,"height":420},{"@type":"BreadcrumbList","@id":"https:\/\/lightweb.dev\/l\/svm-temp\/nyheter\/trettonhelgen-i-spanien-2020\/#breadcrumb","itemListElement":[{"@type":"ListItem","position":1,"name":"Hem","item":"https:\/\/lightweb.dev\/l\/svm-temp\/"},{"@type":"ListItem","position":2,"name":"Trettonhelgen i Spanien 2020"}]},{"@type":"WebSite","@id":"https:\/\/lightweb.dev\/l\/svm-temp\/#website","url":"https:\/\/lightweb.dev\/l\/svm-temp\/","name":"Svenska Magasinet","description":"Dina Spanska nyheter p&aring; Svenska","publisher":{"@id":"https:\/\/lightweb.dev\/l\/svm-temp\/#organization"},"potentialAction":[{"@type":"SearchAction","target":{"@type":"EntryPoint","urlTemplate":"https:\/\/lightweb.dev\/l\/svm-temp\/?s={search_term_string}"},"query-input":{"@type":"PropertyValueSpecification","valueRequired":true,"valueName":"search_term_string"}}],"inLanguage":"sv-SE"},{"@type":"Organization","@id":"https:\/\/lightweb.dev\/l\/svm-temp\/#organization","name":"Melkerson y Nott SL","alternateName":"Svenska Magasinet","url":"https:\/\/lightweb.dev\/l\/svm-temp\/","logo":{"@type":"ImageObject","inLanguage":"sv-SE","@id":"https:\/\/lightweb.dev\/l\/svm-temp\/#\/schema\/logo\/image\/","url":"https:\/\/lightweb.dev\/l\/svm-temp\/wp-content\/uploads\/2025\/02\/SvM-logo-Xtra-Centrerad-SVART.png","contentUrl":"https:\/\/lightweb.dev\/l\/svm-temp\/wp-content\/uploads\/2025\/02\/SvM-logo-Xtra-Centrerad-SVART.png","width":300,"height":99,"caption":"Melkerson y Nott SL"},"image":{"@id":"https:\/\/lightweb.dev\/l\/svm-temp\/#\/schema\/logo\/image\/"},"sameAs":["https:\/\/www.facebook.com\/svenskamagasinet","https:\/\/x.com\/SvenskaMagasine"]},{"@type":"Person","@id":"https:\/\/lightweb.dev\/l\/svm-temp\/#\/schema\/person\/206a3bda5b607b0c25e1749191e4d837","name":"Redaktionen SvM","description":"Redaktionen","sameAs":["https:\/\/lightweb.dev\/l\/svm-temp"],"url":"https:\/\/lightweb.dev\/l\/svm-temp\/reporter\/redaktionen\/"}]}},"_links":{"self":[{"href":"https:\/\/lightweb.dev\/l\/svm-temp\/wp-json\/wp\/v2\/posts\/15013","targetHints":{"allow":["GET"]}}],"collection":[{"href":"https:\/\/lightweb.dev\/l\/svm-temp\/wp-json\/wp\/v2\/posts"}],"about":[{"href":"https:\/\/lightweb.dev\/l\/svm-temp\/wp-json\/wp\/v2\/types\/post"}],"author":[{"embeddable":true,"href":"https:\/\/lightweb.dev\/l\/svm-temp\/wp-json\/wp\/v2\/users\/8"}],"replies":[{"embeddable":true,"href":"https:\/\/lightweb.dev\/l\/svm-temp\/wp-json\/wp\/v2\/comments?post=15013"}],"version-history":[{"count":0,"href":"https:\/\/lightweb.dev\/l\/svm-temp\/wp-json\/wp\/v2\/posts\/15013\/revisions"}],"wp:featuredmedia":[{"embeddable":true,"href":"https:\/\/lightweb.dev\/l\/svm-temp\/wp-json\/wp\/v2\/media\/15014"}],"wp:attachment":[{"href":"https:\/\/lightweb.dev\/l\/svm-temp\/wp-json\/wp\/v2\/media?parent=15013"}],"wp:term":[{"taxonomy":"category","embeddable":true,"href":"https:\/\/lightweb.dev\/l\/svm-temp\/wp-json\/wp\/v2\/categories?post=15013"},{"taxonomy":"post_tag","embeddable":true,"href":"https:\/\/lightweb.dev\/l\/svm-temp\/wp-json\/wp\/v2\/tags?post=15013"}],"curies":[{"name":"wp","href":"https:\/\/api.w.org\/{rel}","templated":true}]}}