{"id":15015,"date":"2020-01-03T00:00:00","date_gmt":"2020-01-02T23:00:00","guid":{"rendered":"https:\/\/lightweb.dev\/l\/svm-temp\/nyheter\/misstankt-gruppvaldtakt-i-murcia\/"},"modified":"2020-01-03T00:00:00","modified_gmt":"2020-01-02T23:00:00","slug":"misstankt-gruppvaldtakt-i-murcia","status":"publish","type":"post","link":"https:\/\/lightweb.dev\/l\/svm-temp\/nyheter\/misstankt-gruppvaldtakt-i-murcia\/","title":{"rendered":"Misst\u00e4nkt gruppv\u00e5ldt\u00e4kt i Murcia"},"content":{"rendered":"<p> Tre m\u00e4n fr\u00e5n Afghanistan har gripits i Murcia efter misst\u00e4nkt gruppv\u00e5ldt\u00e4kt, sex\u00f6vergrepp och misshandel av tre unga amerikanska systrar fr\u00e5n Ohio. Det skriver Spaniens st\u00f6rsta dagstidning El Pa\u00eds. M\u00e4nnen tr\u00e4ffade systrarna son \u00e4r i \u00e5ldrarna 18, 20 och 23 \u00e5r p\u00e5 en nattklubb p\u00e5 ny\u00e5rsafton.<\/p>\n<p>Gruppv\u00e5ldt\u00e4kten ska ha intr\u00e4ffat i tv\u00e5 olika l\u00e4genheter varav den ena ligger  p\u00e5 plaza Candelaria i stadsdelen Santa Eulalia i Murcia enligt anm\u00e4lan. Det tog 24 timmar s\u00e5 hade spansk nationalpolis identifierat och gripit de misst\u00e4nkta g\u00e4rningsm\u00e4nnen genom att ta in vittnesm\u00e5l och studera material fr\u00e5n \u00f6vervakningskameror i omr\u00e5det. H\u00e4ktningsf\u00f6rhandlingar kommer att h\u00e5llas under fredagen skriver La Opini\u00f3n de Murcia.<\/p>\n<p>En av kvinnorna ska f\u00f6rst ha l\u00e4mnat baren tillsammans med en av m\u00e4nnen och tagit sig till den l\u00e4genhet d\u00e4r kvinnorna bodde. De \u00f6vriga tog sig till m\u00e4nnens l\u00e4genhet.<\/p>\n<p>En r\u00e4ttsmedicinsk unders\u00f6kning av kvinnorna har utf\u00f6rts vid sjukhuset Hospital Virgen de la Arrixaca i Murcia, skriver La Opini\u00f3n de Murcia. Tv\u00e5 av kvinnorna blev utsatta f\u00f6r v\u00e5ldt\u00e4kt vaginalt. M\u00e4nnen som \u00e4r mellan 20 och 25 \u00e5r anv\u00e4nde inte kondom varf\u00f6r det g\u00e5r att s\u00e4kra DNA.<\/p>\n<p>Den tredje kvinnan blev inte utsatt f\u00f6r v\u00e5ldt\u00e4kt. I detta fall \u00e4r brottsrubriceringen sex\u00f6vergrepp och misshandel.<\/p>\n<p>En av systrarna hade under fyra m\u00e5nader studerat vid Murcia universitet. De \u00f6vriga hade rest till Spanien f\u00f6r att bes\u00f6ka henne. De hade planerat att p\u00e5 torsdagen gemensamt \u00e5terv\u00e4nda till USA.<\/p>\n<p>Den konsul\u00e4ra avdelningen vid den amerikanska ambassaden i Madrid har erbjudit hj\u00e4lp och st\u00f6d, enligt en talesperson f\u00f6r spanska utrikesdepartementet.<\/p>\n<p>Tv\u00e5 av de tre m\u00e4nnen uppges vara asyls\u00f6kande i Spanien skriver ABC.<\/p>\n<p>(Arkivbild)<\/p>\n","protected":false},"excerpt":{"rendered":"<p>Tre m\u00e4n fr\u00e5n Afghanistan har gripits i Murcia efter misst\u00e4nkt gruppv\u00e5ldt\u00e4kt, sex\u00f6vergrepp och misshandel av tre unga amerikanska systrar fr\u00e5n Ohio. Det skriver Spaniens st\u00f6rsta dagstidning El Pa\u00eds. M\u00e4nnen tr\u00e4ffade systrarna son \u00e4r i \u00e5ldrarna 18, 20 och 23 \u00e5r p\u00e5 en nattklubb p\u00e5 ny\u00e5rsafton. Gruppv\u00e5ldt\u00e4kten ska ha intr\u00e4ffat i tv\u00e5 olika l\u00e4genheter varav den [&hellip;]<\/p>\n","protected":false},"author":8,"featured_media":15016,"comment_status":"open","ping_status":"open","sticky":false,"template":"","format":"standard","meta":{"_et_pb_use_builder":"","_et_pb_old_content":"","_et_gb_content_width":"","footnotes":""},"categories":[395,3],"tags":[],"class_list":["post-15015","post","type-post","status-publish","format-standard","has-post-thumbnail","hentry","category-arkiv-nyheter","category-nyheter"],"yoast_head":"<!-- This site is optimized with the Yoast SEO Premium plugin v26.2 (Yoast SEO v27.4) - https:\/\/yoast.com\/product\/yoast-seo-premium-wordpress\/ -->\n<title>Misst\u00e4nkt gruppv\u00e5ldt\u00e4kt i Murcia - Svenska Magasinet<\/title>\n<meta name=\"robots\" content=\"noindex, follow, max-snippet:-1, max-image-preview:large, max-video-preview:-1\" \/>\n<meta property=\"og:locale\" content=\"sv_SE\" \/>\n<meta property=\"og:type\" content=\"article\" \/>\n<meta property=\"og:title\" content=\"Misst\u00e4nkt gruppv\u00e5ldt\u00e4kt i Murcia\" \/>\n<meta property=\"og:description\" content=\"Tre m\u00e4n fr\u00e5n Afghanistan har gripits i Murcia efter misst\u00e4nkt gruppv\u00e5ldt\u00e4kt, sex\u00f6vergrepp och misshandel av tre unga amerikanska systrar fr\u00e5n Ohio. Det skriver Spaniens st\u00f6rsta dagstidning El Pa\u00eds. M\u00e4nnen tr\u00e4ffade systrarna son \u00e4r i \u00e5ldrarna 18, 20 och 23 \u00e5r p\u00e5 en nattklubb p\u00e5 ny\u00e5rsafton. Gruppv\u00e5ldt\u00e4kten ska ha intr\u00e4ffat i tv\u00e5 olika l\u00e4genheter varav den [&hellip;]\" \/>\n<meta property=\"og:url\" content=\"https:\/\/lightweb.dev\/l\/svm-temp\/nyheter\/misstankt-gruppvaldtakt-i-murcia\/\" \/>\n<meta property=\"og:site_name\" content=\"Svenska Magasinet\" \/>\n<meta property=\"article:publisher\" content=\"https:\/\/www.facebook.com\/svenskamagasinet\" \/>\n<meta property=\"article:published_time\" content=\"2020-01-02T23:00:00+00:00\" \/>\n<meta property=\"og:image\" content=\"https:\/\/lightweb.dev\/l\/svm-temp\/wp-content\/uploads\/2022\/06\/misstankt-gruppvaldtakt-i-murcia.png\" \/>\n\t<meta property=\"og:image:width\" content=\"700\" \/>\n\t<meta property=\"og:image:height\" content=\"420\" \/>\n\t<meta property=\"og:image:type\" content=\"image\/png\" \/>\n<meta name=\"author\" content=\"Redaktionen SvM\" \/>\n<meta name=\"twitter:card\" content=\"summary_large_image\" \/>\n<meta name=\"twitter:creator\" content=\"@SvenskaMagasine\" \/>\n<meta name=\"twitter:site\" content=\"@SvenskaMagasine\" \/>\n<script type=\"application\/ld+json\" class=\"yoast-schema-graph\">{\"@context\":\"https:\\\/\\\/schema.org\",\"@graph\":[{\"@type\":\"Article\",\"@id\":\"https:\\\/\\\/lightweb.dev\\\/l\\\/svm-temp\\\/nyheter\\\/misstankt-gruppvaldtakt-i-murcia\\\/#article\",\"isPartOf\":{\"@id\":\"https:\\\/\\\/lightweb.dev\\\/l\\\/svm-temp\\\/nyheter\\\/misstankt-gruppvaldtakt-i-murcia\\\/\"},\"author\":{\"name\":\"Redaktionen SvM\",\"@id\":\"https:\\\/\\\/lightweb.dev\\\/l\\\/svm-temp\\\/#\\\/schema\\\/person\\\/206a3bda5b607b0c25e1749191e4d837\"},\"headline\":\"Misst\u00e4nkt gruppv\u00e5ldt\u00e4kt i Murcia\",\"datePublished\":\"2020-01-02T23:00:00+00:00\",\"mainEntityOfPage\":{\"@id\":\"https:\\\/\\\/lightweb.dev\\\/l\\\/svm-temp\\\/nyheter\\\/misstankt-gruppvaldtakt-i-murcia\\\/\"},\"wordCount\":321,\"commentCount\":0,\"publisher\":{\"@id\":\"https:\\\/\\\/lightweb.dev\\\/l\\\/svm-temp\\\/#organization\"},\"image\":{\"@id\":\"https:\\\/\\\/lightweb.dev\\\/l\\\/svm-temp\\\/nyheter\\\/misstankt-gruppvaldtakt-i-murcia\\\/#primaryimage\"},\"thumbnailUrl\":\"https:\\\/\\\/lightweb.dev\\\/l\\\/svm-temp\\\/wp-content\\\/uploads\\\/2022\\\/06\\\/misstankt-gruppvaldtakt-i-murcia.png\",\"articleSection\":[\"Arkiv\",\"Nyheter\"],\"inLanguage\":\"sv-SE\"},{\"@type\":\"WebPage\",\"@id\":\"https:\\\/\\\/lightweb.dev\\\/l\\\/svm-temp\\\/nyheter\\\/misstankt-gruppvaldtakt-i-murcia\\\/\",\"url\":\"https:\\\/\\\/lightweb.dev\\\/l\\\/svm-temp\\\/nyheter\\\/misstankt-gruppvaldtakt-i-murcia\\\/\",\"name\":\"Misst\u00e4nkt gruppv\u00e5ldt\u00e4kt i Murcia - Svenska Magasinet\",\"isPartOf\":{\"@id\":\"https:\\\/\\\/lightweb.dev\\\/l\\\/svm-temp\\\/#website\"},\"primaryImageOfPage\":{\"@id\":\"https:\\\/\\\/lightweb.dev\\\/l\\\/svm-temp\\\/nyheter\\\/misstankt-gruppvaldtakt-i-murcia\\\/#primaryimage\"},\"image\":{\"@id\":\"https:\\\/\\\/lightweb.dev\\\/l\\\/svm-temp\\\/nyheter\\\/misstankt-gruppvaldtakt-i-murcia\\\/#primaryimage\"},\"thumbnailUrl\":\"https:\\\/\\\/lightweb.dev\\\/l\\\/svm-temp\\\/wp-content\\\/uploads\\\/2022\\\/06\\\/misstankt-gruppvaldtakt-i-murcia.png\",\"datePublished\":\"2020-01-02T23:00:00+00:00\",\"breadcrumb\":{\"@id\":\"https:\\\/\\\/lightweb.dev\\\/l\\\/svm-temp\\\/nyheter\\\/misstankt-gruppvaldtakt-i-murcia\\\/#breadcrumb\"},\"inLanguage\":\"sv-SE\",\"potentialAction\":[{\"@type\":\"ReadAction\",\"target\":[\"https:\\\/\\\/lightweb.dev\\\/l\\\/svm-temp\\\/nyheter\\\/misstankt-gruppvaldtakt-i-murcia\\\/\"]}]},{\"@type\":\"ImageObject\",\"inLanguage\":\"sv-SE\",\"@id\":\"https:\\\/\\\/lightweb.dev\\\/l\\\/svm-temp\\\/nyheter\\\/misstankt-gruppvaldtakt-i-murcia\\\/#primaryimage\",\"url\":\"https:\\\/\\\/lightweb.dev\\\/l\\\/svm-temp\\\/wp-content\\\/uploads\\\/2022\\\/06\\\/misstankt-gruppvaldtakt-i-murcia.png\",\"contentUrl\":\"https:\\\/\\\/lightweb.dev\\\/l\\\/svm-temp\\\/wp-content\\\/uploads\\\/2022\\\/06\\\/misstankt-gruppvaldtakt-i-murcia.png\",\"width\":700,\"height\":420},{\"@type\":\"BreadcrumbList\",\"@id\":\"https:\\\/\\\/lightweb.dev\\\/l\\\/svm-temp\\\/nyheter\\\/misstankt-gruppvaldtakt-i-murcia\\\/#breadcrumb\",\"itemListElement\":[{\"@type\":\"ListItem\",\"position\":1,\"name\":\"Hem\",\"item\":\"https:\\\/\\\/lightweb.dev\\\/l\\\/svm-temp\\\/\"},{\"@type\":\"ListItem\",\"position\":2,\"name\":\"Misst\u00e4nkt gruppv\u00e5ldt\u00e4kt i Murcia\"}]},{\"@type\":\"WebSite\",\"@id\":\"https:\\\/\\\/lightweb.dev\\\/l\\\/svm-temp\\\/#website\",\"url\":\"https:\\\/\\\/lightweb.dev\\\/l\\\/svm-temp\\\/\",\"name\":\"Svenska Magasinet\",\"description\":\"Dina Spanska nyheter p&aring; Svenska\",\"publisher\":{\"@id\":\"https:\\\/\\\/lightweb.dev\\\/l\\\/svm-temp\\\/#organization\"},\"potentialAction\":[{\"@type\":\"SearchAction\",\"target\":{\"@type\":\"EntryPoint\",\"urlTemplate\":\"https:\\\/\\\/lightweb.dev\\\/l\\\/svm-temp\\\/?s={search_term_string}\"},\"query-input\":{\"@type\":\"PropertyValueSpecification\",\"valueRequired\":true,\"valueName\":\"search_term_string\"}}],\"inLanguage\":\"sv-SE\"},{\"@type\":\"Organization\",\"@id\":\"https:\\\/\\\/lightweb.dev\\\/l\\\/svm-temp\\\/#organization\",\"name\":\"Melkerson y Nott SL\",\"alternateName\":\"Svenska Magasinet\",\"url\":\"https:\\\/\\\/lightweb.dev\\\/l\\\/svm-temp\\\/\",\"logo\":{\"@type\":\"ImageObject\",\"inLanguage\":\"sv-SE\",\"@id\":\"https:\\\/\\\/lightweb.dev\\\/l\\\/svm-temp\\\/#\\\/schema\\\/logo\\\/image\\\/\",\"url\":\"https:\\\/\\\/lightweb.dev\\\/l\\\/svm-temp\\\/wp-content\\\/uploads\\\/2025\\\/02\\\/SvM-logo-Xtra-Centrerad-SVART.png\",\"contentUrl\":\"https:\\\/\\\/lightweb.dev\\\/l\\\/svm-temp\\\/wp-content\\\/uploads\\\/2025\\\/02\\\/SvM-logo-Xtra-Centrerad-SVART.png\",\"width\":300,\"height\":99,\"caption\":\"Melkerson y Nott SL\"},\"image\":{\"@id\":\"https:\\\/\\\/lightweb.dev\\\/l\\\/svm-temp\\\/#\\\/schema\\\/logo\\\/image\\\/\"},\"sameAs\":[\"https:\\\/\\\/www.facebook.com\\\/svenskamagasinet\",\"https:\\\/\\\/x.com\\\/SvenskaMagasine\"]},{\"@type\":\"Person\",\"@id\":\"https:\\\/\\\/lightweb.dev\\\/l\\\/svm-temp\\\/#\\\/schema\\\/person\\\/206a3bda5b607b0c25e1749191e4d837\",\"name\":\"Redaktionen SvM\",\"description\":\"Redaktionen\",\"sameAs\":[\"https:\\\/\\\/lightweb.dev\\\/l\\\/svm-temp\"],\"url\":\"https:\\\/\\\/lightweb.dev\\\/l\\\/svm-temp\\\/reporter\\\/redaktionen\\\/\"}]}<\/script>\n<!-- \/ Yoast SEO Premium plugin. -->","yoast_head_json":{"title":"Misst\u00e4nkt gruppv\u00e5ldt\u00e4kt i Murcia - Svenska Magasinet","robots":{"index":"noindex","follow":"follow","max-snippet":"max-snippet:-1","max-image-preview":"max-image-preview:large","max-video-preview":"max-video-preview:-1"},"og_locale":"sv_SE","og_type":"article","og_title":"Misst\u00e4nkt gruppv\u00e5ldt\u00e4kt i Murcia","og_description":"Tre m\u00e4n fr\u00e5n Afghanistan har gripits i Murcia efter misst\u00e4nkt gruppv\u00e5ldt\u00e4kt, sex\u00f6vergrepp och misshandel av tre unga amerikanska systrar fr\u00e5n Ohio. Det skriver Spaniens st\u00f6rsta dagstidning El Pa\u00eds. M\u00e4nnen tr\u00e4ffade systrarna son \u00e4r i \u00e5ldrarna 18, 20 och 23 \u00e5r p\u00e5 en nattklubb p\u00e5 ny\u00e5rsafton. Gruppv\u00e5ldt\u00e4kten ska ha intr\u00e4ffat i tv\u00e5 olika l\u00e4genheter varav den [&hellip;]","og_url":"https:\/\/lightweb.dev\/l\/svm-temp\/nyheter\/misstankt-gruppvaldtakt-i-murcia\/","og_site_name":"Svenska Magasinet","article_publisher":"https:\/\/www.facebook.com\/svenskamagasinet","article_published_time":"2020-01-02T23:00:00+00:00","og_image":[{"width":700,"height":420,"url":"https:\/\/lightweb.dev\/l\/svm-temp\/wp-content\/uploads\/2022\/06\/misstankt-gruppvaldtakt-i-murcia.png","type":"image\/png"}],"author":"Redaktionen SvM","twitter_card":"summary_large_image","twitter_creator":"@SvenskaMagasine","twitter_site":"@SvenskaMagasine","schema":{"@context":"https:\/\/schema.org","@graph":[{"@type":"Article","@id":"https:\/\/lightweb.dev\/l\/svm-temp\/nyheter\/misstankt-gruppvaldtakt-i-murcia\/#article","isPartOf":{"@id":"https:\/\/lightweb.dev\/l\/svm-temp\/nyheter\/misstankt-gruppvaldtakt-i-murcia\/"},"author":{"name":"Redaktionen SvM","@id":"https:\/\/lightweb.dev\/l\/svm-temp\/#\/schema\/person\/206a3bda5b607b0c25e1749191e4d837"},"headline":"Misst\u00e4nkt gruppv\u00e5ldt\u00e4kt i Murcia","datePublished":"2020-01-02T23:00:00+00:00","mainEntityOfPage":{"@id":"https:\/\/lightweb.dev\/l\/svm-temp\/nyheter\/misstankt-gruppvaldtakt-i-murcia\/"},"wordCount":321,"commentCount":0,"publisher":{"@id":"https:\/\/lightweb.dev\/l\/svm-temp\/#organization"},"image":{"@id":"https:\/\/lightweb.dev\/l\/svm-temp\/nyheter\/misstankt-gruppvaldtakt-i-murcia\/#primaryimage"},"thumbnailUrl":"https:\/\/lightweb.dev\/l\/svm-temp\/wp-content\/uploads\/2022\/06\/misstankt-gruppvaldtakt-i-murcia.png","articleSection":["Arkiv","Nyheter"],"inLanguage":"sv-SE"},{"@type":"WebPage","@id":"https:\/\/lightweb.dev\/l\/svm-temp\/nyheter\/misstankt-gruppvaldtakt-i-murcia\/","url":"https:\/\/lightweb.dev\/l\/svm-temp\/nyheter\/misstankt-gruppvaldtakt-i-murcia\/","name":"Misst\u00e4nkt gruppv\u00e5ldt\u00e4kt i Murcia - Svenska Magasinet","isPartOf":{"@id":"https:\/\/lightweb.dev\/l\/svm-temp\/#website"},"primaryImageOfPage":{"@id":"https:\/\/lightweb.dev\/l\/svm-temp\/nyheter\/misstankt-gruppvaldtakt-i-murcia\/#primaryimage"},"image":{"@id":"https:\/\/lightweb.dev\/l\/svm-temp\/nyheter\/misstankt-gruppvaldtakt-i-murcia\/#primaryimage"},"thumbnailUrl":"https:\/\/lightweb.dev\/l\/svm-temp\/wp-content\/uploads\/2022\/06\/misstankt-gruppvaldtakt-i-murcia.png","datePublished":"2020-01-02T23:00:00+00:00","breadcrumb":{"@id":"https:\/\/lightweb.dev\/l\/svm-temp\/nyheter\/misstankt-gruppvaldtakt-i-murcia\/#breadcrumb"},"inLanguage":"sv-SE","potentialAction":[{"@type":"ReadAction","target":["https:\/\/lightweb.dev\/l\/svm-temp\/nyheter\/misstankt-gruppvaldtakt-i-murcia\/"]}]},{"@type":"ImageObject","inLanguage":"sv-SE","@id":"https:\/\/lightweb.dev\/l\/svm-temp\/nyheter\/misstankt-gruppvaldtakt-i-murcia\/#primaryimage","url":"https:\/\/lightweb.dev\/l\/svm-temp\/wp-content\/uploads\/2022\/06\/misstankt-gruppvaldtakt-i-murcia.png","contentUrl":"https:\/\/lightweb.dev\/l\/svm-temp\/wp-content\/uploads\/2022\/06\/misstankt-gruppvaldtakt-i-murcia.png","width":700,"height":420},{"@type":"BreadcrumbList","@id":"https:\/\/lightweb.dev\/l\/svm-temp\/nyheter\/misstankt-gruppvaldtakt-i-murcia\/#breadcrumb","itemListElement":[{"@type":"ListItem","position":1,"name":"Hem","item":"https:\/\/lightweb.dev\/l\/svm-temp\/"},{"@type":"ListItem","position":2,"name":"Misst\u00e4nkt gruppv\u00e5ldt\u00e4kt i Murcia"}]},{"@type":"WebSite","@id":"https:\/\/lightweb.dev\/l\/svm-temp\/#website","url":"https:\/\/lightweb.dev\/l\/svm-temp\/","name":"Svenska Magasinet","description":"Dina Spanska nyheter p&aring; Svenska","publisher":{"@id":"https:\/\/lightweb.dev\/l\/svm-temp\/#organization"},"potentialAction":[{"@type":"SearchAction","target":{"@type":"EntryPoint","urlTemplate":"https:\/\/lightweb.dev\/l\/svm-temp\/?s={search_term_string}"},"query-input":{"@type":"PropertyValueSpecification","valueRequired":true,"valueName":"search_term_string"}}],"inLanguage":"sv-SE"},{"@type":"Organization","@id":"https:\/\/lightweb.dev\/l\/svm-temp\/#organization","name":"Melkerson y Nott SL","alternateName":"Svenska Magasinet","url":"https:\/\/lightweb.dev\/l\/svm-temp\/","logo":{"@type":"ImageObject","inLanguage":"sv-SE","@id":"https:\/\/lightweb.dev\/l\/svm-temp\/#\/schema\/logo\/image\/","url":"https:\/\/lightweb.dev\/l\/svm-temp\/wp-content\/uploads\/2025\/02\/SvM-logo-Xtra-Centrerad-SVART.png","contentUrl":"https:\/\/lightweb.dev\/l\/svm-temp\/wp-content\/uploads\/2025\/02\/SvM-logo-Xtra-Centrerad-SVART.png","width":300,"height":99,"caption":"Melkerson y Nott SL"},"image":{"@id":"https:\/\/lightweb.dev\/l\/svm-temp\/#\/schema\/logo\/image\/"},"sameAs":["https:\/\/www.facebook.com\/svenskamagasinet","https:\/\/x.com\/SvenskaMagasine"]},{"@type":"Person","@id":"https:\/\/lightweb.dev\/l\/svm-temp\/#\/schema\/person\/206a3bda5b607b0c25e1749191e4d837","name":"Redaktionen SvM","description":"Redaktionen","sameAs":["https:\/\/lightweb.dev\/l\/svm-temp"],"url":"https:\/\/lightweb.dev\/l\/svm-temp\/reporter\/redaktionen\/"}]}},"_links":{"self":[{"href":"https:\/\/lightweb.dev\/l\/svm-temp\/wp-json\/wp\/v2\/posts\/15015","targetHints":{"allow":["GET"]}}],"collection":[{"href":"https:\/\/lightweb.dev\/l\/svm-temp\/wp-json\/wp\/v2\/posts"}],"about":[{"href":"https:\/\/lightweb.dev\/l\/svm-temp\/wp-json\/wp\/v2\/types\/post"}],"author":[{"embeddable":true,"href":"https:\/\/lightweb.dev\/l\/svm-temp\/wp-json\/wp\/v2\/users\/8"}],"replies":[{"embeddable":true,"href":"https:\/\/lightweb.dev\/l\/svm-temp\/wp-json\/wp\/v2\/comments?post=15015"}],"version-history":[{"count":0,"href":"https:\/\/lightweb.dev\/l\/svm-temp\/wp-json\/wp\/v2\/posts\/15015\/revisions"}],"wp:featuredmedia":[{"embeddable":true,"href":"https:\/\/lightweb.dev\/l\/svm-temp\/wp-json\/wp\/v2\/media\/15016"}],"wp:attachment":[{"href":"https:\/\/lightweb.dev\/l\/svm-temp\/wp-json\/wp\/v2\/media?parent=15015"}],"wp:term":[{"taxonomy":"category","embeddable":true,"href":"https:\/\/lightweb.dev\/l\/svm-temp\/wp-json\/wp\/v2\/categories?post=15015"},{"taxonomy":"post_tag","embeddable":true,"href":"https:\/\/lightweb.dev\/l\/svm-temp\/wp-json\/wp\/v2\/tags?post=15015"}],"curies":[{"name":"wp","href":"https:\/\/api.w.org\/{rel}","templated":true}]}}