{"id":15023,"date":"2020-01-02T00:00:00","date_gmt":"2020-01-01T23:00:00","guid":{"rendered":"https:\/\/lightweb.dev\/l\/svm-temp\/nyheter\/ekonomiskt-stod-pa-200-miljoner-euro-efter-thomas-cook-konkurs\/"},"modified":"2020-01-02T00:00:00","modified_gmt":"2020-01-01T23:00:00","slug":"ekonomiskt-stod-pa-200-miljoner-euro-efter-thomas-cook-konkurs","status":"publish","type":"post","link":"https:\/\/lightweb.dev\/l\/svm-temp\/nyheter\/ekonomiskt-stod-pa-200-miljoner-euro-efter-thomas-cook-konkurs\/","title":{"rendered":"Ekonomiskt st\u00f6d p\u00e5 200 miljoner euro efter Thomas Cook-konkurs"},"content":{"rendered":"<p> Regeringen har gett gr\u00f6nt ljus till en kredit p\u00e5 200 miljoner euro till f\u00f6retag inom turistsektorn som har p\u00e5verkats efter konkursen av researrang\u00f6ren Thomas Cook. Det meddelar ministerr\u00e5det efter att ha slutit ett avtal med kreditinstitutet ICO (Instituto de Cr\u00e9dito Oficial).<\/p>\n<p>Resej\u00e4ttens fall \u00e4r ett h\u00e5rt slag f\u00f6r hotellbranschen. Det sa Jean Molas, ordf\u00f6rande f\u00f6r den spanska sammanslutningen av hotell och turism till tidningen El Pa\u00eds. Han representerar 15.000 f\u00f6retag i sektorn.<\/p>\n<p>\u201dDet finns 500 hotell som kommer att st\u00e4ngas omedelbart av konkursen och situationen kan bli v\u00e4rre om regeringen inte g\u00f6r n\u00e5gonting\u201d, sa Jean Molas tidigare.<\/p>\n<p>Av de 500 hotellen har 100 stycken haft enbart Thomas Cook-g\u00e4ster, medan de \u00f6vriga haft en kundkrets p\u00e5 mellan 30 och 60 procent.<\/p>\n<p>Jean Molas tar ett f\u00f6retag p\u00e5 Fuerteventura som exempel: hotellet har just renoverat f\u00f6r 20 miljoner euro och kommer st\u00e5 med 700 lediga rum och 200 sysslol\u00f6sa anst\u00e4llda den 7 oktober. Thomas Cook var den n\u00e4st st\u00f6rsta researrang\u00f6ren i Spanien.<\/p>\n<p>Under 2018 transporterade Thomas Cook-gruppen 1,3 miljoner passagerare till Spanien, flest till Kanarie\u00f6arna med mer \u00e4n 800.000 passagerare, vilket motsvarade 62 procent av den totala kvoten.<\/p>\n<p>F\u00f6r att mildra effekterna av konkursen har regeringen beslutat om en kredit p\u00e5 200 miljoner euro.<\/p>\n<p>Spaniens t f turistminister Reyes Maroto s\u00e4ger att det r\u00f6r sig om ett \u00e5tg\u00e4rdspaket som regeringen snabbt har godk\u00e4nt f\u00f6r att tillgodose behoven inom den spanska turistsektorn efter Thomas Cooks konkurs som fr\u00e4mst p\u00e5verkade \u00f6grupperna Balearerna och Kanarie\u00f6arna.<\/p>\n","protected":false},"excerpt":{"rendered":"<p>Regeringen har gett gr\u00f6nt ljus till en kredit p\u00e5 200 miljoner euro till f\u00f6retag inom turistsektorn som har p\u00e5verkats efter konkursen av researrang\u00f6ren Thomas Cook. Det meddelar ministerr\u00e5det efter att ha slutit ett avtal med kreditinstitutet ICO (Instituto de Cr\u00e9dito Oficial). Resej\u00e4ttens fall \u00e4r ett h\u00e5rt slag f\u00f6r hotellbranschen. Det sa Jean Molas, ordf\u00f6rande f\u00f6r [&hellip;]<\/p>\n","protected":false},"author":8,"featured_media":15024,"comment_status":"open","ping_status":"open","sticky":false,"template":"","format":"standard","meta":{"_et_pb_use_builder":"","_et_pb_old_content":"","_et_gb_content_width":"","footnotes":""},"categories":[395,3],"tags":[],"class_list":["post-15023","post","type-post","status-publish","format-standard","has-post-thumbnail","hentry","category-arkiv-nyheter","category-nyheter"],"yoast_head":"<!-- This site is optimized with the Yoast SEO Premium plugin v26.2 (Yoast SEO v27.4) - https:\/\/yoast.com\/product\/yoast-seo-premium-wordpress\/ -->\n<title>Ekonomiskt st\u00f6d p\u00e5 200 miljoner euro efter Thomas Cook-konkurs - Svenska Magasinet<\/title>\n<meta name=\"robots\" content=\"noindex, follow, max-snippet:-1, max-image-preview:large, max-video-preview:-1\" \/>\n<meta property=\"og:locale\" content=\"sv_SE\" \/>\n<meta property=\"og:type\" content=\"article\" \/>\n<meta property=\"og:title\" content=\"Ekonomiskt st\u00f6d p\u00e5 200 miljoner euro efter Thomas Cook-konkurs\" \/>\n<meta property=\"og:description\" content=\"Regeringen har gett gr\u00f6nt ljus till en kredit p\u00e5 200 miljoner euro till f\u00f6retag inom turistsektorn som har p\u00e5verkats efter konkursen av researrang\u00f6ren Thomas Cook. Det meddelar ministerr\u00e5det efter att ha slutit ett avtal med kreditinstitutet ICO (Instituto de Cr\u00e9dito Oficial). Resej\u00e4ttens fall \u00e4r ett h\u00e5rt slag f\u00f6r hotellbranschen. Det sa Jean Molas, ordf\u00f6rande f\u00f6r [&hellip;]\" \/>\n<meta property=\"og:url\" content=\"https:\/\/lightweb.dev\/l\/svm-temp\/nyheter\/ekonomiskt-stod-pa-200-miljoner-euro-efter-thomas-cook-konkurs\/\" \/>\n<meta property=\"og:site_name\" content=\"Svenska Magasinet\" \/>\n<meta property=\"article:publisher\" content=\"https:\/\/www.facebook.com\/svenskamagasinet\" \/>\n<meta property=\"article:published_time\" content=\"2020-01-01T23:00:00+00:00\" \/>\n<meta property=\"og:image\" content=\"https:\/\/lightweb.dev\/l\/svm-temp\/wp-content\/uploads\/2022\/06\/ekonomiskt-stod-pa-200-miljoner-euro-efter-thomas-cookkonkurs.png\" \/>\n\t<meta property=\"og:image:width\" content=\"700\" \/>\n\t<meta property=\"og:image:height\" content=\"420\" \/>\n\t<meta property=\"og:image:type\" content=\"image\/png\" \/>\n<meta name=\"author\" content=\"Redaktionen SvM\" \/>\n<meta name=\"twitter:card\" content=\"summary_large_image\" \/>\n<meta name=\"twitter:creator\" content=\"@SvenskaMagasine\" \/>\n<meta name=\"twitter:site\" content=\"@SvenskaMagasine\" \/>\n<script type=\"application\/ld+json\" class=\"yoast-schema-graph\">{\"@context\":\"https:\\\/\\\/schema.org\",\"@graph\":[{\"@type\":\"Article\",\"@id\":\"https:\\\/\\\/lightweb.dev\\\/l\\\/svm-temp\\\/nyheter\\\/ekonomiskt-stod-pa-200-miljoner-euro-efter-thomas-cook-konkurs\\\/#article\",\"isPartOf\":{\"@id\":\"https:\\\/\\\/lightweb.dev\\\/l\\\/svm-temp\\\/nyheter\\\/ekonomiskt-stod-pa-200-miljoner-euro-efter-thomas-cook-konkurs\\\/\"},\"author\":{\"name\":\"Redaktionen SvM\",\"@id\":\"https:\\\/\\\/lightweb.dev\\\/l\\\/svm-temp\\\/#\\\/schema\\\/person\\\/206a3bda5b607b0c25e1749191e4d837\"},\"headline\":\"Ekonomiskt st\u00f6d p\u00e5 200 miljoner euro efter Thomas Cook-konkurs\",\"datePublished\":\"2020-01-01T23:00:00+00:00\",\"mainEntityOfPage\":{\"@id\":\"https:\\\/\\\/lightweb.dev\\\/l\\\/svm-temp\\\/nyheter\\\/ekonomiskt-stod-pa-200-miljoner-euro-efter-thomas-cook-konkurs\\\/\"},\"wordCount\":268,\"commentCount\":0,\"publisher\":{\"@id\":\"https:\\\/\\\/lightweb.dev\\\/l\\\/svm-temp\\\/#organization\"},\"image\":{\"@id\":\"https:\\\/\\\/lightweb.dev\\\/l\\\/svm-temp\\\/nyheter\\\/ekonomiskt-stod-pa-200-miljoner-euro-efter-thomas-cook-konkurs\\\/#primaryimage\"},\"thumbnailUrl\":\"https:\\\/\\\/lightweb.dev\\\/l\\\/svm-temp\\\/wp-content\\\/uploads\\\/2022\\\/06\\\/ekonomiskt-stod-pa-200-miljoner-euro-efter-thomas-cookkonkurs.png\",\"articleSection\":[\"Arkiv\",\"Nyheter\"],\"inLanguage\":\"sv-SE\"},{\"@type\":\"WebPage\",\"@id\":\"https:\\\/\\\/lightweb.dev\\\/l\\\/svm-temp\\\/nyheter\\\/ekonomiskt-stod-pa-200-miljoner-euro-efter-thomas-cook-konkurs\\\/\",\"url\":\"https:\\\/\\\/lightweb.dev\\\/l\\\/svm-temp\\\/nyheter\\\/ekonomiskt-stod-pa-200-miljoner-euro-efter-thomas-cook-konkurs\\\/\",\"name\":\"Ekonomiskt st\u00f6d p\u00e5 200 miljoner euro efter Thomas Cook-konkurs - Svenska Magasinet\",\"isPartOf\":{\"@id\":\"https:\\\/\\\/lightweb.dev\\\/l\\\/svm-temp\\\/#website\"},\"primaryImageOfPage\":{\"@id\":\"https:\\\/\\\/lightweb.dev\\\/l\\\/svm-temp\\\/nyheter\\\/ekonomiskt-stod-pa-200-miljoner-euro-efter-thomas-cook-konkurs\\\/#primaryimage\"},\"image\":{\"@id\":\"https:\\\/\\\/lightweb.dev\\\/l\\\/svm-temp\\\/nyheter\\\/ekonomiskt-stod-pa-200-miljoner-euro-efter-thomas-cook-konkurs\\\/#primaryimage\"},\"thumbnailUrl\":\"https:\\\/\\\/lightweb.dev\\\/l\\\/svm-temp\\\/wp-content\\\/uploads\\\/2022\\\/06\\\/ekonomiskt-stod-pa-200-miljoner-euro-efter-thomas-cookkonkurs.png\",\"datePublished\":\"2020-01-01T23:00:00+00:00\",\"breadcrumb\":{\"@id\":\"https:\\\/\\\/lightweb.dev\\\/l\\\/svm-temp\\\/nyheter\\\/ekonomiskt-stod-pa-200-miljoner-euro-efter-thomas-cook-konkurs\\\/#breadcrumb\"},\"inLanguage\":\"sv-SE\",\"potentialAction\":[{\"@type\":\"ReadAction\",\"target\":[\"https:\\\/\\\/lightweb.dev\\\/l\\\/svm-temp\\\/nyheter\\\/ekonomiskt-stod-pa-200-miljoner-euro-efter-thomas-cook-konkurs\\\/\"]}]},{\"@type\":\"ImageObject\",\"inLanguage\":\"sv-SE\",\"@id\":\"https:\\\/\\\/lightweb.dev\\\/l\\\/svm-temp\\\/nyheter\\\/ekonomiskt-stod-pa-200-miljoner-euro-efter-thomas-cook-konkurs\\\/#primaryimage\",\"url\":\"https:\\\/\\\/lightweb.dev\\\/l\\\/svm-temp\\\/wp-content\\\/uploads\\\/2022\\\/06\\\/ekonomiskt-stod-pa-200-miljoner-euro-efter-thomas-cookkonkurs.png\",\"contentUrl\":\"https:\\\/\\\/lightweb.dev\\\/l\\\/svm-temp\\\/wp-content\\\/uploads\\\/2022\\\/06\\\/ekonomiskt-stod-pa-200-miljoner-euro-efter-thomas-cookkonkurs.png\",\"width\":700,\"height\":420},{\"@type\":\"BreadcrumbList\",\"@id\":\"https:\\\/\\\/lightweb.dev\\\/l\\\/svm-temp\\\/nyheter\\\/ekonomiskt-stod-pa-200-miljoner-euro-efter-thomas-cook-konkurs\\\/#breadcrumb\",\"itemListElement\":[{\"@type\":\"ListItem\",\"position\":1,\"name\":\"Hem\",\"item\":\"https:\\\/\\\/lightweb.dev\\\/l\\\/svm-temp\\\/\"},{\"@type\":\"ListItem\",\"position\":2,\"name\":\"Ekonomiskt st\u00f6d p\u00e5 200 miljoner euro efter Thomas Cook-konkurs\"}]},{\"@type\":\"WebSite\",\"@id\":\"https:\\\/\\\/lightweb.dev\\\/l\\\/svm-temp\\\/#website\",\"url\":\"https:\\\/\\\/lightweb.dev\\\/l\\\/svm-temp\\\/\",\"name\":\"Svenska Magasinet\",\"description\":\"Dina Spanska nyheter p&aring; Svenska\",\"publisher\":{\"@id\":\"https:\\\/\\\/lightweb.dev\\\/l\\\/svm-temp\\\/#organization\"},\"potentialAction\":[{\"@type\":\"SearchAction\",\"target\":{\"@type\":\"EntryPoint\",\"urlTemplate\":\"https:\\\/\\\/lightweb.dev\\\/l\\\/svm-temp\\\/?s={search_term_string}\"},\"query-input\":{\"@type\":\"PropertyValueSpecification\",\"valueRequired\":true,\"valueName\":\"search_term_string\"}}],\"inLanguage\":\"sv-SE\"},{\"@type\":\"Organization\",\"@id\":\"https:\\\/\\\/lightweb.dev\\\/l\\\/svm-temp\\\/#organization\",\"name\":\"Melkerson y Nott SL\",\"alternateName\":\"Svenska Magasinet\",\"url\":\"https:\\\/\\\/lightweb.dev\\\/l\\\/svm-temp\\\/\",\"logo\":{\"@type\":\"ImageObject\",\"inLanguage\":\"sv-SE\",\"@id\":\"https:\\\/\\\/lightweb.dev\\\/l\\\/svm-temp\\\/#\\\/schema\\\/logo\\\/image\\\/\",\"url\":\"https:\\\/\\\/lightweb.dev\\\/l\\\/svm-temp\\\/wp-content\\\/uploads\\\/2025\\\/02\\\/SvM-logo-Xtra-Centrerad-SVART.png\",\"contentUrl\":\"https:\\\/\\\/lightweb.dev\\\/l\\\/svm-temp\\\/wp-content\\\/uploads\\\/2025\\\/02\\\/SvM-logo-Xtra-Centrerad-SVART.png\",\"width\":300,\"height\":99,\"caption\":\"Melkerson y Nott SL\"},\"image\":{\"@id\":\"https:\\\/\\\/lightweb.dev\\\/l\\\/svm-temp\\\/#\\\/schema\\\/logo\\\/image\\\/\"},\"sameAs\":[\"https:\\\/\\\/www.facebook.com\\\/svenskamagasinet\",\"https:\\\/\\\/x.com\\\/SvenskaMagasine\"]},{\"@type\":\"Person\",\"@id\":\"https:\\\/\\\/lightweb.dev\\\/l\\\/svm-temp\\\/#\\\/schema\\\/person\\\/206a3bda5b607b0c25e1749191e4d837\",\"name\":\"Redaktionen SvM\",\"description\":\"Redaktionen\",\"sameAs\":[\"https:\\\/\\\/lightweb.dev\\\/l\\\/svm-temp\"],\"url\":\"https:\\\/\\\/lightweb.dev\\\/l\\\/svm-temp\\\/reporter\\\/redaktionen\\\/\"}]}<\/script>\n<!-- \/ Yoast SEO Premium plugin. -->","yoast_head_json":{"title":"Ekonomiskt st\u00f6d p\u00e5 200 miljoner euro efter Thomas Cook-konkurs - Svenska Magasinet","robots":{"index":"noindex","follow":"follow","max-snippet":"max-snippet:-1","max-image-preview":"max-image-preview:large","max-video-preview":"max-video-preview:-1"},"og_locale":"sv_SE","og_type":"article","og_title":"Ekonomiskt st\u00f6d p\u00e5 200 miljoner euro efter Thomas Cook-konkurs","og_description":"Regeringen har gett gr\u00f6nt ljus till en kredit p\u00e5 200 miljoner euro till f\u00f6retag inom turistsektorn som har p\u00e5verkats efter konkursen av researrang\u00f6ren Thomas Cook. Det meddelar ministerr\u00e5det efter att ha slutit ett avtal med kreditinstitutet ICO (Instituto de Cr\u00e9dito Oficial). Resej\u00e4ttens fall \u00e4r ett h\u00e5rt slag f\u00f6r hotellbranschen. Det sa Jean Molas, ordf\u00f6rande f\u00f6r [&hellip;]","og_url":"https:\/\/lightweb.dev\/l\/svm-temp\/nyheter\/ekonomiskt-stod-pa-200-miljoner-euro-efter-thomas-cook-konkurs\/","og_site_name":"Svenska Magasinet","article_publisher":"https:\/\/www.facebook.com\/svenskamagasinet","article_published_time":"2020-01-01T23:00:00+00:00","og_image":[{"width":700,"height":420,"url":"https:\/\/lightweb.dev\/l\/svm-temp\/wp-content\/uploads\/2022\/06\/ekonomiskt-stod-pa-200-miljoner-euro-efter-thomas-cookkonkurs.png","type":"image\/png"}],"author":"Redaktionen SvM","twitter_card":"summary_large_image","twitter_creator":"@SvenskaMagasine","twitter_site":"@SvenskaMagasine","schema":{"@context":"https:\/\/schema.org","@graph":[{"@type":"Article","@id":"https:\/\/lightweb.dev\/l\/svm-temp\/nyheter\/ekonomiskt-stod-pa-200-miljoner-euro-efter-thomas-cook-konkurs\/#article","isPartOf":{"@id":"https:\/\/lightweb.dev\/l\/svm-temp\/nyheter\/ekonomiskt-stod-pa-200-miljoner-euro-efter-thomas-cook-konkurs\/"},"author":{"name":"Redaktionen SvM","@id":"https:\/\/lightweb.dev\/l\/svm-temp\/#\/schema\/person\/206a3bda5b607b0c25e1749191e4d837"},"headline":"Ekonomiskt st\u00f6d p\u00e5 200 miljoner euro efter Thomas Cook-konkurs","datePublished":"2020-01-01T23:00:00+00:00","mainEntityOfPage":{"@id":"https:\/\/lightweb.dev\/l\/svm-temp\/nyheter\/ekonomiskt-stod-pa-200-miljoner-euro-efter-thomas-cook-konkurs\/"},"wordCount":268,"commentCount":0,"publisher":{"@id":"https:\/\/lightweb.dev\/l\/svm-temp\/#organization"},"image":{"@id":"https:\/\/lightweb.dev\/l\/svm-temp\/nyheter\/ekonomiskt-stod-pa-200-miljoner-euro-efter-thomas-cook-konkurs\/#primaryimage"},"thumbnailUrl":"https:\/\/lightweb.dev\/l\/svm-temp\/wp-content\/uploads\/2022\/06\/ekonomiskt-stod-pa-200-miljoner-euro-efter-thomas-cookkonkurs.png","articleSection":["Arkiv","Nyheter"],"inLanguage":"sv-SE"},{"@type":"WebPage","@id":"https:\/\/lightweb.dev\/l\/svm-temp\/nyheter\/ekonomiskt-stod-pa-200-miljoner-euro-efter-thomas-cook-konkurs\/","url":"https:\/\/lightweb.dev\/l\/svm-temp\/nyheter\/ekonomiskt-stod-pa-200-miljoner-euro-efter-thomas-cook-konkurs\/","name":"Ekonomiskt st\u00f6d p\u00e5 200 miljoner euro efter Thomas Cook-konkurs - Svenska Magasinet","isPartOf":{"@id":"https:\/\/lightweb.dev\/l\/svm-temp\/#website"},"primaryImageOfPage":{"@id":"https:\/\/lightweb.dev\/l\/svm-temp\/nyheter\/ekonomiskt-stod-pa-200-miljoner-euro-efter-thomas-cook-konkurs\/#primaryimage"},"image":{"@id":"https:\/\/lightweb.dev\/l\/svm-temp\/nyheter\/ekonomiskt-stod-pa-200-miljoner-euro-efter-thomas-cook-konkurs\/#primaryimage"},"thumbnailUrl":"https:\/\/lightweb.dev\/l\/svm-temp\/wp-content\/uploads\/2022\/06\/ekonomiskt-stod-pa-200-miljoner-euro-efter-thomas-cookkonkurs.png","datePublished":"2020-01-01T23:00:00+00:00","breadcrumb":{"@id":"https:\/\/lightweb.dev\/l\/svm-temp\/nyheter\/ekonomiskt-stod-pa-200-miljoner-euro-efter-thomas-cook-konkurs\/#breadcrumb"},"inLanguage":"sv-SE","potentialAction":[{"@type":"ReadAction","target":["https:\/\/lightweb.dev\/l\/svm-temp\/nyheter\/ekonomiskt-stod-pa-200-miljoner-euro-efter-thomas-cook-konkurs\/"]}]},{"@type":"ImageObject","inLanguage":"sv-SE","@id":"https:\/\/lightweb.dev\/l\/svm-temp\/nyheter\/ekonomiskt-stod-pa-200-miljoner-euro-efter-thomas-cook-konkurs\/#primaryimage","url":"https:\/\/lightweb.dev\/l\/svm-temp\/wp-content\/uploads\/2022\/06\/ekonomiskt-stod-pa-200-miljoner-euro-efter-thomas-cookkonkurs.png","contentUrl":"https:\/\/lightweb.dev\/l\/svm-temp\/wp-content\/uploads\/2022\/06\/ekonomiskt-stod-pa-200-miljoner-euro-efter-thomas-cookkonkurs.png","width":700,"height":420},{"@type":"BreadcrumbList","@id":"https:\/\/lightweb.dev\/l\/svm-temp\/nyheter\/ekonomiskt-stod-pa-200-miljoner-euro-efter-thomas-cook-konkurs\/#breadcrumb","itemListElement":[{"@type":"ListItem","position":1,"name":"Hem","item":"https:\/\/lightweb.dev\/l\/svm-temp\/"},{"@type":"ListItem","position":2,"name":"Ekonomiskt st\u00f6d p\u00e5 200 miljoner euro efter Thomas Cook-konkurs"}]},{"@type":"WebSite","@id":"https:\/\/lightweb.dev\/l\/svm-temp\/#website","url":"https:\/\/lightweb.dev\/l\/svm-temp\/","name":"Svenska Magasinet","description":"Dina Spanska nyheter p&aring; Svenska","publisher":{"@id":"https:\/\/lightweb.dev\/l\/svm-temp\/#organization"},"potentialAction":[{"@type":"SearchAction","target":{"@type":"EntryPoint","urlTemplate":"https:\/\/lightweb.dev\/l\/svm-temp\/?s={search_term_string}"},"query-input":{"@type":"PropertyValueSpecification","valueRequired":true,"valueName":"search_term_string"}}],"inLanguage":"sv-SE"},{"@type":"Organization","@id":"https:\/\/lightweb.dev\/l\/svm-temp\/#organization","name":"Melkerson y Nott SL","alternateName":"Svenska Magasinet","url":"https:\/\/lightweb.dev\/l\/svm-temp\/","logo":{"@type":"ImageObject","inLanguage":"sv-SE","@id":"https:\/\/lightweb.dev\/l\/svm-temp\/#\/schema\/logo\/image\/","url":"https:\/\/lightweb.dev\/l\/svm-temp\/wp-content\/uploads\/2025\/02\/SvM-logo-Xtra-Centrerad-SVART.png","contentUrl":"https:\/\/lightweb.dev\/l\/svm-temp\/wp-content\/uploads\/2025\/02\/SvM-logo-Xtra-Centrerad-SVART.png","width":300,"height":99,"caption":"Melkerson y Nott SL"},"image":{"@id":"https:\/\/lightweb.dev\/l\/svm-temp\/#\/schema\/logo\/image\/"},"sameAs":["https:\/\/www.facebook.com\/svenskamagasinet","https:\/\/x.com\/SvenskaMagasine"]},{"@type":"Person","@id":"https:\/\/lightweb.dev\/l\/svm-temp\/#\/schema\/person\/206a3bda5b607b0c25e1749191e4d837","name":"Redaktionen SvM","description":"Redaktionen","sameAs":["https:\/\/lightweb.dev\/l\/svm-temp"],"url":"https:\/\/lightweb.dev\/l\/svm-temp\/reporter\/redaktionen\/"}]}},"_links":{"self":[{"href":"https:\/\/lightweb.dev\/l\/svm-temp\/wp-json\/wp\/v2\/posts\/15023","targetHints":{"allow":["GET"]}}],"collection":[{"href":"https:\/\/lightweb.dev\/l\/svm-temp\/wp-json\/wp\/v2\/posts"}],"about":[{"href":"https:\/\/lightweb.dev\/l\/svm-temp\/wp-json\/wp\/v2\/types\/post"}],"author":[{"embeddable":true,"href":"https:\/\/lightweb.dev\/l\/svm-temp\/wp-json\/wp\/v2\/users\/8"}],"replies":[{"embeddable":true,"href":"https:\/\/lightweb.dev\/l\/svm-temp\/wp-json\/wp\/v2\/comments?post=15023"}],"version-history":[{"count":0,"href":"https:\/\/lightweb.dev\/l\/svm-temp\/wp-json\/wp\/v2\/posts\/15023\/revisions"}],"wp:featuredmedia":[{"embeddable":true,"href":"https:\/\/lightweb.dev\/l\/svm-temp\/wp-json\/wp\/v2\/media\/15024"}],"wp:attachment":[{"href":"https:\/\/lightweb.dev\/l\/svm-temp\/wp-json\/wp\/v2\/media?parent=15023"}],"wp:term":[{"taxonomy":"category","embeddable":true,"href":"https:\/\/lightweb.dev\/l\/svm-temp\/wp-json\/wp\/v2\/categories?post=15023"},{"taxonomy":"post_tag","embeddable":true,"href":"https:\/\/lightweb.dev\/l\/svm-temp\/wp-json\/wp\/v2\/tags?post=15023"}],"curies":[{"name":"wp","href":"https:\/\/api.w.org\/{rel}","templated":true}]}}