{"id":15027,"date":"2019-12-31T00:00:00","date_gmt":"2019-12-30T23:00:00","guid":{"rendered":"https:\/\/lightweb.dev\/l\/svm-temp\/nyheter\/32-aring-haktad-for-mordbrand-finsk-man-omkom-i-husbilsbrand\/"},"modified":"2019-12-31T00:00:00","modified_gmt":"2019-12-30T23:00:00","slug":"32-aring-haktad-for-mordbrand-finsk-man-omkom-i-husbilsbrand","status":"publish","type":"post","link":"https:\/\/lightweb.dev\/l\/svm-temp\/nyheter\/32-aring-haktad-for-mordbrand-finsk-man-omkom-i-husbilsbrand\/","title":{"rendered":"32-\u00e5ring h\u00e4ktad f\u00f6r mordbrand &#8211; finsk man omkom i husbilsbrand"},"content":{"rendered":"<p> En 32-\u00e5rig spansk medborgare och k\u00e4nd hos polisen sedan tidigare har gripits misst\u00e4nkt f\u00f6r mordbrand d\u00e5 en husbil b\u00f6rjade brinna 20 december p\u00e5 en uppst\u00e4llningsplats n\u00e4ra Puerto de Mazarr\u00f3n i provinsen Murcia. Vid branden avled en 70-\u00e5rig finl\u00e4ndare fr\u00e5n Lahtis. En kvinna som fanns i husbilen lyckades att ta sig ut och \u00f6verlevde.<\/p>\n<p>Guardia Civil som h\u00e5ller i utredningen misst\u00e4nkte fr\u00e5n f\u00f6rsta stund att branden var anlagd skriver den spanska nyhetsbyr\u00e5n EFE. Nyligen greps en 32-\u00e5rig spansk medborgare som d\u00e4refter ha blivit h\u00e4ktad. \u00c4rendet ligger vid en domstol i Totana.<\/p>\n<p>Den var den 20 december som en privatperson ringde larmtj\u00e4nsten 112 om en brand i en husbil i Puerto de Mazarr\u00f3n. Privatpersonen hade observerat att en kvinna hade lyckats ta sig ut. Kort d\u00e4refter intr\u00e4ffade en explosion som fick hela bilen att brinna.<\/p>\n<p>Utredningen har visat att elden b\u00f6rjade i en madrass som hade placerats under husbilen. Vittnesm\u00e5l fr\u00e5n kvinnan visade att hon inte visste hur den hade kommit dit.<\/p>\n<p>En person ska ha setts b\u00e4ra p\u00e5 madrassen i n\u00e4rheten av brandplatsen tidigare. Guardia Civil fattade misstankar mot en person som vid ett tidigare tillf\u00e4lle hade legat bakom en bilbrand.<\/p>\n<p>32-\u00e5ringen ska enligt uppgifter i den spanska dagstidningen La Verdad f\u00f6rs\u00f6kt f\u00e5 ut de tv\u00e5 personer som fanns i husbilen f\u00f6r att kunna utf\u00f6ra ett r\u00e5n.<\/p>\n<p>Mannen \u00e4r h\u00e4ktad misst\u00e4nkt f\u00f6r mordbrand, f\u00f6rs\u00f6k till mord och f\u00f6r att ha anlagt brand.<\/p>\n","protected":false},"excerpt":{"rendered":"<p>En 32-\u00e5rig spansk medborgare och k\u00e4nd hos polisen sedan tidigare har gripits misst\u00e4nkt f\u00f6r mordbrand d\u00e5 en husbil b\u00f6rjade brinna 20 december p\u00e5 en uppst\u00e4llningsplats n\u00e4ra Puerto de Mazarr\u00f3n i provinsen Murcia. Vid branden avled en 70-\u00e5rig finl\u00e4ndare fr\u00e5n Lahtis. En kvinna som fanns i husbilen lyckades att ta sig ut och \u00f6verlevde. Guardia Civil [&hellip;]<\/p>\n","protected":false},"author":8,"featured_media":15028,"comment_status":"open","ping_status":"open","sticky":false,"template":"","format":"standard","meta":{"_et_pb_use_builder":"","_et_pb_old_content":"","_et_gb_content_width":"","footnotes":""},"categories":[395,3],"tags":[],"class_list":["post-15027","post","type-post","status-publish","format-standard","has-post-thumbnail","hentry","category-arkiv-nyheter","category-nyheter"],"yoast_head":"<!-- This site is optimized with the Yoast SEO Premium plugin v26.2 (Yoast SEO v27.4) - https:\/\/yoast.com\/product\/yoast-seo-premium-wordpress\/ -->\n<title>32-\u00e5ring h\u00e4ktad f\u00f6r mordbrand - finsk man omkom i husbilsbrand - Svenska Magasinet<\/title>\n<meta name=\"robots\" content=\"noindex, follow, max-snippet:-1, max-image-preview:large, max-video-preview:-1\" \/>\n<meta property=\"og:locale\" content=\"sv_SE\" \/>\n<meta property=\"og:type\" content=\"article\" \/>\n<meta property=\"og:title\" content=\"32-\u00e5ring h\u00e4ktad f\u00f6r mordbrand - finsk man omkom i husbilsbrand\" \/>\n<meta property=\"og:description\" content=\"En 32-\u00e5rig spansk medborgare och k\u00e4nd hos polisen sedan tidigare har gripits misst\u00e4nkt f\u00f6r mordbrand d\u00e5 en husbil b\u00f6rjade brinna 20 december p\u00e5 en uppst\u00e4llningsplats n\u00e4ra Puerto de Mazarr\u00f3n i provinsen Murcia. Vid branden avled en 70-\u00e5rig finl\u00e4ndare fr\u00e5n Lahtis. En kvinna som fanns i husbilen lyckades att ta sig ut och \u00f6verlevde. Guardia Civil [&hellip;]\" \/>\n<meta property=\"og:url\" content=\"https:\/\/lightweb.dev\/l\/svm-temp\/nyheter\/32-aring-haktad-for-mordbrand-finsk-man-omkom-i-husbilsbrand\/\" \/>\n<meta property=\"og:site_name\" content=\"Svenska Magasinet\" \/>\n<meta property=\"article:publisher\" content=\"https:\/\/www.facebook.com\/svenskamagasinet\" \/>\n<meta property=\"article:published_time\" content=\"2019-12-30T23:00:00+00:00\" \/>\n<meta property=\"og:image\" content=\"https:\/\/lightweb.dev\/l\/svm-temp\/wp-content\/uploads\/2022\/06\/32aring-haktad-for-mordbrand-finsk-man-omkom-i-husbilsbrand.png\" \/>\n\t<meta property=\"og:image:width\" content=\"700\" \/>\n\t<meta property=\"og:image:height\" content=\"420\" \/>\n\t<meta property=\"og:image:type\" content=\"image\/png\" \/>\n<meta name=\"author\" content=\"Redaktionen SvM\" \/>\n<meta name=\"twitter:card\" content=\"summary_large_image\" \/>\n<meta name=\"twitter:creator\" content=\"@SvenskaMagasine\" \/>\n<meta name=\"twitter:site\" content=\"@SvenskaMagasine\" \/>\n<script type=\"application\/ld+json\" class=\"yoast-schema-graph\">{\"@context\":\"https:\\\/\\\/schema.org\",\"@graph\":[{\"@type\":\"Article\",\"@id\":\"https:\\\/\\\/lightweb.dev\\\/l\\\/svm-temp\\\/nyheter\\\/32-aring-haktad-for-mordbrand-finsk-man-omkom-i-husbilsbrand\\\/#article\",\"isPartOf\":{\"@id\":\"https:\\\/\\\/lightweb.dev\\\/l\\\/svm-temp\\\/nyheter\\\/32-aring-haktad-for-mordbrand-finsk-man-omkom-i-husbilsbrand\\\/\"},\"author\":{\"name\":\"Redaktionen SvM\",\"@id\":\"https:\\\/\\\/lightweb.dev\\\/l\\\/svm-temp\\\/#\\\/schema\\\/person\\\/206a3bda5b607b0c25e1749191e4d837\"},\"headline\":\"32-\u00e5ring h\u00e4ktad f\u00f6r mordbrand &#8211; finsk man omkom i husbilsbrand\",\"datePublished\":\"2019-12-30T23:00:00+00:00\",\"mainEntityOfPage\":{\"@id\":\"https:\\\/\\\/lightweb.dev\\\/l\\\/svm-temp\\\/nyheter\\\/32-aring-haktad-for-mordbrand-finsk-man-omkom-i-husbilsbrand\\\/\"},\"wordCount\":282,\"commentCount\":0,\"publisher\":{\"@id\":\"https:\\\/\\\/lightweb.dev\\\/l\\\/svm-temp\\\/#organization\"},\"image\":{\"@id\":\"https:\\\/\\\/lightweb.dev\\\/l\\\/svm-temp\\\/nyheter\\\/32-aring-haktad-for-mordbrand-finsk-man-omkom-i-husbilsbrand\\\/#primaryimage\"},\"thumbnailUrl\":\"https:\\\/\\\/lightweb.dev\\\/l\\\/svm-temp\\\/wp-content\\\/uploads\\\/2022\\\/06\\\/32aring-haktad-for-mordbrand-finsk-man-omkom-i-husbilsbrand.png\",\"articleSection\":[\"Arkiv\",\"Nyheter\"],\"inLanguage\":\"sv-SE\"},{\"@type\":\"WebPage\",\"@id\":\"https:\\\/\\\/lightweb.dev\\\/l\\\/svm-temp\\\/nyheter\\\/32-aring-haktad-for-mordbrand-finsk-man-omkom-i-husbilsbrand\\\/\",\"url\":\"https:\\\/\\\/lightweb.dev\\\/l\\\/svm-temp\\\/nyheter\\\/32-aring-haktad-for-mordbrand-finsk-man-omkom-i-husbilsbrand\\\/\",\"name\":\"32-\u00e5ring h\u00e4ktad f\u00f6r mordbrand - finsk man omkom i husbilsbrand - Svenska Magasinet\",\"isPartOf\":{\"@id\":\"https:\\\/\\\/lightweb.dev\\\/l\\\/svm-temp\\\/#website\"},\"primaryImageOfPage\":{\"@id\":\"https:\\\/\\\/lightweb.dev\\\/l\\\/svm-temp\\\/nyheter\\\/32-aring-haktad-for-mordbrand-finsk-man-omkom-i-husbilsbrand\\\/#primaryimage\"},\"image\":{\"@id\":\"https:\\\/\\\/lightweb.dev\\\/l\\\/svm-temp\\\/nyheter\\\/32-aring-haktad-for-mordbrand-finsk-man-omkom-i-husbilsbrand\\\/#primaryimage\"},\"thumbnailUrl\":\"https:\\\/\\\/lightweb.dev\\\/l\\\/svm-temp\\\/wp-content\\\/uploads\\\/2022\\\/06\\\/32aring-haktad-for-mordbrand-finsk-man-omkom-i-husbilsbrand.png\",\"datePublished\":\"2019-12-30T23:00:00+00:00\",\"breadcrumb\":{\"@id\":\"https:\\\/\\\/lightweb.dev\\\/l\\\/svm-temp\\\/nyheter\\\/32-aring-haktad-for-mordbrand-finsk-man-omkom-i-husbilsbrand\\\/#breadcrumb\"},\"inLanguage\":\"sv-SE\",\"potentialAction\":[{\"@type\":\"ReadAction\",\"target\":[\"https:\\\/\\\/lightweb.dev\\\/l\\\/svm-temp\\\/nyheter\\\/32-aring-haktad-for-mordbrand-finsk-man-omkom-i-husbilsbrand\\\/\"]}]},{\"@type\":\"ImageObject\",\"inLanguage\":\"sv-SE\",\"@id\":\"https:\\\/\\\/lightweb.dev\\\/l\\\/svm-temp\\\/nyheter\\\/32-aring-haktad-for-mordbrand-finsk-man-omkom-i-husbilsbrand\\\/#primaryimage\",\"url\":\"https:\\\/\\\/lightweb.dev\\\/l\\\/svm-temp\\\/wp-content\\\/uploads\\\/2022\\\/06\\\/32aring-haktad-for-mordbrand-finsk-man-omkom-i-husbilsbrand.png\",\"contentUrl\":\"https:\\\/\\\/lightweb.dev\\\/l\\\/svm-temp\\\/wp-content\\\/uploads\\\/2022\\\/06\\\/32aring-haktad-for-mordbrand-finsk-man-omkom-i-husbilsbrand.png\",\"width\":700,\"height\":420},{\"@type\":\"BreadcrumbList\",\"@id\":\"https:\\\/\\\/lightweb.dev\\\/l\\\/svm-temp\\\/nyheter\\\/32-aring-haktad-for-mordbrand-finsk-man-omkom-i-husbilsbrand\\\/#breadcrumb\",\"itemListElement\":[{\"@type\":\"ListItem\",\"position\":1,\"name\":\"Hem\",\"item\":\"https:\\\/\\\/lightweb.dev\\\/l\\\/svm-temp\\\/\"},{\"@type\":\"ListItem\",\"position\":2,\"name\":\"32-\u00e5ring h\u00e4ktad f\u00f6r mordbrand &#8211; finsk man omkom i husbilsbrand\"}]},{\"@type\":\"WebSite\",\"@id\":\"https:\\\/\\\/lightweb.dev\\\/l\\\/svm-temp\\\/#website\",\"url\":\"https:\\\/\\\/lightweb.dev\\\/l\\\/svm-temp\\\/\",\"name\":\"Svenska Magasinet\",\"description\":\"Dina Spanska nyheter p&aring; Svenska\",\"publisher\":{\"@id\":\"https:\\\/\\\/lightweb.dev\\\/l\\\/svm-temp\\\/#organization\"},\"potentialAction\":[{\"@type\":\"SearchAction\",\"target\":{\"@type\":\"EntryPoint\",\"urlTemplate\":\"https:\\\/\\\/lightweb.dev\\\/l\\\/svm-temp\\\/?s={search_term_string}\"},\"query-input\":{\"@type\":\"PropertyValueSpecification\",\"valueRequired\":true,\"valueName\":\"search_term_string\"}}],\"inLanguage\":\"sv-SE\"},{\"@type\":\"Organization\",\"@id\":\"https:\\\/\\\/lightweb.dev\\\/l\\\/svm-temp\\\/#organization\",\"name\":\"Melkerson y Nott SL\",\"alternateName\":\"Svenska Magasinet\",\"url\":\"https:\\\/\\\/lightweb.dev\\\/l\\\/svm-temp\\\/\",\"logo\":{\"@type\":\"ImageObject\",\"inLanguage\":\"sv-SE\",\"@id\":\"https:\\\/\\\/lightweb.dev\\\/l\\\/svm-temp\\\/#\\\/schema\\\/logo\\\/image\\\/\",\"url\":\"https:\\\/\\\/lightweb.dev\\\/l\\\/svm-temp\\\/wp-content\\\/uploads\\\/2025\\\/02\\\/SvM-logo-Xtra-Centrerad-SVART.png\",\"contentUrl\":\"https:\\\/\\\/lightweb.dev\\\/l\\\/svm-temp\\\/wp-content\\\/uploads\\\/2025\\\/02\\\/SvM-logo-Xtra-Centrerad-SVART.png\",\"width\":300,\"height\":99,\"caption\":\"Melkerson y Nott SL\"},\"image\":{\"@id\":\"https:\\\/\\\/lightweb.dev\\\/l\\\/svm-temp\\\/#\\\/schema\\\/logo\\\/image\\\/\"},\"sameAs\":[\"https:\\\/\\\/www.facebook.com\\\/svenskamagasinet\",\"https:\\\/\\\/x.com\\\/SvenskaMagasine\"]},{\"@type\":\"Person\",\"@id\":\"https:\\\/\\\/lightweb.dev\\\/l\\\/svm-temp\\\/#\\\/schema\\\/person\\\/206a3bda5b607b0c25e1749191e4d837\",\"name\":\"Redaktionen SvM\",\"description\":\"Redaktionen\",\"sameAs\":[\"https:\\\/\\\/lightweb.dev\\\/l\\\/svm-temp\"],\"url\":\"https:\\\/\\\/lightweb.dev\\\/l\\\/svm-temp\\\/reporter\\\/redaktionen\\\/\"}]}<\/script>\n<!-- \/ Yoast SEO Premium plugin. -->","yoast_head_json":{"title":"32-\u00e5ring h\u00e4ktad f\u00f6r mordbrand - finsk man omkom i husbilsbrand - Svenska Magasinet","robots":{"index":"noindex","follow":"follow","max-snippet":"max-snippet:-1","max-image-preview":"max-image-preview:large","max-video-preview":"max-video-preview:-1"},"og_locale":"sv_SE","og_type":"article","og_title":"32-\u00e5ring h\u00e4ktad f\u00f6r mordbrand - finsk man omkom i husbilsbrand","og_description":"En 32-\u00e5rig spansk medborgare och k\u00e4nd hos polisen sedan tidigare har gripits misst\u00e4nkt f\u00f6r mordbrand d\u00e5 en husbil b\u00f6rjade brinna 20 december p\u00e5 en uppst\u00e4llningsplats n\u00e4ra Puerto de Mazarr\u00f3n i provinsen Murcia. Vid branden avled en 70-\u00e5rig finl\u00e4ndare fr\u00e5n Lahtis. En kvinna som fanns i husbilen lyckades att ta sig ut och \u00f6verlevde. Guardia Civil [&hellip;]","og_url":"https:\/\/lightweb.dev\/l\/svm-temp\/nyheter\/32-aring-haktad-for-mordbrand-finsk-man-omkom-i-husbilsbrand\/","og_site_name":"Svenska Magasinet","article_publisher":"https:\/\/www.facebook.com\/svenskamagasinet","article_published_time":"2019-12-30T23:00:00+00:00","og_image":[{"width":700,"height":420,"url":"https:\/\/lightweb.dev\/l\/svm-temp\/wp-content\/uploads\/2022\/06\/32aring-haktad-for-mordbrand-finsk-man-omkom-i-husbilsbrand.png","type":"image\/png"}],"author":"Redaktionen SvM","twitter_card":"summary_large_image","twitter_creator":"@SvenskaMagasine","twitter_site":"@SvenskaMagasine","schema":{"@context":"https:\/\/schema.org","@graph":[{"@type":"Article","@id":"https:\/\/lightweb.dev\/l\/svm-temp\/nyheter\/32-aring-haktad-for-mordbrand-finsk-man-omkom-i-husbilsbrand\/#article","isPartOf":{"@id":"https:\/\/lightweb.dev\/l\/svm-temp\/nyheter\/32-aring-haktad-for-mordbrand-finsk-man-omkom-i-husbilsbrand\/"},"author":{"name":"Redaktionen SvM","@id":"https:\/\/lightweb.dev\/l\/svm-temp\/#\/schema\/person\/206a3bda5b607b0c25e1749191e4d837"},"headline":"32-\u00e5ring h\u00e4ktad f\u00f6r mordbrand &#8211; finsk man omkom i husbilsbrand","datePublished":"2019-12-30T23:00:00+00:00","mainEntityOfPage":{"@id":"https:\/\/lightweb.dev\/l\/svm-temp\/nyheter\/32-aring-haktad-for-mordbrand-finsk-man-omkom-i-husbilsbrand\/"},"wordCount":282,"commentCount":0,"publisher":{"@id":"https:\/\/lightweb.dev\/l\/svm-temp\/#organization"},"image":{"@id":"https:\/\/lightweb.dev\/l\/svm-temp\/nyheter\/32-aring-haktad-for-mordbrand-finsk-man-omkom-i-husbilsbrand\/#primaryimage"},"thumbnailUrl":"https:\/\/lightweb.dev\/l\/svm-temp\/wp-content\/uploads\/2022\/06\/32aring-haktad-for-mordbrand-finsk-man-omkom-i-husbilsbrand.png","articleSection":["Arkiv","Nyheter"],"inLanguage":"sv-SE"},{"@type":"WebPage","@id":"https:\/\/lightweb.dev\/l\/svm-temp\/nyheter\/32-aring-haktad-for-mordbrand-finsk-man-omkom-i-husbilsbrand\/","url":"https:\/\/lightweb.dev\/l\/svm-temp\/nyheter\/32-aring-haktad-for-mordbrand-finsk-man-omkom-i-husbilsbrand\/","name":"32-\u00e5ring h\u00e4ktad f\u00f6r mordbrand - finsk man omkom i husbilsbrand - Svenska Magasinet","isPartOf":{"@id":"https:\/\/lightweb.dev\/l\/svm-temp\/#website"},"primaryImageOfPage":{"@id":"https:\/\/lightweb.dev\/l\/svm-temp\/nyheter\/32-aring-haktad-for-mordbrand-finsk-man-omkom-i-husbilsbrand\/#primaryimage"},"image":{"@id":"https:\/\/lightweb.dev\/l\/svm-temp\/nyheter\/32-aring-haktad-for-mordbrand-finsk-man-omkom-i-husbilsbrand\/#primaryimage"},"thumbnailUrl":"https:\/\/lightweb.dev\/l\/svm-temp\/wp-content\/uploads\/2022\/06\/32aring-haktad-for-mordbrand-finsk-man-omkom-i-husbilsbrand.png","datePublished":"2019-12-30T23:00:00+00:00","breadcrumb":{"@id":"https:\/\/lightweb.dev\/l\/svm-temp\/nyheter\/32-aring-haktad-for-mordbrand-finsk-man-omkom-i-husbilsbrand\/#breadcrumb"},"inLanguage":"sv-SE","potentialAction":[{"@type":"ReadAction","target":["https:\/\/lightweb.dev\/l\/svm-temp\/nyheter\/32-aring-haktad-for-mordbrand-finsk-man-omkom-i-husbilsbrand\/"]}]},{"@type":"ImageObject","inLanguage":"sv-SE","@id":"https:\/\/lightweb.dev\/l\/svm-temp\/nyheter\/32-aring-haktad-for-mordbrand-finsk-man-omkom-i-husbilsbrand\/#primaryimage","url":"https:\/\/lightweb.dev\/l\/svm-temp\/wp-content\/uploads\/2022\/06\/32aring-haktad-for-mordbrand-finsk-man-omkom-i-husbilsbrand.png","contentUrl":"https:\/\/lightweb.dev\/l\/svm-temp\/wp-content\/uploads\/2022\/06\/32aring-haktad-for-mordbrand-finsk-man-omkom-i-husbilsbrand.png","width":700,"height":420},{"@type":"BreadcrumbList","@id":"https:\/\/lightweb.dev\/l\/svm-temp\/nyheter\/32-aring-haktad-for-mordbrand-finsk-man-omkom-i-husbilsbrand\/#breadcrumb","itemListElement":[{"@type":"ListItem","position":1,"name":"Hem","item":"https:\/\/lightweb.dev\/l\/svm-temp\/"},{"@type":"ListItem","position":2,"name":"32-\u00e5ring h\u00e4ktad f\u00f6r mordbrand &#8211; finsk man omkom i husbilsbrand"}]},{"@type":"WebSite","@id":"https:\/\/lightweb.dev\/l\/svm-temp\/#website","url":"https:\/\/lightweb.dev\/l\/svm-temp\/","name":"Svenska Magasinet","description":"Dina Spanska nyheter p&aring; Svenska","publisher":{"@id":"https:\/\/lightweb.dev\/l\/svm-temp\/#organization"},"potentialAction":[{"@type":"SearchAction","target":{"@type":"EntryPoint","urlTemplate":"https:\/\/lightweb.dev\/l\/svm-temp\/?s={search_term_string}"},"query-input":{"@type":"PropertyValueSpecification","valueRequired":true,"valueName":"search_term_string"}}],"inLanguage":"sv-SE"},{"@type":"Organization","@id":"https:\/\/lightweb.dev\/l\/svm-temp\/#organization","name":"Melkerson y Nott SL","alternateName":"Svenska Magasinet","url":"https:\/\/lightweb.dev\/l\/svm-temp\/","logo":{"@type":"ImageObject","inLanguage":"sv-SE","@id":"https:\/\/lightweb.dev\/l\/svm-temp\/#\/schema\/logo\/image\/","url":"https:\/\/lightweb.dev\/l\/svm-temp\/wp-content\/uploads\/2025\/02\/SvM-logo-Xtra-Centrerad-SVART.png","contentUrl":"https:\/\/lightweb.dev\/l\/svm-temp\/wp-content\/uploads\/2025\/02\/SvM-logo-Xtra-Centrerad-SVART.png","width":300,"height":99,"caption":"Melkerson y Nott SL"},"image":{"@id":"https:\/\/lightweb.dev\/l\/svm-temp\/#\/schema\/logo\/image\/"},"sameAs":["https:\/\/www.facebook.com\/svenskamagasinet","https:\/\/x.com\/SvenskaMagasine"]},{"@type":"Person","@id":"https:\/\/lightweb.dev\/l\/svm-temp\/#\/schema\/person\/206a3bda5b607b0c25e1749191e4d837","name":"Redaktionen SvM","description":"Redaktionen","sameAs":["https:\/\/lightweb.dev\/l\/svm-temp"],"url":"https:\/\/lightweb.dev\/l\/svm-temp\/reporter\/redaktionen\/"}]}},"_links":{"self":[{"href":"https:\/\/lightweb.dev\/l\/svm-temp\/wp-json\/wp\/v2\/posts\/15027","targetHints":{"allow":["GET"]}}],"collection":[{"href":"https:\/\/lightweb.dev\/l\/svm-temp\/wp-json\/wp\/v2\/posts"}],"about":[{"href":"https:\/\/lightweb.dev\/l\/svm-temp\/wp-json\/wp\/v2\/types\/post"}],"author":[{"embeddable":true,"href":"https:\/\/lightweb.dev\/l\/svm-temp\/wp-json\/wp\/v2\/users\/8"}],"replies":[{"embeddable":true,"href":"https:\/\/lightweb.dev\/l\/svm-temp\/wp-json\/wp\/v2\/comments?post=15027"}],"version-history":[{"count":0,"href":"https:\/\/lightweb.dev\/l\/svm-temp\/wp-json\/wp\/v2\/posts\/15027\/revisions"}],"wp:featuredmedia":[{"embeddable":true,"href":"https:\/\/lightweb.dev\/l\/svm-temp\/wp-json\/wp\/v2\/media\/15028"}],"wp:attachment":[{"href":"https:\/\/lightweb.dev\/l\/svm-temp\/wp-json\/wp\/v2\/media?parent=15027"}],"wp:term":[{"taxonomy":"category","embeddable":true,"href":"https:\/\/lightweb.dev\/l\/svm-temp\/wp-json\/wp\/v2\/categories?post=15027"},{"taxonomy":"post_tag","embeddable":true,"href":"https:\/\/lightweb.dev\/l\/svm-temp\/wp-json\/wp\/v2\/tags?post=15027"}],"curies":[{"name":"wp","href":"https:\/\/api.w.org\/{rel}","templated":true}]}}