{"id":15029,"date":"2019-12-31T00:00:00","date_gmt":"2019-12-30T23:00:00","guid":{"rendered":"https:\/\/lightweb.dev\/l\/svm-temp\/nyheter\/7-januari-kan-spanien-fa-vansterregering\/"},"modified":"2019-12-31T00:00:00","modified_gmt":"2019-12-30T23:00:00","slug":"7-januari-kan-spanien-fa-vansterregering","status":"publish","type":"post","link":"https:\/\/lightweb.dev\/l\/svm-temp\/nyheter\/7-januari-kan-spanien-fa-vansterregering\/","title":{"rendered":"7 januari kan Spanien f\u00e5 v\u00e4nsterregering"},"content":{"rendered":"<p> Den 7 januari pekas ut som den dag n\u00e4r en slutgiltig omr\u00f6stning i parlamentet kommer att ske och v\u00e4nsteralliansen PSOE och Unidas Podemos kan sv\u00e4ras in. Men de beh\u00f6ver hj\u00e4lp av katalanska separatister hos det republikanska partiet ERC (Esquerra Republicana de Catalunya).<\/p>\n<p>P\u00e5 m\u00e5ndagen h\u00f6ll Pedro S\u00e1nchez och Pablo Iglesias presskonferens (bilden). De b\u00e5da partiledarna f\u00f6r PSOE och Unidas Podemos blir regeringschef respektive vice regeringschef om v\u00e4nsteralliansen sv\u00e4rs in vid en omr\u00f6stning i kongressen 7 januari.<\/p>\n<p>Om v\u00e4nsteralliansen sv\u00e4rs in v\u00e4ntar h\u00f6gre skatt f\u00f6r privatpersoner, f\u00f6retagare och skatt p\u00e5 finansiella transaktioner, men ocks\u00e5 h\u00f6jda minimil\u00f6ner.<\/p>\n<p>V\u00e4nsterradikala Unidas Podemos har vid f\u00f6rhandlingarna med PSOE satt flera krav. Bland annat att partiledaren Pablo Iglesias ska ha posten som vice regeringschef. Partiet f\u00e5r \u00e4ven ansvar f\u00f6r ytterligare fyra departement d\u00e4r ett av dem hamnar under F\u00f6renade v\u00e4nstern IU:s partiledare Alberto Garz\u00f3n fr\u00e5n M\u00e1laga.<\/p>\n<p>Inkomstskatten h\u00f6js f\u00f6r h\u00f6ginkomsttagare. Samtidigt rivs lagen fr\u00e5n 2012 upp som gav arbetsgivare st\u00f6rre m\u00f6jligheter att avskeda anst\u00e4llda som inte kunnat arbeta under l\u00e4ngre perioder.<\/p>\n<p>Flera hinder \u00e5terst\u00e5r innan en PSOE+Unidas Podemos-regering kan bli verklighet. Flera mindre eller regionala partier i Navarra, Baskien, Katalonien och Kanarie\u00f6arna m\u00e5ste st\u00f6dja eller att avst\u00e5 fr\u00e5n att r\u00f6sta i en votering.<\/p>\n<p>Spanska medier uppger att ERC h\u00e5ller ett extrainsatt partim\u00f6te p\u00e5 torsdag hur de ska f\u00f6rh\u00e5lla sig till v\u00e4nsteralliansen.<\/p>\n<p>PSOE-ledaren Pedro S\u00e1nchez beskriver landets kommande v\u00e4nsterregering som en \u201dprogressiv koalition\u201d.<\/p>\n<p>Det var den 12 november som S\u00e1nchez och Iglesias meddelade att de \u00e4r villiga att styra i koalition. Efter det senaste valet backade b\u00e5da partierna.<\/p>\n","protected":false},"excerpt":{"rendered":"<p>Den 7 januari pekas ut som den dag n\u00e4r en slutgiltig omr\u00f6stning i parlamentet kommer att ske och v\u00e4nsteralliansen PSOE och Unidas Podemos kan sv\u00e4ras in. Men de beh\u00f6ver hj\u00e4lp av katalanska separatister hos det republikanska partiet ERC (Esquerra Republicana de Catalunya). P\u00e5 m\u00e5ndagen h\u00f6ll Pedro S\u00e1nchez och Pablo Iglesias presskonferens (bilden). De b\u00e5da partiledarna [&hellip;]<\/p>\n","protected":false},"author":8,"featured_media":15030,"comment_status":"open","ping_status":"open","sticky":false,"template":"","format":"standard","meta":{"_et_pb_use_builder":"","_et_pb_old_content":"","_et_gb_content_width":"","footnotes":""},"categories":[395,3],"tags":[],"class_list":["post-15029","post","type-post","status-publish","format-standard","has-post-thumbnail","hentry","category-arkiv-nyheter","category-nyheter"],"yoast_head":"<!-- This site is optimized with the Yoast SEO Premium plugin v26.2 (Yoast SEO v27.4) - https:\/\/yoast.com\/product\/yoast-seo-premium-wordpress\/ -->\n<title>7 januari kan Spanien f\u00e5 v\u00e4nsterregering - Svenska Magasinet<\/title>\n<meta name=\"robots\" content=\"noindex, follow, max-snippet:-1, max-image-preview:large, max-video-preview:-1\" \/>\n<meta property=\"og:locale\" content=\"sv_SE\" \/>\n<meta property=\"og:type\" content=\"article\" \/>\n<meta property=\"og:title\" content=\"7 januari kan Spanien f\u00e5 v\u00e4nsterregering\" \/>\n<meta property=\"og:description\" content=\"Den 7 januari pekas ut som den dag n\u00e4r en slutgiltig omr\u00f6stning i parlamentet kommer att ske och v\u00e4nsteralliansen PSOE och Unidas Podemos kan sv\u00e4ras in. Men de beh\u00f6ver hj\u00e4lp av katalanska separatister hos det republikanska partiet ERC (Esquerra Republicana de Catalunya). P\u00e5 m\u00e5ndagen h\u00f6ll Pedro S\u00e1nchez och Pablo Iglesias presskonferens (bilden). De b\u00e5da partiledarna [&hellip;]\" \/>\n<meta property=\"og:url\" content=\"https:\/\/lightweb.dev\/l\/svm-temp\/nyheter\/7-januari-kan-spanien-fa-vansterregering\/\" \/>\n<meta property=\"og:site_name\" content=\"Svenska Magasinet\" \/>\n<meta property=\"article:publisher\" content=\"https:\/\/www.facebook.com\/svenskamagasinet\" \/>\n<meta property=\"article:published_time\" content=\"2019-12-30T23:00:00+00:00\" \/>\n<meta property=\"og:image\" content=\"https:\/\/lightweb.dev\/l\/svm-temp\/wp-content\/uploads\/2022\/06\/7-januari-kan-spanien-fa-vansterregering.png\" \/>\n\t<meta property=\"og:image:width\" content=\"700\" \/>\n\t<meta property=\"og:image:height\" content=\"421\" \/>\n\t<meta property=\"og:image:type\" content=\"image\/png\" \/>\n<meta name=\"author\" content=\"Redaktionen SvM\" \/>\n<meta name=\"twitter:card\" content=\"summary_large_image\" \/>\n<meta name=\"twitter:creator\" content=\"@SvenskaMagasine\" \/>\n<meta name=\"twitter:site\" content=\"@SvenskaMagasine\" \/>\n<script type=\"application\/ld+json\" class=\"yoast-schema-graph\">{\"@context\":\"https:\\\/\\\/schema.org\",\"@graph\":[{\"@type\":\"Article\",\"@id\":\"https:\\\/\\\/lightweb.dev\\\/l\\\/svm-temp\\\/nyheter\\\/7-januari-kan-spanien-fa-vansterregering\\\/#article\",\"isPartOf\":{\"@id\":\"https:\\\/\\\/lightweb.dev\\\/l\\\/svm-temp\\\/nyheter\\\/7-januari-kan-spanien-fa-vansterregering\\\/\"},\"author\":{\"name\":\"Redaktionen SvM\",\"@id\":\"https:\\\/\\\/lightweb.dev\\\/l\\\/svm-temp\\\/#\\\/schema\\\/person\\\/206a3bda5b607b0c25e1749191e4d837\"},\"headline\":\"7 januari kan Spanien f\u00e5 v\u00e4nsterregering\",\"datePublished\":\"2019-12-30T23:00:00+00:00\",\"mainEntityOfPage\":{\"@id\":\"https:\\\/\\\/lightweb.dev\\\/l\\\/svm-temp\\\/nyheter\\\/7-januari-kan-spanien-fa-vansterregering\\\/\"},\"wordCount\":310,\"commentCount\":0,\"publisher\":{\"@id\":\"https:\\\/\\\/lightweb.dev\\\/l\\\/svm-temp\\\/#organization\"},\"image\":{\"@id\":\"https:\\\/\\\/lightweb.dev\\\/l\\\/svm-temp\\\/nyheter\\\/7-januari-kan-spanien-fa-vansterregering\\\/#primaryimage\"},\"thumbnailUrl\":\"https:\\\/\\\/lightweb.dev\\\/l\\\/svm-temp\\\/wp-content\\\/uploads\\\/2022\\\/06\\\/7-januari-kan-spanien-fa-vansterregering.png\",\"articleSection\":[\"Arkiv\",\"Nyheter\"],\"inLanguage\":\"sv-SE\"},{\"@type\":\"WebPage\",\"@id\":\"https:\\\/\\\/lightweb.dev\\\/l\\\/svm-temp\\\/nyheter\\\/7-januari-kan-spanien-fa-vansterregering\\\/\",\"url\":\"https:\\\/\\\/lightweb.dev\\\/l\\\/svm-temp\\\/nyheter\\\/7-januari-kan-spanien-fa-vansterregering\\\/\",\"name\":\"7 januari kan Spanien f\u00e5 v\u00e4nsterregering - Svenska Magasinet\",\"isPartOf\":{\"@id\":\"https:\\\/\\\/lightweb.dev\\\/l\\\/svm-temp\\\/#website\"},\"primaryImageOfPage\":{\"@id\":\"https:\\\/\\\/lightweb.dev\\\/l\\\/svm-temp\\\/nyheter\\\/7-januari-kan-spanien-fa-vansterregering\\\/#primaryimage\"},\"image\":{\"@id\":\"https:\\\/\\\/lightweb.dev\\\/l\\\/svm-temp\\\/nyheter\\\/7-januari-kan-spanien-fa-vansterregering\\\/#primaryimage\"},\"thumbnailUrl\":\"https:\\\/\\\/lightweb.dev\\\/l\\\/svm-temp\\\/wp-content\\\/uploads\\\/2022\\\/06\\\/7-januari-kan-spanien-fa-vansterregering.png\",\"datePublished\":\"2019-12-30T23:00:00+00:00\",\"breadcrumb\":{\"@id\":\"https:\\\/\\\/lightweb.dev\\\/l\\\/svm-temp\\\/nyheter\\\/7-januari-kan-spanien-fa-vansterregering\\\/#breadcrumb\"},\"inLanguage\":\"sv-SE\",\"potentialAction\":[{\"@type\":\"ReadAction\",\"target\":[\"https:\\\/\\\/lightweb.dev\\\/l\\\/svm-temp\\\/nyheter\\\/7-januari-kan-spanien-fa-vansterregering\\\/\"]}]},{\"@type\":\"ImageObject\",\"inLanguage\":\"sv-SE\",\"@id\":\"https:\\\/\\\/lightweb.dev\\\/l\\\/svm-temp\\\/nyheter\\\/7-januari-kan-spanien-fa-vansterregering\\\/#primaryimage\",\"url\":\"https:\\\/\\\/lightweb.dev\\\/l\\\/svm-temp\\\/wp-content\\\/uploads\\\/2022\\\/06\\\/7-januari-kan-spanien-fa-vansterregering.png\",\"contentUrl\":\"https:\\\/\\\/lightweb.dev\\\/l\\\/svm-temp\\\/wp-content\\\/uploads\\\/2022\\\/06\\\/7-januari-kan-spanien-fa-vansterregering.png\",\"width\":700,\"height\":421},{\"@type\":\"BreadcrumbList\",\"@id\":\"https:\\\/\\\/lightweb.dev\\\/l\\\/svm-temp\\\/nyheter\\\/7-januari-kan-spanien-fa-vansterregering\\\/#breadcrumb\",\"itemListElement\":[{\"@type\":\"ListItem\",\"position\":1,\"name\":\"Hem\",\"item\":\"https:\\\/\\\/lightweb.dev\\\/l\\\/svm-temp\\\/\"},{\"@type\":\"ListItem\",\"position\":2,\"name\":\"7 januari kan Spanien f\u00e5 v\u00e4nsterregering\"}]},{\"@type\":\"WebSite\",\"@id\":\"https:\\\/\\\/lightweb.dev\\\/l\\\/svm-temp\\\/#website\",\"url\":\"https:\\\/\\\/lightweb.dev\\\/l\\\/svm-temp\\\/\",\"name\":\"Svenska Magasinet\",\"description\":\"Dina Spanska nyheter p&aring; Svenska\",\"publisher\":{\"@id\":\"https:\\\/\\\/lightweb.dev\\\/l\\\/svm-temp\\\/#organization\"},\"potentialAction\":[{\"@type\":\"SearchAction\",\"target\":{\"@type\":\"EntryPoint\",\"urlTemplate\":\"https:\\\/\\\/lightweb.dev\\\/l\\\/svm-temp\\\/?s={search_term_string}\"},\"query-input\":{\"@type\":\"PropertyValueSpecification\",\"valueRequired\":true,\"valueName\":\"search_term_string\"}}],\"inLanguage\":\"sv-SE\"},{\"@type\":\"Organization\",\"@id\":\"https:\\\/\\\/lightweb.dev\\\/l\\\/svm-temp\\\/#organization\",\"name\":\"Melkerson y Nott SL\",\"alternateName\":\"Svenska Magasinet\",\"url\":\"https:\\\/\\\/lightweb.dev\\\/l\\\/svm-temp\\\/\",\"logo\":{\"@type\":\"ImageObject\",\"inLanguage\":\"sv-SE\",\"@id\":\"https:\\\/\\\/lightweb.dev\\\/l\\\/svm-temp\\\/#\\\/schema\\\/logo\\\/image\\\/\",\"url\":\"https:\\\/\\\/lightweb.dev\\\/l\\\/svm-temp\\\/wp-content\\\/uploads\\\/2025\\\/02\\\/SvM-logo-Xtra-Centrerad-SVART.png\",\"contentUrl\":\"https:\\\/\\\/lightweb.dev\\\/l\\\/svm-temp\\\/wp-content\\\/uploads\\\/2025\\\/02\\\/SvM-logo-Xtra-Centrerad-SVART.png\",\"width\":300,\"height\":99,\"caption\":\"Melkerson y Nott SL\"},\"image\":{\"@id\":\"https:\\\/\\\/lightweb.dev\\\/l\\\/svm-temp\\\/#\\\/schema\\\/logo\\\/image\\\/\"},\"sameAs\":[\"https:\\\/\\\/www.facebook.com\\\/svenskamagasinet\",\"https:\\\/\\\/x.com\\\/SvenskaMagasine\"]},{\"@type\":\"Person\",\"@id\":\"https:\\\/\\\/lightweb.dev\\\/l\\\/svm-temp\\\/#\\\/schema\\\/person\\\/206a3bda5b607b0c25e1749191e4d837\",\"name\":\"Redaktionen SvM\",\"description\":\"Redaktionen\",\"sameAs\":[\"https:\\\/\\\/lightweb.dev\\\/l\\\/svm-temp\"],\"url\":\"https:\\\/\\\/lightweb.dev\\\/l\\\/svm-temp\\\/reporter\\\/redaktionen\\\/\"}]}<\/script>\n<!-- \/ Yoast SEO Premium plugin. -->","yoast_head_json":{"title":"7 januari kan Spanien f\u00e5 v\u00e4nsterregering - Svenska Magasinet","robots":{"index":"noindex","follow":"follow","max-snippet":"max-snippet:-1","max-image-preview":"max-image-preview:large","max-video-preview":"max-video-preview:-1"},"og_locale":"sv_SE","og_type":"article","og_title":"7 januari kan Spanien f\u00e5 v\u00e4nsterregering","og_description":"Den 7 januari pekas ut som den dag n\u00e4r en slutgiltig omr\u00f6stning i parlamentet kommer att ske och v\u00e4nsteralliansen PSOE och Unidas Podemos kan sv\u00e4ras in. Men de beh\u00f6ver hj\u00e4lp av katalanska separatister hos det republikanska partiet ERC (Esquerra Republicana de Catalunya). P\u00e5 m\u00e5ndagen h\u00f6ll Pedro S\u00e1nchez och Pablo Iglesias presskonferens (bilden). De b\u00e5da partiledarna [&hellip;]","og_url":"https:\/\/lightweb.dev\/l\/svm-temp\/nyheter\/7-januari-kan-spanien-fa-vansterregering\/","og_site_name":"Svenska Magasinet","article_publisher":"https:\/\/www.facebook.com\/svenskamagasinet","article_published_time":"2019-12-30T23:00:00+00:00","og_image":[{"width":700,"height":421,"url":"https:\/\/lightweb.dev\/l\/svm-temp\/wp-content\/uploads\/2022\/06\/7-januari-kan-spanien-fa-vansterregering.png","type":"image\/png"}],"author":"Redaktionen SvM","twitter_card":"summary_large_image","twitter_creator":"@SvenskaMagasine","twitter_site":"@SvenskaMagasine","schema":{"@context":"https:\/\/schema.org","@graph":[{"@type":"Article","@id":"https:\/\/lightweb.dev\/l\/svm-temp\/nyheter\/7-januari-kan-spanien-fa-vansterregering\/#article","isPartOf":{"@id":"https:\/\/lightweb.dev\/l\/svm-temp\/nyheter\/7-januari-kan-spanien-fa-vansterregering\/"},"author":{"name":"Redaktionen SvM","@id":"https:\/\/lightweb.dev\/l\/svm-temp\/#\/schema\/person\/206a3bda5b607b0c25e1749191e4d837"},"headline":"7 januari kan Spanien f\u00e5 v\u00e4nsterregering","datePublished":"2019-12-30T23:00:00+00:00","mainEntityOfPage":{"@id":"https:\/\/lightweb.dev\/l\/svm-temp\/nyheter\/7-januari-kan-spanien-fa-vansterregering\/"},"wordCount":310,"commentCount":0,"publisher":{"@id":"https:\/\/lightweb.dev\/l\/svm-temp\/#organization"},"image":{"@id":"https:\/\/lightweb.dev\/l\/svm-temp\/nyheter\/7-januari-kan-spanien-fa-vansterregering\/#primaryimage"},"thumbnailUrl":"https:\/\/lightweb.dev\/l\/svm-temp\/wp-content\/uploads\/2022\/06\/7-januari-kan-spanien-fa-vansterregering.png","articleSection":["Arkiv","Nyheter"],"inLanguage":"sv-SE"},{"@type":"WebPage","@id":"https:\/\/lightweb.dev\/l\/svm-temp\/nyheter\/7-januari-kan-spanien-fa-vansterregering\/","url":"https:\/\/lightweb.dev\/l\/svm-temp\/nyheter\/7-januari-kan-spanien-fa-vansterregering\/","name":"7 januari kan Spanien f\u00e5 v\u00e4nsterregering - Svenska Magasinet","isPartOf":{"@id":"https:\/\/lightweb.dev\/l\/svm-temp\/#website"},"primaryImageOfPage":{"@id":"https:\/\/lightweb.dev\/l\/svm-temp\/nyheter\/7-januari-kan-spanien-fa-vansterregering\/#primaryimage"},"image":{"@id":"https:\/\/lightweb.dev\/l\/svm-temp\/nyheter\/7-januari-kan-spanien-fa-vansterregering\/#primaryimage"},"thumbnailUrl":"https:\/\/lightweb.dev\/l\/svm-temp\/wp-content\/uploads\/2022\/06\/7-januari-kan-spanien-fa-vansterregering.png","datePublished":"2019-12-30T23:00:00+00:00","breadcrumb":{"@id":"https:\/\/lightweb.dev\/l\/svm-temp\/nyheter\/7-januari-kan-spanien-fa-vansterregering\/#breadcrumb"},"inLanguage":"sv-SE","potentialAction":[{"@type":"ReadAction","target":["https:\/\/lightweb.dev\/l\/svm-temp\/nyheter\/7-januari-kan-spanien-fa-vansterregering\/"]}]},{"@type":"ImageObject","inLanguage":"sv-SE","@id":"https:\/\/lightweb.dev\/l\/svm-temp\/nyheter\/7-januari-kan-spanien-fa-vansterregering\/#primaryimage","url":"https:\/\/lightweb.dev\/l\/svm-temp\/wp-content\/uploads\/2022\/06\/7-januari-kan-spanien-fa-vansterregering.png","contentUrl":"https:\/\/lightweb.dev\/l\/svm-temp\/wp-content\/uploads\/2022\/06\/7-januari-kan-spanien-fa-vansterregering.png","width":700,"height":421},{"@type":"BreadcrumbList","@id":"https:\/\/lightweb.dev\/l\/svm-temp\/nyheter\/7-januari-kan-spanien-fa-vansterregering\/#breadcrumb","itemListElement":[{"@type":"ListItem","position":1,"name":"Hem","item":"https:\/\/lightweb.dev\/l\/svm-temp\/"},{"@type":"ListItem","position":2,"name":"7 januari kan Spanien f\u00e5 v\u00e4nsterregering"}]},{"@type":"WebSite","@id":"https:\/\/lightweb.dev\/l\/svm-temp\/#website","url":"https:\/\/lightweb.dev\/l\/svm-temp\/","name":"Svenska Magasinet","description":"Dina Spanska nyheter p&aring; Svenska","publisher":{"@id":"https:\/\/lightweb.dev\/l\/svm-temp\/#organization"},"potentialAction":[{"@type":"SearchAction","target":{"@type":"EntryPoint","urlTemplate":"https:\/\/lightweb.dev\/l\/svm-temp\/?s={search_term_string}"},"query-input":{"@type":"PropertyValueSpecification","valueRequired":true,"valueName":"search_term_string"}}],"inLanguage":"sv-SE"},{"@type":"Organization","@id":"https:\/\/lightweb.dev\/l\/svm-temp\/#organization","name":"Melkerson y Nott SL","alternateName":"Svenska Magasinet","url":"https:\/\/lightweb.dev\/l\/svm-temp\/","logo":{"@type":"ImageObject","inLanguage":"sv-SE","@id":"https:\/\/lightweb.dev\/l\/svm-temp\/#\/schema\/logo\/image\/","url":"https:\/\/lightweb.dev\/l\/svm-temp\/wp-content\/uploads\/2025\/02\/SvM-logo-Xtra-Centrerad-SVART.png","contentUrl":"https:\/\/lightweb.dev\/l\/svm-temp\/wp-content\/uploads\/2025\/02\/SvM-logo-Xtra-Centrerad-SVART.png","width":300,"height":99,"caption":"Melkerson y Nott SL"},"image":{"@id":"https:\/\/lightweb.dev\/l\/svm-temp\/#\/schema\/logo\/image\/"},"sameAs":["https:\/\/www.facebook.com\/svenskamagasinet","https:\/\/x.com\/SvenskaMagasine"]},{"@type":"Person","@id":"https:\/\/lightweb.dev\/l\/svm-temp\/#\/schema\/person\/206a3bda5b607b0c25e1749191e4d837","name":"Redaktionen SvM","description":"Redaktionen","sameAs":["https:\/\/lightweb.dev\/l\/svm-temp"],"url":"https:\/\/lightweb.dev\/l\/svm-temp\/reporter\/redaktionen\/"}]}},"_links":{"self":[{"href":"https:\/\/lightweb.dev\/l\/svm-temp\/wp-json\/wp\/v2\/posts\/15029","targetHints":{"allow":["GET"]}}],"collection":[{"href":"https:\/\/lightweb.dev\/l\/svm-temp\/wp-json\/wp\/v2\/posts"}],"about":[{"href":"https:\/\/lightweb.dev\/l\/svm-temp\/wp-json\/wp\/v2\/types\/post"}],"author":[{"embeddable":true,"href":"https:\/\/lightweb.dev\/l\/svm-temp\/wp-json\/wp\/v2\/users\/8"}],"replies":[{"embeddable":true,"href":"https:\/\/lightweb.dev\/l\/svm-temp\/wp-json\/wp\/v2\/comments?post=15029"}],"version-history":[{"count":0,"href":"https:\/\/lightweb.dev\/l\/svm-temp\/wp-json\/wp\/v2\/posts\/15029\/revisions"}],"wp:featuredmedia":[{"embeddable":true,"href":"https:\/\/lightweb.dev\/l\/svm-temp\/wp-json\/wp\/v2\/media\/15030"}],"wp:attachment":[{"href":"https:\/\/lightweb.dev\/l\/svm-temp\/wp-json\/wp\/v2\/media?parent=15029"}],"wp:term":[{"taxonomy":"category","embeddable":true,"href":"https:\/\/lightweb.dev\/l\/svm-temp\/wp-json\/wp\/v2\/categories?post=15029"},{"taxonomy":"post_tag","embeddable":true,"href":"https:\/\/lightweb.dev\/l\/svm-temp\/wp-json\/wp\/v2\/tags?post=15029"}],"curies":[{"name":"wp","href":"https:\/\/api.w.org\/{rel}","templated":true}]}}