{"id":15031,"date":"2019-12-31T00:00:00","date_gmt":"2019-12-30T23:00:00","guid":{"rendered":"https:\/\/lightweb.dev\/l\/svm-temp\/nyheter\/historiskt-ar-for-solkusten-med-over-13-miljoner-turister\/"},"modified":"2019-12-31T00:00:00","modified_gmt":"2019-12-30T23:00:00","slug":"historiskt-ar-for-solkusten-med-over-13-miljoner-turister","status":"publish","type":"post","link":"https:\/\/lightweb.dev\/l\/svm-temp\/nyheter\/historiskt-ar-for-solkusten-med-over-13-miljoner-turister\/","title":{"rendered":"Historiskt \u00e5r f\u00f6r Solkusten med \u00f6ver 13 miljoner turister"},"content":{"rendered":"<p> \u00d6ver 13 miljoner turister har bes\u00f6kt Costa del Sol 2019. Det \u00e4r en \u00f6kning med 4,2 procent j\u00e4mf\u00f6rt med 2018. Det genererar inkomster f\u00f6r kusten p\u00e5 \u00f6ver 14,4 miljarder euro vilket \u00e4r en \u00f6kning med 1,92 procent. Det ber\u00e4ttade Solkustens turistansvarige, Margarita Del Cid, vid en presskonferens under g\u00e5rdagen.<\/p>\n<p>Costa del Sol och provinsen M\u00e1laga n\u00e5r \u00f6ver 13.093.000 bes\u00f6kare f\u00f6r 2019. Turiststr\u00f6mmen bidrar till ekonomi och arbetstillf\u00e4llen. Totalt 179.000 arbetstillf\u00e4llen p\u00e5 Solkusten kopplas samman med turistbranschen.<\/p>\n<p>\u201dNyckeln till framg\u00e5ngen \u00e4r det utm\u00e4rkta samarbete som finns mellan turistmyndigheterna och det privata n\u00e4ringslivet. Kusten har \u00e5terigen visat sin styrka. Storbritannien, Tyskland och Frankrike \u00e4r viktiga marknader som bidrar med flest turister\u201d s\u00e4ger Margarita Del Cid.<\/p>\n<p>Trots snacket om flygskam s\u00e5 v\u00e4ljer m\u00e5nga svenskar att ta flyget till M\u00e1laga. Enligt turistmyndigheterna \u00f6kade antalet svenska turister med 10,6 procent under 2019 j\u00e4mf\u00f6rt med \u00e5ret innan.<\/p>\n<p>\u00d6sterrike (+82,6%), Portugal (+47,9%), Tjeckien (+20,9%), Turkiet (+17,7%) och Irland (+14,2%) st\u00e5r f\u00f6r stora \u00f6kningar procentuellt.<\/p>\n<p>\u201d2020 kommer inte att bli l\u00e4tt d\u00e5 vi ser en avmattning i flera europeiska ekonomier. Vi \u00f6kar v\u00e5r turistbudget med 23 procent och kommer att marknadsf\u00f6ra kusten i traditionella l\u00e4nder men ocks\u00e5 i tillv\u00e4xtmarknader\u201d s\u00e4ger Margarita Del Cid, ansvarig vid turistmyndigheterna p\u00e5 Costa del Sol.<\/p>\n","protected":false},"excerpt":{"rendered":"<p>\u00d6ver 13 miljoner turister har bes\u00f6kt Costa del Sol 2019. Det \u00e4r en \u00f6kning med 4,2 procent j\u00e4mf\u00f6rt med 2018. Det genererar inkomster f\u00f6r kusten p\u00e5 \u00f6ver 14,4 miljarder euro vilket \u00e4r en \u00f6kning med 1,92 procent. Det ber\u00e4ttade Solkustens turistansvarige, Margarita Del Cid, vid en presskonferens under g\u00e5rdagen. Costa del Sol och provinsen M\u00e1laga [&hellip;]<\/p>\n","protected":false},"author":8,"featured_media":15032,"comment_status":"open","ping_status":"open","sticky":false,"template":"","format":"standard","meta":{"_et_pb_use_builder":"","_et_pb_old_content":"","_et_gb_content_width":"","footnotes":""},"categories":[395,3],"tags":[],"class_list":["post-15031","post","type-post","status-publish","format-standard","has-post-thumbnail","hentry","category-arkiv-nyheter","category-nyheter"],"yoast_head":"<!-- This site is optimized with the Yoast SEO Premium plugin v26.2 (Yoast SEO v27.4) - https:\/\/yoast.com\/product\/yoast-seo-premium-wordpress\/ -->\n<title>Historiskt \u00e5r f\u00f6r Solkusten med \u00f6ver 13 miljoner turister - Svenska Magasinet<\/title>\n<meta name=\"robots\" content=\"noindex, follow, max-snippet:-1, max-image-preview:large, max-video-preview:-1\" \/>\n<meta property=\"og:locale\" content=\"sv_SE\" \/>\n<meta property=\"og:type\" content=\"article\" \/>\n<meta property=\"og:title\" content=\"Historiskt \u00e5r f\u00f6r Solkusten med \u00f6ver 13 miljoner turister\" \/>\n<meta property=\"og:description\" content=\"\u00d6ver 13 miljoner turister har bes\u00f6kt Costa del Sol 2019. Det \u00e4r en \u00f6kning med 4,2 procent j\u00e4mf\u00f6rt med 2018. Det genererar inkomster f\u00f6r kusten p\u00e5 \u00f6ver 14,4 miljarder euro vilket \u00e4r en \u00f6kning med 1,92 procent. Det ber\u00e4ttade Solkustens turistansvarige, Margarita Del Cid, vid en presskonferens under g\u00e5rdagen. Costa del Sol och provinsen M\u00e1laga [&hellip;]\" \/>\n<meta property=\"og:url\" content=\"https:\/\/lightweb.dev\/l\/svm-temp\/nyheter\/historiskt-ar-for-solkusten-med-over-13-miljoner-turister\/\" \/>\n<meta property=\"og:site_name\" content=\"Svenska Magasinet\" \/>\n<meta property=\"article:publisher\" content=\"https:\/\/www.facebook.com\/svenskamagasinet\" \/>\n<meta property=\"article:published_time\" content=\"2019-12-30T23:00:00+00:00\" \/>\n<meta property=\"og:image\" content=\"https:\/\/lightweb.dev\/l\/svm-temp\/wp-content\/uploads\/2022\/06\/historiskt-ar-for-solkusten-med-over-13-miljoner-turister.png\" \/>\n\t<meta property=\"og:image:width\" content=\"700\" \/>\n\t<meta property=\"og:image:height\" content=\"420\" \/>\n\t<meta property=\"og:image:type\" content=\"image\/png\" \/>\n<meta name=\"author\" content=\"Redaktionen SvM\" \/>\n<meta name=\"twitter:card\" content=\"summary_large_image\" \/>\n<meta name=\"twitter:creator\" content=\"@SvenskaMagasine\" \/>\n<meta name=\"twitter:site\" content=\"@SvenskaMagasine\" \/>\n<script type=\"application\/ld+json\" class=\"yoast-schema-graph\">{\"@context\":\"https:\\\/\\\/schema.org\",\"@graph\":[{\"@type\":\"Article\",\"@id\":\"https:\\\/\\\/lightweb.dev\\\/l\\\/svm-temp\\\/nyheter\\\/historiskt-ar-for-solkusten-med-over-13-miljoner-turister\\\/#article\",\"isPartOf\":{\"@id\":\"https:\\\/\\\/lightweb.dev\\\/l\\\/svm-temp\\\/nyheter\\\/historiskt-ar-for-solkusten-med-over-13-miljoner-turister\\\/\"},\"author\":{\"name\":\"Redaktionen SvM\",\"@id\":\"https:\\\/\\\/lightweb.dev\\\/l\\\/svm-temp\\\/#\\\/schema\\\/person\\\/206a3bda5b607b0c25e1749191e4d837\"},\"headline\":\"Historiskt \u00e5r f\u00f6r Solkusten med \u00f6ver 13 miljoner turister\",\"datePublished\":\"2019-12-30T23:00:00+00:00\",\"mainEntityOfPage\":{\"@id\":\"https:\\\/\\\/lightweb.dev\\\/l\\\/svm-temp\\\/nyheter\\\/historiskt-ar-for-solkusten-med-over-13-miljoner-turister\\\/\"},\"wordCount\":223,\"commentCount\":0,\"publisher\":{\"@id\":\"https:\\\/\\\/lightweb.dev\\\/l\\\/svm-temp\\\/#organization\"},\"image\":{\"@id\":\"https:\\\/\\\/lightweb.dev\\\/l\\\/svm-temp\\\/nyheter\\\/historiskt-ar-for-solkusten-med-over-13-miljoner-turister\\\/#primaryimage\"},\"thumbnailUrl\":\"https:\\\/\\\/lightweb.dev\\\/l\\\/svm-temp\\\/wp-content\\\/uploads\\\/2022\\\/06\\\/historiskt-ar-for-solkusten-med-over-13-miljoner-turister.png\",\"articleSection\":[\"Arkiv\",\"Nyheter\"],\"inLanguage\":\"sv-SE\"},{\"@type\":\"WebPage\",\"@id\":\"https:\\\/\\\/lightweb.dev\\\/l\\\/svm-temp\\\/nyheter\\\/historiskt-ar-for-solkusten-med-over-13-miljoner-turister\\\/\",\"url\":\"https:\\\/\\\/lightweb.dev\\\/l\\\/svm-temp\\\/nyheter\\\/historiskt-ar-for-solkusten-med-over-13-miljoner-turister\\\/\",\"name\":\"Historiskt \u00e5r f\u00f6r Solkusten med \u00f6ver 13 miljoner turister - Svenska Magasinet\",\"isPartOf\":{\"@id\":\"https:\\\/\\\/lightweb.dev\\\/l\\\/svm-temp\\\/#website\"},\"primaryImageOfPage\":{\"@id\":\"https:\\\/\\\/lightweb.dev\\\/l\\\/svm-temp\\\/nyheter\\\/historiskt-ar-for-solkusten-med-over-13-miljoner-turister\\\/#primaryimage\"},\"image\":{\"@id\":\"https:\\\/\\\/lightweb.dev\\\/l\\\/svm-temp\\\/nyheter\\\/historiskt-ar-for-solkusten-med-over-13-miljoner-turister\\\/#primaryimage\"},\"thumbnailUrl\":\"https:\\\/\\\/lightweb.dev\\\/l\\\/svm-temp\\\/wp-content\\\/uploads\\\/2022\\\/06\\\/historiskt-ar-for-solkusten-med-over-13-miljoner-turister.png\",\"datePublished\":\"2019-12-30T23:00:00+00:00\",\"breadcrumb\":{\"@id\":\"https:\\\/\\\/lightweb.dev\\\/l\\\/svm-temp\\\/nyheter\\\/historiskt-ar-for-solkusten-med-over-13-miljoner-turister\\\/#breadcrumb\"},\"inLanguage\":\"sv-SE\",\"potentialAction\":[{\"@type\":\"ReadAction\",\"target\":[\"https:\\\/\\\/lightweb.dev\\\/l\\\/svm-temp\\\/nyheter\\\/historiskt-ar-for-solkusten-med-over-13-miljoner-turister\\\/\"]}]},{\"@type\":\"ImageObject\",\"inLanguage\":\"sv-SE\",\"@id\":\"https:\\\/\\\/lightweb.dev\\\/l\\\/svm-temp\\\/nyheter\\\/historiskt-ar-for-solkusten-med-over-13-miljoner-turister\\\/#primaryimage\",\"url\":\"https:\\\/\\\/lightweb.dev\\\/l\\\/svm-temp\\\/wp-content\\\/uploads\\\/2022\\\/06\\\/historiskt-ar-for-solkusten-med-over-13-miljoner-turister.png\",\"contentUrl\":\"https:\\\/\\\/lightweb.dev\\\/l\\\/svm-temp\\\/wp-content\\\/uploads\\\/2022\\\/06\\\/historiskt-ar-for-solkusten-med-over-13-miljoner-turister.png\",\"width\":700,\"height\":420},{\"@type\":\"BreadcrumbList\",\"@id\":\"https:\\\/\\\/lightweb.dev\\\/l\\\/svm-temp\\\/nyheter\\\/historiskt-ar-for-solkusten-med-over-13-miljoner-turister\\\/#breadcrumb\",\"itemListElement\":[{\"@type\":\"ListItem\",\"position\":1,\"name\":\"Hem\",\"item\":\"https:\\\/\\\/lightweb.dev\\\/l\\\/svm-temp\\\/\"},{\"@type\":\"ListItem\",\"position\":2,\"name\":\"Historiskt \u00e5r f\u00f6r Solkusten med \u00f6ver 13 miljoner turister\"}]},{\"@type\":\"WebSite\",\"@id\":\"https:\\\/\\\/lightweb.dev\\\/l\\\/svm-temp\\\/#website\",\"url\":\"https:\\\/\\\/lightweb.dev\\\/l\\\/svm-temp\\\/\",\"name\":\"Svenska Magasinet\",\"description\":\"Dina Spanska nyheter p&aring; Svenska\",\"publisher\":{\"@id\":\"https:\\\/\\\/lightweb.dev\\\/l\\\/svm-temp\\\/#organization\"},\"potentialAction\":[{\"@type\":\"SearchAction\",\"target\":{\"@type\":\"EntryPoint\",\"urlTemplate\":\"https:\\\/\\\/lightweb.dev\\\/l\\\/svm-temp\\\/?s={search_term_string}\"},\"query-input\":{\"@type\":\"PropertyValueSpecification\",\"valueRequired\":true,\"valueName\":\"search_term_string\"}}],\"inLanguage\":\"sv-SE\"},{\"@type\":\"Organization\",\"@id\":\"https:\\\/\\\/lightweb.dev\\\/l\\\/svm-temp\\\/#organization\",\"name\":\"Melkerson y Nott SL\",\"alternateName\":\"Svenska Magasinet\",\"url\":\"https:\\\/\\\/lightweb.dev\\\/l\\\/svm-temp\\\/\",\"logo\":{\"@type\":\"ImageObject\",\"inLanguage\":\"sv-SE\",\"@id\":\"https:\\\/\\\/lightweb.dev\\\/l\\\/svm-temp\\\/#\\\/schema\\\/logo\\\/image\\\/\",\"url\":\"https:\\\/\\\/lightweb.dev\\\/l\\\/svm-temp\\\/wp-content\\\/uploads\\\/2025\\\/02\\\/SvM-logo-Xtra-Centrerad-SVART.png\",\"contentUrl\":\"https:\\\/\\\/lightweb.dev\\\/l\\\/svm-temp\\\/wp-content\\\/uploads\\\/2025\\\/02\\\/SvM-logo-Xtra-Centrerad-SVART.png\",\"width\":300,\"height\":99,\"caption\":\"Melkerson y Nott SL\"},\"image\":{\"@id\":\"https:\\\/\\\/lightweb.dev\\\/l\\\/svm-temp\\\/#\\\/schema\\\/logo\\\/image\\\/\"},\"sameAs\":[\"https:\\\/\\\/www.facebook.com\\\/svenskamagasinet\",\"https:\\\/\\\/x.com\\\/SvenskaMagasine\"]},{\"@type\":\"Person\",\"@id\":\"https:\\\/\\\/lightweb.dev\\\/l\\\/svm-temp\\\/#\\\/schema\\\/person\\\/206a3bda5b607b0c25e1749191e4d837\",\"name\":\"Redaktionen SvM\",\"description\":\"Redaktionen\",\"sameAs\":[\"https:\\\/\\\/lightweb.dev\\\/l\\\/svm-temp\"],\"url\":\"https:\\\/\\\/lightweb.dev\\\/l\\\/svm-temp\\\/reporter\\\/redaktionen\\\/\"}]}<\/script>\n<!-- \/ Yoast SEO Premium plugin. -->","yoast_head_json":{"title":"Historiskt \u00e5r f\u00f6r Solkusten med \u00f6ver 13 miljoner turister - Svenska Magasinet","robots":{"index":"noindex","follow":"follow","max-snippet":"max-snippet:-1","max-image-preview":"max-image-preview:large","max-video-preview":"max-video-preview:-1"},"og_locale":"sv_SE","og_type":"article","og_title":"Historiskt \u00e5r f\u00f6r Solkusten med \u00f6ver 13 miljoner turister","og_description":"\u00d6ver 13 miljoner turister har bes\u00f6kt Costa del Sol 2019. Det \u00e4r en \u00f6kning med 4,2 procent j\u00e4mf\u00f6rt med 2018. Det genererar inkomster f\u00f6r kusten p\u00e5 \u00f6ver 14,4 miljarder euro vilket \u00e4r en \u00f6kning med 1,92 procent. Det ber\u00e4ttade Solkustens turistansvarige, Margarita Del Cid, vid en presskonferens under g\u00e5rdagen. Costa del Sol och provinsen M\u00e1laga [&hellip;]","og_url":"https:\/\/lightweb.dev\/l\/svm-temp\/nyheter\/historiskt-ar-for-solkusten-med-over-13-miljoner-turister\/","og_site_name":"Svenska Magasinet","article_publisher":"https:\/\/www.facebook.com\/svenskamagasinet","article_published_time":"2019-12-30T23:00:00+00:00","og_image":[{"width":700,"height":420,"url":"https:\/\/lightweb.dev\/l\/svm-temp\/wp-content\/uploads\/2022\/06\/historiskt-ar-for-solkusten-med-over-13-miljoner-turister.png","type":"image\/png"}],"author":"Redaktionen SvM","twitter_card":"summary_large_image","twitter_creator":"@SvenskaMagasine","twitter_site":"@SvenskaMagasine","schema":{"@context":"https:\/\/schema.org","@graph":[{"@type":"Article","@id":"https:\/\/lightweb.dev\/l\/svm-temp\/nyheter\/historiskt-ar-for-solkusten-med-over-13-miljoner-turister\/#article","isPartOf":{"@id":"https:\/\/lightweb.dev\/l\/svm-temp\/nyheter\/historiskt-ar-for-solkusten-med-over-13-miljoner-turister\/"},"author":{"name":"Redaktionen SvM","@id":"https:\/\/lightweb.dev\/l\/svm-temp\/#\/schema\/person\/206a3bda5b607b0c25e1749191e4d837"},"headline":"Historiskt \u00e5r f\u00f6r Solkusten med \u00f6ver 13 miljoner turister","datePublished":"2019-12-30T23:00:00+00:00","mainEntityOfPage":{"@id":"https:\/\/lightweb.dev\/l\/svm-temp\/nyheter\/historiskt-ar-for-solkusten-med-over-13-miljoner-turister\/"},"wordCount":223,"commentCount":0,"publisher":{"@id":"https:\/\/lightweb.dev\/l\/svm-temp\/#organization"},"image":{"@id":"https:\/\/lightweb.dev\/l\/svm-temp\/nyheter\/historiskt-ar-for-solkusten-med-over-13-miljoner-turister\/#primaryimage"},"thumbnailUrl":"https:\/\/lightweb.dev\/l\/svm-temp\/wp-content\/uploads\/2022\/06\/historiskt-ar-for-solkusten-med-over-13-miljoner-turister.png","articleSection":["Arkiv","Nyheter"],"inLanguage":"sv-SE"},{"@type":"WebPage","@id":"https:\/\/lightweb.dev\/l\/svm-temp\/nyheter\/historiskt-ar-for-solkusten-med-over-13-miljoner-turister\/","url":"https:\/\/lightweb.dev\/l\/svm-temp\/nyheter\/historiskt-ar-for-solkusten-med-over-13-miljoner-turister\/","name":"Historiskt \u00e5r f\u00f6r Solkusten med \u00f6ver 13 miljoner turister - Svenska Magasinet","isPartOf":{"@id":"https:\/\/lightweb.dev\/l\/svm-temp\/#website"},"primaryImageOfPage":{"@id":"https:\/\/lightweb.dev\/l\/svm-temp\/nyheter\/historiskt-ar-for-solkusten-med-over-13-miljoner-turister\/#primaryimage"},"image":{"@id":"https:\/\/lightweb.dev\/l\/svm-temp\/nyheter\/historiskt-ar-for-solkusten-med-over-13-miljoner-turister\/#primaryimage"},"thumbnailUrl":"https:\/\/lightweb.dev\/l\/svm-temp\/wp-content\/uploads\/2022\/06\/historiskt-ar-for-solkusten-med-over-13-miljoner-turister.png","datePublished":"2019-12-30T23:00:00+00:00","breadcrumb":{"@id":"https:\/\/lightweb.dev\/l\/svm-temp\/nyheter\/historiskt-ar-for-solkusten-med-over-13-miljoner-turister\/#breadcrumb"},"inLanguage":"sv-SE","potentialAction":[{"@type":"ReadAction","target":["https:\/\/lightweb.dev\/l\/svm-temp\/nyheter\/historiskt-ar-for-solkusten-med-over-13-miljoner-turister\/"]}]},{"@type":"ImageObject","inLanguage":"sv-SE","@id":"https:\/\/lightweb.dev\/l\/svm-temp\/nyheter\/historiskt-ar-for-solkusten-med-over-13-miljoner-turister\/#primaryimage","url":"https:\/\/lightweb.dev\/l\/svm-temp\/wp-content\/uploads\/2022\/06\/historiskt-ar-for-solkusten-med-over-13-miljoner-turister.png","contentUrl":"https:\/\/lightweb.dev\/l\/svm-temp\/wp-content\/uploads\/2022\/06\/historiskt-ar-for-solkusten-med-over-13-miljoner-turister.png","width":700,"height":420},{"@type":"BreadcrumbList","@id":"https:\/\/lightweb.dev\/l\/svm-temp\/nyheter\/historiskt-ar-for-solkusten-med-over-13-miljoner-turister\/#breadcrumb","itemListElement":[{"@type":"ListItem","position":1,"name":"Hem","item":"https:\/\/lightweb.dev\/l\/svm-temp\/"},{"@type":"ListItem","position":2,"name":"Historiskt \u00e5r f\u00f6r Solkusten med \u00f6ver 13 miljoner turister"}]},{"@type":"WebSite","@id":"https:\/\/lightweb.dev\/l\/svm-temp\/#website","url":"https:\/\/lightweb.dev\/l\/svm-temp\/","name":"Svenska Magasinet","description":"Dina Spanska nyheter p&aring; Svenska","publisher":{"@id":"https:\/\/lightweb.dev\/l\/svm-temp\/#organization"},"potentialAction":[{"@type":"SearchAction","target":{"@type":"EntryPoint","urlTemplate":"https:\/\/lightweb.dev\/l\/svm-temp\/?s={search_term_string}"},"query-input":{"@type":"PropertyValueSpecification","valueRequired":true,"valueName":"search_term_string"}}],"inLanguage":"sv-SE"},{"@type":"Organization","@id":"https:\/\/lightweb.dev\/l\/svm-temp\/#organization","name":"Melkerson y Nott SL","alternateName":"Svenska Magasinet","url":"https:\/\/lightweb.dev\/l\/svm-temp\/","logo":{"@type":"ImageObject","inLanguage":"sv-SE","@id":"https:\/\/lightweb.dev\/l\/svm-temp\/#\/schema\/logo\/image\/","url":"https:\/\/lightweb.dev\/l\/svm-temp\/wp-content\/uploads\/2025\/02\/SvM-logo-Xtra-Centrerad-SVART.png","contentUrl":"https:\/\/lightweb.dev\/l\/svm-temp\/wp-content\/uploads\/2025\/02\/SvM-logo-Xtra-Centrerad-SVART.png","width":300,"height":99,"caption":"Melkerson y Nott SL"},"image":{"@id":"https:\/\/lightweb.dev\/l\/svm-temp\/#\/schema\/logo\/image\/"},"sameAs":["https:\/\/www.facebook.com\/svenskamagasinet","https:\/\/x.com\/SvenskaMagasine"]},{"@type":"Person","@id":"https:\/\/lightweb.dev\/l\/svm-temp\/#\/schema\/person\/206a3bda5b607b0c25e1749191e4d837","name":"Redaktionen SvM","description":"Redaktionen","sameAs":["https:\/\/lightweb.dev\/l\/svm-temp"],"url":"https:\/\/lightweb.dev\/l\/svm-temp\/reporter\/redaktionen\/"}]}},"_links":{"self":[{"href":"https:\/\/lightweb.dev\/l\/svm-temp\/wp-json\/wp\/v2\/posts\/15031","targetHints":{"allow":["GET"]}}],"collection":[{"href":"https:\/\/lightweb.dev\/l\/svm-temp\/wp-json\/wp\/v2\/posts"}],"about":[{"href":"https:\/\/lightweb.dev\/l\/svm-temp\/wp-json\/wp\/v2\/types\/post"}],"author":[{"embeddable":true,"href":"https:\/\/lightweb.dev\/l\/svm-temp\/wp-json\/wp\/v2\/users\/8"}],"replies":[{"embeddable":true,"href":"https:\/\/lightweb.dev\/l\/svm-temp\/wp-json\/wp\/v2\/comments?post=15031"}],"version-history":[{"count":0,"href":"https:\/\/lightweb.dev\/l\/svm-temp\/wp-json\/wp\/v2\/posts\/15031\/revisions"}],"wp:featuredmedia":[{"embeddable":true,"href":"https:\/\/lightweb.dev\/l\/svm-temp\/wp-json\/wp\/v2\/media\/15032"}],"wp:attachment":[{"href":"https:\/\/lightweb.dev\/l\/svm-temp\/wp-json\/wp\/v2\/media?parent=15031"}],"wp:term":[{"taxonomy":"category","embeddable":true,"href":"https:\/\/lightweb.dev\/l\/svm-temp\/wp-json\/wp\/v2\/categories?post=15031"},{"taxonomy":"post_tag","embeddable":true,"href":"https:\/\/lightweb.dev\/l\/svm-temp\/wp-json\/wp\/v2\/tags?post=15031"}],"curies":[{"name":"wp","href":"https:\/\/api.w.org\/{rel}","templated":true}]}}