{"id":15035,"date":"2019-12-30T00:00:00","date_gmt":"2019-12-29T23:00:00","guid":{"rendered":"https:\/\/lightweb.dev\/l\/svm-temp\/nyheter\/anhoriga-tillbakavisar-uppgifter-om-brist-pa-simkunskaper\/"},"modified":"2019-12-30T00:00:00","modified_gmt":"2019-12-29T23:00:00","slug":"anhoriga-tillbakavisar-uppgifter-om-brist-pa-simkunskaper","status":"publish","type":"post","link":"https:\/\/lightweb.dev\/l\/svm-temp\/nyheter\/anhoriga-tillbakavisar-uppgifter-om-brist-pa-simkunskaper\/","title":{"rendered":"Anh\u00f6riga tillbakavisar uppgifter om brist p\u00e5 simkunskaper"},"content":{"rendered":"<p> Mamman till de tv\u00e5 barn som drunknade f\u00f6r snart en vecka sedan i en pool p\u00e5 Club la Costa World s\u00e4ger nu att barnen kunde simma. Bland annat ska den nio\u00e5riga dottern som f\u00f6rolyckads ha g\u00e5tt i en simskola veckan innan familjen reste p\u00e5 semester till Solkusten.<\/p>\n<p>Det r\u00e5der fortsatt oklarheter vad som l\u00e5g bakom h\u00e4ndelsen p\u00e5 julafton d\u00e5 en 52-\u00e5rig pappa och dennes 16-\u00e5rige son plus nio\u00e5riga dotter drunknade. Obduktionsrapporten visar att d\u00f6dsorsaken \u00e4r drunkning.<\/p>\n<p>Guardia Civil som ansvarar f\u00f6r utredningen talar om en tragisk olycka och att de tre omkomna saknade kunskaper i att simma. Nu har mamman och hustrun till de omkomna via familjens advokat i Fuengirola, Javier Toro, meddelat att de tre kunde simma. Den yngsta familjemedlemmen som drunknade fick simundervisning innan de reste p\u00e5 en veckas semester till Solkusten. Totalt tv\u00e5 vuxna och fem barn reste till Mijas Costa den 21 december.<\/p>\n<p>Javier Toro s\u00e4ger ocks\u00e5 att familjen \u00e4r redo att \u00f6ppna en parallell utredning till den som Guardia Civil \u00e4r ig\u00e5ng med.<br \/>\n\u201dFamiljen respekterar Guardia Civils utredning \u00e4ven om vi inte har haft tillg\u00e5ng till den\u201d.<\/p>\n<p>Advokaten insisterar p\u00e5 att n\u00e5gonting m\u00e5ste ha h\u00e4nt n\u00e4r tre personer drunknar samtidigt. Att det sker i samma pool samtidigt \u00e4r mycket egendomligt.<\/p>\n<p>I f\u00f6rra veckan publicerades uppgifter att familjens \u00e4ldsta dotter ska ha uppgett att ingen av de tre omkomna i familjen kunde simma.<\/p>\n<p>Familjens advokat s\u00e4ger att viss informationen som publicerats de senaste dagarna i spansk och brittisk press inte \u00e4r korrekt trots att det officiellt har bekr\u00e4ftats av myndigheterna.<br \/>\n\u201dSamtliga familjemedlemmar var vid poolen och respekterade de regler som g\u00e4ller. Dessutom har ingen av de anh\u00f6riga sagt att n\u00e5gon av familjemedlemmarna inte kunde simma. Tidigare uppgifter tillbakavisas nu av b\u00e5de den \u00e4ldsta dottern och mamman\u201d s\u00e4ger advokaten i ett uttalande som citeras av dagstidningen Diario SUR.<\/p>\n<p>Advokaten menar att de tidigare felaktiga uppgifterna bygger p\u00e5 ett \u00f6vers\u00e4ttningsfel eller feltolkning av f\u00f6rh\u00f6r. Javier Toro, som f\u00f6retr\u00e4der familjen, po\u00e4ngterar att det bara \u00e4r den \u00e4ldsta dottern och mamman som s\u00e5g vad som h\u00e4nde och som d\u00e4rmed kan intyga sanningen.<\/p>\n<p>Alberto Garc\u00eda som \u00e4r direkt\u00f6r vid Real Federaci\u00f3n Espa\u00f1ola de Salvamento y Socorrismo som utbildar livr\u00e4ddare s\u00e4ger till tidningen att h\u00e4ndelsen p\u00e5 Club La Costa World i Mijas Costa \u00e4r ett helt exceptionellt fall.<\/p>\n<p>Att tre personer drunknar samtidigt i en pool \u00e4r mycket ovanligt s\u00e4ger Garc\u00eda som till\u00e4gger att \u201dd\u00e4r det finns vatten kan m\u00e4nniskor drunkna\u201d.<br \/>\n KLICKA H\u00c4R och l\u00e4s tidigare artikel: Offren var inte simkunniga \u2013 flickan f\u00f6ll i poolen vid lek<\/p>\n","protected":false},"excerpt":{"rendered":"<p>Mamman till de tv\u00e5 barn som drunknade f\u00f6r snart en vecka sedan i en pool p\u00e5 Club la Costa World s\u00e4ger nu att barnen kunde simma. Bland annat ska den nio\u00e5riga dottern som f\u00f6rolyckads ha g\u00e5tt i en simskola veckan innan familjen reste p\u00e5 semester till Solkusten. Det r\u00e5der fortsatt oklarheter vad som l\u00e5g bakom [&hellip;]<\/p>\n","protected":false},"author":8,"featured_media":15036,"comment_status":"open","ping_status":"open","sticky":false,"template":"","format":"standard","meta":{"_et_pb_use_builder":"","_et_pb_old_content":"","_et_gb_content_width":"","footnotes":""},"categories":[395,3],"tags":[],"class_list":["post-15035","post","type-post","status-publish","format-standard","has-post-thumbnail","hentry","category-arkiv-nyheter","category-nyheter"],"yoast_head":"<!-- This site is optimized with the Yoast SEO Premium plugin v26.2 (Yoast SEO v27.4) - https:\/\/yoast.com\/product\/yoast-seo-premium-wordpress\/ -->\n<title>Anh\u00f6riga tillbakavisar uppgifter om brist p\u00e5 simkunskaper - Svenska Magasinet<\/title>\n<meta name=\"robots\" content=\"noindex, follow, max-snippet:-1, max-image-preview:large, max-video-preview:-1\" \/>\n<meta property=\"og:locale\" content=\"sv_SE\" \/>\n<meta property=\"og:type\" content=\"article\" \/>\n<meta property=\"og:title\" content=\"Anh\u00f6riga tillbakavisar uppgifter om brist p\u00e5 simkunskaper\" \/>\n<meta property=\"og:description\" content=\"Mamman till de tv\u00e5 barn som drunknade f\u00f6r snart en vecka sedan i en pool p\u00e5 Club la Costa World s\u00e4ger nu att barnen kunde simma. Bland annat ska den nio\u00e5riga dottern som f\u00f6rolyckads ha g\u00e5tt i en simskola veckan innan familjen reste p\u00e5 semester till Solkusten. Det r\u00e5der fortsatt oklarheter vad som l\u00e5g bakom [&hellip;]\" \/>\n<meta property=\"og:url\" content=\"https:\/\/lightweb.dev\/l\/svm-temp\/nyheter\/anhoriga-tillbakavisar-uppgifter-om-brist-pa-simkunskaper\/\" \/>\n<meta property=\"og:site_name\" content=\"Svenska Magasinet\" \/>\n<meta property=\"article:publisher\" content=\"https:\/\/www.facebook.com\/svenskamagasinet\" \/>\n<meta property=\"article:published_time\" content=\"2019-12-29T23:00:00+00:00\" \/>\n<meta property=\"og:image\" content=\"https:\/\/lightweb.dev\/l\/svm-temp\/wp-content\/uploads\/2022\/06\/anhoriga-tillbakavisar-uppgifter-om-brist-pa-simkunskaper.png\" \/>\n\t<meta property=\"og:image:width\" content=\"700\" \/>\n\t<meta property=\"og:image:height\" content=\"421\" \/>\n\t<meta property=\"og:image:type\" content=\"image\/png\" \/>\n<meta name=\"author\" content=\"Redaktionen SvM\" \/>\n<meta name=\"twitter:card\" content=\"summary_large_image\" \/>\n<meta name=\"twitter:creator\" content=\"@SvenskaMagasine\" \/>\n<meta name=\"twitter:site\" content=\"@SvenskaMagasine\" \/>\n<script type=\"application\/ld+json\" class=\"yoast-schema-graph\">{\"@context\":\"https:\\\/\\\/schema.org\",\"@graph\":[{\"@type\":\"Article\",\"@id\":\"https:\\\/\\\/lightweb.dev\\\/l\\\/svm-temp\\\/nyheter\\\/anhoriga-tillbakavisar-uppgifter-om-brist-pa-simkunskaper\\\/#article\",\"isPartOf\":{\"@id\":\"https:\\\/\\\/lightweb.dev\\\/l\\\/svm-temp\\\/nyheter\\\/anhoriga-tillbakavisar-uppgifter-om-brist-pa-simkunskaper\\\/\"},\"author\":{\"name\":\"Redaktionen SvM\",\"@id\":\"https:\\\/\\\/lightweb.dev\\\/l\\\/svm-temp\\\/#\\\/schema\\\/person\\\/206a3bda5b607b0c25e1749191e4d837\"},\"headline\":\"Anh\u00f6riga tillbakavisar uppgifter om brist p\u00e5 simkunskaper\",\"datePublished\":\"2019-12-29T23:00:00+00:00\",\"mainEntityOfPage\":{\"@id\":\"https:\\\/\\\/lightweb.dev\\\/l\\\/svm-temp\\\/nyheter\\\/anhoriga-tillbakavisar-uppgifter-om-brist-pa-simkunskaper\\\/\"},\"wordCount\":474,\"commentCount\":0,\"publisher\":{\"@id\":\"https:\\\/\\\/lightweb.dev\\\/l\\\/svm-temp\\\/#organization\"},\"image\":{\"@id\":\"https:\\\/\\\/lightweb.dev\\\/l\\\/svm-temp\\\/nyheter\\\/anhoriga-tillbakavisar-uppgifter-om-brist-pa-simkunskaper\\\/#primaryimage\"},\"thumbnailUrl\":\"https:\\\/\\\/lightweb.dev\\\/l\\\/svm-temp\\\/wp-content\\\/uploads\\\/2022\\\/06\\\/anhoriga-tillbakavisar-uppgifter-om-brist-pa-simkunskaper.png\",\"articleSection\":[\"Arkiv\",\"Nyheter\"],\"inLanguage\":\"sv-SE\"},{\"@type\":\"WebPage\",\"@id\":\"https:\\\/\\\/lightweb.dev\\\/l\\\/svm-temp\\\/nyheter\\\/anhoriga-tillbakavisar-uppgifter-om-brist-pa-simkunskaper\\\/\",\"url\":\"https:\\\/\\\/lightweb.dev\\\/l\\\/svm-temp\\\/nyheter\\\/anhoriga-tillbakavisar-uppgifter-om-brist-pa-simkunskaper\\\/\",\"name\":\"Anh\u00f6riga tillbakavisar uppgifter om brist p\u00e5 simkunskaper - Svenska Magasinet\",\"isPartOf\":{\"@id\":\"https:\\\/\\\/lightweb.dev\\\/l\\\/svm-temp\\\/#website\"},\"primaryImageOfPage\":{\"@id\":\"https:\\\/\\\/lightweb.dev\\\/l\\\/svm-temp\\\/nyheter\\\/anhoriga-tillbakavisar-uppgifter-om-brist-pa-simkunskaper\\\/#primaryimage\"},\"image\":{\"@id\":\"https:\\\/\\\/lightweb.dev\\\/l\\\/svm-temp\\\/nyheter\\\/anhoriga-tillbakavisar-uppgifter-om-brist-pa-simkunskaper\\\/#primaryimage\"},\"thumbnailUrl\":\"https:\\\/\\\/lightweb.dev\\\/l\\\/svm-temp\\\/wp-content\\\/uploads\\\/2022\\\/06\\\/anhoriga-tillbakavisar-uppgifter-om-brist-pa-simkunskaper.png\",\"datePublished\":\"2019-12-29T23:00:00+00:00\",\"breadcrumb\":{\"@id\":\"https:\\\/\\\/lightweb.dev\\\/l\\\/svm-temp\\\/nyheter\\\/anhoriga-tillbakavisar-uppgifter-om-brist-pa-simkunskaper\\\/#breadcrumb\"},\"inLanguage\":\"sv-SE\",\"potentialAction\":[{\"@type\":\"ReadAction\",\"target\":[\"https:\\\/\\\/lightweb.dev\\\/l\\\/svm-temp\\\/nyheter\\\/anhoriga-tillbakavisar-uppgifter-om-brist-pa-simkunskaper\\\/\"]}]},{\"@type\":\"ImageObject\",\"inLanguage\":\"sv-SE\",\"@id\":\"https:\\\/\\\/lightweb.dev\\\/l\\\/svm-temp\\\/nyheter\\\/anhoriga-tillbakavisar-uppgifter-om-brist-pa-simkunskaper\\\/#primaryimage\",\"url\":\"https:\\\/\\\/lightweb.dev\\\/l\\\/svm-temp\\\/wp-content\\\/uploads\\\/2022\\\/06\\\/anhoriga-tillbakavisar-uppgifter-om-brist-pa-simkunskaper.png\",\"contentUrl\":\"https:\\\/\\\/lightweb.dev\\\/l\\\/svm-temp\\\/wp-content\\\/uploads\\\/2022\\\/06\\\/anhoriga-tillbakavisar-uppgifter-om-brist-pa-simkunskaper.png\",\"width\":700,\"height\":421},{\"@type\":\"BreadcrumbList\",\"@id\":\"https:\\\/\\\/lightweb.dev\\\/l\\\/svm-temp\\\/nyheter\\\/anhoriga-tillbakavisar-uppgifter-om-brist-pa-simkunskaper\\\/#breadcrumb\",\"itemListElement\":[{\"@type\":\"ListItem\",\"position\":1,\"name\":\"Hem\",\"item\":\"https:\\\/\\\/lightweb.dev\\\/l\\\/svm-temp\\\/\"},{\"@type\":\"ListItem\",\"position\":2,\"name\":\"Anh\u00f6riga tillbakavisar uppgifter om brist p\u00e5 simkunskaper\"}]},{\"@type\":\"WebSite\",\"@id\":\"https:\\\/\\\/lightweb.dev\\\/l\\\/svm-temp\\\/#website\",\"url\":\"https:\\\/\\\/lightweb.dev\\\/l\\\/svm-temp\\\/\",\"name\":\"Svenska Magasinet\",\"description\":\"Dina Spanska nyheter p&aring; Svenska\",\"publisher\":{\"@id\":\"https:\\\/\\\/lightweb.dev\\\/l\\\/svm-temp\\\/#organization\"},\"potentialAction\":[{\"@type\":\"SearchAction\",\"target\":{\"@type\":\"EntryPoint\",\"urlTemplate\":\"https:\\\/\\\/lightweb.dev\\\/l\\\/svm-temp\\\/?s={search_term_string}\"},\"query-input\":{\"@type\":\"PropertyValueSpecification\",\"valueRequired\":true,\"valueName\":\"search_term_string\"}}],\"inLanguage\":\"sv-SE\"},{\"@type\":\"Organization\",\"@id\":\"https:\\\/\\\/lightweb.dev\\\/l\\\/svm-temp\\\/#organization\",\"name\":\"Melkerson y Nott SL\",\"alternateName\":\"Svenska Magasinet\",\"url\":\"https:\\\/\\\/lightweb.dev\\\/l\\\/svm-temp\\\/\",\"logo\":{\"@type\":\"ImageObject\",\"inLanguage\":\"sv-SE\",\"@id\":\"https:\\\/\\\/lightweb.dev\\\/l\\\/svm-temp\\\/#\\\/schema\\\/logo\\\/image\\\/\",\"url\":\"https:\\\/\\\/lightweb.dev\\\/l\\\/svm-temp\\\/wp-content\\\/uploads\\\/2025\\\/02\\\/SvM-logo-Xtra-Centrerad-SVART.png\",\"contentUrl\":\"https:\\\/\\\/lightweb.dev\\\/l\\\/svm-temp\\\/wp-content\\\/uploads\\\/2025\\\/02\\\/SvM-logo-Xtra-Centrerad-SVART.png\",\"width\":300,\"height\":99,\"caption\":\"Melkerson y Nott SL\"},\"image\":{\"@id\":\"https:\\\/\\\/lightweb.dev\\\/l\\\/svm-temp\\\/#\\\/schema\\\/logo\\\/image\\\/\"},\"sameAs\":[\"https:\\\/\\\/www.facebook.com\\\/svenskamagasinet\",\"https:\\\/\\\/x.com\\\/SvenskaMagasine\"]},{\"@type\":\"Person\",\"@id\":\"https:\\\/\\\/lightweb.dev\\\/l\\\/svm-temp\\\/#\\\/schema\\\/person\\\/206a3bda5b607b0c25e1749191e4d837\",\"name\":\"Redaktionen SvM\",\"description\":\"Redaktionen\",\"sameAs\":[\"https:\\\/\\\/lightweb.dev\\\/l\\\/svm-temp\"],\"url\":\"https:\\\/\\\/lightweb.dev\\\/l\\\/svm-temp\\\/reporter\\\/redaktionen\\\/\"}]}<\/script>\n<!-- \/ Yoast SEO Premium plugin. -->","yoast_head_json":{"title":"Anh\u00f6riga tillbakavisar uppgifter om brist p\u00e5 simkunskaper - Svenska Magasinet","robots":{"index":"noindex","follow":"follow","max-snippet":"max-snippet:-1","max-image-preview":"max-image-preview:large","max-video-preview":"max-video-preview:-1"},"og_locale":"sv_SE","og_type":"article","og_title":"Anh\u00f6riga tillbakavisar uppgifter om brist p\u00e5 simkunskaper","og_description":"Mamman till de tv\u00e5 barn som drunknade f\u00f6r snart en vecka sedan i en pool p\u00e5 Club la Costa World s\u00e4ger nu att barnen kunde simma. Bland annat ska den nio\u00e5riga dottern som f\u00f6rolyckads ha g\u00e5tt i en simskola veckan innan familjen reste p\u00e5 semester till Solkusten. Det r\u00e5der fortsatt oklarheter vad som l\u00e5g bakom [&hellip;]","og_url":"https:\/\/lightweb.dev\/l\/svm-temp\/nyheter\/anhoriga-tillbakavisar-uppgifter-om-brist-pa-simkunskaper\/","og_site_name":"Svenska Magasinet","article_publisher":"https:\/\/www.facebook.com\/svenskamagasinet","article_published_time":"2019-12-29T23:00:00+00:00","og_image":[{"width":700,"height":421,"url":"https:\/\/lightweb.dev\/l\/svm-temp\/wp-content\/uploads\/2022\/06\/anhoriga-tillbakavisar-uppgifter-om-brist-pa-simkunskaper.png","type":"image\/png"}],"author":"Redaktionen SvM","twitter_card":"summary_large_image","twitter_creator":"@SvenskaMagasine","twitter_site":"@SvenskaMagasine","schema":{"@context":"https:\/\/schema.org","@graph":[{"@type":"Article","@id":"https:\/\/lightweb.dev\/l\/svm-temp\/nyheter\/anhoriga-tillbakavisar-uppgifter-om-brist-pa-simkunskaper\/#article","isPartOf":{"@id":"https:\/\/lightweb.dev\/l\/svm-temp\/nyheter\/anhoriga-tillbakavisar-uppgifter-om-brist-pa-simkunskaper\/"},"author":{"name":"Redaktionen SvM","@id":"https:\/\/lightweb.dev\/l\/svm-temp\/#\/schema\/person\/206a3bda5b607b0c25e1749191e4d837"},"headline":"Anh\u00f6riga tillbakavisar uppgifter om brist p\u00e5 simkunskaper","datePublished":"2019-12-29T23:00:00+00:00","mainEntityOfPage":{"@id":"https:\/\/lightweb.dev\/l\/svm-temp\/nyheter\/anhoriga-tillbakavisar-uppgifter-om-brist-pa-simkunskaper\/"},"wordCount":474,"commentCount":0,"publisher":{"@id":"https:\/\/lightweb.dev\/l\/svm-temp\/#organization"},"image":{"@id":"https:\/\/lightweb.dev\/l\/svm-temp\/nyheter\/anhoriga-tillbakavisar-uppgifter-om-brist-pa-simkunskaper\/#primaryimage"},"thumbnailUrl":"https:\/\/lightweb.dev\/l\/svm-temp\/wp-content\/uploads\/2022\/06\/anhoriga-tillbakavisar-uppgifter-om-brist-pa-simkunskaper.png","articleSection":["Arkiv","Nyheter"],"inLanguage":"sv-SE"},{"@type":"WebPage","@id":"https:\/\/lightweb.dev\/l\/svm-temp\/nyheter\/anhoriga-tillbakavisar-uppgifter-om-brist-pa-simkunskaper\/","url":"https:\/\/lightweb.dev\/l\/svm-temp\/nyheter\/anhoriga-tillbakavisar-uppgifter-om-brist-pa-simkunskaper\/","name":"Anh\u00f6riga tillbakavisar uppgifter om brist p\u00e5 simkunskaper - Svenska Magasinet","isPartOf":{"@id":"https:\/\/lightweb.dev\/l\/svm-temp\/#website"},"primaryImageOfPage":{"@id":"https:\/\/lightweb.dev\/l\/svm-temp\/nyheter\/anhoriga-tillbakavisar-uppgifter-om-brist-pa-simkunskaper\/#primaryimage"},"image":{"@id":"https:\/\/lightweb.dev\/l\/svm-temp\/nyheter\/anhoriga-tillbakavisar-uppgifter-om-brist-pa-simkunskaper\/#primaryimage"},"thumbnailUrl":"https:\/\/lightweb.dev\/l\/svm-temp\/wp-content\/uploads\/2022\/06\/anhoriga-tillbakavisar-uppgifter-om-brist-pa-simkunskaper.png","datePublished":"2019-12-29T23:00:00+00:00","breadcrumb":{"@id":"https:\/\/lightweb.dev\/l\/svm-temp\/nyheter\/anhoriga-tillbakavisar-uppgifter-om-brist-pa-simkunskaper\/#breadcrumb"},"inLanguage":"sv-SE","potentialAction":[{"@type":"ReadAction","target":["https:\/\/lightweb.dev\/l\/svm-temp\/nyheter\/anhoriga-tillbakavisar-uppgifter-om-brist-pa-simkunskaper\/"]}]},{"@type":"ImageObject","inLanguage":"sv-SE","@id":"https:\/\/lightweb.dev\/l\/svm-temp\/nyheter\/anhoriga-tillbakavisar-uppgifter-om-brist-pa-simkunskaper\/#primaryimage","url":"https:\/\/lightweb.dev\/l\/svm-temp\/wp-content\/uploads\/2022\/06\/anhoriga-tillbakavisar-uppgifter-om-brist-pa-simkunskaper.png","contentUrl":"https:\/\/lightweb.dev\/l\/svm-temp\/wp-content\/uploads\/2022\/06\/anhoriga-tillbakavisar-uppgifter-om-brist-pa-simkunskaper.png","width":700,"height":421},{"@type":"BreadcrumbList","@id":"https:\/\/lightweb.dev\/l\/svm-temp\/nyheter\/anhoriga-tillbakavisar-uppgifter-om-brist-pa-simkunskaper\/#breadcrumb","itemListElement":[{"@type":"ListItem","position":1,"name":"Hem","item":"https:\/\/lightweb.dev\/l\/svm-temp\/"},{"@type":"ListItem","position":2,"name":"Anh\u00f6riga tillbakavisar uppgifter om brist p\u00e5 simkunskaper"}]},{"@type":"WebSite","@id":"https:\/\/lightweb.dev\/l\/svm-temp\/#website","url":"https:\/\/lightweb.dev\/l\/svm-temp\/","name":"Svenska Magasinet","description":"Dina Spanska nyheter p&aring; Svenska","publisher":{"@id":"https:\/\/lightweb.dev\/l\/svm-temp\/#organization"},"potentialAction":[{"@type":"SearchAction","target":{"@type":"EntryPoint","urlTemplate":"https:\/\/lightweb.dev\/l\/svm-temp\/?s={search_term_string}"},"query-input":{"@type":"PropertyValueSpecification","valueRequired":true,"valueName":"search_term_string"}}],"inLanguage":"sv-SE"},{"@type":"Organization","@id":"https:\/\/lightweb.dev\/l\/svm-temp\/#organization","name":"Melkerson y Nott SL","alternateName":"Svenska Magasinet","url":"https:\/\/lightweb.dev\/l\/svm-temp\/","logo":{"@type":"ImageObject","inLanguage":"sv-SE","@id":"https:\/\/lightweb.dev\/l\/svm-temp\/#\/schema\/logo\/image\/","url":"https:\/\/lightweb.dev\/l\/svm-temp\/wp-content\/uploads\/2025\/02\/SvM-logo-Xtra-Centrerad-SVART.png","contentUrl":"https:\/\/lightweb.dev\/l\/svm-temp\/wp-content\/uploads\/2025\/02\/SvM-logo-Xtra-Centrerad-SVART.png","width":300,"height":99,"caption":"Melkerson y Nott SL"},"image":{"@id":"https:\/\/lightweb.dev\/l\/svm-temp\/#\/schema\/logo\/image\/"},"sameAs":["https:\/\/www.facebook.com\/svenskamagasinet","https:\/\/x.com\/SvenskaMagasine"]},{"@type":"Person","@id":"https:\/\/lightweb.dev\/l\/svm-temp\/#\/schema\/person\/206a3bda5b607b0c25e1749191e4d837","name":"Redaktionen SvM","description":"Redaktionen","sameAs":["https:\/\/lightweb.dev\/l\/svm-temp"],"url":"https:\/\/lightweb.dev\/l\/svm-temp\/reporter\/redaktionen\/"}]}},"_links":{"self":[{"href":"https:\/\/lightweb.dev\/l\/svm-temp\/wp-json\/wp\/v2\/posts\/15035","targetHints":{"allow":["GET"]}}],"collection":[{"href":"https:\/\/lightweb.dev\/l\/svm-temp\/wp-json\/wp\/v2\/posts"}],"about":[{"href":"https:\/\/lightweb.dev\/l\/svm-temp\/wp-json\/wp\/v2\/types\/post"}],"author":[{"embeddable":true,"href":"https:\/\/lightweb.dev\/l\/svm-temp\/wp-json\/wp\/v2\/users\/8"}],"replies":[{"embeddable":true,"href":"https:\/\/lightweb.dev\/l\/svm-temp\/wp-json\/wp\/v2\/comments?post=15035"}],"version-history":[{"count":0,"href":"https:\/\/lightweb.dev\/l\/svm-temp\/wp-json\/wp\/v2\/posts\/15035\/revisions"}],"wp:featuredmedia":[{"embeddable":true,"href":"https:\/\/lightweb.dev\/l\/svm-temp\/wp-json\/wp\/v2\/media\/15036"}],"wp:attachment":[{"href":"https:\/\/lightweb.dev\/l\/svm-temp\/wp-json\/wp\/v2\/media?parent=15035"}],"wp:term":[{"taxonomy":"category","embeddable":true,"href":"https:\/\/lightweb.dev\/l\/svm-temp\/wp-json\/wp\/v2\/categories?post=15035"},{"taxonomy":"post_tag","embeddable":true,"href":"https:\/\/lightweb.dev\/l\/svm-temp\/wp-json\/wp\/v2\/tags?post=15035"}],"curies":[{"name":"wp","href":"https:\/\/api.w.org\/{rel}","templated":true}]}}