{"id":15037,"date":"2019-12-30T00:00:00","date_gmt":"2019-12-29T23:00:00","guid":{"rendered":"https:\/\/lightweb.dev\/l\/svm-temp\/nyheter\/foretagare-vill-ha-mote-med-polisen-efter-stoldvag\/"},"modified":"2019-12-30T00:00:00","modified_gmt":"2019-12-29T23:00:00","slug":"foretagare-vill-ha-mote-med-polisen-efter-stoldvag","status":"publish","type":"post","link":"https:\/\/lightweb.dev\/l\/svm-temp\/nyheter\/foretagare-vill-ha-mote-med-polisen-efter-stoldvag\/","title":{"rendered":"F\u00f6retagare vill ha m\u00f6te med polisen efter st\u00f6ldv\u00e5g"},"content":{"rendered":"<p> Torremolinos f\u00f6retagarf\u00f6rening har bett att f\u00e5 ett m\u00f6te med nationalpolisen efter att en v\u00e5g av st\u00f6lder och r\u00e5n intr\u00e4ffat i centrum under den g\u00e5ngna julhelgen. Flera av f\u00f6retagarna uppger att antalet r\u00e5n har \u00f6kat i centrum den senaste tiden.<\/p>\n<p>Det \u00e4r f\u00f6retagarna i CET (C\u00edrculo de Empresarios de Torremolinos) som p\u00e5 m\u00e5ndagen har beg\u00e4rt ett m\u00f6te med nationalpolisen efter flera r\u00e5n som intr\u00e4ffade under julhelgen.<\/p>\n<p>En av anl\u00e4ggningarna som r\u00e5nades \u00e4r MgJam\u00f3n p\u00e5 plaza Andaluc\u00eda. \u00c4garen Manuel Ortega s\u00e4ger till Diario SUR att det \u00e4r tredje g\u00e5ngen under 2019 som det intr\u00e4ffar. Han beskriver situationen som oh\u00e5llbar och uppmanar polisen att f\u00f6rst\u00e4rka s\u00e4kerheten.<\/p>\n<p>Presidenten i f\u00f6retagarf\u00f6reningen CET, Adolfo Trigueros, menar att Torremolinos \u00e4r en turistort som inte har r\u00e5d med upprepade fall av r\u00e5n. Av den orsaken m\u00e5ste ett m\u00f6te till med b\u00e5de lokal\u2013 och nationalpolis f\u00f6r att komma till r\u00e4tta med butiksst\u00f6lderna.<\/p>\n<p>N\u00e5gra av de anl\u00e4ggningar som drabbats \u00e4r Horno Beach i La Carihuela samt Dominos Pizza och Taxi Burguer.<\/p>\n","protected":false},"excerpt":{"rendered":"<p>Torremolinos f\u00f6retagarf\u00f6rening har bett att f\u00e5 ett m\u00f6te med nationalpolisen efter att en v\u00e5g av st\u00f6lder och r\u00e5n intr\u00e4ffat i centrum under den g\u00e5ngna julhelgen. Flera av f\u00f6retagarna uppger att antalet r\u00e5n har \u00f6kat i centrum den senaste tiden. Det \u00e4r f\u00f6retagarna i CET (C\u00edrculo de Empresarios de Torremolinos) som p\u00e5 m\u00e5ndagen har beg\u00e4rt ett [&hellip;]<\/p>\n","protected":false},"author":8,"featured_media":15038,"comment_status":"open","ping_status":"open","sticky":false,"template":"","format":"standard","meta":{"_et_pb_use_builder":"","_et_pb_old_content":"","_et_gb_content_width":"","footnotes":""},"categories":[395,3],"tags":[],"class_list":["post-15037","post","type-post","status-publish","format-standard","has-post-thumbnail","hentry","category-arkiv-nyheter","category-nyheter"],"yoast_head":"<!-- This site is optimized with the Yoast SEO Premium plugin v26.2 (Yoast SEO v27.4) - https:\/\/yoast.com\/product\/yoast-seo-premium-wordpress\/ -->\n<title>F\u00f6retagare vill ha m\u00f6te med polisen efter st\u00f6ldv\u00e5g - Svenska Magasinet<\/title>\n<meta name=\"robots\" content=\"noindex, follow, max-snippet:-1, max-image-preview:large, max-video-preview:-1\" \/>\n<meta property=\"og:locale\" content=\"sv_SE\" \/>\n<meta property=\"og:type\" content=\"article\" \/>\n<meta property=\"og:title\" content=\"F\u00f6retagare vill ha m\u00f6te med polisen efter st\u00f6ldv\u00e5g\" \/>\n<meta property=\"og:description\" content=\"Torremolinos f\u00f6retagarf\u00f6rening har bett att f\u00e5 ett m\u00f6te med nationalpolisen efter att en v\u00e5g av st\u00f6lder och r\u00e5n intr\u00e4ffat i centrum under den g\u00e5ngna julhelgen. Flera av f\u00f6retagarna uppger att antalet r\u00e5n har \u00f6kat i centrum den senaste tiden. Det \u00e4r f\u00f6retagarna i CET (C\u00edrculo de Empresarios de Torremolinos) som p\u00e5 m\u00e5ndagen har beg\u00e4rt ett [&hellip;]\" \/>\n<meta property=\"og:url\" content=\"https:\/\/lightweb.dev\/l\/svm-temp\/nyheter\/foretagare-vill-ha-mote-med-polisen-efter-stoldvag\/\" \/>\n<meta property=\"og:site_name\" content=\"Svenska Magasinet\" \/>\n<meta property=\"article:publisher\" content=\"https:\/\/www.facebook.com\/svenskamagasinet\" \/>\n<meta property=\"article:published_time\" content=\"2019-12-29T23:00:00+00:00\" \/>\n<meta property=\"og:image\" content=\"https:\/\/lightweb.dev\/l\/svm-temp\/wp-content\/uploads\/2022\/06\/foretagare-vill-ha-mote-med-polisen-efter-stoldvag.png\" \/>\n\t<meta property=\"og:image:width\" content=\"700\" \/>\n\t<meta property=\"og:image:height\" content=\"420\" \/>\n\t<meta property=\"og:image:type\" content=\"image\/png\" \/>\n<meta name=\"author\" content=\"Redaktionen SvM\" \/>\n<meta name=\"twitter:card\" content=\"summary_large_image\" \/>\n<meta name=\"twitter:creator\" content=\"@SvenskaMagasine\" \/>\n<meta name=\"twitter:site\" content=\"@SvenskaMagasine\" \/>\n<script type=\"application\/ld+json\" class=\"yoast-schema-graph\">{\"@context\":\"https:\\\/\\\/schema.org\",\"@graph\":[{\"@type\":\"Article\",\"@id\":\"https:\\\/\\\/lightweb.dev\\\/l\\\/svm-temp\\\/nyheter\\\/foretagare-vill-ha-mote-med-polisen-efter-stoldvag\\\/#article\",\"isPartOf\":{\"@id\":\"https:\\\/\\\/lightweb.dev\\\/l\\\/svm-temp\\\/nyheter\\\/foretagare-vill-ha-mote-med-polisen-efter-stoldvag\\\/\"},\"author\":{\"name\":\"Redaktionen SvM\",\"@id\":\"https:\\\/\\\/lightweb.dev\\\/l\\\/svm-temp\\\/#\\\/schema\\\/person\\\/206a3bda5b607b0c25e1749191e4d837\"},\"headline\":\"F\u00f6retagare vill ha m\u00f6te med polisen efter st\u00f6ldv\u00e5g\",\"datePublished\":\"2019-12-29T23:00:00+00:00\",\"mainEntityOfPage\":{\"@id\":\"https:\\\/\\\/lightweb.dev\\\/l\\\/svm-temp\\\/nyheter\\\/foretagare-vill-ha-mote-med-polisen-efter-stoldvag\\\/\"},\"wordCount\":212,\"commentCount\":0,\"publisher\":{\"@id\":\"https:\\\/\\\/lightweb.dev\\\/l\\\/svm-temp\\\/#organization\"},\"image\":{\"@id\":\"https:\\\/\\\/lightweb.dev\\\/l\\\/svm-temp\\\/nyheter\\\/foretagare-vill-ha-mote-med-polisen-efter-stoldvag\\\/#primaryimage\"},\"thumbnailUrl\":\"https:\\\/\\\/lightweb.dev\\\/l\\\/svm-temp\\\/wp-content\\\/uploads\\\/2022\\\/06\\\/foretagare-vill-ha-mote-med-polisen-efter-stoldvag.png\",\"articleSection\":[\"Arkiv\",\"Nyheter\"],\"inLanguage\":\"sv-SE\"},{\"@type\":\"WebPage\",\"@id\":\"https:\\\/\\\/lightweb.dev\\\/l\\\/svm-temp\\\/nyheter\\\/foretagare-vill-ha-mote-med-polisen-efter-stoldvag\\\/\",\"url\":\"https:\\\/\\\/lightweb.dev\\\/l\\\/svm-temp\\\/nyheter\\\/foretagare-vill-ha-mote-med-polisen-efter-stoldvag\\\/\",\"name\":\"F\u00f6retagare vill ha m\u00f6te med polisen efter st\u00f6ldv\u00e5g - Svenska Magasinet\",\"isPartOf\":{\"@id\":\"https:\\\/\\\/lightweb.dev\\\/l\\\/svm-temp\\\/#website\"},\"primaryImageOfPage\":{\"@id\":\"https:\\\/\\\/lightweb.dev\\\/l\\\/svm-temp\\\/nyheter\\\/foretagare-vill-ha-mote-med-polisen-efter-stoldvag\\\/#primaryimage\"},\"image\":{\"@id\":\"https:\\\/\\\/lightweb.dev\\\/l\\\/svm-temp\\\/nyheter\\\/foretagare-vill-ha-mote-med-polisen-efter-stoldvag\\\/#primaryimage\"},\"thumbnailUrl\":\"https:\\\/\\\/lightweb.dev\\\/l\\\/svm-temp\\\/wp-content\\\/uploads\\\/2022\\\/06\\\/foretagare-vill-ha-mote-med-polisen-efter-stoldvag.png\",\"datePublished\":\"2019-12-29T23:00:00+00:00\",\"breadcrumb\":{\"@id\":\"https:\\\/\\\/lightweb.dev\\\/l\\\/svm-temp\\\/nyheter\\\/foretagare-vill-ha-mote-med-polisen-efter-stoldvag\\\/#breadcrumb\"},\"inLanguage\":\"sv-SE\",\"potentialAction\":[{\"@type\":\"ReadAction\",\"target\":[\"https:\\\/\\\/lightweb.dev\\\/l\\\/svm-temp\\\/nyheter\\\/foretagare-vill-ha-mote-med-polisen-efter-stoldvag\\\/\"]}]},{\"@type\":\"ImageObject\",\"inLanguage\":\"sv-SE\",\"@id\":\"https:\\\/\\\/lightweb.dev\\\/l\\\/svm-temp\\\/nyheter\\\/foretagare-vill-ha-mote-med-polisen-efter-stoldvag\\\/#primaryimage\",\"url\":\"https:\\\/\\\/lightweb.dev\\\/l\\\/svm-temp\\\/wp-content\\\/uploads\\\/2022\\\/06\\\/foretagare-vill-ha-mote-med-polisen-efter-stoldvag.png\",\"contentUrl\":\"https:\\\/\\\/lightweb.dev\\\/l\\\/svm-temp\\\/wp-content\\\/uploads\\\/2022\\\/06\\\/foretagare-vill-ha-mote-med-polisen-efter-stoldvag.png\",\"width\":700,\"height\":420},{\"@type\":\"BreadcrumbList\",\"@id\":\"https:\\\/\\\/lightweb.dev\\\/l\\\/svm-temp\\\/nyheter\\\/foretagare-vill-ha-mote-med-polisen-efter-stoldvag\\\/#breadcrumb\",\"itemListElement\":[{\"@type\":\"ListItem\",\"position\":1,\"name\":\"Hem\",\"item\":\"https:\\\/\\\/lightweb.dev\\\/l\\\/svm-temp\\\/\"},{\"@type\":\"ListItem\",\"position\":2,\"name\":\"F\u00f6retagare vill ha m\u00f6te med polisen efter st\u00f6ldv\u00e5g\"}]},{\"@type\":\"WebSite\",\"@id\":\"https:\\\/\\\/lightweb.dev\\\/l\\\/svm-temp\\\/#website\",\"url\":\"https:\\\/\\\/lightweb.dev\\\/l\\\/svm-temp\\\/\",\"name\":\"Svenska Magasinet\",\"description\":\"Dina Spanska nyheter p&aring; Svenska\",\"publisher\":{\"@id\":\"https:\\\/\\\/lightweb.dev\\\/l\\\/svm-temp\\\/#organization\"},\"potentialAction\":[{\"@type\":\"SearchAction\",\"target\":{\"@type\":\"EntryPoint\",\"urlTemplate\":\"https:\\\/\\\/lightweb.dev\\\/l\\\/svm-temp\\\/?s={search_term_string}\"},\"query-input\":{\"@type\":\"PropertyValueSpecification\",\"valueRequired\":true,\"valueName\":\"search_term_string\"}}],\"inLanguage\":\"sv-SE\"},{\"@type\":\"Organization\",\"@id\":\"https:\\\/\\\/lightweb.dev\\\/l\\\/svm-temp\\\/#organization\",\"name\":\"Melkerson y Nott SL\",\"alternateName\":\"Svenska Magasinet\",\"url\":\"https:\\\/\\\/lightweb.dev\\\/l\\\/svm-temp\\\/\",\"logo\":{\"@type\":\"ImageObject\",\"inLanguage\":\"sv-SE\",\"@id\":\"https:\\\/\\\/lightweb.dev\\\/l\\\/svm-temp\\\/#\\\/schema\\\/logo\\\/image\\\/\",\"url\":\"https:\\\/\\\/lightweb.dev\\\/l\\\/svm-temp\\\/wp-content\\\/uploads\\\/2025\\\/02\\\/SvM-logo-Xtra-Centrerad-SVART.png\",\"contentUrl\":\"https:\\\/\\\/lightweb.dev\\\/l\\\/svm-temp\\\/wp-content\\\/uploads\\\/2025\\\/02\\\/SvM-logo-Xtra-Centrerad-SVART.png\",\"width\":300,\"height\":99,\"caption\":\"Melkerson y Nott SL\"},\"image\":{\"@id\":\"https:\\\/\\\/lightweb.dev\\\/l\\\/svm-temp\\\/#\\\/schema\\\/logo\\\/image\\\/\"},\"sameAs\":[\"https:\\\/\\\/www.facebook.com\\\/svenskamagasinet\",\"https:\\\/\\\/x.com\\\/SvenskaMagasine\"]},{\"@type\":\"Person\",\"@id\":\"https:\\\/\\\/lightweb.dev\\\/l\\\/svm-temp\\\/#\\\/schema\\\/person\\\/206a3bda5b607b0c25e1749191e4d837\",\"name\":\"Redaktionen SvM\",\"description\":\"Redaktionen\",\"sameAs\":[\"https:\\\/\\\/lightweb.dev\\\/l\\\/svm-temp\"],\"url\":\"https:\\\/\\\/lightweb.dev\\\/l\\\/svm-temp\\\/reporter\\\/redaktionen\\\/\"}]}<\/script>\n<!-- \/ Yoast SEO Premium plugin. -->","yoast_head_json":{"title":"F\u00f6retagare vill ha m\u00f6te med polisen efter st\u00f6ldv\u00e5g - Svenska Magasinet","robots":{"index":"noindex","follow":"follow","max-snippet":"max-snippet:-1","max-image-preview":"max-image-preview:large","max-video-preview":"max-video-preview:-1"},"og_locale":"sv_SE","og_type":"article","og_title":"F\u00f6retagare vill ha m\u00f6te med polisen efter st\u00f6ldv\u00e5g","og_description":"Torremolinos f\u00f6retagarf\u00f6rening har bett att f\u00e5 ett m\u00f6te med nationalpolisen efter att en v\u00e5g av st\u00f6lder och r\u00e5n intr\u00e4ffat i centrum under den g\u00e5ngna julhelgen. Flera av f\u00f6retagarna uppger att antalet r\u00e5n har \u00f6kat i centrum den senaste tiden. Det \u00e4r f\u00f6retagarna i CET (C\u00edrculo de Empresarios de Torremolinos) som p\u00e5 m\u00e5ndagen har beg\u00e4rt ett [&hellip;]","og_url":"https:\/\/lightweb.dev\/l\/svm-temp\/nyheter\/foretagare-vill-ha-mote-med-polisen-efter-stoldvag\/","og_site_name":"Svenska Magasinet","article_publisher":"https:\/\/www.facebook.com\/svenskamagasinet","article_published_time":"2019-12-29T23:00:00+00:00","og_image":[{"width":700,"height":420,"url":"https:\/\/lightweb.dev\/l\/svm-temp\/wp-content\/uploads\/2022\/06\/foretagare-vill-ha-mote-med-polisen-efter-stoldvag.png","type":"image\/png"}],"author":"Redaktionen SvM","twitter_card":"summary_large_image","twitter_creator":"@SvenskaMagasine","twitter_site":"@SvenskaMagasine","schema":{"@context":"https:\/\/schema.org","@graph":[{"@type":"Article","@id":"https:\/\/lightweb.dev\/l\/svm-temp\/nyheter\/foretagare-vill-ha-mote-med-polisen-efter-stoldvag\/#article","isPartOf":{"@id":"https:\/\/lightweb.dev\/l\/svm-temp\/nyheter\/foretagare-vill-ha-mote-med-polisen-efter-stoldvag\/"},"author":{"name":"Redaktionen SvM","@id":"https:\/\/lightweb.dev\/l\/svm-temp\/#\/schema\/person\/206a3bda5b607b0c25e1749191e4d837"},"headline":"F\u00f6retagare vill ha m\u00f6te med polisen efter st\u00f6ldv\u00e5g","datePublished":"2019-12-29T23:00:00+00:00","mainEntityOfPage":{"@id":"https:\/\/lightweb.dev\/l\/svm-temp\/nyheter\/foretagare-vill-ha-mote-med-polisen-efter-stoldvag\/"},"wordCount":212,"commentCount":0,"publisher":{"@id":"https:\/\/lightweb.dev\/l\/svm-temp\/#organization"},"image":{"@id":"https:\/\/lightweb.dev\/l\/svm-temp\/nyheter\/foretagare-vill-ha-mote-med-polisen-efter-stoldvag\/#primaryimage"},"thumbnailUrl":"https:\/\/lightweb.dev\/l\/svm-temp\/wp-content\/uploads\/2022\/06\/foretagare-vill-ha-mote-med-polisen-efter-stoldvag.png","articleSection":["Arkiv","Nyheter"],"inLanguage":"sv-SE"},{"@type":"WebPage","@id":"https:\/\/lightweb.dev\/l\/svm-temp\/nyheter\/foretagare-vill-ha-mote-med-polisen-efter-stoldvag\/","url":"https:\/\/lightweb.dev\/l\/svm-temp\/nyheter\/foretagare-vill-ha-mote-med-polisen-efter-stoldvag\/","name":"F\u00f6retagare vill ha m\u00f6te med polisen efter st\u00f6ldv\u00e5g - Svenska Magasinet","isPartOf":{"@id":"https:\/\/lightweb.dev\/l\/svm-temp\/#website"},"primaryImageOfPage":{"@id":"https:\/\/lightweb.dev\/l\/svm-temp\/nyheter\/foretagare-vill-ha-mote-med-polisen-efter-stoldvag\/#primaryimage"},"image":{"@id":"https:\/\/lightweb.dev\/l\/svm-temp\/nyheter\/foretagare-vill-ha-mote-med-polisen-efter-stoldvag\/#primaryimage"},"thumbnailUrl":"https:\/\/lightweb.dev\/l\/svm-temp\/wp-content\/uploads\/2022\/06\/foretagare-vill-ha-mote-med-polisen-efter-stoldvag.png","datePublished":"2019-12-29T23:00:00+00:00","breadcrumb":{"@id":"https:\/\/lightweb.dev\/l\/svm-temp\/nyheter\/foretagare-vill-ha-mote-med-polisen-efter-stoldvag\/#breadcrumb"},"inLanguage":"sv-SE","potentialAction":[{"@type":"ReadAction","target":["https:\/\/lightweb.dev\/l\/svm-temp\/nyheter\/foretagare-vill-ha-mote-med-polisen-efter-stoldvag\/"]}]},{"@type":"ImageObject","inLanguage":"sv-SE","@id":"https:\/\/lightweb.dev\/l\/svm-temp\/nyheter\/foretagare-vill-ha-mote-med-polisen-efter-stoldvag\/#primaryimage","url":"https:\/\/lightweb.dev\/l\/svm-temp\/wp-content\/uploads\/2022\/06\/foretagare-vill-ha-mote-med-polisen-efter-stoldvag.png","contentUrl":"https:\/\/lightweb.dev\/l\/svm-temp\/wp-content\/uploads\/2022\/06\/foretagare-vill-ha-mote-med-polisen-efter-stoldvag.png","width":700,"height":420},{"@type":"BreadcrumbList","@id":"https:\/\/lightweb.dev\/l\/svm-temp\/nyheter\/foretagare-vill-ha-mote-med-polisen-efter-stoldvag\/#breadcrumb","itemListElement":[{"@type":"ListItem","position":1,"name":"Hem","item":"https:\/\/lightweb.dev\/l\/svm-temp\/"},{"@type":"ListItem","position":2,"name":"F\u00f6retagare vill ha m\u00f6te med polisen efter st\u00f6ldv\u00e5g"}]},{"@type":"WebSite","@id":"https:\/\/lightweb.dev\/l\/svm-temp\/#website","url":"https:\/\/lightweb.dev\/l\/svm-temp\/","name":"Svenska Magasinet","description":"Dina Spanska nyheter p&aring; Svenska","publisher":{"@id":"https:\/\/lightweb.dev\/l\/svm-temp\/#organization"},"potentialAction":[{"@type":"SearchAction","target":{"@type":"EntryPoint","urlTemplate":"https:\/\/lightweb.dev\/l\/svm-temp\/?s={search_term_string}"},"query-input":{"@type":"PropertyValueSpecification","valueRequired":true,"valueName":"search_term_string"}}],"inLanguage":"sv-SE"},{"@type":"Organization","@id":"https:\/\/lightweb.dev\/l\/svm-temp\/#organization","name":"Melkerson y Nott SL","alternateName":"Svenska Magasinet","url":"https:\/\/lightweb.dev\/l\/svm-temp\/","logo":{"@type":"ImageObject","inLanguage":"sv-SE","@id":"https:\/\/lightweb.dev\/l\/svm-temp\/#\/schema\/logo\/image\/","url":"https:\/\/lightweb.dev\/l\/svm-temp\/wp-content\/uploads\/2025\/02\/SvM-logo-Xtra-Centrerad-SVART.png","contentUrl":"https:\/\/lightweb.dev\/l\/svm-temp\/wp-content\/uploads\/2025\/02\/SvM-logo-Xtra-Centrerad-SVART.png","width":300,"height":99,"caption":"Melkerson y Nott SL"},"image":{"@id":"https:\/\/lightweb.dev\/l\/svm-temp\/#\/schema\/logo\/image\/"},"sameAs":["https:\/\/www.facebook.com\/svenskamagasinet","https:\/\/x.com\/SvenskaMagasine"]},{"@type":"Person","@id":"https:\/\/lightweb.dev\/l\/svm-temp\/#\/schema\/person\/206a3bda5b607b0c25e1749191e4d837","name":"Redaktionen SvM","description":"Redaktionen","sameAs":["https:\/\/lightweb.dev\/l\/svm-temp"],"url":"https:\/\/lightweb.dev\/l\/svm-temp\/reporter\/redaktionen\/"}]}},"_links":{"self":[{"href":"https:\/\/lightweb.dev\/l\/svm-temp\/wp-json\/wp\/v2\/posts\/15037","targetHints":{"allow":["GET"]}}],"collection":[{"href":"https:\/\/lightweb.dev\/l\/svm-temp\/wp-json\/wp\/v2\/posts"}],"about":[{"href":"https:\/\/lightweb.dev\/l\/svm-temp\/wp-json\/wp\/v2\/types\/post"}],"author":[{"embeddable":true,"href":"https:\/\/lightweb.dev\/l\/svm-temp\/wp-json\/wp\/v2\/users\/8"}],"replies":[{"embeddable":true,"href":"https:\/\/lightweb.dev\/l\/svm-temp\/wp-json\/wp\/v2\/comments?post=15037"}],"version-history":[{"count":0,"href":"https:\/\/lightweb.dev\/l\/svm-temp\/wp-json\/wp\/v2\/posts\/15037\/revisions"}],"wp:featuredmedia":[{"embeddable":true,"href":"https:\/\/lightweb.dev\/l\/svm-temp\/wp-json\/wp\/v2\/media\/15038"}],"wp:attachment":[{"href":"https:\/\/lightweb.dev\/l\/svm-temp\/wp-json\/wp\/v2\/media?parent=15037"}],"wp:term":[{"taxonomy":"category","embeddable":true,"href":"https:\/\/lightweb.dev\/l\/svm-temp\/wp-json\/wp\/v2\/categories?post=15037"},{"taxonomy":"post_tag","embeddable":true,"href":"https:\/\/lightweb.dev\/l\/svm-temp\/wp-json\/wp\/v2\/tags?post=15037"}],"curies":[{"name":"wp","href":"https:\/\/api.w.org\/{rel}","templated":true}]}}