{"id":15041,"date":"2019-12-30T00:00:00","date_gmt":"2019-12-29T23:00:00","guid":{"rendered":"https:\/\/lightweb.dev\/l\/svm-temp\/nyheter\/40-procent-av-kranvattnet-ar-avsaltat-havsvatten\/"},"modified":"2019-12-30T00:00:00","modified_gmt":"2019-12-29T23:00:00","slug":"40-procent-av-kranvattnet-ar-avsaltat-havsvatten","status":"publish","type":"post","link":"https:\/\/lightweb.dev\/l\/svm-temp\/nyheter\/40-procent-av-kranvattnet-ar-avsaltat-havsvatten\/","title":{"rendered":"40 procent av kranvattnet \u00e4r avsaltat havsvatten"},"content":{"rendered":"<p> 40 procent av kranvattnet som konsumeras p\u00e5 Costa del Sol i nul\u00e4get kommer fr\u00e5n avsaltningsanl\u00e4ggningen i Marbella och pumpas ut i vattenledningsn\u00e4tet mellan Torremolinos och Manilva. Trots de senaste regnen p\u00e5 kusten r\u00e5der det brist p\u00e5 vatten.<\/p>\n<p>Svenska Magasinet ber\u00e4ttade i f\u00f6rra veckan att 2019 \u00e4r det torraste \u00e5ret p\u00e5 Costa del Sol sedan 1942. Avsaltningsanl\u00e4ggningen vid r\u00edo Verde mellan Ist\u00e1n och Marbella som drivs av det kommunala bolaget Acosol \u00e4r d\u00e4rf\u00f6r mycket betydelsefull. H\u00e4r jobbar 28 personer i treskift.<\/p>\n<p>Mer \u00e4n en tredjedel av kranvattnet i vattenledningsn\u00e4tet mellan Torremolinos och Manilva kommer fr\u00e5n anl\u00e4ggningen.<\/p>\n<p>Vattenledningsn\u00e4tet fylls p\u00e5 fr\u00e5n fyra h\u00e5ll. Fr\u00e4mst fr\u00e5n reservoaren La Concepci\u00f3n norr om Marbella men \u00e4ven fr\u00e5n grundvattent\u00e4kter och brunnar i anslutning till r\u00edo Fuengirola samt fr\u00e5n avsaltningsanl\u00e4ggningen samt via \u00f6verf\u00f6ring fr\u00e5n reservoarer i provinsen C\u00e1diz. Totalt r\u00f6r det sig om 1.200 liter i sekunden skriver Diario SUR.<\/p>\n<p>Avsaltningsanl\u00e4ggningen har \u00e5tta linjer varav sex \u00e4r i drift. Det har kapacitet att avsalta 42.000 kubikmeter vatten om dagen.<\/p>\n<p>(Foto: Twitter @AcosolSA)<\/p>\n","protected":false},"excerpt":{"rendered":"<p>40 procent av kranvattnet som konsumeras p\u00e5 Costa del Sol i nul\u00e4get kommer fr\u00e5n avsaltningsanl\u00e4ggningen i Marbella och pumpas ut i vattenledningsn\u00e4tet mellan Torremolinos och Manilva. Trots de senaste regnen p\u00e5 kusten r\u00e5der det brist p\u00e5 vatten. Svenska Magasinet ber\u00e4ttade i f\u00f6rra veckan att 2019 \u00e4r det torraste \u00e5ret p\u00e5 Costa del Sol sedan 1942. [&hellip;]<\/p>\n","protected":false},"author":8,"featured_media":15042,"comment_status":"open","ping_status":"open","sticky":false,"template":"","format":"standard","meta":{"_et_pb_use_builder":"","_et_pb_old_content":"","_et_gb_content_width":"","footnotes":""},"categories":[395,3],"tags":[],"class_list":["post-15041","post","type-post","status-publish","format-standard","has-post-thumbnail","hentry","category-arkiv-nyheter","category-nyheter"],"yoast_head":"<!-- This site is optimized with the Yoast SEO Premium plugin v26.2 (Yoast SEO v27.4) - https:\/\/yoast.com\/product\/yoast-seo-premium-wordpress\/ -->\n<title>40 procent av kranvattnet \u00e4r avsaltat havsvatten - Svenska Magasinet<\/title>\n<meta name=\"robots\" content=\"noindex, follow, max-snippet:-1, max-image-preview:large, max-video-preview:-1\" \/>\n<meta property=\"og:locale\" content=\"sv_SE\" \/>\n<meta property=\"og:type\" content=\"article\" \/>\n<meta property=\"og:title\" content=\"40 procent av kranvattnet \u00e4r avsaltat havsvatten\" \/>\n<meta property=\"og:description\" content=\"40 procent av kranvattnet som konsumeras p\u00e5 Costa del Sol i nul\u00e4get kommer fr\u00e5n avsaltningsanl\u00e4ggningen i Marbella och pumpas ut i vattenledningsn\u00e4tet mellan Torremolinos och Manilva. Trots de senaste regnen p\u00e5 kusten r\u00e5der det brist p\u00e5 vatten. Svenska Magasinet ber\u00e4ttade i f\u00f6rra veckan att 2019 \u00e4r det torraste \u00e5ret p\u00e5 Costa del Sol sedan 1942. [&hellip;]\" \/>\n<meta property=\"og:url\" content=\"https:\/\/lightweb.dev\/l\/svm-temp\/nyheter\/40-procent-av-kranvattnet-ar-avsaltat-havsvatten\/\" \/>\n<meta property=\"og:site_name\" content=\"Svenska Magasinet\" \/>\n<meta property=\"article:publisher\" content=\"https:\/\/www.facebook.com\/svenskamagasinet\" \/>\n<meta property=\"article:published_time\" content=\"2019-12-29T23:00:00+00:00\" \/>\n<meta property=\"og:image\" content=\"https:\/\/lightweb.dev\/l\/svm-temp\/wp-content\/uploads\/2022\/06\/40-procent-av-kranvattnet-ar-avsaltat-havsvatten.png\" \/>\n\t<meta property=\"og:image:width\" content=\"700\" \/>\n\t<meta property=\"og:image:height\" content=\"420\" \/>\n\t<meta property=\"og:image:type\" content=\"image\/png\" \/>\n<meta name=\"author\" content=\"Redaktionen SvM\" \/>\n<meta name=\"twitter:card\" content=\"summary_large_image\" \/>\n<meta name=\"twitter:creator\" content=\"@SvenskaMagasine\" \/>\n<meta name=\"twitter:site\" content=\"@SvenskaMagasine\" \/>\n<script type=\"application\/ld+json\" class=\"yoast-schema-graph\">{\"@context\":\"https:\\\/\\\/schema.org\",\"@graph\":[{\"@type\":\"Article\",\"@id\":\"https:\\\/\\\/lightweb.dev\\\/l\\\/svm-temp\\\/nyheter\\\/40-procent-av-kranvattnet-ar-avsaltat-havsvatten\\\/#article\",\"isPartOf\":{\"@id\":\"https:\\\/\\\/lightweb.dev\\\/l\\\/svm-temp\\\/nyheter\\\/40-procent-av-kranvattnet-ar-avsaltat-havsvatten\\\/\"},\"author\":{\"name\":\"Redaktionen SvM\",\"@id\":\"https:\\\/\\\/lightweb.dev\\\/l\\\/svm-temp\\\/#\\\/schema\\\/person\\\/206a3bda5b607b0c25e1749191e4d837\"},\"headline\":\"40 procent av kranvattnet \u00e4r avsaltat havsvatten\",\"datePublished\":\"2019-12-29T23:00:00+00:00\",\"mainEntityOfPage\":{\"@id\":\"https:\\\/\\\/lightweb.dev\\\/l\\\/svm-temp\\\/nyheter\\\/40-procent-av-kranvattnet-ar-avsaltat-havsvatten\\\/\"},\"wordCount\":197,\"commentCount\":0,\"publisher\":{\"@id\":\"https:\\\/\\\/lightweb.dev\\\/l\\\/svm-temp\\\/#organization\"},\"image\":{\"@id\":\"https:\\\/\\\/lightweb.dev\\\/l\\\/svm-temp\\\/nyheter\\\/40-procent-av-kranvattnet-ar-avsaltat-havsvatten\\\/#primaryimage\"},\"thumbnailUrl\":\"https:\\\/\\\/lightweb.dev\\\/l\\\/svm-temp\\\/wp-content\\\/uploads\\\/2022\\\/06\\\/40-procent-av-kranvattnet-ar-avsaltat-havsvatten.png\",\"articleSection\":[\"Arkiv\",\"Nyheter\"],\"inLanguage\":\"sv-SE\"},{\"@type\":\"WebPage\",\"@id\":\"https:\\\/\\\/lightweb.dev\\\/l\\\/svm-temp\\\/nyheter\\\/40-procent-av-kranvattnet-ar-avsaltat-havsvatten\\\/\",\"url\":\"https:\\\/\\\/lightweb.dev\\\/l\\\/svm-temp\\\/nyheter\\\/40-procent-av-kranvattnet-ar-avsaltat-havsvatten\\\/\",\"name\":\"40 procent av kranvattnet \u00e4r avsaltat havsvatten - Svenska Magasinet\",\"isPartOf\":{\"@id\":\"https:\\\/\\\/lightweb.dev\\\/l\\\/svm-temp\\\/#website\"},\"primaryImageOfPage\":{\"@id\":\"https:\\\/\\\/lightweb.dev\\\/l\\\/svm-temp\\\/nyheter\\\/40-procent-av-kranvattnet-ar-avsaltat-havsvatten\\\/#primaryimage\"},\"image\":{\"@id\":\"https:\\\/\\\/lightweb.dev\\\/l\\\/svm-temp\\\/nyheter\\\/40-procent-av-kranvattnet-ar-avsaltat-havsvatten\\\/#primaryimage\"},\"thumbnailUrl\":\"https:\\\/\\\/lightweb.dev\\\/l\\\/svm-temp\\\/wp-content\\\/uploads\\\/2022\\\/06\\\/40-procent-av-kranvattnet-ar-avsaltat-havsvatten.png\",\"datePublished\":\"2019-12-29T23:00:00+00:00\",\"breadcrumb\":{\"@id\":\"https:\\\/\\\/lightweb.dev\\\/l\\\/svm-temp\\\/nyheter\\\/40-procent-av-kranvattnet-ar-avsaltat-havsvatten\\\/#breadcrumb\"},\"inLanguage\":\"sv-SE\",\"potentialAction\":[{\"@type\":\"ReadAction\",\"target\":[\"https:\\\/\\\/lightweb.dev\\\/l\\\/svm-temp\\\/nyheter\\\/40-procent-av-kranvattnet-ar-avsaltat-havsvatten\\\/\"]}]},{\"@type\":\"ImageObject\",\"inLanguage\":\"sv-SE\",\"@id\":\"https:\\\/\\\/lightweb.dev\\\/l\\\/svm-temp\\\/nyheter\\\/40-procent-av-kranvattnet-ar-avsaltat-havsvatten\\\/#primaryimage\",\"url\":\"https:\\\/\\\/lightweb.dev\\\/l\\\/svm-temp\\\/wp-content\\\/uploads\\\/2022\\\/06\\\/40-procent-av-kranvattnet-ar-avsaltat-havsvatten.png\",\"contentUrl\":\"https:\\\/\\\/lightweb.dev\\\/l\\\/svm-temp\\\/wp-content\\\/uploads\\\/2022\\\/06\\\/40-procent-av-kranvattnet-ar-avsaltat-havsvatten.png\",\"width\":700,\"height\":420},{\"@type\":\"BreadcrumbList\",\"@id\":\"https:\\\/\\\/lightweb.dev\\\/l\\\/svm-temp\\\/nyheter\\\/40-procent-av-kranvattnet-ar-avsaltat-havsvatten\\\/#breadcrumb\",\"itemListElement\":[{\"@type\":\"ListItem\",\"position\":1,\"name\":\"Hem\",\"item\":\"https:\\\/\\\/lightweb.dev\\\/l\\\/svm-temp\\\/\"},{\"@type\":\"ListItem\",\"position\":2,\"name\":\"40 procent av kranvattnet \u00e4r avsaltat havsvatten\"}]},{\"@type\":\"WebSite\",\"@id\":\"https:\\\/\\\/lightweb.dev\\\/l\\\/svm-temp\\\/#website\",\"url\":\"https:\\\/\\\/lightweb.dev\\\/l\\\/svm-temp\\\/\",\"name\":\"Svenska Magasinet\",\"description\":\"Dina Spanska nyheter p&aring; Svenska\",\"publisher\":{\"@id\":\"https:\\\/\\\/lightweb.dev\\\/l\\\/svm-temp\\\/#organization\"},\"potentialAction\":[{\"@type\":\"SearchAction\",\"target\":{\"@type\":\"EntryPoint\",\"urlTemplate\":\"https:\\\/\\\/lightweb.dev\\\/l\\\/svm-temp\\\/?s={search_term_string}\"},\"query-input\":{\"@type\":\"PropertyValueSpecification\",\"valueRequired\":true,\"valueName\":\"search_term_string\"}}],\"inLanguage\":\"sv-SE\"},{\"@type\":\"Organization\",\"@id\":\"https:\\\/\\\/lightweb.dev\\\/l\\\/svm-temp\\\/#organization\",\"name\":\"Melkerson y Nott SL\",\"alternateName\":\"Svenska Magasinet\",\"url\":\"https:\\\/\\\/lightweb.dev\\\/l\\\/svm-temp\\\/\",\"logo\":{\"@type\":\"ImageObject\",\"inLanguage\":\"sv-SE\",\"@id\":\"https:\\\/\\\/lightweb.dev\\\/l\\\/svm-temp\\\/#\\\/schema\\\/logo\\\/image\\\/\",\"url\":\"https:\\\/\\\/lightweb.dev\\\/l\\\/svm-temp\\\/wp-content\\\/uploads\\\/2025\\\/02\\\/SvM-logo-Xtra-Centrerad-SVART.png\",\"contentUrl\":\"https:\\\/\\\/lightweb.dev\\\/l\\\/svm-temp\\\/wp-content\\\/uploads\\\/2025\\\/02\\\/SvM-logo-Xtra-Centrerad-SVART.png\",\"width\":300,\"height\":99,\"caption\":\"Melkerson y Nott SL\"},\"image\":{\"@id\":\"https:\\\/\\\/lightweb.dev\\\/l\\\/svm-temp\\\/#\\\/schema\\\/logo\\\/image\\\/\"},\"sameAs\":[\"https:\\\/\\\/www.facebook.com\\\/svenskamagasinet\",\"https:\\\/\\\/x.com\\\/SvenskaMagasine\"]},{\"@type\":\"Person\",\"@id\":\"https:\\\/\\\/lightweb.dev\\\/l\\\/svm-temp\\\/#\\\/schema\\\/person\\\/206a3bda5b607b0c25e1749191e4d837\",\"name\":\"Redaktionen SvM\",\"description\":\"Redaktionen\",\"sameAs\":[\"https:\\\/\\\/lightweb.dev\\\/l\\\/svm-temp\"],\"url\":\"https:\\\/\\\/lightweb.dev\\\/l\\\/svm-temp\\\/reporter\\\/redaktionen\\\/\"}]}<\/script>\n<!-- \/ Yoast SEO Premium plugin. -->","yoast_head_json":{"title":"40 procent av kranvattnet \u00e4r avsaltat havsvatten - Svenska Magasinet","robots":{"index":"noindex","follow":"follow","max-snippet":"max-snippet:-1","max-image-preview":"max-image-preview:large","max-video-preview":"max-video-preview:-1"},"og_locale":"sv_SE","og_type":"article","og_title":"40 procent av kranvattnet \u00e4r avsaltat havsvatten","og_description":"40 procent av kranvattnet som konsumeras p\u00e5 Costa del Sol i nul\u00e4get kommer fr\u00e5n avsaltningsanl\u00e4ggningen i Marbella och pumpas ut i vattenledningsn\u00e4tet mellan Torremolinos och Manilva. Trots de senaste regnen p\u00e5 kusten r\u00e5der det brist p\u00e5 vatten. Svenska Magasinet ber\u00e4ttade i f\u00f6rra veckan att 2019 \u00e4r det torraste \u00e5ret p\u00e5 Costa del Sol sedan 1942. [&hellip;]","og_url":"https:\/\/lightweb.dev\/l\/svm-temp\/nyheter\/40-procent-av-kranvattnet-ar-avsaltat-havsvatten\/","og_site_name":"Svenska Magasinet","article_publisher":"https:\/\/www.facebook.com\/svenskamagasinet","article_published_time":"2019-12-29T23:00:00+00:00","og_image":[{"width":700,"height":420,"url":"https:\/\/lightweb.dev\/l\/svm-temp\/wp-content\/uploads\/2022\/06\/40-procent-av-kranvattnet-ar-avsaltat-havsvatten.png","type":"image\/png"}],"author":"Redaktionen SvM","twitter_card":"summary_large_image","twitter_creator":"@SvenskaMagasine","twitter_site":"@SvenskaMagasine","schema":{"@context":"https:\/\/schema.org","@graph":[{"@type":"Article","@id":"https:\/\/lightweb.dev\/l\/svm-temp\/nyheter\/40-procent-av-kranvattnet-ar-avsaltat-havsvatten\/#article","isPartOf":{"@id":"https:\/\/lightweb.dev\/l\/svm-temp\/nyheter\/40-procent-av-kranvattnet-ar-avsaltat-havsvatten\/"},"author":{"name":"Redaktionen SvM","@id":"https:\/\/lightweb.dev\/l\/svm-temp\/#\/schema\/person\/206a3bda5b607b0c25e1749191e4d837"},"headline":"40 procent av kranvattnet \u00e4r avsaltat havsvatten","datePublished":"2019-12-29T23:00:00+00:00","mainEntityOfPage":{"@id":"https:\/\/lightweb.dev\/l\/svm-temp\/nyheter\/40-procent-av-kranvattnet-ar-avsaltat-havsvatten\/"},"wordCount":197,"commentCount":0,"publisher":{"@id":"https:\/\/lightweb.dev\/l\/svm-temp\/#organization"},"image":{"@id":"https:\/\/lightweb.dev\/l\/svm-temp\/nyheter\/40-procent-av-kranvattnet-ar-avsaltat-havsvatten\/#primaryimage"},"thumbnailUrl":"https:\/\/lightweb.dev\/l\/svm-temp\/wp-content\/uploads\/2022\/06\/40-procent-av-kranvattnet-ar-avsaltat-havsvatten.png","articleSection":["Arkiv","Nyheter"],"inLanguage":"sv-SE"},{"@type":"WebPage","@id":"https:\/\/lightweb.dev\/l\/svm-temp\/nyheter\/40-procent-av-kranvattnet-ar-avsaltat-havsvatten\/","url":"https:\/\/lightweb.dev\/l\/svm-temp\/nyheter\/40-procent-av-kranvattnet-ar-avsaltat-havsvatten\/","name":"40 procent av kranvattnet \u00e4r avsaltat havsvatten - Svenska Magasinet","isPartOf":{"@id":"https:\/\/lightweb.dev\/l\/svm-temp\/#website"},"primaryImageOfPage":{"@id":"https:\/\/lightweb.dev\/l\/svm-temp\/nyheter\/40-procent-av-kranvattnet-ar-avsaltat-havsvatten\/#primaryimage"},"image":{"@id":"https:\/\/lightweb.dev\/l\/svm-temp\/nyheter\/40-procent-av-kranvattnet-ar-avsaltat-havsvatten\/#primaryimage"},"thumbnailUrl":"https:\/\/lightweb.dev\/l\/svm-temp\/wp-content\/uploads\/2022\/06\/40-procent-av-kranvattnet-ar-avsaltat-havsvatten.png","datePublished":"2019-12-29T23:00:00+00:00","breadcrumb":{"@id":"https:\/\/lightweb.dev\/l\/svm-temp\/nyheter\/40-procent-av-kranvattnet-ar-avsaltat-havsvatten\/#breadcrumb"},"inLanguage":"sv-SE","potentialAction":[{"@type":"ReadAction","target":["https:\/\/lightweb.dev\/l\/svm-temp\/nyheter\/40-procent-av-kranvattnet-ar-avsaltat-havsvatten\/"]}]},{"@type":"ImageObject","inLanguage":"sv-SE","@id":"https:\/\/lightweb.dev\/l\/svm-temp\/nyheter\/40-procent-av-kranvattnet-ar-avsaltat-havsvatten\/#primaryimage","url":"https:\/\/lightweb.dev\/l\/svm-temp\/wp-content\/uploads\/2022\/06\/40-procent-av-kranvattnet-ar-avsaltat-havsvatten.png","contentUrl":"https:\/\/lightweb.dev\/l\/svm-temp\/wp-content\/uploads\/2022\/06\/40-procent-av-kranvattnet-ar-avsaltat-havsvatten.png","width":700,"height":420},{"@type":"BreadcrumbList","@id":"https:\/\/lightweb.dev\/l\/svm-temp\/nyheter\/40-procent-av-kranvattnet-ar-avsaltat-havsvatten\/#breadcrumb","itemListElement":[{"@type":"ListItem","position":1,"name":"Hem","item":"https:\/\/lightweb.dev\/l\/svm-temp\/"},{"@type":"ListItem","position":2,"name":"40 procent av kranvattnet \u00e4r avsaltat havsvatten"}]},{"@type":"WebSite","@id":"https:\/\/lightweb.dev\/l\/svm-temp\/#website","url":"https:\/\/lightweb.dev\/l\/svm-temp\/","name":"Svenska Magasinet","description":"Dina Spanska nyheter p&aring; Svenska","publisher":{"@id":"https:\/\/lightweb.dev\/l\/svm-temp\/#organization"},"potentialAction":[{"@type":"SearchAction","target":{"@type":"EntryPoint","urlTemplate":"https:\/\/lightweb.dev\/l\/svm-temp\/?s={search_term_string}"},"query-input":{"@type":"PropertyValueSpecification","valueRequired":true,"valueName":"search_term_string"}}],"inLanguage":"sv-SE"},{"@type":"Organization","@id":"https:\/\/lightweb.dev\/l\/svm-temp\/#organization","name":"Melkerson y Nott SL","alternateName":"Svenska Magasinet","url":"https:\/\/lightweb.dev\/l\/svm-temp\/","logo":{"@type":"ImageObject","inLanguage":"sv-SE","@id":"https:\/\/lightweb.dev\/l\/svm-temp\/#\/schema\/logo\/image\/","url":"https:\/\/lightweb.dev\/l\/svm-temp\/wp-content\/uploads\/2025\/02\/SvM-logo-Xtra-Centrerad-SVART.png","contentUrl":"https:\/\/lightweb.dev\/l\/svm-temp\/wp-content\/uploads\/2025\/02\/SvM-logo-Xtra-Centrerad-SVART.png","width":300,"height":99,"caption":"Melkerson y Nott SL"},"image":{"@id":"https:\/\/lightweb.dev\/l\/svm-temp\/#\/schema\/logo\/image\/"},"sameAs":["https:\/\/www.facebook.com\/svenskamagasinet","https:\/\/x.com\/SvenskaMagasine"]},{"@type":"Person","@id":"https:\/\/lightweb.dev\/l\/svm-temp\/#\/schema\/person\/206a3bda5b607b0c25e1749191e4d837","name":"Redaktionen SvM","description":"Redaktionen","sameAs":["https:\/\/lightweb.dev\/l\/svm-temp"],"url":"https:\/\/lightweb.dev\/l\/svm-temp\/reporter\/redaktionen\/"}]}},"_links":{"self":[{"href":"https:\/\/lightweb.dev\/l\/svm-temp\/wp-json\/wp\/v2\/posts\/15041","targetHints":{"allow":["GET"]}}],"collection":[{"href":"https:\/\/lightweb.dev\/l\/svm-temp\/wp-json\/wp\/v2\/posts"}],"about":[{"href":"https:\/\/lightweb.dev\/l\/svm-temp\/wp-json\/wp\/v2\/types\/post"}],"author":[{"embeddable":true,"href":"https:\/\/lightweb.dev\/l\/svm-temp\/wp-json\/wp\/v2\/users\/8"}],"replies":[{"embeddable":true,"href":"https:\/\/lightweb.dev\/l\/svm-temp\/wp-json\/wp\/v2\/comments?post=15041"}],"version-history":[{"count":0,"href":"https:\/\/lightweb.dev\/l\/svm-temp\/wp-json\/wp\/v2\/posts\/15041\/revisions"}],"wp:featuredmedia":[{"embeddable":true,"href":"https:\/\/lightweb.dev\/l\/svm-temp\/wp-json\/wp\/v2\/media\/15042"}],"wp:attachment":[{"href":"https:\/\/lightweb.dev\/l\/svm-temp\/wp-json\/wp\/v2\/media?parent=15041"}],"wp:term":[{"taxonomy":"category","embeddable":true,"href":"https:\/\/lightweb.dev\/l\/svm-temp\/wp-json\/wp\/v2\/categories?post=15041"},{"taxonomy":"post_tag","embeddable":true,"href":"https:\/\/lightweb.dev\/l\/svm-temp\/wp-json\/wp\/v2\/tags?post=15041"}],"curies":[{"name":"wp","href":"https:\/\/api.w.org\/{rel}","templated":true}]}}