{"id":15043,"date":"2019-12-27T00:00:00","date_gmt":"2019-12-26T23:00:00","guid":{"rendered":"https:\/\/lightweb.dev\/l\/svm-temp\/nyheter\/resklar-uds-reseinformation-direkt-i-fickan\/"},"modified":"2019-12-27T00:00:00","modified_gmt":"2019-12-26T23:00:00","slug":"resklar-uds-reseinformation-direkt-i-fickan","status":"publish","type":"post","link":"https:\/\/lightweb.dev\/l\/svm-temp\/nyheter\/resklar-uds-reseinformation-direkt-i-fickan\/","title":{"rendered":"Resklar &#8211; UD:s reseinformation direkt i fickan"},"content":{"rendered":"<p> \u00c4r du p\u00e5 resande fot i Spanien och vill ha senaste aktuella reseinformation? D\u00e5 kan UD Resklar-appen vara ett bra redskap. Den \u00e4r numera uppdaterad och anv\u00e4nder platstj\u00e4nster och pushnotiser som g\u00f6r det enklare f\u00f6r dig att h\u00e5lla koll under din resa.<\/p>\n<p>Den nya appen inneh\u00e5ller nyheter som bland annat:<br \/>\nPlatstj\u00e4nster &#8211; f\u00f6r att l\u00e4ttare f\u00e5 relevant information i det land du befinner dig.<br \/>\nPushnotiser &#8211; f\u00f6r att l\u00e4ttare f\u00e5 information vid en kris eller h\u00e4ndelse i landet du befinner dig.<br \/>\nM\u00f6jlighet att skriva upp sig p\u00e5 svensklistan direkt i appen.<br \/>\nNy grafisk profil.<\/p>\n<p>Som resen\u00e4r har du ett eget ansvar f\u00f6r att h\u00e5lla dig uppdaterad om vad som g\u00e4ller f\u00f6r just ditt resm\u00e5l. Som myndighet har vi p\u00e5 UD ett ansvar att erbjuda information och v\u00e4gledning. Vi har d\u00e4rf\u00f6r tagit fram en ny app som g\u00f6r det enklare f\u00f6r dig att uppfylla ditt ansvar: att h\u00e5lla koll.  <\/p>\n<p>P\u00e5 Utrikesdepartementets nya app finns reseinformation fr\u00e5n Sveriges ambassader samlade p\u00e5 ett st\u00e4lle. Den anv\u00e4nder platstj\u00e4nster och pushnotiser f\u00f6r att snabbt kunna skicka ut den senaste informationen du beh\u00f6ver f\u00f6r ditt resm\u00e5l.<\/p>\n<p>Vi sparar f\u00f6rst\u00e5s ingen data om dig eller din resa. UD kan inte se var du befinner dig, men det kommer bli enklare f\u00f6r dig att se var vi befinner oss. Du kan sj\u00e4lvklart ocks\u00e5 anm\u00e4la din utlandsvistelse till n\u00e4rmaste ambassad direkt i appen, skriver Utrikesdepartementet.<\/p>\n<p>Ladda ner nya UD Resklar d\u00e4r du h\u00e4mtar dina appar.<\/p>\n<p>Foto: Hedda Eriksson\/Regeringskansliet<br \/>\n KLICKA H\u00c4R:  Du vet v\u00e4l om att du kan f\u00f6lja UD Resklar p\u00e5 Twitter och Facebook<\/p>\n","protected":false},"excerpt":{"rendered":"<p>\u00c4r du p\u00e5 resande fot i Spanien och vill ha senaste aktuella reseinformation? D\u00e5 kan UD Resklar-appen vara ett bra redskap. Den \u00e4r numera uppdaterad och anv\u00e4nder platstj\u00e4nster och pushnotiser som g\u00f6r det enklare f\u00f6r dig att h\u00e5lla koll under din resa. Den nya appen inneh\u00e5ller nyheter som bland annat: Platstj\u00e4nster &#8211; f\u00f6r att l\u00e4ttare [&hellip;]<\/p>\n","protected":false},"author":8,"featured_media":15044,"comment_status":"open","ping_status":"open","sticky":false,"template":"","format":"standard","meta":{"_et_pb_use_builder":"","_et_pb_old_content":"","_et_gb_content_width":"","footnotes":""},"categories":[395,3],"tags":[],"class_list":["post-15043","post","type-post","status-publish","format-standard","has-post-thumbnail","hentry","category-arkiv-nyheter","category-nyheter"],"yoast_head":"<!-- This site is optimized with the Yoast SEO Premium plugin v26.2 (Yoast SEO v27.4) - https:\/\/yoast.com\/product\/yoast-seo-premium-wordpress\/ -->\n<title>Resklar - UD:s reseinformation direkt i fickan - Svenska Magasinet<\/title>\n<meta name=\"robots\" content=\"noindex, follow, max-snippet:-1, max-image-preview:large, max-video-preview:-1\" \/>\n<meta property=\"og:locale\" content=\"sv_SE\" \/>\n<meta property=\"og:type\" content=\"article\" \/>\n<meta property=\"og:title\" content=\"Resklar - UD:s reseinformation direkt i fickan\" \/>\n<meta property=\"og:description\" content=\"\u00c4r du p\u00e5 resande fot i Spanien och vill ha senaste aktuella reseinformation? D\u00e5 kan UD Resklar-appen vara ett bra redskap. Den \u00e4r numera uppdaterad och anv\u00e4nder platstj\u00e4nster och pushnotiser som g\u00f6r det enklare f\u00f6r dig att h\u00e5lla koll under din resa. Den nya appen inneh\u00e5ller nyheter som bland annat: Platstj\u00e4nster &#8211; f\u00f6r att l\u00e4ttare [&hellip;]\" \/>\n<meta property=\"og:url\" content=\"https:\/\/lightweb.dev\/l\/svm-temp\/nyheter\/resklar-uds-reseinformation-direkt-i-fickan\/\" \/>\n<meta property=\"og:site_name\" content=\"Svenska Magasinet\" \/>\n<meta property=\"article:publisher\" content=\"https:\/\/www.facebook.com\/svenskamagasinet\" \/>\n<meta property=\"article:published_time\" content=\"2019-12-26T23:00:00+00:00\" \/>\n<meta property=\"og:image\" content=\"https:\/\/lightweb.dev\/l\/svm-temp\/wp-content\/uploads\/2022\/06\/resklar-uds-reseinformation-direkt-i-fickan.png\" \/>\n\t<meta property=\"og:image:width\" content=\"700\" \/>\n\t<meta property=\"og:image:height\" content=\"420\" \/>\n\t<meta property=\"og:image:type\" content=\"image\/png\" \/>\n<meta name=\"author\" content=\"Redaktionen SvM\" \/>\n<meta name=\"twitter:card\" content=\"summary_large_image\" \/>\n<meta name=\"twitter:creator\" content=\"@SvenskaMagasine\" \/>\n<meta name=\"twitter:site\" content=\"@SvenskaMagasine\" \/>\n<script type=\"application\/ld+json\" class=\"yoast-schema-graph\">{\"@context\":\"https:\\\/\\\/schema.org\",\"@graph\":[{\"@type\":\"Article\",\"@id\":\"https:\\\/\\\/lightweb.dev\\\/l\\\/svm-temp\\\/nyheter\\\/resklar-uds-reseinformation-direkt-i-fickan\\\/#article\",\"isPartOf\":{\"@id\":\"https:\\\/\\\/lightweb.dev\\\/l\\\/svm-temp\\\/nyheter\\\/resklar-uds-reseinformation-direkt-i-fickan\\\/\"},\"author\":{\"name\":\"Redaktionen SvM\",\"@id\":\"https:\\\/\\\/lightweb.dev\\\/l\\\/svm-temp\\\/#\\\/schema\\\/person\\\/206a3bda5b607b0c25e1749191e4d837\"},\"headline\":\"Resklar &#8211; UD:s reseinformation direkt i fickan\",\"datePublished\":\"2019-12-26T23:00:00+00:00\",\"mainEntityOfPage\":{\"@id\":\"https:\\\/\\\/lightweb.dev\\\/l\\\/svm-temp\\\/nyheter\\\/resklar-uds-reseinformation-direkt-i-fickan\\\/\"},\"wordCount\":308,\"commentCount\":0,\"publisher\":{\"@id\":\"https:\\\/\\\/lightweb.dev\\\/l\\\/svm-temp\\\/#organization\"},\"image\":{\"@id\":\"https:\\\/\\\/lightweb.dev\\\/l\\\/svm-temp\\\/nyheter\\\/resklar-uds-reseinformation-direkt-i-fickan\\\/#primaryimage\"},\"thumbnailUrl\":\"https:\\\/\\\/lightweb.dev\\\/l\\\/svm-temp\\\/wp-content\\\/uploads\\\/2022\\\/06\\\/resklar-uds-reseinformation-direkt-i-fickan.png\",\"articleSection\":[\"Arkiv\",\"Nyheter\"],\"inLanguage\":\"sv-SE\"},{\"@type\":\"WebPage\",\"@id\":\"https:\\\/\\\/lightweb.dev\\\/l\\\/svm-temp\\\/nyheter\\\/resklar-uds-reseinformation-direkt-i-fickan\\\/\",\"url\":\"https:\\\/\\\/lightweb.dev\\\/l\\\/svm-temp\\\/nyheter\\\/resklar-uds-reseinformation-direkt-i-fickan\\\/\",\"name\":\"Resklar - UD:s reseinformation direkt i fickan - Svenska Magasinet\",\"isPartOf\":{\"@id\":\"https:\\\/\\\/lightweb.dev\\\/l\\\/svm-temp\\\/#website\"},\"primaryImageOfPage\":{\"@id\":\"https:\\\/\\\/lightweb.dev\\\/l\\\/svm-temp\\\/nyheter\\\/resklar-uds-reseinformation-direkt-i-fickan\\\/#primaryimage\"},\"image\":{\"@id\":\"https:\\\/\\\/lightweb.dev\\\/l\\\/svm-temp\\\/nyheter\\\/resklar-uds-reseinformation-direkt-i-fickan\\\/#primaryimage\"},\"thumbnailUrl\":\"https:\\\/\\\/lightweb.dev\\\/l\\\/svm-temp\\\/wp-content\\\/uploads\\\/2022\\\/06\\\/resklar-uds-reseinformation-direkt-i-fickan.png\",\"datePublished\":\"2019-12-26T23:00:00+00:00\",\"breadcrumb\":{\"@id\":\"https:\\\/\\\/lightweb.dev\\\/l\\\/svm-temp\\\/nyheter\\\/resklar-uds-reseinformation-direkt-i-fickan\\\/#breadcrumb\"},\"inLanguage\":\"sv-SE\",\"potentialAction\":[{\"@type\":\"ReadAction\",\"target\":[\"https:\\\/\\\/lightweb.dev\\\/l\\\/svm-temp\\\/nyheter\\\/resklar-uds-reseinformation-direkt-i-fickan\\\/\"]}]},{\"@type\":\"ImageObject\",\"inLanguage\":\"sv-SE\",\"@id\":\"https:\\\/\\\/lightweb.dev\\\/l\\\/svm-temp\\\/nyheter\\\/resklar-uds-reseinformation-direkt-i-fickan\\\/#primaryimage\",\"url\":\"https:\\\/\\\/lightweb.dev\\\/l\\\/svm-temp\\\/wp-content\\\/uploads\\\/2022\\\/06\\\/resklar-uds-reseinformation-direkt-i-fickan.png\",\"contentUrl\":\"https:\\\/\\\/lightweb.dev\\\/l\\\/svm-temp\\\/wp-content\\\/uploads\\\/2022\\\/06\\\/resklar-uds-reseinformation-direkt-i-fickan.png\",\"width\":700,\"height\":420},{\"@type\":\"BreadcrumbList\",\"@id\":\"https:\\\/\\\/lightweb.dev\\\/l\\\/svm-temp\\\/nyheter\\\/resklar-uds-reseinformation-direkt-i-fickan\\\/#breadcrumb\",\"itemListElement\":[{\"@type\":\"ListItem\",\"position\":1,\"name\":\"Hem\",\"item\":\"https:\\\/\\\/lightweb.dev\\\/l\\\/svm-temp\\\/\"},{\"@type\":\"ListItem\",\"position\":2,\"name\":\"Resklar &#8211; UD:s reseinformation direkt i fickan\"}]},{\"@type\":\"WebSite\",\"@id\":\"https:\\\/\\\/lightweb.dev\\\/l\\\/svm-temp\\\/#website\",\"url\":\"https:\\\/\\\/lightweb.dev\\\/l\\\/svm-temp\\\/\",\"name\":\"Svenska Magasinet\",\"description\":\"Dina Spanska nyheter p&aring; Svenska\",\"publisher\":{\"@id\":\"https:\\\/\\\/lightweb.dev\\\/l\\\/svm-temp\\\/#organization\"},\"potentialAction\":[{\"@type\":\"SearchAction\",\"target\":{\"@type\":\"EntryPoint\",\"urlTemplate\":\"https:\\\/\\\/lightweb.dev\\\/l\\\/svm-temp\\\/?s={search_term_string}\"},\"query-input\":{\"@type\":\"PropertyValueSpecification\",\"valueRequired\":true,\"valueName\":\"search_term_string\"}}],\"inLanguage\":\"sv-SE\"},{\"@type\":\"Organization\",\"@id\":\"https:\\\/\\\/lightweb.dev\\\/l\\\/svm-temp\\\/#organization\",\"name\":\"Melkerson y Nott SL\",\"alternateName\":\"Svenska Magasinet\",\"url\":\"https:\\\/\\\/lightweb.dev\\\/l\\\/svm-temp\\\/\",\"logo\":{\"@type\":\"ImageObject\",\"inLanguage\":\"sv-SE\",\"@id\":\"https:\\\/\\\/lightweb.dev\\\/l\\\/svm-temp\\\/#\\\/schema\\\/logo\\\/image\\\/\",\"url\":\"https:\\\/\\\/lightweb.dev\\\/l\\\/svm-temp\\\/wp-content\\\/uploads\\\/2025\\\/02\\\/SvM-logo-Xtra-Centrerad-SVART.png\",\"contentUrl\":\"https:\\\/\\\/lightweb.dev\\\/l\\\/svm-temp\\\/wp-content\\\/uploads\\\/2025\\\/02\\\/SvM-logo-Xtra-Centrerad-SVART.png\",\"width\":300,\"height\":99,\"caption\":\"Melkerson y Nott SL\"},\"image\":{\"@id\":\"https:\\\/\\\/lightweb.dev\\\/l\\\/svm-temp\\\/#\\\/schema\\\/logo\\\/image\\\/\"},\"sameAs\":[\"https:\\\/\\\/www.facebook.com\\\/svenskamagasinet\",\"https:\\\/\\\/x.com\\\/SvenskaMagasine\"]},{\"@type\":\"Person\",\"@id\":\"https:\\\/\\\/lightweb.dev\\\/l\\\/svm-temp\\\/#\\\/schema\\\/person\\\/206a3bda5b607b0c25e1749191e4d837\",\"name\":\"Redaktionen SvM\",\"description\":\"Redaktionen\",\"sameAs\":[\"https:\\\/\\\/lightweb.dev\\\/l\\\/svm-temp\"],\"url\":\"https:\\\/\\\/lightweb.dev\\\/l\\\/svm-temp\\\/reporter\\\/redaktionen\\\/\"}]}<\/script>\n<!-- \/ Yoast SEO Premium plugin. -->","yoast_head_json":{"title":"Resklar - UD:s reseinformation direkt i fickan - Svenska Magasinet","robots":{"index":"noindex","follow":"follow","max-snippet":"max-snippet:-1","max-image-preview":"max-image-preview:large","max-video-preview":"max-video-preview:-1"},"og_locale":"sv_SE","og_type":"article","og_title":"Resklar - UD:s reseinformation direkt i fickan","og_description":"\u00c4r du p\u00e5 resande fot i Spanien och vill ha senaste aktuella reseinformation? D\u00e5 kan UD Resklar-appen vara ett bra redskap. Den \u00e4r numera uppdaterad och anv\u00e4nder platstj\u00e4nster och pushnotiser som g\u00f6r det enklare f\u00f6r dig att h\u00e5lla koll under din resa. Den nya appen inneh\u00e5ller nyheter som bland annat: Platstj\u00e4nster &#8211; f\u00f6r att l\u00e4ttare [&hellip;]","og_url":"https:\/\/lightweb.dev\/l\/svm-temp\/nyheter\/resklar-uds-reseinformation-direkt-i-fickan\/","og_site_name":"Svenska Magasinet","article_publisher":"https:\/\/www.facebook.com\/svenskamagasinet","article_published_time":"2019-12-26T23:00:00+00:00","og_image":[{"width":700,"height":420,"url":"https:\/\/lightweb.dev\/l\/svm-temp\/wp-content\/uploads\/2022\/06\/resklar-uds-reseinformation-direkt-i-fickan.png","type":"image\/png"}],"author":"Redaktionen SvM","twitter_card":"summary_large_image","twitter_creator":"@SvenskaMagasine","twitter_site":"@SvenskaMagasine","schema":{"@context":"https:\/\/schema.org","@graph":[{"@type":"Article","@id":"https:\/\/lightweb.dev\/l\/svm-temp\/nyheter\/resklar-uds-reseinformation-direkt-i-fickan\/#article","isPartOf":{"@id":"https:\/\/lightweb.dev\/l\/svm-temp\/nyheter\/resklar-uds-reseinformation-direkt-i-fickan\/"},"author":{"name":"Redaktionen SvM","@id":"https:\/\/lightweb.dev\/l\/svm-temp\/#\/schema\/person\/206a3bda5b607b0c25e1749191e4d837"},"headline":"Resklar &#8211; UD:s reseinformation direkt i fickan","datePublished":"2019-12-26T23:00:00+00:00","mainEntityOfPage":{"@id":"https:\/\/lightweb.dev\/l\/svm-temp\/nyheter\/resklar-uds-reseinformation-direkt-i-fickan\/"},"wordCount":308,"commentCount":0,"publisher":{"@id":"https:\/\/lightweb.dev\/l\/svm-temp\/#organization"},"image":{"@id":"https:\/\/lightweb.dev\/l\/svm-temp\/nyheter\/resklar-uds-reseinformation-direkt-i-fickan\/#primaryimage"},"thumbnailUrl":"https:\/\/lightweb.dev\/l\/svm-temp\/wp-content\/uploads\/2022\/06\/resklar-uds-reseinformation-direkt-i-fickan.png","articleSection":["Arkiv","Nyheter"],"inLanguage":"sv-SE"},{"@type":"WebPage","@id":"https:\/\/lightweb.dev\/l\/svm-temp\/nyheter\/resklar-uds-reseinformation-direkt-i-fickan\/","url":"https:\/\/lightweb.dev\/l\/svm-temp\/nyheter\/resklar-uds-reseinformation-direkt-i-fickan\/","name":"Resklar - UD:s reseinformation direkt i fickan - Svenska Magasinet","isPartOf":{"@id":"https:\/\/lightweb.dev\/l\/svm-temp\/#website"},"primaryImageOfPage":{"@id":"https:\/\/lightweb.dev\/l\/svm-temp\/nyheter\/resklar-uds-reseinformation-direkt-i-fickan\/#primaryimage"},"image":{"@id":"https:\/\/lightweb.dev\/l\/svm-temp\/nyheter\/resklar-uds-reseinformation-direkt-i-fickan\/#primaryimage"},"thumbnailUrl":"https:\/\/lightweb.dev\/l\/svm-temp\/wp-content\/uploads\/2022\/06\/resklar-uds-reseinformation-direkt-i-fickan.png","datePublished":"2019-12-26T23:00:00+00:00","breadcrumb":{"@id":"https:\/\/lightweb.dev\/l\/svm-temp\/nyheter\/resklar-uds-reseinformation-direkt-i-fickan\/#breadcrumb"},"inLanguage":"sv-SE","potentialAction":[{"@type":"ReadAction","target":["https:\/\/lightweb.dev\/l\/svm-temp\/nyheter\/resklar-uds-reseinformation-direkt-i-fickan\/"]}]},{"@type":"ImageObject","inLanguage":"sv-SE","@id":"https:\/\/lightweb.dev\/l\/svm-temp\/nyheter\/resklar-uds-reseinformation-direkt-i-fickan\/#primaryimage","url":"https:\/\/lightweb.dev\/l\/svm-temp\/wp-content\/uploads\/2022\/06\/resklar-uds-reseinformation-direkt-i-fickan.png","contentUrl":"https:\/\/lightweb.dev\/l\/svm-temp\/wp-content\/uploads\/2022\/06\/resklar-uds-reseinformation-direkt-i-fickan.png","width":700,"height":420},{"@type":"BreadcrumbList","@id":"https:\/\/lightweb.dev\/l\/svm-temp\/nyheter\/resklar-uds-reseinformation-direkt-i-fickan\/#breadcrumb","itemListElement":[{"@type":"ListItem","position":1,"name":"Hem","item":"https:\/\/lightweb.dev\/l\/svm-temp\/"},{"@type":"ListItem","position":2,"name":"Resklar &#8211; UD:s reseinformation direkt i fickan"}]},{"@type":"WebSite","@id":"https:\/\/lightweb.dev\/l\/svm-temp\/#website","url":"https:\/\/lightweb.dev\/l\/svm-temp\/","name":"Svenska Magasinet","description":"Dina Spanska nyheter p&aring; Svenska","publisher":{"@id":"https:\/\/lightweb.dev\/l\/svm-temp\/#organization"},"potentialAction":[{"@type":"SearchAction","target":{"@type":"EntryPoint","urlTemplate":"https:\/\/lightweb.dev\/l\/svm-temp\/?s={search_term_string}"},"query-input":{"@type":"PropertyValueSpecification","valueRequired":true,"valueName":"search_term_string"}}],"inLanguage":"sv-SE"},{"@type":"Organization","@id":"https:\/\/lightweb.dev\/l\/svm-temp\/#organization","name":"Melkerson y Nott SL","alternateName":"Svenska Magasinet","url":"https:\/\/lightweb.dev\/l\/svm-temp\/","logo":{"@type":"ImageObject","inLanguage":"sv-SE","@id":"https:\/\/lightweb.dev\/l\/svm-temp\/#\/schema\/logo\/image\/","url":"https:\/\/lightweb.dev\/l\/svm-temp\/wp-content\/uploads\/2025\/02\/SvM-logo-Xtra-Centrerad-SVART.png","contentUrl":"https:\/\/lightweb.dev\/l\/svm-temp\/wp-content\/uploads\/2025\/02\/SvM-logo-Xtra-Centrerad-SVART.png","width":300,"height":99,"caption":"Melkerson y Nott SL"},"image":{"@id":"https:\/\/lightweb.dev\/l\/svm-temp\/#\/schema\/logo\/image\/"},"sameAs":["https:\/\/www.facebook.com\/svenskamagasinet","https:\/\/x.com\/SvenskaMagasine"]},{"@type":"Person","@id":"https:\/\/lightweb.dev\/l\/svm-temp\/#\/schema\/person\/206a3bda5b607b0c25e1749191e4d837","name":"Redaktionen SvM","description":"Redaktionen","sameAs":["https:\/\/lightweb.dev\/l\/svm-temp"],"url":"https:\/\/lightweb.dev\/l\/svm-temp\/reporter\/redaktionen\/"}]}},"_links":{"self":[{"href":"https:\/\/lightweb.dev\/l\/svm-temp\/wp-json\/wp\/v2\/posts\/15043","targetHints":{"allow":["GET"]}}],"collection":[{"href":"https:\/\/lightweb.dev\/l\/svm-temp\/wp-json\/wp\/v2\/posts"}],"about":[{"href":"https:\/\/lightweb.dev\/l\/svm-temp\/wp-json\/wp\/v2\/types\/post"}],"author":[{"embeddable":true,"href":"https:\/\/lightweb.dev\/l\/svm-temp\/wp-json\/wp\/v2\/users\/8"}],"replies":[{"embeddable":true,"href":"https:\/\/lightweb.dev\/l\/svm-temp\/wp-json\/wp\/v2\/comments?post=15043"}],"version-history":[{"count":0,"href":"https:\/\/lightweb.dev\/l\/svm-temp\/wp-json\/wp\/v2\/posts\/15043\/revisions"}],"wp:featuredmedia":[{"embeddable":true,"href":"https:\/\/lightweb.dev\/l\/svm-temp\/wp-json\/wp\/v2\/media\/15044"}],"wp:attachment":[{"href":"https:\/\/lightweb.dev\/l\/svm-temp\/wp-json\/wp\/v2\/media?parent=15043"}],"wp:term":[{"taxonomy":"category","embeddable":true,"href":"https:\/\/lightweb.dev\/l\/svm-temp\/wp-json\/wp\/v2\/categories?post=15043"},{"taxonomy":"post_tag","embeddable":true,"href":"https:\/\/lightweb.dev\/l\/svm-temp\/wp-json\/wp\/v2\/tags?post=15043"}],"curies":[{"name":"wp","href":"https:\/\/api.w.org\/{rel}","templated":true}]}}