{"id":15045,"date":"2019-12-27T00:00:00","date_gmt":"2019-12-26T23:00:00","guid":{"rendered":"https:\/\/lightweb.dev\/l\/svm-temp\/nyheter\/offren-var-inte-simkunniga-flickan-foll-i-poolen-vid-lek\/"},"modified":"2019-12-27T00:00:00","modified_gmt":"2019-12-26T23:00:00","slug":"offren-var-inte-simkunniga-flickan-foll-i-poolen-vid-lek","status":"publish","type":"post","link":"https:\/\/lightweb.dev\/l\/svm-temp\/nyheter\/offren-var-inte-simkunniga-flickan-foll-i-poolen-vid-lek\/","title":{"rendered":"Offren var inte simkunniga \u2013 flickan f\u00f6ll i poolen vid lek"},"content":{"rendered":"<p> Utredningen efter tisdagens drunkningsolycka vid anl\u00e4ggningen Club la Costa d\u00e4r en vuxen samt tv\u00e5 minder\u00e5riga miste livet har tagit en ny v\u00e4ndning. Vittnesm\u00e5l fr\u00e5n \u00f6vriga familjemedlemmar visar att ingen av de tre var simkunniga.<\/p>\n<p>Det bekr\u00e4ftas ocks\u00e5 av Guardia Civil som s\u00e4ger att det r\u00f6r sig om en &#8221;tragisk olycka&#8221; d\u00e4r samtliga inblandade saknade kunskaper i att simma. Guardia Civil betraktar utredningen som avslutad.<\/p>\n<p>Som Svenska Magasinet ber\u00e4ttade under g\u00e5rdagen drunknade en 52-\u00e5rig man plus tv\u00e5 minder\u00e5riga, en 16-\u00e5rig pojke samt en nio\u00e5rig flicka. Samtliga ingick i en familj p\u00e5 sammanlagt fem personer som hade kommit till spanska Solkusten fr\u00e5n Storbritannien den 21 december f\u00f6r en veckas semester.<\/p>\n<p>Det \u00e4r vittnesm\u00e5l fr\u00e5n den nio\u00e5riga flickans storasyster som \u00e4r 14 \u00e5r som kastar nytt ljus \u00f6ver h\u00e4ndelsen, skriver dagstidningen ABC p\u00e5 fredagen. <\/p>\n<p>De b\u00e5da syskonen ska ha lekt vid poolen som ligger i fas 2 i Club la Costa World p\u00e5 Mijas Costa strax s\u00f6der om Fuengirola. Den nio\u00e5riga flickan ska ha halkat och f\u00f6ll i den del av poolen som var djupast.<\/p>\n<p>Den 14-\u00e5riga flickan har \u00e4ven uppgett att de har f\u00e5tt viss simtr\u00e4ning i klasser i sitt hemland men att den alltid har utf\u00f6rts i grunt vatten. Varken den 52-\u00e5rige pappan eller den 16-\u00e5rige sonen hade kunskaper i att simma.<\/p>\n<p>Efter att ramlat i poolen skrek storasystern efter hj\u00e4lp varp\u00e5 storebror kom och sl\u00e4ngde sig i vattnet f\u00f6r att f\u00f6rs\u00f6ka n\u00e5 sin lillasyster. \u00c4ven brodern hade sv\u00e5rt att h\u00e5lla sig flytande n\u00e4r denne kom till den del av poolen som var djup. Bilder som Diario SUR publicerar p\u00e5 fredagen visar att pollens djupaste del var tv\u00e5 meter.<\/p>\n<p>Senare kom \u00e4ven pappan till unds\u00e4ttning och hoppade ned i polen f\u00f6r att r\u00e4dda sina tv\u00e5 barn. \u00c4ven han f\u00f6rolyckades. Mamman befann sig vid \u00f6gonblicket i den l\u00e4genhet som familjen hade hyrt en vecka p\u00e5 Club la Costa World.<\/p>\n<p>Obduktionsrapporten bekr\u00e4ftar att samtliga tre drunknade. Det finns ingenting som tyder p\u00e5 att n\u00e5gon konsumerat alkohol eller drabbats av n\u00e5gon slags f\u00f6rgiftning.<\/p>\n<p>Pappan \u00e4r en k\u00e4nd pastor vid en pingstf\u00f6rsamling i stadsdelen Charlton i London. Det \u00e4r Christian Church of God (RCCG) som \u00e4r en internationell pingstkyrka med r\u00f6tter och huvudkontor i Nigeria d\u00e4r ocks\u00e5 pappan \u00e4r f\u00f6dd.<\/p>\n<p>Sociala myndigheter, psykologer och anh\u00f6riga har gett hj\u00e4lp till mamman och den 14-\u00e5riga dottern.<\/p>\n","protected":false},"excerpt":{"rendered":"<p>Utredningen efter tisdagens drunkningsolycka vid anl\u00e4ggningen Club la Costa d\u00e4r en vuxen samt tv\u00e5 minder\u00e5riga miste livet har tagit en ny v\u00e4ndning. Vittnesm\u00e5l fr\u00e5n \u00f6vriga familjemedlemmar visar att ingen av de tre var simkunniga. Det bekr\u00e4ftas ocks\u00e5 av Guardia Civil som s\u00e4ger att det r\u00f6r sig om en &#8221;tragisk olycka&#8221; d\u00e4r samtliga inblandade saknade kunskaper [&hellip;]<\/p>\n","protected":false},"author":8,"featured_media":15046,"comment_status":"open","ping_status":"open","sticky":false,"template":"","format":"standard","meta":{"_et_pb_use_builder":"","_et_pb_old_content":"","_et_gb_content_width":"","footnotes":""},"categories":[395,3],"tags":[],"class_list":["post-15045","post","type-post","status-publish","format-standard","has-post-thumbnail","hentry","category-arkiv-nyheter","category-nyheter"],"yoast_head":"<!-- This site is optimized with the Yoast SEO Premium plugin v26.2 (Yoast SEO v27.4) - https:\/\/yoast.com\/product\/yoast-seo-premium-wordpress\/ -->\n<title>Offren var inte simkunniga \u2013 flickan f\u00f6ll i poolen vid lek - Svenska Magasinet<\/title>\n<meta name=\"robots\" content=\"noindex, follow, max-snippet:-1, max-image-preview:large, max-video-preview:-1\" \/>\n<meta property=\"og:locale\" content=\"sv_SE\" \/>\n<meta property=\"og:type\" content=\"article\" \/>\n<meta property=\"og:title\" content=\"Offren var inte simkunniga \u2013 flickan f\u00f6ll i poolen vid lek\" \/>\n<meta property=\"og:description\" content=\"Utredningen efter tisdagens drunkningsolycka vid anl\u00e4ggningen Club la Costa d\u00e4r en vuxen samt tv\u00e5 minder\u00e5riga miste livet har tagit en ny v\u00e4ndning. Vittnesm\u00e5l fr\u00e5n \u00f6vriga familjemedlemmar visar att ingen av de tre var simkunniga. Det bekr\u00e4ftas ocks\u00e5 av Guardia Civil som s\u00e4ger att det r\u00f6r sig om en &#8221;tragisk olycka&#8221; d\u00e4r samtliga inblandade saknade kunskaper [&hellip;]\" \/>\n<meta property=\"og:url\" content=\"https:\/\/lightweb.dev\/l\/svm-temp\/nyheter\/offren-var-inte-simkunniga-flickan-foll-i-poolen-vid-lek\/\" \/>\n<meta property=\"og:site_name\" content=\"Svenska Magasinet\" \/>\n<meta property=\"article:publisher\" content=\"https:\/\/www.facebook.com\/svenskamagasinet\" \/>\n<meta property=\"article:published_time\" content=\"2019-12-26T23:00:00+00:00\" \/>\n<meta property=\"og:image\" content=\"https:\/\/lightweb.dev\/l\/svm-temp\/wp-content\/uploads\/2022\/06\/offren-var-inte-simkunniga-flickan-foll-i-poolen-vid-lek.png\" \/>\n\t<meta property=\"og:image:width\" content=\"700\" \/>\n\t<meta property=\"og:image:height\" content=\"421\" \/>\n\t<meta property=\"og:image:type\" content=\"image\/png\" \/>\n<meta name=\"author\" content=\"Redaktionen SvM\" \/>\n<meta name=\"twitter:card\" content=\"summary_large_image\" \/>\n<meta name=\"twitter:creator\" content=\"@SvenskaMagasine\" \/>\n<meta name=\"twitter:site\" content=\"@SvenskaMagasine\" \/>\n<script type=\"application\/ld+json\" class=\"yoast-schema-graph\">{\"@context\":\"https:\\\/\\\/schema.org\",\"@graph\":[{\"@type\":\"Article\",\"@id\":\"https:\\\/\\\/lightweb.dev\\\/l\\\/svm-temp\\\/nyheter\\\/offren-var-inte-simkunniga-flickan-foll-i-poolen-vid-lek\\\/#article\",\"isPartOf\":{\"@id\":\"https:\\\/\\\/lightweb.dev\\\/l\\\/svm-temp\\\/nyheter\\\/offren-var-inte-simkunniga-flickan-foll-i-poolen-vid-lek\\\/\"},\"author\":{\"name\":\"Redaktionen SvM\",\"@id\":\"https:\\\/\\\/lightweb.dev\\\/l\\\/svm-temp\\\/#\\\/schema\\\/person\\\/206a3bda5b607b0c25e1749191e4d837\"},\"headline\":\"Offren var inte simkunniga \u2013 flickan f\u00f6ll i poolen vid lek\",\"datePublished\":\"2019-12-26T23:00:00+00:00\",\"mainEntityOfPage\":{\"@id\":\"https:\\\/\\\/lightweb.dev\\\/l\\\/svm-temp\\\/nyheter\\\/offren-var-inte-simkunniga-flickan-foll-i-poolen-vid-lek\\\/\"},\"wordCount\":444,\"commentCount\":0,\"publisher\":{\"@id\":\"https:\\\/\\\/lightweb.dev\\\/l\\\/svm-temp\\\/#organization\"},\"image\":{\"@id\":\"https:\\\/\\\/lightweb.dev\\\/l\\\/svm-temp\\\/nyheter\\\/offren-var-inte-simkunniga-flickan-foll-i-poolen-vid-lek\\\/#primaryimage\"},\"thumbnailUrl\":\"https:\\\/\\\/lightweb.dev\\\/l\\\/svm-temp\\\/wp-content\\\/uploads\\\/2022\\\/06\\\/offren-var-inte-simkunniga-flickan-foll-i-poolen-vid-lek.png\",\"articleSection\":[\"Arkiv\",\"Nyheter\"],\"inLanguage\":\"sv-SE\"},{\"@type\":\"WebPage\",\"@id\":\"https:\\\/\\\/lightweb.dev\\\/l\\\/svm-temp\\\/nyheter\\\/offren-var-inte-simkunniga-flickan-foll-i-poolen-vid-lek\\\/\",\"url\":\"https:\\\/\\\/lightweb.dev\\\/l\\\/svm-temp\\\/nyheter\\\/offren-var-inte-simkunniga-flickan-foll-i-poolen-vid-lek\\\/\",\"name\":\"Offren var inte simkunniga \u2013 flickan f\u00f6ll i poolen vid lek - Svenska Magasinet\",\"isPartOf\":{\"@id\":\"https:\\\/\\\/lightweb.dev\\\/l\\\/svm-temp\\\/#website\"},\"primaryImageOfPage\":{\"@id\":\"https:\\\/\\\/lightweb.dev\\\/l\\\/svm-temp\\\/nyheter\\\/offren-var-inte-simkunniga-flickan-foll-i-poolen-vid-lek\\\/#primaryimage\"},\"image\":{\"@id\":\"https:\\\/\\\/lightweb.dev\\\/l\\\/svm-temp\\\/nyheter\\\/offren-var-inte-simkunniga-flickan-foll-i-poolen-vid-lek\\\/#primaryimage\"},\"thumbnailUrl\":\"https:\\\/\\\/lightweb.dev\\\/l\\\/svm-temp\\\/wp-content\\\/uploads\\\/2022\\\/06\\\/offren-var-inte-simkunniga-flickan-foll-i-poolen-vid-lek.png\",\"datePublished\":\"2019-12-26T23:00:00+00:00\",\"breadcrumb\":{\"@id\":\"https:\\\/\\\/lightweb.dev\\\/l\\\/svm-temp\\\/nyheter\\\/offren-var-inte-simkunniga-flickan-foll-i-poolen-vid-lek\\\/#breadcrumb\"},\"inLanguage\":\"sv-SE\",\"potentialAction\":[{\"@type\":\"ReadAction\",\"target\":[\"https:\\\/\\\/lightweb.dev\\\/l\\\/svm-temp\\\/nyheter\\\/offren-var-inte-simkunniga-flickan-foll-i-poolen-vid-lek\\\/\"]}]},{\"@type\":\"ImageObject\",\"inLanguage\":\"sv-SE\",\"@id\":\"https:\\\/\\\/lightweb.dev\\\/l\\\/svm-temp\\\/nyheter\\\/offren-var-inte-simkunniga-flickan-foll-i-poolen-vid-lek\\\/#primaryimage\",\"url\":\"https:\\\/\\\/lightweb.dev\\\/l\\\/svm-temp\\\/wp-content\\\/uploads\\\/2022\\\/06\\\/offren-var-inte-simkunniga-flickan-foll-i-poolen-vid-lek.png\",\"contentUrl\":\"https:\\\/\\\/lightweb.dev\\\/l\\\/svm-temp\\\/wp-content\\\/uploads\\\/2022\\\/06\\\/offren-var-inte-simkunniga-flickan-foll-i-poolen-vid-lek.png\",\"width\":700,\"height\":421},{\"@type\":\"BreadcrumbList\",\"@id\":\"https:\\\/\\\/lightweb.dev\\\/l\\\/svm-temp\\\/nyheter\\\/offren-var-inte-simkunniga-flickan-foll-i-poolen-vid-lek\\\/#breadcrumb\",\"itemListElement\":[{\"@type\":\"ListItem\",\"position\":1,\"name\":\"Hem\",\"item\":\"https:\\\/\\\/lightweb.dev\\\/l\\\/svm-temp\\\/\"},{\"@type\":\"ListItem\",\"position\":2,\"name\":\"Offren var inte simkunniga \u2013 flickan f\u00f6ll i poolen vid lek\"}]},{\"@type\":\"WebSite\",\"@id\":\"https:\\\/\\\/lightweb.dev\\\/l\\\/svm-temp\\\/#website\",\"url\":\"https:\\\/\\\/lightweb.dev\\\/l\\\/svm-temp\\\/\",\"name\":\"Svenska Magasinet\",\"description\":\"Dina Spanska nyheter p&aring; Svenska\",\"publisher\":{\"@id\":\"https:\\\/\\\/lightweb.dev\\\/l\\\/svm-temp\\\/#organization\"},\"potentialAction\":[{\"@type\":\"SearchAction\",\"target\":{\"@type\":\"EntryPoint\",\"urlTemplate\":\"https:\\\/\\\/lightweb.dev\\\/l\\\/svm-temp\\\/?s={search_term_string}\"},\"query-input\":{\"@type\":\"PropertyValueSpecification\",\"valueRequired\":true,\"valueName\":\"search_term_string\"}}],\"inLanguage\":\"sv-SE\"},{\"@type\":\"Organization\",\"@id\":\"https:\\\/\\\/lightweb.dev\\\/l\\\/svm-temp\\\/#organization\",\"name\":\"Melkerson y Nott SL\",\"alternateName\":\"Svenska Magasinet\",\"url\":\"https:\\\/\\\/lightweb.dev\\\/l\\\/svm-temp\\\/\",\"logo\":{\"@type\":\"ImageObject\",\"inLanguage\":\"sv-SE\",\"@id\":\"https:\\\/\\\/lightweb.dev\\\/l\\\/svm-temp\\\/#\\\/schema\\\/logo\\\/image\\\/\",\"url\":\"https:\\\/\\\/lightweb.dev\\\/l\\\/svm-temp\\\/wp-content\\\/uploads\\\/2025\\\/02\\\/SvM-logo-Xtra-Centrerad-SVART.png\",\"contentUrl\":\"https:\\\/\\\/lightweb.dev\\\/l\\\/svm-temp\\\/wp-content\\\/uploads\\\/2025\\\/02\\\/SvM-logo-Xtra-Centrerad-SVART.png\",\"width\":300,\"height\":99,\"caption\":\"Melkerson y Nott SL\"},\"image\":{\"@id\":\"https:\\\/\\\/lightweb.dev\\\/l\\\/svm-temp\\\/#\\\/schema\\\/logo\\\/image\\\/\"},\"sameAs\":[\"https:\\\/\\\/www.facebook.com\\\/svenskamagasinet\",\"https:\\\/\\\/x.com\\\/SvenskaMagasine\"]},{\"@type\":\"Person\",\"@id\":\"https:\\\/\\\/lightweb.dev\\\/l\\\/svm-temp\\\/#\\\/schema\\\/person\\\/206a3bda5b607b0c25e1749191e4d837\",\"name\":\"Redaktionen SvM\",\"description\":\"Redaktionen\",\"sameAs\":[\"https:\\\/\\\/lightweb.dev\\\/l\\\/svm-temp\"],\"url\":\"https:\\\/\\\/lightweb.dev\\\/l\\\/svm-temp\\\/reporter\\\/redaktionen\\\/\"}]}<\/script>\n<!-- \/ Yoast SEO Premium plugin. -->","yoast_head_json":{"title":"Offren var inte simkunniga \u2013 flickan f\u00f6ll i poolen vid lek - Svenska Magasinet","robots":{"index":"noindex","follow":"follow","max-snippet":"max-snippet:-1","max-image-preview":"max-image-preview:large","max-video-preview":"max-video-preview:-1"},"og_locale":"sv_SE","og_type":"article","og_title":"Offren var inte simkunniga \u2013 flickan f\u00f6ll i poolen vid lek","og_description":"Utredningen efter tisdagens drunkningsolycka vid anl\u00e4ggningen Club la Costa d\u00e4r en vuxen samt tv\u00e5 minder\u00e5riga miste livet har tagit en ny v\u00e4ndning. Vittnesm\u00e5l fr\u00e5n \u00f6vriga familjemedlemmar visar att ingen av de tre var simkunniga. Det bekr\u00e4ftas ocks\u00e5 av Guardia Civil som s\u00e4ger att det r\u00f6r sig om en &#8221;tragisk olycka&#8221; d\u00e4r samtliga inblandade saknade kunskaper [&hellip;]","og_url":"https:\/\/lightweb.dev\/l\/svm-temp\/nyheter\/offren-var-inte-simkunniga-flickan-foll-i-poolen-vid-lek\/","og_site_name":"Svenska Magasinet","article_publisher":"https:\/\/www.facebook.com\/svenskamagasinet","article_published_time":"2019-12-26T23:00:00+00:00","og_image":[{"width":700,"height":421,"url":"https:\/\/lightweb.dev\/l\/svm-temp\/wp-content\/uploads\/2022\/06\/offren-var-inte-simkunniga-flickan-foll-i-poolen-vid-lek.png","type":"image\/png"}],"author":"Redaktionen SvM","twitter_card":"summary_large_image","twitter_creator":"@SvenskaMagasine","twitter_site":"@SvenskaMagasine","schema":{"@context":"https:\/\/schema.org","@graph":[{"@type":"Article","@id":"https:\/\/lightweb.dev\/l\/svm-temp\/nyheter\/offren-var-inte-simkunniga-flickan-foll-i-poolen-vid-lek\/#article","isPartOf":{"@id":"https:\/\/lightweb.dev\/l\/svm-temp\/nyheter\/offren-var-inte-simkunniga-flickan-foll-i-poolen-vid-lek\/"},"author":{"name":"Redaktionen SvM","@id":"https:\/\/lightweb.dev\/l\/svm-temp\/#\/schema\/person\/206a3bda5b607b0c25e1749191e4d837"},"headline":"Offren var inte simkunniga \u2013 flickan f\u00f6ll i poolen vid lek","datePublished":"2019-12-26T23:00:00+00:00","mainEntityOfPage":{"@id":"https:\/\/lightweb.dev\/l\/svm-temp\/nyheter\/offren-var-inte-simkunniga-flickan-foll-i-poolen-vid-lek\/"},"wordCount":444,"commentCount":0,"publisher":{"@id":"https:\/\/lightweb.dev\/l\/svm-temp\/#organization"},"image":{"@id":"https:\/\/lightweb.dev\/l\/svm-temp\/nyheter\/offren-var-inte-simkunniga-flickan-foll-i-poolen-vid-lek\/#primaryimage"},"thumbnailUrl":"https:\/\/lightweb.dev\/l\/svm-temp\/wp-content\/uploads\/2022\/06\/offren-var-inte-simkunniga-flickan-foll-i-poolen-vid-lek.png","articleSection":["Arkiv","Nyheter"],"inLanguage":"sv-SE"},{"@type":"WebPage","@id":"https:\/\/lightweb.dev\/l\/svm-temp\/nyheter\/offren-var-inte-simkunniga-flickan-foll-i-poolen-vid-lek\/","url":"https:\/\/lightweb.dev\/l\/svm-temp\/nyheter\/offren-var-inte-simkunniga-flickan-foll-i-poolen-vid-lek\/","name":"Offren var inte simkunniga \u2013 flickan f\u00f6ll i poolen vid lek - Svenska Magasinet","isPartOf":{"@id":"https:\/\/lightweb.dev\/l\/svm-temp\/#website"},"primaryImageOfPage":{"@id":"https:\/\/lightweb.dev\/l\/svm-temp\/nyheter\/offren-var-inte-simkunniga-flickan-foll-i-poolen-vid-lek\/#primaryimage"},"image":{"@id":"https:\/\/lightweb.dev\/l\/svm-temp\/nyheter\/offren-var-inte-simkunniga-flickan-foll-i-poolen-vid-lek\/#primaryimage"},"thumbnailUrl":"https:\/\/lightweb.dev\/l\/svm-temp\/wp-content\/uploads\/2022\/06\/offren-var-inte-simkunniga-flickan-foll-i-poolen-vid-lek.png","datePublished":"2019-12-26T23:00:00+00:00","breadcrumb":{"@id":"https:\/\/lightweb.dev\/l\/svm-temp\/nyheter\/offren-var-inte-simkunniga-flickan-foll-i-poolen-vid-lek\/#breadcrumb"},"inLanguage":"sv-SE","potentialAction":[{"@type":"ReadAction","target":["https:\/\/lightweb.dev\/l\/svm-temp\/nyheter\/offren-var-inte-simkunniga-flickan-foll-i-poolen-vid-lek\/"]}]},{"@type":"ImageObject","inLanguage":"sv-SE","@id":"https:\/\/lightweb.dev\/l\/svm-temp\/nyheter\/offren-var-inte-simkunniga-flickan-foll-i-poolen-vid-lek\/#primaryimage","url":"https:\/\/lightweb.dev\/l\/svm-temp\/wp-content\/uploads\/2022\/06\/offren-var-inte-simkunniga-flickan-foll-i-poolen-vid-lek.png","contentUrl":"https:\/\/lightweb.dev\/l\/svm-temp\/wp-content\/uploads\/2022\/06\/offren-var-inte-simkunniga-flickan-foll-i-poolen-vid-lek.png","width":700,"height":421},{"@type":"BreadcrumbList","@id":"https:\/\/lightweb.dev\/l\/svm-temp\/nyheter\/offren-var-inte-simkunniga-flickan-foll-i-poolen-vid-lek\/#breadcrumb","itemListElement":[{"@type":"ListItem","position":1,"name":"Hem","item":"https:\/\/lightweb.dev\/l\/svm-temp\/"},{"@type":"ListItem","position":2,"name":"Offren var inte simkunniga \u2013 flickan f\u00f6ll i poolen vid lek"}]},{"@type":"WebSite","@id":"https:\/\/lightweb.dev\/l\/svm-temp\/#website","url":"https:\/\/lightweb.dev\/l\/svm-temp\/","name":"Svenska Magasinet","description":"Dina Spanska nyheter p&aring; Svenska","publisher":{"@id":"https:\/\/lightweb.dev\/l\/svm-temp\/#organization"},"potentialAction":[{"@type":"SearchAction","target":{"@type":"EntryPoint","urlTemplate":"https:\/\/lightweb.dev\/l\/svm-temp\/?s={search_term_string}"},"query-input":{"@type":"PropertyValueSpecification","valueRequired":true,"valueName":"search_term_string"}}],"inLanguage":"sv-SE"},{"@type":"Organization","@id":"https:\/\/lightweb.dev\/l\/svm-temp\/#organization","name":"Melkerson y Nott SL","alternateName":"Svenska Magasinet","url":"https:\/\/lightweb.dev\/l\/svm-temp\/","logo":{"@type":"ImageObject","inLanguage":"sv-SE","@id":"https:\/\/lightweb.dev\/l\/svm-temp\/#\/schema\/logo\/image\/","url":"https:\/\/lightweb.dev\/l\/svm-temp\/wp-content\/uploads\/2025\/02\/SvM-logo-Xtra-Centrerad-SVART.png","contentUrl":"https:\/\/lightweb.dev\/l\/svm-temp\/wp-content\/uploads\/2025\/02\/SvM-logo-Xtra-Centrerad-SVART.png","width":300,"height":99,"caption":"Melkerson y Nott SL"},"image":{"@id":"https:\/\/lightweb.dev\/l\/svm-temp\/#\/schema\/logo\/image\/"},"sameAs":["https:\/\/www.facebook.com\/svenskamagasinet","https:\/\/x.com\/SvenskaMagasine"]},{"@type":"Person","@id":"https:\/\/lightweb.dev\/l\/svm-temp\/#\/schema\/person\/206a3bda5b607b0c25e1749191e4d837","name":"Redaktionen SvM","description":"Redaktionen","sameAs":["https:\/\/lightweb.dev\/l\/svm-temp"],"url":"https:\/\/lightweb.dev\/l\/svm-temp\/reporter\/redaktionen\/"}]}},"_links":{"self":[{"href":"https:\/\/lightweb.dev\/l\/svm-temp\/wp-json\/wp\/v2\/posts\/15045","targetHints":{"allow":["GET"]}}],"collection":[{"href":"https:\/\/lightweb.dev\/l\/svm-temp\/wp-json\/wp\/v2\/posts"}],"about":[{"href":"https:\/\/lightweb.dev\/l\/svm-temp\/wp-json\/wp\/v2\/types\/post"}],"author":[{"embeddable":true,"href":"https:\/\/lightweb.dev\/l\/svm-temp\/wp-json\/wp\/v2\/users\/8"}],"replies":[{"embeddable":true,"href":"https:\/\/lightweb.dev\/l\/svm-temp\/wp-json\/wp\/v2\/comments?post=15045"}],"version-history":[{"count":0,"href":"https:\/\/lightweb.dev\/l\/svm-temp\/wp-json\/wp\/v2\/posts\/15045\/revisions"}],"wp:featuredmedia":[{"embeddable":true,"href":"https:\/\/lightweb.dev\/l\/svm-temp\/wp-json\/wp\/v2\/media\/15046"}],"wp:attachment":[{"href":"https:\/\/lightweb.dev\/l\/svm-temp\/wp-json\/wp\/v2\/media?parent=15045"}],"wp:term":[{"taxonomy":"category","embeddable":true,"href":"https:\/\/lightweb.dev\/l\/svm-temp\/wp-json\/wp\/v2\/categories?post=15045"},{"taxonomy":"post_tag","embeddable":true,"href":"https:\/\/lightweb.dev\/l\/svm-temp\/wp-json\/wp\/v2\/tags?post=15045"}],"curies":[{"name":"wp","href":"https:\/\/api.w.org\/{rel}","templated":true}]}}