{"id":15053,"date":"2019-12-26T00:00:00","date_gmt":"2019-12-25T23:00:00","guid":{"rendered":"https:\/\/lightweb.dev\/l\/svm-temp\/nyheter\/oklart-vad-som-orsakade-att-tre-familjemedlemmar-drunknade\/"},"modified":"2019-12-26T00:00:00","modified_gmt":"2019-12-25T23:00:00","slug":"oklart-vad-som-orsakade-att-tre-familjemedlemmar-drunknade","status":"publish","type":"post","link":"https:\/\/lightweb.dev\/l\/svm-temp\/nyheter\/oklart-vad-som-orsakade-att-tre-familjemedlemmar-drunknade\/","title":{"rendered":"Oklart vad som orsakade att tre familjemedlemmar drunknade"},"content":{"rendered":"<p> Omst\u00e4ndigheterna kring den familjetragedi som intr\u00e4ffade p\u00e5 julafton d\u00e5 en 52-\u00e5rig pappa och dennes tv\u00e5 barn, 16 och 9 \u00e5r gamla, drunknade i en pool p\u00e5 Club La Costa i Mijas Costa utreds i nul\u00e4get av Guardia Civil. Offren tillh\u00f6rde en familj p\u00e5 totalt fem personer fr\u00e5n Storbritannien som anl\u00e4nde till Solkusten den 21 december f\u00f6r en veckas semester, skriver Diario SUR.<\/p>\n<p>Det var klockan 13.30 p\u00e5 julafton som larmtj\u00e4nsten 112 fick besked om att tre personer l\u00e5g livl\u00f6sa i en pool p\u00e5 Club La Costa som \u00e4r en st\u00f6rre anl\u00e4ggning med andelsl\u00e4genheter och hotell p\u00e5 Mijas Costa strax s\u00f6der om Fuengirola.<\/p>\n<p>R\u00e4ddningstj\u00e4nst, ambulans, lokalpolis och Guardia Civil kunde snabbt konstatera att samtliga tre var d\u00f6da trots insatser med \u00e5terupplivningsf\u00f6rs\u00f6k. En 52-\u00e5rig man och tv\u00e5 barn, en nio\u00e5rig flicka och en 16-\u00e5rig pojke, \u00e4r offren.<\/p>\n<p>Kropparna f\u00f6rdes till r\u00e4ttsmedicinska IML (Instituto de Medicina Legal) i M\u00e1laga f\u00f6r obduktion. Tidningen citerar k\u00e4llor som visar att samtliga tre personer drunknade. Det finns inga tecken som visar att n\u00e5gon var berusad eller hade drabbats av f\u00f6rgiftning eller att n\u00e5got klorutsl\u00e4pp intr\u00e4ffat.<\/p>\n<p>H\u00e4ndelsen har chockat m\u00e5nga. Inte minst de \u00f6vriga tv\u00e5 familjemedlemmarna, mamman och en dotter, som har f\u00e5tt hj\u00e4lp av psykologer och anh\u00f6riga som kom till Spanien under g\u00e5rdagen. Mamman och dottern \u00e4r i chock och har \u00e4nnu inte kunnat h\u00f6ras.<\/p>\n<p>Vad som orsakat olyckan utreds i nul\u00e4get. Det finns uppgifter p\u00e5 att flickans badm\u00f6ssa ska ha fastnat i ett utsug. Guardia Civil arbetar utifr\u00e5n hypotesen att den nio\u00e5riga dottern p\u00e5 n\u00e5got vis kan ha fastnat varp\u00e5 den \u00e4ldre brodern och pappan ska ha f\u00f6rs\u00f6kt f\u00e5 loss flickan.<\/p>\n<p>Poolen som st\u00e4ngdes efter h\u00e4ndelsen har unders\u00f6kts. N\u00e5gra fel har inte uppt\u00e4cks och poolens system fungerar som det ska. Poolen har \u00e5terigen \u00f6ppnats.<\/p>\n","protected":false},"excerpt":{"rendered":"<p>Omst\u00e4ndigheterna kring den familjetragedi som intr\u00e4ffade p\u00e5 julafton d\u00e5 en 52-\u00e5rig pappa och dennes tv\u00e5 barn, 16 och 9 \u00e5r gamla, drunknade i en pool p\u00e5 Club La Costa i Mijas Costa utreds i nul\u00e4get av Guardia Civil. Offren tillh\u00f6rde en familj p\u00e5 totalt fem personer fr\u00e5n Storbritannien som anl\u00e4nde till Solkusten den 21 december [&hellip;]<\/p>\n","protected":false},"author":8,"featured_media":15054,"comment_status":"open","ping_status":"open","sticky":false,"template":"","format":"standard","meta":{"_et_pb_use_builder":"","_et_pb_old_content":"","_et_gb_content_width":"","footnotes":""},"categories":[395,3],"tags":[],"class_list":["post-15053","post","type-post","status-publish","format-standard","has-post-thumbnail","hentry","category-arkiv-nyheter","category-nyheter"],"yoast_head":"<!-- This site is optimized with the Yoast SEO Premium plugin v26.2 (Yoast SEO v27.4) - https:\/\/yoast.com\/product\/yoast-seo-premium-wordpress\/ -->\n<title>Oklart vad som orsakade att tre familjemedlemmar drunknade - Svenska Magasinet<\/title>\n<meta name=\"robots\" content=\"noindex, follow, max-snippet:-1, max-image-preview:large, max-video-preview:-1\" \/>\n<meta property=\"og:locale\" content=\"sv_SE\" \/>\n<meta property=\"og:type\" content=\"article\" \/>\n<meta property=\"og:title\" content=\"Oklart vad som orsakade att tre familjemedlemmar drunknade\" \/>\n<meta property=\"og:description\" content=\"Omst\u00e4ndigheterna kring den familjetragedi som intr\u00e4ffade p\u00e5 julafton d\u00e5 en 52-\u00e5rig pappa och dennes tv\u00e5 barn, 16 och 9 \u00e5r gamla, drunknade i en pool p\u00e5 Club La Costa i Mijas Costa utreds i nul\u00e4get av Guardia Civil. Offren tillh\u00f6rde en familj p\u00e5 totalt fem personer fr\u00e5n Storbritannien som anl\u00e4nde till Solkusten den 21 december [&hellip;]\" \/>\n<meta property=\"og:url\" content=\"https:\/\/lightweb.dev\/l\/svm-temp\/nyheter\/oklart-vad-som-orsakade-att-tre-familjemedlemmar-drunknade\/\" \/>\n<meta property=\"og:site_name\" content=\"Svenska Magasinet\" \/>\n<meta property=\"article:publisher\" content=\"https:\/\/www.facebook.com\/svenskamagasinet\" \/>\n<meta property=\"article:published_time\" content=\"2019-12-25T23:00:00+00:00\" \/>\n<meta property=\"og:image\" content=\"https:\/\/lightweb.dev\/l\/svm-temp\/wp-content\/uploads\/2022\/06\/oklart-vad-som-orsakade-att-tre-familjemedlemmar-drunknade.png\" \/>\n\t<meta property=\"og:image:width\" content=\"700\" \/>\n\t<meta property=\"og:image:height\" content=\"420\" \/>\n\t<meta property=\"og:image:type\" content=\"image\/png\" \/>\n<meta name=\"author\" content=\"Redaktionen SvM\" \/>\n<meta name=\"twitter:card\" content=\"summary_large_image\" \/>\n<meta name=\"twitter:creator\" content=\"@SvenskaMagasine\" \/>\n<meta name=\"twitter:site\" content=\"@SvenskaMagasine\" \/>\n<script type=\"application\/ld+json\" class=\"yoast-schema-graph\">{\"@context\":\"https:\\\/\\\/schema.org\",\"@graph\":[{\"@type\":\"Article\",\"@id\":\"https:\\\/\\\/lightweb.dev\\\/l\\\/svm-temp\\\/nyheter\\\/oklart-vad-som-orsakade-att-tre-familjemedlemmar-drunknade\\\/#article\",\"isPartOf\":{\"@id\":\"https:\\\/\\\/lightweb.dev\\\/l\\\/svm-temp\\\/nyheter\\\/oklart-vad-som-orsakade-att-tre-familjemedlemmar-drunknade\\\/\"},\"author\":{\"name\":\"Redaktionen SvM\",\"@id\":\"https:\\\/\\\/lightweb.dev\\\/l\\\/svm-temp\\\/#\\\/schema\\\/person\\\/206a3bda5b607b0c25e1749191e4d837\"},\"headline\":\"Oklart vad som orsakade att tre familjemedlemmar drunknade\",\"datePublished\":\"2019-12-25T23:00:00+00:00\",\"mainEntityOfPage\":{\"@id\":\"https:\\\/\\\/lightweb.dev\\\/l\\\/svm-temp\\\/nyheter\\\/oklart-vad-som-orsakade-att-tre-familjemedlemmar-drunknade\\\/\"},\"wordCount\":343,\"commentCount\":0,\"publisher\":{\"@id\":\"https:\\\/\\\/lightweb.dev\\\/l\\\/svm-temp\\\/#organization\"},\"image\":{\"@id\":\"https:\\\/\\\/lightweb.dev\\\/l\\\/svm-temp\\\/nyheter\\\/oklart-vad-som-orsakade-att-tre-familjemedlemmar-drunknade\\\/#primaryimage\"},\"thumbnailUrl\":\"https:\\\/\\\/lightweb.dev\\\/l\\\/svm-temp\\\/wp-content\\\/uploads\\\/2022\\\/06\\\/oklart-vad-som-orsakade-att-tre-familjemedlemmar-drunknade.png\",\"articleSection\":[\"Arkiv\",\"Nyheter\"],\"inLanguage\":\"sv-SE\"},{\"@type\":\"WebPage\",\"@id\":\"https:\\\/\\\/lightweb.dev\\\/l\\\/svm-temp\\\/nyheter\\\/oklart-vad-som-orsakade-att-tre-familjemedlemmar-drunknade\\\/\",\"url\":\"https:\\\/\\\/lightweb.dev\\\/l\\\/svm-temp\\\/nyheter\\\/oklart-vad-som-orsakade-att-tre-familjemedlemmar-drunknade\\\/\",\"name\":\"Oklart vad som orsakade att tre familjemedlemmar drunknade - Svenska Magasinet\",\"isPartOf\":{\"@id\":\"https:\\\/\\\/lightweb.dev\\\/l\\\/svm-temp\\\/#website\"},\"primaryImageOfPage\":{\"@id\":\"https:\\\/\\\/lightweb.dev\\\/l\\\/svm-temp\\\/nyheter\\\/oklart-vad-som-orsakade-att-tre-familjemedlemmar-drunknade\\\/#primaryimage\"},\"image\":{\"@id\":\"https:\\\/\\\/lightweb.dev\\\/l\\\/svm-temp\\\/nyheter\\\/oklart-vad-som-orsakade-att-tre-familjemedlemmar-drunknade\\\/#primaryimage\"},\"thumbnailUrl\":\"https:\\\/\\\/lightweb.dev\\\/l\\\/svm-temp\\\/wp-content\\\/uploads\\\/2022\\\/06\\\/oklart-vad-som-orsakade-att-tre-familjemedlemmar-drunknade.png\",\"datePublished\":\"2019-12-25T23:00:00+00:00\",\"breadcrumb\":{\"@id\":\"https:\\\/\\\/lightweb.dev\\\/l\\\/svm-temp\\\/nyheter\\\/oklart-vad-som-orsakade-att-tre-familjemedlemmar-drunknade\\\/#breadcrumb\"},\"inLanguage\":\"sv-SE\",\"potentialAction\":[{\"@type\":\"ReadAction\",\"target\":[\"https:\\\/\\\/lightweb.dev\\\/l\\\/svm-temp\\\/nyheter\\\/oklart-vad-som-orsakade-att-tre-familjemedlemmar-drunknade\\\/\"]}]},{\"@type\":\"ImageObject\",\"inLanguage\":\"sv-SE\",\"@id\":\"https:\\\/\\\/lightweb.dev\\\/l\\\/svm-temp\\\/nyheter\\\/oklart-vad-som-orsakade-att-tre-familjemedlemmar-drunknade\\\/#primaryimage\",\"url\":\"https:\\\/\\\/lightweb.dev\\\/l\\\/svm-temp\\\/wp-content\\\/uploads\\\/2022\\\/06\\\/oklart-vad-som-orsakade-att-tre-familjemedlemmar-drunknade.png\",\"contentUrl\":\"https:\\\/\\\/lightweb.dev\\\/l\\\/svm-temp\\\/wp-content\\\/uploads\\\/2022\\\/06\\\/oklart-vad-som-orsakade-att-tre-familjemedlemmar-drunknade.png\",\"width\":700,\"height\":420},{\"@type\":\"BreadcrumbList\",\"@id\":\"https:\\\/\\\/lightweb.dev\\\/l\\\/svm-temp\\\/nyheter\\\/oklart-vad-som-orsakade-att-tre-familjemedlemmar-drunknade\\\/#breadcrumb\",\"itemListElement\":[{\"@type\":\"ListItem\",\"position\":1,\"name\":\"Hem\",\"item\":\"https:\\\/\\\/lightweb.dev\\\/l\\\/svm-temp\\\/\"},{\"@type\":\"ListItem\",\"position\":2,\"name\":\"Oklart vad som orsakade att tre familjemedlemmar drunknade\"}]},{\"@type\":\"WebSite\",\"@id\":\"https:\\\/\\\/lightweb.dev\\\/l\\\/svm-temp\\\/#website\",\"url\":\"https:\\\/\\\/lightweb.dev\\\/l\\\/svm-temp\\\/\",\"name\":\"Svenska Magasinet\",\"description\":\"Dina Spanska nyheter p&aring; Svenska\",\"publisher\":{\"@id\":\"https:\\\/\\\/lightweb.dev\\\/l\\\/svm-temp\\\/#organization\"},\"potentialAction\":[{\"@type\":\"SearchAction\",\"target\":{\"@type\":\"EntryPoint\",\"urlTemplate\":\"https:\\\/\\\/lightweb.dev\\\/l\\\/svm-temp\\\/?s={search_term_string}\"},\"query-input\":{\"@type\":\"PropertyValueSpecification\",\"valueRequired\":true,\"valueName\":\"search_term_string\"}}],\"inLanguage\":\"sv-SE\"},{\"@type\":\"Organization\",\"@id\":\"https:\\\/\\\/lightweb.dev\\\/l\\\/svm-temp\\\/#organization\",\"name\":\"Melkerson y Nott SL\",\"alternateName\":\"Svenska Magasinet\",\"url\":\"https:\\\/\\\/lightweb.dev\\\/l\\\/svm-temp\\\/\",\"logo\":{\"@type\":\"ImageObject\",\"inLanguage\":\"sv-SE\",\"@id\":\"https:\\\/\\\/lightweb.dev\\\/l\\\/svm-temp\\\/#\\\/schema\\\/logo\\\/image\\\/\",\"url\":\"https:\\\/\\\/lightweb.dev\\\/l\\\/svm-temp\\\/wp-content\\\/uploads\\\/2025\\\/02\\\/SvM-logo-Xtra-Centrerad-SVART.png\",\"contentUrl\":\"https:\\\/\\\/lightweb.dev\\\/l\\\/svm-temp\\\/wp-content\\\/uploads\\\/2025\\\/02\\\/SvM-logo-Xtra-Centrerad-SVART.png\",\"width\":300,\"height\":99,\"caption\":\"Melkerson y Nott SL\"},\"image\":{\"@id\":\"https:\\\/\\\/lightweb.dev\\\/l\\\/svm-temp\\\/#\\\/schema\\\/logo\\\/image\\\/\"},\"sameAs\":[\"https:\\\/\\\/www.facebook.com\\\/svenskamagasinet\",\"https:\\\/\\\/x.com\\\/SvenskaMagasine\"]},{\"@type\":\"Person\",\"@id\":\"https:\\\/\\\/lightweb.dev\\\/l\\\/svm-temp\\\/#\\\/schema\\\/person\\\/206a3bda5b607b0c25e1749191e4d837\",\"name\":\"Redaktionen SvM\",\"description\":\"Redaktionen\",\"sameAs\":[\"https:\\\/\\\/lightweb.dev\\\/l\\\/svm-temp\"],\"url\":\"https:\\\/\\\/lightweb.dev\\\/l\\\/svm-temp\\\/reporter\\\/redaktionen\\\/\"}]}<\/script>\n<!-- \/ Yoast SEO Premium plugin. -->","yoast_head_json":{"title":"Oklart vad som orsakade att tre familjemedlemmar drunknade - Svenska Magasinet","robots":{"index":"noindex","follow":"follow","max-snippet":"max-snippet:-1","max-image-preview":"max-image-preview:large","max-video-preview":"max-video-preview:-1"},"og_locale":"sv_SE","og_type":"article","og_title":"Oklart vad som orsakade att tre familjemedlemmar drunknade","og_description":"Omst\u00e4ndigheterna kring den familjetragedi som intr\u00e4ffade p\u00e5 julafton d\u00e5 en 52-\u00e5rig pappa och dennes tv\u00e5 barn, 16 och 9 \u00e5r gamla, drunknade i en pool p\u00e5 Club La Costa i Mijas Costa utreds i nul\u00e4get av Guardia Civil. Offren tillh\u00f6rde en familj p\u00e5 totalt fem personer fr\u00e5n Storbritannien som anl\u00e4nde till Solkusten den 21 december [&hellip;]","og_url":"https:\/\/lightweb.dev\/l\/svm-temp\/nyheter\/oklart-vad-som-orsakade-att-tre-familjemedlemmar-drunknade\/","og_site_name":"Svenska Magasinet","article_publisher":"https:\/\/www.facebook.com\/svenskamagasinet","article_published_time":"2019-12-25T23:00:00+00:00","og_image":[{"width":700,"height":420,"url":"https:\/\/lightweb.dev\/l\/svm-temp\/wp-content\/uploads\/2022\/06\/oklart-vad-som-orsakade-att-tre-familjemedlemmar-drunknade.png","type":"image\/png"}],"author":"Redaktionen SvM","twitter_card":"summary_large_image","twitter_creator":"@SvenskaMagasine","twitter_site":"@SvenskaMagasine","schema":{"@context":"https:\/\/schema.org","@graph":[{"@type":"Article","@id":"https:\/\/lightweb.dev\/l\/svm-temp\/nyheter\/oklart-vad-som-orsakade-att-tre-familjemedlemmar-drunknade\/#article","isPartOf":{"@id":"https:\/\/lightweb.dev\/l\/svm-temp\/nyheter\/oklart-vad-som-orsakade-att-tre-familjemedlemmar-drunknade\/"},"author":{"name":"Redaktionen SvM","@id":"https:\/\/lightweb.dev\/l\/svm-temp\/#\/schema\/person\/206a3bda5b607b0c25e1749191e4d837"},"headline":"Oklart vad som orsakade att tre familjemedlemmar drunknade","datePublished":"2019-12-25T23:00:00+00:00","mainEntityOfPage":{"@id":"https:\/\/lightweb.dev\/l\/svm-temp\/nyheter\/oklart-vad-som-orsakade-att-tre-familjemedlemmar-drunknade\/"},"wordCount":343,"commentCount":0,"publisher":{"@id":"https:\/\/lightweb.dev\/l\/svm-temp\/#organization"},"image":{"@id":"https:\/\/lightweb.dev\/l\/svm-temp\/nyheter\/oklart-vad-som-orsakade-att-tre-familjemedlemmar-drunknade\/#primaryimage"},"thumbnailUrl":"https:\/\/lightweb.dev\/l\/svm-temp\/wp-content\/uploads\/2022\/06\/oklart-vad-som-orsakade-att-tre-familjemedlemmar-drunknade.png","articleSection":["Arkiv","Nyheter"],"inLanguage":"sv-SE"},{"@type":"WebPage","@id":"https:\/\/lightweb.dev\/l\/svm-temp\/nyheter\/oklart-vad-som-orsakade-att-tre-familjemedlemmar-drunknade\/","url":"https:\/\/lightweb.dev\/l\/svm-temp\/nyheter\/oklart-vad-som-orsakade-att-tre-familjemedlemmar-drunknade\/","name":"Oklart vad som orsakade att tre familjemedlemmar drunknade - Svenska Magasinet","isPartOf":{"@id":"https:\/\/lightweb.dev\/l\/svm-temp\/#website"},"primaryImageOfPage":{"@id":"https:\/\/lightweb.dev\/l\/svm-temp\/nyheter\/oklart-vad-som-orsakade-att-tre-familjemedlemmar-drunknade\/#primaryimage"},"image":{"@id":"https:\/\/lightweb.dev\/l\/svm-temp\/nyheter\/oklart-vad-som-orsakade-att-tre-familjemedlemmar-drunknade\/#primaryimage"},"thumbnailUrl":"https:\/\/lightweb.dev\/l\/svm-temp\/wp-content\/uploads\/2022\/06\/oklart-vad-som-orsakade-att-tre-familjemedlemmar-drunknade.png","datePublished":"2019-12-25T23:00:00+00:00","breadcrumb":{"@id":"https:\/\/lightweb.dev\/l\/svm-temp\/nyheter\/oklart-vad-som-orsakade-att-tre-familjemedlemmar-drunknade\/#breadcrumb"},"inLanguage":"sv-SE","potentialAction":[{"@type":"ReadAction","target":["https:\/\/lightweb.dev\/l\/svm-temp\/nyheter\/oklart-vad-som-orsakade-att-tre-familjemedlemmar-drunknade\/"]}]},{"@type":"ImageObject","inLanguage":"sv-SE","@id":"https:\/\/lightweb.dev\/l\/svm-temp\/nyheter\/oklart-vad-som-orsakade-att-tre-familjemedlemmar-drunknade\/#primaryimage","url":"https:\/\/lightweb.dev\/l\/svm-temp\/wp-content\/uploads\/2022\/06\/oklart-vad-som-orsakade-att-tre-familjemedlemmar-drunknade.png","contentUrl":"https:\/\/lightweb.dev\/l\/svm-temp\/wp-content\/uploads\/2022\/06\/oklart-vad-som-orsakade-att-tre-familjemedlemmar-drunknade.png","width":700,"height":420},{"@type":"BreadcrumbList","@id":"https:\/\/lightweb.dev\/l\/svm-temp\/nyheter\/oklart-vad-som-orsakade-att-tre-familjemedlemmar-drunknade\/#breadcrumb","itemListElement":[{"@type":"ListItem","position":1,"name":"Hem","item":"https:\/\/lightweb.dev\/l\/svm-temp\/"},{"@type":"ListItem","position":2,"name":"Oklart vad som orsakade att tre familjemedlemmar drunknade"}]},{"@type":"WebSite","@id":"https:\/\/lightweb.dev\/l\/svm-temp\/#website","url":"https:\/\/lightweb.dev\/l\/svm-temp\/","name":"Svenska Magasinet","description":"Dina Spanska nyheter p&aring; Svenska","publisher":{"@id":"https:\/\/lightweb.dev\/l\/svm-temp\/#organization"},"potentialAction":[{"@type":"SearchAction","target":{"@type":"EntryPoint","urlTemplate":"https:\/\/lightweb.dev\/l\/svm-temp\/?s={search_term_string}"},"query-input":{"@type":"PropertyValueSpecification","valueRequired":true,"valueName":"search_term_string"}}],"inLanguage":"sv-SE"},{"@type":"Organization","@id":"https:\/\/lightweb.dev\/l\/svm-temp\/#organization","name":"Melkerson y Nott SL","alternateName":"Svenska Magasinet","url":"https:\/\/lightweb.dev\/l\/svm-temp\/","logo":{"@type":"ImageObject","inLanguage":"sv-SE","@id":"https:\/\/lightweb.dev\/l\/svm-temp\/#\/schema\/logo\/image\/","url":"https:\/\/lightweb.dev\/l\/svm-temp\/wp-content\/uploads\/2025\/02\/SvM-logo-Xtra-Centrerad-SVART.png","contentUrl":"https:\/\/lightweb.dev\/l\/svm-temp\/wp-content\/uploads\/2025\/02\/SvM-logo-Xtra-Centrerad-SVART.png","width":300,"height":99,"caption":"Melkerson y Nott SL"},"image":{"@id":"https:\/\/lightweb.dev\/l\/svm-temp\/#\/schema\/logo\/image\/"},"sameAs":["https:\/\/www.facebook.com\/svenskamagasinet","https:\/\/x.com\/SvenskaMagasine"]},{"@type":"Person","@id":"https:\/\/lightweb.dev\/l\/svm-temp\/#\/schema\/person\/206a3bda5b607b0c25e1749191e4d837","name":"Redaktionen SvM","description":"Redaktionen","sameAs":["https:\/\/lightweb.dev\/l\/svm-temp"],"url":"https:\/\/lightweb.dev\/l\/svm-temp\/reporter\/redaktionen\/"}]}},"_links":{"self":[{"href":"https:\/\/lightweb.dev\/l\/svm-temp\/wp-json\/wp\/v2\/posts\/15053","targetHints":{"allow":["GET"]}}],"collection":[{"href":"https:\/\/lightweb.dev\/l\/svm-temp\/wp-json\/wp\/v2\/posts"}],"about":[{"href":"https:\/\/lightweb.dev\/l\/svm-temp\/wp-json\/wp\/v2\/types\/post"}],"author":[{"embeddable":true,"href":"https:\/\/lightweb.dev\/l\/svm-temp\/wp-json\/wp\/v2\/users\/8"}],"replies":[{"embeddable":true,"href":"https:\/\/lightweb.dev\/l\/svm-temp\/wp-json\/wp\/v2\/comments?post=15053"}],"version-history":[{"count":0,"href":"https:\/\/lightweb.dev\/l\/svm-temp\/wp-json\/wp\/v2\/posts\/15053\/revisions"}],"wp:featuredmedia":[{"embeddable":true,"href":"https:\/\/lightweb.dev\/l\/svm-temp\/wp-json\/wp\/v2\/media\/15054"}],"wp:attachment":[{"href":"https:\/\/lightweb.dev\/l\/svm-temp\/wp-json\/wp\/v2\/media?parent=15053"}],"wp:term":[{"taxonomy":"category","embeddable":true,"href":"https:\/\/lightweb.dev\/l\/svm-temp\/wp-json\/wp\/v2\/categories?post=15053"},{"taxonomy":"post_tag","embeddable":true,"href":"https:\/\/lightweb.dev\/l\/svm-temp\/wp-json\/wp\/v2\/tags?post=15053"}],"curies":[{"name":"wp","href":"https:\/\/api.w.org\/{rel}","templated":true}]}}