{"id":15059,"date":"2019-12-24T00:00:00","date_gmt":"2019-12-23T23:00:00","guid":{"rendered":"https:\/\/lightweb.dev\/l\/svm-temp\/nyheter\/europas-framsta-biltjuvar-fangade-stal-bilar-pa-29-sekunder\/"},"modified":"2019-12-24T00:00:00","modified_gmt":"2019-12-23T23:00:00","slug":"europas-framsta-biltjuvar-fangade-stal-bilar-pa-29-sekunder","status":"publish","type":"post","link":"https:\/\/lightweb.dev\/l\/svm-temp\/nyheter\/europas-framsta-biltjuvar-fangade-stal-bilar-pa-29-sekunder\/","title":{"rendered":"Europas fr\u00e4msta biltjuvar f\u00e5ngade \u2013 stal bilar p\u00e5 29 sekunder"},"content":{"rendered":"<p> Man kommer os\u00f6kt att t\u00e4nka p\u00e5 Nicolas Cage som spelade huvudrollen i filmen \u201dGone in 60 Seconds\u201d. Men verkligheten \u00f6vertr\u00e4ffar fiktion. Spansk nationalpolis och Guardia Civil har avsl\u00f6jat och gripit tv\u00e5 specialister p\u00e5 att stj\u00e4la SUV-bilar p\u00e5 29 sekunder.<\/p>\n<p>De p\u00e5stod sj\u00e4lva att de var Europas b\u00e4sta och effektivaste biltjuvar. 29 sekunder tog det f\u00f6r dem att ta sig in i en terr\u00e4ngbil och stj\u00e4la den. Bilarna s\u00e5ldes sedan till narkotikahandlare p\u00e5 den spanska sidan mitt emot Gibraltar eller till andra mellanh\u00e4nder som s\u00e5lde bilarna vidare till utlandet.<\/p>\n<p>Enligt pressmeddelandet fr\u00e5n spanska inrikesdepartementet har totalt nio personer identifierats och gripits d\u00e4ribland de tv\u00e5 biltjuvarna. De nio har inte ing\u00e5tt i n\u00e5gon gemensam grupp utan har k\u00f6pt varandras tj\u00e4nster. Samtliga nio som kommer fr\u00e5n Spanien, Italien, Bulgarien och Litauen \u00e4r i \u00e5ldern 21 till 55 \u00e5r har varit verksamma i provinsen M\u00e1laga.<\/p>\n<p>Polisen inledde en utredning i april efter att flera st\u00f6lder av SUV-bilar hade rapporterats i Madrid och M\u00e1laga. Sp\u00e5ren ledde till Costa del Sol och polisen kunde senare finna flera av de stulna bilarna g\u00f6mda i garage i Estepona, Caleta de V\u00e9lez och Algarrob (bilden).<\/p>\n<p>Bland de gripna finns allts\u00e5 tv\u00e5 personer som anses tillh\u00f6ra de fr\u00e4msta specialisterna inom bilst\u00f6lder i Europa med kunskap om att stj\u00e4la en bil p\u00e5 29 sekunder.<\/p>\n<p>(Foto: POLIC\u00cdA NACIONAL | GUARDIA CIVIL)<\/p>\n","protected":false},"excerpt":{"rendered":"<p>Man kommer os\u00f6kt att t\u00e4nka p\u00e5 Nicolas Cage som spelade huvudrollen i filmen \u201dGone in 60 Seconds\u201d. Men verkligheten \u00f6vertr\u00e4ffar fiktion. Spansk nationalpolis och Guardia Civil har avsl\u00f6jat och gripit tv\u00e5 specialister p\u00e5 att stj\u00e4la SUV-bilar p\u00e5 29 sekunder. De p\u00e5stod sj\u00e4lva att de var Europas b\u00e4sta och effektivaste biltjuvar. 29 sekunder tog det f\u00f6r [&hellip;]<\/p>\n","protected":false},"author":8,"featured_media":15060,"comment_status":"open","ping_status":"open","sticky":false,"template":"","format":"standard","meta":{"_et_pb_use_builder":"","_et_pb_old_content":"","_et_gb_content_width":"","footnotes":""},"categories":[395,3],"tags":[],"class_list":["post-15059","post","type-post","status-publish","format-standard","has-post-thumbnail","hentry","category-arkiv-nyheter","category-nyheter"],"yoast_head":"<!-- This site is optimized with the Yoast SEO Premium plugin v26.2 (Yoast SEO v27.4) - https:\/\/yoast.com\/product\/yoast-seo-premium-wordpress\/ -->\n<title>Europas fr\u00e4msta biltjuvar f\u00e5ngade \u2013 stal bilar p\u00e5 29 sekunder - Svenska Magasinet<\/title>\n<meta name=\"robots\" content=\"noindex, follow, max-snippet:-1, max-image-preview:large, max-video-preview:-1\" \/>\n<meta property=\"og:locale\" content=\"sv_SE\" \/>\n<meta property=\"og:type\" content=\"article\" \/>\n<meta property=\"og:title\" content=\"Europas fr\u00e4msta biltjuvar f\u00e5ngade \u2013 stal bilar p\u00e5 29 sekunder\" \/>\n<meta property=\"og:description\" content=\"Man kommer os\u00f6kt att t\u00e4nka p\u00e5 Nicolas Cage som spelade huvudrollen i filmen \u201dGone in 60 Seconds\u201d. Men verkligheten \u00f6vertr\u00e4ffar fiktion. Spansk nationalpolis och Guardia Civil har avsl\u00f6jat och gripit tv\u00e5 specialister p\u00e5 att stj\u00e4la SUV-bilar p\u00e5 29 sekunder. De p\u00e5stod sj\u00e4lva att de var Europas b\u00e4sta och effektivaste biltjuvar. 29 sekunder tog det f\u00f6r [&hellip;]\" \/>\n<meta property=\"og:url\" content=\"https:\/\/lightweb.dev\/l\/svm-temp\/nyheter\/europas-framsta-biltjuvar-fangade-stal-bilar-pa-29-sekunder\/\" \/>\n<meta property=\"og:site_name\" content=\"Svenska Magasinet\" \/>\n<meta property=\"article:publisher\" content=\"https:\/\/www.facebook.com\/svenskamagasinet\" \/>\n<meta property=\"article:published_time\" content=\"2019-12-23T23:00:00+00:00\" \/>\n<meta property=\"og:image\" content=\"https:\/\/lightweb.dev\/l\/svm-temp\/wp-content\/uploads\/2022\/06\/europas-framsta-biltjuvar-fangade-stal-bilar-pa-29-sekunder.png\" \/>\n\t<meta property=\"og:image:width\" content=\"700\" \/>\n\t<meta property=\"og:image:height\" content=\"420\" \/>\n\t<meta property=\"og:image:type\" content=\"image\/png\" \/>\n<meta name=\"author\" content=\"Redaktionen SvM\" \/>\n<meta name=\"twitter:card\" content=\"summary_large_image\" \/>\n<meta name=\"twitter:creator\" content=\"@SvenskaMagasine\" \/>\n<meta name=\"twitter:site\" content=\"@SvenskaMagasine\" \/>\n<script type=\"application\/ld+json\" class=\"yoast-schema-graph\">{\"@context\":\"https:\\\/\\\/schema.org\",\"@graph\":[{\"@type\":\"Article\",\"@id\":\"https:\\\/\\\/lightweb.dev\\\/l\\\/svm-temp\\\/nyheter\\\/europas-framsta-biltjuvar-fangade-stal-bilar-pa-29-sekunder\\\/#article\",\"isPartOf\":{\"@id\":\"https:\\\/\\\/lightweb.dev\\\/l\\\/svm-temp\\\/nyheter\\\/europas-framsta-biltjuvar-fangade-stal-bilar-pa-29-sekunder\\\/\"},\"author\":{\"name\":\"Redaktionen SvM\",\"@id\":\"https:\\\/\\\/lightweb.dev\\\/l\\\/svm-temp\\\/#\\\/schema\\\/person\\\/206a3bda5b607b0c25e1749191e4d837\"},\"headline\":\"Europas fr\u00e4msta biltjuvar f\u00e5ngade \u2013 stal bilar p\u00e5 29 sekunder\",\"datePublished\":\"2019-12-23T23:00:00+00:00\",\"mainEntityOfPage\":{\"@id\":\"https:\\\/\\\/lightweb.dev\\\/l\\\/svm-temp\\\/nyheter\\\/europas-framsta-biltjuvar-fangade-stal-bilar-pa-29-sekunder\\\/\"},\"wordCount\":254,\"commentCount\":0,\"publisher\":{\"@id\":\"https:\\\/\\\/lightweb.dev\\\/l\\\/svm-temp\\\/#organization\"},\"image\":{\"@id\":\"https:\\\/\\\/lightweb.dev\\\/l\\\/svm-temp\\\/nyheter\\\/europas-framsta-biltjuvar-fangade-stal-bilar-pa-29-sekunder\\\/#primaryimage\"},\"thumbnailUrl\":\"https:\\\/\\\/lightweb.dev\\\/l\\\/svm-temp\\\/wp-content\\\/uploads\\\/2022\\\/06\\\/europas-framsta-biltjuvar-fangade-stal-bilar-pa-29-sekunder.png\",\"articleSection\":[\"Arkiv\",\"Nyheter\"],\"inLanguage\":\"sv-SE\"},{\"@type\":\"WebPage\",\"@id\":\"https:\\\/\\\/lightweb.dev\\\/l\\\/svm-temp\\\/nyheter\\\/europas-framsta-biltjuvar-fangade-stal-bilar-pa-29-sekunder\\\/\",\"url\":\"https:\\\/\\\/lightweb.dev\\\/l\\\/svm-temp\\\/nyheter\\\/europas-framsta-biltjuvar-fangade-stal-bilar-pa-29-sekunder\\\/\",\"name\":\"Europas fr\u00e4msta biltjuvar f\u00e5ngade \u2013 stal bilar p\u00e5 29 sekunder - Svenska Magasinet\",\"isPartOf\":{\"@id\":\"https:\\\/\\\/lightweb.dev\\\/l\\\/svm-temp\\\/#website\"},\"primaryImageOfPage\":{\"@id\":\"https:\\\/\\\/lightweb.dev\\\/l\\\/svm-temp\\\/nyheter\\\/europas-framsta-biltjuvar-fangade-stal-bilar-pa-29-sekunder\\\/#primaryimage\"},\"image\":{\"@id\":\"https:\\\/\\\/lightweb.dev\\\/l\\\/svm-temp\\\/nyheter\\\/europas-framsta-biltjuvar-fangade-stal-bilar-pa-29-sekunder\\\/#primaryimage\"},\"thumbnailUrl\":\"https:\\\/\\\/lightweb.dev\\\/l\\\/svm-temp\\\/wp-content\\\/uploads\\\/2022\\\/06\\\/europas-framsta-biltjuvar-fangade-stal-bilar-pa-29-sekunder.png\",\"datePublished\":\"2019-12-23T23:00:00+00:00\",\"breadcrumb\":{\"@id\":\"https:\\\/\\\/lightweb.dev\\\/l\\\/svm-temp\\\/nyheter\\\/europas-framsta-biltjuvar-fangade-stal-bilar-pa-29-sekunder\\\/#breadcrumb\"},\"inLanguage\":\"sv-SE\",\"potentialAction\":[{\"@type\":\"ReadAction\",\"target\":[\"https:\\\/\\\/lightweb.dev\\\/l\\\/svm-temp\\\/nyheter\\\/europas-framsta-biltjuvar-fangade-stal-bilar-pa-29-sekunder\\\/\"]}]},{\"@type\":\"ImageObject\",\"inLanguage\":\"sv-SE\",\"@id\":\"https:\\\/\\\/lightweb.dev\\\/l\\\/svm-temp\\\/nyheter\\\/europas-framsta-biltjuvar-fangade-stal-bilar-pa-29-sekunder\\\/#primaryimage\",\"url\":\"https:\\\/\\\/lightweb.dev\\\/l\\\/svm-temp\\\/wp-content\\\/uploads\\\/2022\\\/06\\\/europas-framsta-biltjuvar-fangade-stal-bilar-pa-29-sekunder.png\",\"contentUrl\":\"https:\\\/\\\/lightweb.dev\\\/l\\\/svm-temp\\\/wp-content\\\/uploads\\\/2022\\\/06\\\/europas-framsta-biltjuvar-fangade-stal-bilar-pa-29-sekunder.png\",\"width\":700,\"height\":420},{\"@type\":\"BreadcrumbList\",\"@id\":\"https:\\\/\\\/lightweb.dev\\\/l\\\/svm-temp\\\/nyheter\\\/europas-framsta-biltjuvar-fangade-stal-bilar-pa-29-sekunder\\\/#breadcrumb\",\"itemListElement\":[{\"@type\":\"ListItem\",\"position\":1,\"name\":\"Hem\",\"item\":\"https:\\\/\\\/lightweb.dev\\\/l\\\/svm-temp\\\/\"},{\"@type\":\"ListItem\",\"position\":2,\"name\":\"Europas fr\u00e4msta biltjuvar f\u00e5ngade \u2013 stal bilar p\u00e5 29 sekunder\"}]},{\"@type\":\"WebSite\",\"@id\":\"https:\\\/\\\/lightweb.dev\\\/l\\\/svm-temp\\\/#website\",\"url\":\"https:\\\/\\\/lightweb.dev\\\/l\\\/svm-temp\\\/\",\"name\":\"Svenska Magasinet\",\"description\":\"Dina Spanska nyheter p&aring; Svenska\",\"publisher\":{\"@id\":\"https:\\\/\\\/lightweb.dev\\\/l\\\/svm-temp\\\/#organization\"},\"potentialAction\":[{\"@type\":\"SearchAction\",\"target\":{\"@type\":\"EntryPoint\",\"urlTemplate\":\"https:\\\/\\\/lightweb.dev\\\/l\\\/svm-temp\\\/?s={search_term_string}\"},\"query-input\":{\"@type\":\"PropertyValueSpecification\",\"valueRequired\":true,\"valueName\":\"search_term_string\"}}],\"inLanguage\":\"sv-SE\"},{\"@type\":\"Organization\",\"@id\":\"https:\\\/\\\/lightweb.dev\\\/l\\\/svm-temp\\\/#organization\",\"name\":\"Melkerson y Nott SL\",\"alternateName\":\"Svenska Magasinet\",\"url\":\"https:\\\/\\\/lightweb.dev\\\/l\\\/svm-temp\\\/\",\"logo\":{\"@type\":\"ImageObject\",\"inLanguage\":\"sv-SE\",\"@id\":\"https:\\\/\\\/lightweb.dev\\\/l\\\/svm-temp\\\/#\\\/schema\\\/logo\\\/image\\\/\",\"url\":\"https:\\\/\\\/lightweb.dev\\\/l\\\/svm-temp\\\/wp-content\\\/uploads\\\/2025\\\/02\\\/SvM-logo-Xtra-Centrerad-SVART.png\",\"contentUrl\":\"https:\\\/\\\/lightweb.dev\\\/l\\\/svm-temp\\\/wp-content\\\/uploads\\\/2025\\\/02\\\/SvM-logo-Xtra-Centrerad-SVART.png\",\"width\":300,\"height\":99,\"caption\":\"Melkerson y Nott SL\"},\"image\":{\"@id\":\"https:\\\/\\\/lightweb.dev\\\/l\\\/svm-temp\\\/#\\\/schema\\\/logo\\\/image\\\/\"},\"sameAs\":[\"https:\\\/\\\/www.facebook.com\\\/svenskamagasinet\",\"https:\\\/\\\/x.com\\\/SvenskaMagasine\"]},{\"@type\":\"Person\",\"@id\":\"https:\\\/\\\/lightweb.dev\\\/l\\\/svm-temp\\\/#\\\/schema\\\/person\\\/206a3bda5b607b0c25e1749191e4d837\",\"name\":\"Redaktionen SvM\",\"description\":\"Redaktionen\",\"sameAs\":[\"https:\\\/\\\/lightweb.dev\\\/l\\\/svm-temp\"],\"url\":\"https:\\\/\\\/lightweb.dev\\\/l\\\/svm-temp\\\/reporter\\\/redaktionen\\\/\"}]}<\/script>\n<!-- \/ Yoast SEO Premium plugin. -->","yoast_head_json":{"title":"Europas fr\u00e4msta biltjuvar f\u00e5ngade \u2013 stal bilar p\u00e5 29 sekunder - Svenska Magasinet","robots":{"index":"noindex","follow":"follow","max-snippet":"max-snippet:-1","max-image-preview":"max-image-preview:large","max-video-preview":"max-video-preview:-1"},"og_locale":"sv_SE","og_type":"article","og_title":"Europas fr\u00e4msta biltjuvar f\u00e5ngade \u2013 stal bilar p\u00e5 29 sekunder","og_description":"Man kommer os\u00f6kt att t\u00e4nka p\u00e5 Nicolas Cage som spelade huvudrollen i filmen \u201dGone in 60 Seconds\u201d. Men verkligheten \u00f6vertr\u00e4ffar fiktion. Spansk nationalpolis och Guardia Civil har avsl\u00f6jat och gripit tv\u00e5 specialister p\u00e5 att stj\u00e4la SUV-bilar p\u00e5 29 sekunder. De p\u00e5stod sj\u00e4lva att de var Europas b\u00e4sta och effektivaste biltjuvar. 29 sekunder tog det f\u00f6r [&hellip;]","og_url":"https:\/\/lightweb.dev\/l\/svm-temp\/nyheter\/europas-framsta-biltjuvar-fangade-stal-bilar-pa-29-sekunder\/","og_site_name":"Svenska Magasinet","article_publisher":"https:\/\/www.facebook.com\/svenskamagasinet","article_published_time":"2019-12-23T23:00:00+00:00","og_image":[{"width":700,"height":420,"url":"https:\/\/lightweb.dev\/l\/svm-temp\/wp-content\/uploads\/2022\/06\/europas-framsta-biltjuvar-fangade-stal-bilar-pa-29-sekunder.png","type":"image\/png"}],"author":"Redaktionen SvM","twitter_card":"summary_large_image","twitter_creator":"@SvenskaMagasine","twitter_site":"@SvenskaMagasine","schema":{"@context":"https:\/\/schema.org","@graph":[{"@type":"Article","@id":"https:\/\/lightweb.dev\/l\/svm-temp\/nyheter\/europas-framsta-biltjuvar-fangade-stal-bilar-pa-29-sekunder\/#article","isPartOf":{"@id":"https:\/\/lightweb.dev\/l\/svm-temp\/nyheter\/europas-framsta-biltjuvar-fangade-stal-bilar-pa-29-sekunder\/"},"author":{"name":"Redaktionen SvM","@id":"https:\/\/lightweb.dev\/l\/svm-temp\/#\/schema\/person\/206a3bda5b607b0c25e1749191e4d837"},"headline":"Europas fr\u00e4msta biltjuvar f\u00e5ngade \u2013 stal bilar p\u00e5 29 sekunder","datePublished":"2019-12-23T23:00:00+00:00","mainEntityOfPage":{"@id":"https:\/\/lightweb.dev\/l\/svm-temp\/nyheter\/europas-framsta-biltjuvar-fangade-stal-bilar-pa-29-sekunder\/"},"wordCount":254,"commentCount":0,"publisher":{"@id":"https:\/\/lightweb.dev\/l\/svm-temp\/#organization"},"image":{"@id":"https:\/\/lightweb.dev\/l\/svm-temp\/nyheter\/europas-framsta-biltjuvar-fangade-stal-bilar-pa-29-sekunder\/#primaryimage"},"thumbnailUrl":"https:\/\/lightweb.dev\/l\/svm-temp\/wp-content\/uploads\/2022\/06\/europas-framsta-biltjuvar-fangade-stal-bilar-pa-29-sekunder.png","articleSection":["Arkiv","Nyheter"],"inLanguage":"sv-SE"},{"@type":"WebPage","@id":"https:\/\/lightweb.dev\/l\/svm-temp\/nyheter\/europas-framsta-biltjuvar-fangade-stal-bilar-pa-29-sekunder\/","url":"https:\/\/lightweb.dev\/l\/svm-temp\/nyheter\/europas-framsta-biltjuvar-fangade-stal-bilar-pa-29-sekunder\/","name":"Europas fr\u00e4msta biltjuvar f\u00e5ngade \u2013 stal bilar p\u00e5 29 sekunder - Svenska Magasinet","isPartOf":{"@id":"https:\/\/lightweb.dev\/l\/svm-temp\/#website"},"primaryImageOfPage":{"@id":"https:\/\/lightweb.dev\/l\/svm-temp\/nyheter\/europas-framsta-biltjuvar-fangade-stal-bilar-pa-29-sekunder\/#primaryimage"},"image":{"@id":"https:\/\/lightweb.dev\/l\/svm-temp\/nyheter\/europas-framsta-biltjuvar-fangade-stal-bilar-pa-29-sekunder\/#primaryimage"},"thumbnailUrl":"https:\/\/lightweb.dev\/l\/svm-temp\/wp-content\/uploads\/2022\/06\/europas-framsta-biltjuvar-fangade-stal-bilar-pa-29-sekunder.png","datePublished":"2019-12-23T23:00:00+00:00","breadcrumb":{"@id":"https:\/\/lightweb.dev\/l\/svm-temp\/nyheter\/europas-framsta-biltjuvar-fangade-stal-bilar-pa-29-sekunder\/#breadcrumb"},"inLanguage":"sv-SE","potentialAction":[{"@type":"ReadAction","target":["https:\/\/lightweb.dev\/l\/svm-temp\/nyheter\/europas-framsta-biltjuvar-fangade-stal-bilar-pa-29-sekunder\/"]}]},{"@type":"ImageObject","inLanguage":"sv-SE","@id":"https:\/\/lightweb.dev\/l\/svm-temp\/nyheter\/europas-framsta-biltjuvar-fangade-stal-bilar-pa-29-sekunder\/#primaryimage","url":"https:\/\/lightweb.dev\/l\/svm-temp\/wp-content\/uploads\/2022\/06\/europas-framsta-biltjuvar-fangade-stal-bilar-pa-29-sekunder.png","contentUrl":"https:\/\/lightweb.dev\/l\/svm-temp\/wp-content\/uploads\/2022\/06\/europas-framsta-biltjuvar-fangade-stal-bilar-pa-29-sekunder.png","width":700,"height":420},{"@type":"BreadcrumbList","@id":"https:\/\/lightweb.dev\/l\/svm-temp\/nyheter\/europas-framsta-biltjuvar-fangade-stal-bilar-pa-29-sekunder\/#breadcrumb","itemListElement":[{"@type":"ListItem","position":1,"name":"Hem","item":"https:\/\/lightweb.dev\/l\/svm-temp\/"},{"@type":"ListItem","position":2,"name":"Europas fr\u00e4msta biltjuvar f\u00e5ngade \u2013 stal bilar p\u00e5 29 sekunder"}]},{"@type":"WebSite","@id":"https:\/\/lightweb.dev\/l\/svm-temp\/#website","url":"https:\/\/lightweb.dev\/l\/svm-temp\/","name":"Svenska Magasinet","description":"Dina Spanska nyheter p&aring; Svenska","publisher":{"@id":"https:\/\/lightweb.dev\/l\/svm-temp\/#organization"},"potentialAction":[{"@type":"SearchAction","target":{"@type":"EntryPoint","urlTemplate":"https:\/\/lightweb.dev\/l\/svm-temp\/?s={search_term_string}"},"query-input":{"@type":"PropertyValueSpecification","valueRequired":true,"valueName":"search_term_string"}}],"inLanguage":"sv-SE"},{"@type":"Organization","@id":"https:\/\/lightweb.dev\/l\/svm-temp\/#organization","name":"Melkerson y Nott SL","alternateName":"Svenska Magasinet","url":"https:\/\/lightweb.dev\/l\/svm-temp\/","logo":{"@type":"ImageObject","inLanguage":"sv-SE","@id":"https:\/\/lightweb.dev\/l\/svm-temp\/#\/schema\/logo\/image\/","url":"https:\/\/lightweb.dev\/l\/svm-temp\/wp-content\/uploads\/2025\/02\/SvM-logo-Xtra-Centrerad-SVART.png","contentUrl":"https:\/\/lightweb.dev\/l\/svm-temp\/wp-content\/uploads\/2025\/02\/SvM-logo-Xtra-Centrerad-SVART.png","width":300,"height":99,"caption":"Melkerson y Nott SL"},"image":{"@id":"https:\/\/lightweb.dev\/l\/svm-temp\/#\/schema\/logo\/image\/"},"sameAs":["https:\/\/www.facebook.com\/svenskamagasinet","https:\/\/x.com\/SvenskaMagasine"]},{"@type":"Person","@id":"https:\/\/lightweb.dev\/l\/svm-temp\/#\/schema\/person\/206a3bda5b607b0c25e1749191e4d837","name":"Redaktionen SvM","description":"Redaktionen","sameAs":["https:\/\/lightweb.dev\/l\/svm-temp"],"url":"https:\/\/lightweb.dev\/l\/svm-temp\/reporter\/redaktionen\/"}]}},"_links":{"self":[{"href":"https:\/\/lightweb.dev\/l\/svm-temp\/wp-json\/wp\/v2\/posts\/15059","targetHints":{"allow":["GET"]}}],"collection":[{"href":"https:\/\/lightweb.dev\/l\/svm-temp\/wp-json\/wp\/v2\/posts"}],"about":[{"href":"https:\/\/lightweb.dev\/l\/svm-temp\/wp-json\/wp\/v2\/types\/post"}],"author":[{"embeddable":true,"href":"https:\/\/lightweb.dev\/l\/svm-temp\/wp-json\/wp\/v2\/users\/8"}],"replies":[{"embeddable":true,"href":"https:\/\/lightweb.dev\/l\/svm-temp\/wp-json\/wp\/v2\/comments?post=15059"}],"version-history":[{"count":0,"href":"https:\/\/lightweb.dev\/l\/svm-temp\/wp-json\/wp\/v2\/posts\/15059\/revisions"}],"wp:featuredmedia":[{"embeddable":true,"href":"https:\/\/lightweb.dev\/l\/svm-temp\/wp-json\/wp\/v2\/media\/15060"}],"wp:attachment":[{"href":"https:\/\/lightweb.dev\/l\/svm-temp\/wp-json\/wp\/v2\/media?parent=15059"}],"wp:term":[{"taxonomy":"category","embeddable":true,"href":"https:\/\/lightweb.dev\/l\/svm-temp\/wp-json\/wp\/v2\/categories?post=15059"},{"taxonomy":"post_tag","embeddable":true,"href":"https:\/\/lightweb.dev\/l\/svm-temp\/wp-json\/wp\/v2\/tags?post=15059"}],"curies":[{"name":"wp","href":"https:\/\/api.w.org\/{rel}","templated":true}]}}