{"id":15067,"date":"2019-12-23T00:00:00","date_gmt":"2019-12-22T23:00:00","guid":{"rendered":"https:\/\/lightweb.dev\/l\/svm-temp\/nyheter\/efterlyst-gangkriminell-fran-malmo-greps-i-barcelona\/"},"modified":"2019-12-23T00:00:00","modified_gmt":"2019-12-22T23:00:00","slug":"efterlyst-gangkriminell-fran-malmo-greps-i-barcelona","status":"publish","type":"post","link":"https:\/\/lightweb.dev\/l\/svm-temp\/nyheter\/efterlyst-gangkriminell-fran-malmo-greps-i-barcelona\/","title":{"rendered":"Efterlyst g\u00e4ngkriminell fr\u00e5n Malm\u00f6 greps i Barcelona"},"content":{"rendered":"<p> En 28-\u00e5rig man som misst\u00e4nks f\u00f6r tv\u00e5 best\u00e4llningsmord i Malm\u00f6 har gripits i Barcelona efter att en europeisk arresteringsorder var utf\u00e4rdad av svenska myndigheter. Mannen riskerar ett f\u00e4ngelsestraff p\u00e5 20 \u00e5r. Under de senaste 18 m\u00e5naderna har flera efterlysta personer som ing\u00e5r i svenska kriminella n\u00e4tverk gripits i Spanien.<\/p>\n<p>Gripandet av den 28-\u00e5rige mannen rapporterade Sydsvenskan och Kv\u00e4llsposten f\u00f6rst om. Enligt den spanska nyhetsbyr\u00e5n Europa Press som i l\u00f6rdags rapporterade om gripandet, \u00e4r mannen misst\u00e4nkt f\u00f6r mord, penningtv\u00e4tt och att tillh\u00f6ra en kriminell organisation i Sverige.<\/p>\n<p>Sydsvenskan uppger att mannen \u00e4ven \u00e4r misst\u00e4nkt f\u00f6r utpressning i Spanien.<br \/>\n&#8211; Han \u00e4r h\u00e4ktad i sin utevaro i Sverige och misst\u00e4nks f\u00f6r anstiftan till mord, det \u00e4r d\u00e4rf\u00f6r han \u00e4r gripen i Spanien. Jag har inga uppgifter om eventuella brottsmisstankar i Spanien, s\u00e4ger \u00e5klagaren Lisa \u00c5berg till Sydsvenskan.<\/p>\n<p>Den 28-\u00e5rige mannen \u00e4r misst\u00e4nkt f\u00f6r att vara inblandad i tv\u00e5 mord i Malm\u00f6. Det f\u00f6rsta av dem begicks i mars 2017 n\u00e4r en 23-\u00e5rig man sk\u00f6ts i huvudet och det andra i februari i fjol n\u00e4r en 30-\u00e5rig man blev ihj\u00e4lskjuten. Vid den senare h\u00e4ndelsen sk\u00f6ts ytterligare en person och \u00f6verlevde.<\/p>\n<p>Spansk nationalpolis uppger ocks\u00e5 att mannen \u00e4r misst\u00e4nkt f\u00f6r ett bedr\u00e4geri den 30 oktober 2017. Ett svenskt f\u00f6retag ska ha blivit lurat att f\u00f6ra \u00f6ver 6.562.910 SEK till ett annat bolag som senare f\u00f6rde \u00f6ver en halv miljon kronor till mannens konto i Dubai.<\/p>\n<p>Efter att en europeisk arresteringsorder utf\u00e4rdades p\u00e5 28-\u00e5ringen av svenska myndigheter har spansk polis jagat mannen som har varit bosatt p\u00e5 flera adresser i Spanien. Bland annat i Madridf\u00f6rorten Las Rozas med falsk identitet.<\/p>\n<p>Nationalpolisens enhet GOES (Grupos Operativos Especiales de Seguridad) kunde till slut lokalisera och identifiera mannen i Barcelona d\u00e4r han nyligen greps.<\/p>\n<p>(Foto: POLIC\u00cdA NACIONAL)<br \/>\n Spansk polis har f\u00e5tt stopp p\u00e5 g\u00e4ngkriminella fr\u00e5n Sverige<\/p>\n<p>Svensk g\u00e4ngkriminalitet i Spanien: G\u00e4rningsman gripen f\u00f6r mord i Barcelona<\/p>\n","protected":false},"excerpt":{"rendered":"<p>En 28-\u00e5rig man som misst\u00e4nks f\u00f6r tv\u00e5 best\u00e4llningsmord i Malm\u00f6 har gripits i Barcelona efter att en europeisk arresteringsorder var utf\u00e4rdad av svenska myndigheter. Mannen riskerar ett f\u00e4ngelsestraff p\u00e5 20 \u00e5r. Under de senaste 18 m\u00e5naderna har flera efterlysta personer som ing\u00e5r i svenska kriminella n\u00e4tverk gripits i Spanien. Gripandet av den 28-\u00e5rige mannen rapporterade [&hellip;]<\/p>\n","protected":false},"author":8,"featured_media":15068,"comment_status":"open","ping_status":"open","sticky":false,"template":"","format":"standard","meta":{"_et_pb_use_builder":"","_et_pb_old_content":"","_et_gb_content_width":"","footnotes":""},"categories":[395,3],"tags":[],"class_list":["post-15067","post","type-post","status-publish","format-standard","has-post-thumbnail","hentry","category-arkiv-nyheter","category-nyheter"],"yoast_head":"<!-- This site is optimized with the Yoast SEO Premium plugin v26.2 (Yoast SEO v27.4) - https:\/\/yoast.com\/product\/yoast-seo-premium-wordpress\/ -->\n<title>Efterlyst g\u00e4ngkriminell fr\u00e5n Malm\u00f6 greps i Barcelona - Svenska Magasinet<\/title>\n<meta name=\"robots\" content=\"noindex, follow, max-snippet:-1, max-image-preview:large, max-video-preview:-1\" \/>\n<meta property=\"og:locale\" content=\"sv_SE\" \/>\n<meta property=\"og:type\" content=\"article\" \/>\n<meta property=\"og:title\" content=\"Efterlyst g\u00e4ngkriminell fr\u00e5n Malm\u00f6 greps i Barcelona\" \/>\n<meta property=\"og:description\" content=\"En 28-\u00e5rig man som misst\u00e4nks f\u00f6r tv\u00e5 best\u00e4llningsmord i Malm\u00f6 har gripits i Barcelona efter att en europeisk arresteringsorder var utf\u00e4rdad av svenska myndigheter. Mannen riskerar ett f\u00e4ngelsestraff p\u00e5 20 \u00e5r. Under de senaste 18 m\u00e5naderna har flera efterlysta personer som ing\u00e5r i svenska kriminella n\u00e4tverk gripits i Spanien. Gripandet av den 28-\u00e5rige mannen rapporterade [&hellip;]\" \/>\n<meta property=\"og:url\" content=\"https:\/\/lightweb.dev\/l\/svm-temp\/nyheter\/efterlyst-gangkriminell-fran-malmo-greps-i-barcelona\/\" \/>\n<meta property=\"og:site_name\" content=\"Svenska Magasinet\" \/>\n<meta property=\"article:publisher\" content=\"https:\/\/www.facebook.com\/svenskamagasinet\" \/>\n<meta property=\"article:published_time\" content=\"2019-12-22T23:00:00+00:00\" \/>\n<meta property=\"og:image\" content=\"https:\/\/lightweb.dev\/l\/svm-temp\/wp-content\/uploads\/2022\/06\/efterlyst-gangkriminell-fran-malmo-greps-i-barcelona.png\" \/>\n\t<meta property=\"og:image:width\" content=\"700\" \/>\n\t<meta property=\"og:image:height\" content=\"420\" \/>\n\t<meta property=\"og:image:type\" content=\"image\/png\" \/>\n<meta name=\"author\" content=\"Redaktionen SvM\" \/>\n<meta name=\"twitter:card\" content=\"summary_large_image\" \/>\n<meta name=\"twitter:creator\" content=\"@SvenskaMagasine\" \/>\n<meta name=\"twitter:site\" content=\"@SvenskaMagasine\" \/>\n<script type=\"application\/ld+json\" class=\"yoast-schema-graph\">{\"@context\":\"https:\\\/\\\/schema.org\",\"@graph\":[{\"@type\":\"Article\",\"@id\":\"https:\\\/\\\/lightweb.dev\\\/l\\\/svm-temp\\\/nyheter\\\/efterlyst-gangkriminell-fran-malmo-greps-i-barcelona\\\/#article\",\"isPartOf\":{\"@id\":\"https:\\\/\\\/lightweb.dev\\\/l\\\/svm-temp\\\/nyheter\\\/efterlyst-gangkriminell-fran-malmo-greps-i-barcelona\\\/\"},\"author\":{\"name\":\"Redaktionen SvM\",\"@id\":\"https:\\\/\\\/lightweb.dev\\\/l\\\/svm-temp\\\/#\\\/schema\\\/person\\\/206a3bda5b607b0c25e1749191e4d837\"},\"headline\":\"Efterlyst g\u00e4ngkriminell fr\u00e5n Malm\u00f6 greps i Barcelona\",\"datePublished\":\"2019-12-22T23:00:00+00:00\",\"mainEntityOfPage\":{\"@id\":\"https:\\\/\\\/lightweb.dev\\\/l\\\/svm-temp\\\/nyheter\\\/efterlyst-gangkriminell-fran-malmo-greps-i-barcelona\\\/\"},\"wordCount\":366,\"commentCount\":0,\"publisher\":{\"@id\":\"https:\\\/\\\/lightweb.dev\\\/l\\\/svm-temp\\\/#organization\"},\"image\":{\"@id\":\"https:\\\/\\\/lightweb.dev\\\/l\\\/svm-temp\\\/nyheter\\\/efterlyst-gangkriminell-fran-malmo-greps-i-barcelona\\\/#primaryimage\"},\"thumbnailUrl\":\"https:\\\/\\\/lightweb.dev\\\/l\\\/svm-temp\\\/wp-content\\\/uploads\\\/2022\\\/06\\\/efterlyst-gangkriminell-fran-malmo-greps-i-barcelona.png\",\"articleSection\":[\"Arkiv\",\"Nyheter\"],\"inLanguage\":\"sv-SE\"},{\"@type\":\"WebPage\",\"@id\":\"https:\\\/\\\/lightweb.dev\\\/l\\\/svm-temp\\\/nyheter\\\/efterlyst-gangkriminell-fran-malmo-greps-i-barcelona\\\/\",\"url\":\"https:\\\/\\\/lightweb.dev\\\/l\\\/svm-temp\\\/nyheter\\\/efterlyst-gangkriminell-fran-malmo-greps-i-barcelona\\\/\",\"name\":\"Efterlyst g\u00e4ngkriminell fr\u00e5n Malm\u00f6 greps i Barcelona - Svenska Magasinet\",\"isPartOf\":{\"@id\":\"https:\\\/\\\/lightweb.dev\\\/l\\\/svm-temp\\\/#website\"},\"primaryImageOfPage\":{\"@id\":\"https:\\\/\\\/lightweb.dev\\\/l\\\/svm-temp\\\/nyheter\\\/efterlyst-gangkriminell-fran-malmo-greps-i-barcelona\\\/#primaryimage\"},\"image\":{\"@id\":\"https:\\\/\\\/lightweb.dev\\\/l\\\/svm-temp\\\/nyheter\\\/efterlyst-gangkriminell-fran-malmo-greps-i-barcelona\\\/#primaryimage\"},\"thumbnailUrl\":\"https:\\\/\\\/lightweb.dev\\\/l\\\/svm-temp\\\/wp-content\\\/uploads\\\/2022\\\/06\\\/efterlyst-gangkriminell-fran-malmo-greps-i-barcelona.png\",\"datePublished\":\"2019-12-22T23:00:00+00:00\",\"breadcrumb\":{\"@id\":\"https:\\\/\\\/lightweb.dev\\\/l\\\/svm-temp\\\/nyheter\\\/efterlyst-gangkriminell-fran-malmo-greps-i-barcelona\\\/#breadcrumb\"},\"inLanguage\":\"sv-SE\",\"potentialAction\":[{\"@type\":\"ReadAction\",\"target\":[\"https:\\\/\\\/lightweb.dev\\\/l\\\/svm-temp\\\/nyheter\\\/efterlyst-gangkriminell-fran-malmo-greps-i-barcelona\\\/\"]}]},{\"@type\":\"ImageObject\",\"inLanguage\":\"sv-SE\",\"@id\":\"https:\\\/\\\/lightweb.dev\\\/l\\\/svm-temp\\\/nyheter\\\/efterlyst-gangkriminell-fran-malmo-greps-i-barcelona\\\/#primaryimage\",\"url\":\"https:\\\/\\\/lightweb.dev\\\/l\\\/svm-temp\\\/wp-content\\\/uploads\\\/2022\\\/06\\\/efterlyst-gangkriminell-fran-malmo-greps-i-barcelona.png\",\"contentUrl\":\"https:\\\/\\\/lightweb.dev\\\/l\\\/svm-temp\\\/wp-content\\\/uploads\\\/2022\\\/06\\\/efterlyst-gangkriminell-fran-malmo-greps-i-barcelona.png\",\"width\":700,\"height\":420},{\"@type\":\"BreadcrumbList\",\"@id\":\"https:\\\/\\\/lightweb.dev\\\/l\\\/svm-temp\\\/nyheter\\\/efterlyst-gangkriminell-fran-malmo-greps-i-barcelona\\\/#breadcrumb\",\"itemListElement\":[{\"@type\":\"ListItem\",\"position\":1,\"name\":\"Hem\",\"item\":\"https:\\\/\\\/lightweb.dev\\\/l\\\/svm-temp\\\/\"},{\"@type\":\"ListItem\",\"position\":2,\"name\":\"Efterlyst g\u00e4ngkriminell fr\u00e5n Malm\u00f6 greps i Barcelona\"}]},{\"@type\":\"WebSite\",\"@id\":\"https:\\\/\\\/lightweb.dev\\\/l\\\/svm-temp\\\/#website\",\"url\":\"https:\\\/\\\/lightweb.dev\\\/l\\\/svm-temp\\\/\",\"name\":\"Svenska Magasinet\",\"description\":\"Dina Spanska nyheter p&aring; Svenska\",\"publisher\":{\"@id\":\"https:\\\/\\\/lightweb.dev\\\/l\\\/svm-temp\\\/#organization\"},\"potentialAction\":[{\"@type\":\"SearchAction\",\"target\":{\"@type\":\"EntryPoint\",\"urlTemplate\":\"https:\\\/\\\/lightweb.dev\\\/l\\\/svm-temp\\\/?s={search_term_string}\"},\"query-input\":{\"@type\":\"PropertyValueSpecification\",\"valueRequired\":true,\"valueName\":\"search_term_string\"}}],\"inLanguage\":\"sv-SE\"},{\"@type\":\"Organization\",\"@id\":\"https:\\\/\\\/lightweb.dev\\\/l\\\/svm-temp\\\/#organization\",\"name\":\"Melkerson y Nott SL\",\"alternateName\":\"Svenska Magasinet\",\"url\":\"https:\\\/\\\/lightweb.dev\\\/l\\\/svm-temp\\\/\",\"logo\":{\"@type\":\"ImageObject\",\"inLanguage\":\"sv-SE\",\"@id\":\"https:\\\/\\\/lightweb.dev\\\/l\\\/svm-temp\\\/#\\\/schema\\\/logo\\\/image\\\/\",\"url\":\"https:\\\/\\\/lightweb.dev\\\/l\\\/svm-temp\\\/wp-content\\\/uploads\\\/2025\\\/02\\\/SvM-logo-Xtra-Centrerad-SVART.png\",\"contentUrl\":\"https:\\\/\\\/lightweb.dev\\\/l\\\/svm-temp\\\/wp-content\\\/uploads\\\/2025\\\/02\\\/SvM-logo-Xtra-Centrerad-SVART.png\",\"width\":300,\"height\":99,\"caption\":\"Melkerson y Nott SL\"},\"image\":{\"@id\":\"https:\\\/\\\/lightweb.dev\\\/l\\\/svm-temp\\\/#\\\/schema\\\/logo\\\/image\\\/\"},\"sameAs\":[\"https:\\\/\\\/www.facebook.com\\\/svenskamagasinet\",\"https:\\\/\\\/x.com\\\/SvenskaMagasine\"]},{\"@type\":\"Person\",\"@id\":\"https:\\\/\\\/lightweb.dev\\\/l\\\/svm-temp\\\/#\\\/schema\\\/person\\\/206a3bda5b607b0c25e1749191e4d837\",\"name\":\"Redaktionen SvM\",\"description\":\"Redaktionen\",\"sameAs\":[\"https:\\\/\\\/lightweb.dev\\\/l\\\/svm-temp\"],\"url\":\"https:\\\/\\\/lightweb.dev\\\/l\\\/svm-temp\\\/reporter\\\/redaktionen\\\/\"}]}<\/script>\n<!-- \/ Yoast SEO Premium plugin. -->","yoast_head_json":{"title":"Efterlyst g\u00e4ngkriminell fr\u00e5n Malm\u00f6 greps i Barcelona - Svenska Magasinet","robots":{"index":"noindex","follow":"follow","max-snippet":"max-snippet:-1","max-image-preview":"max-image-preview:large","max-video-preview":"max-video-preview:-1"},"og_locale":"sv_SE","og_type":"article","og_title":"Efterlyst g\u00e4ngkriminell fr\u00e5n Malm\u00f6 greps i Barcelona","og_description":"En 28-\u00e5rig man som misst\u00e4nks f\u00f6r tv\u00e5 best\u00e4llningsmord i Malm\u00f6 har gripits i Barcelona efter att en europeisk arresteringsorder var utf\u00e4rdad av svenska myndigheter. Mannen riskerar ett f\u00e4ngelsestraff p\u00e5 20 \u00e5r. Under de senaste 18 m\u00e5naderna har flera efterlysta personer som ing\u00e5r i svenska kriminella n\u00e4tverk gripits i Spanien. Gripandet av den 28-\u00e5rige mannen rapporterade [&hellip;]","og_url":"https:\/\/lightweb.dev\/l\/svm-temp\/nyheter\/efterlyst-gangkriminell-fran-malmo-greps-i-barcelona\/","og_site_name":"Svenska Magasinet","article_publisher":"https:\/\/www.facebook.com\/svenskamagasinet","article_published_time":"2019-12-22T23:00:00+00:00","og_image":[{"width":700,"height":420,"url":"https:\/\/lightweb.dev\/l\/svm-temp\/wp-content\/uploads\/2022\/06\/efterlyst-gangkriminell-fran-malmo-greps-i-barcelona.png","type":"image\/png"}],"author":"Redaktionen SvM","twitter_card":"summary_large_image","twitter_creator":"@SvenskaMagasine","twitter_site":"@SvenskaMagasine","schema":{"@context":"https:\/\/schema.org","@graph":[{"@type":"Article","@id":"https:\/\/lightweb.dev\/l\/svm-temp\/nyheter\/efterlyst-gangkriminell-fran-malmo-greps-i-barcelona\/#article","isPartOf":{"@id":"https:\/\/lightweb.dev\/l\/svm-temp\/nyheter\/efterlyst-gangkriminell-fran-malmo-greps-i-barcelona\/"},"author":{"name":"Redaktionen SvM","@id":"https:\/\/lightweb.dev\/l\/svm-temp\/#\/schema\/person\/206a3bda5b607b0c25e1749191e4d837"},"headline":"Efterlyst g\u00e4ngkriminell fr\u00e5n Malm\u00f6 greps i Barcelona","datePublished":"2019-12-22T23:00:00+00:00","mainEntityOfPage":{"@id":"https:\/\/lightweb.dev\/l\/svm-temp\/nyheter\/efterlyst-gangkriminell-fran-malmo-greps-i-barcelona\/"},"wordCount":366,"commentCount":0,"publisher":{"@id":"https:\/\/lightweb.dev\/l\/svm-temp\/#organization"},"image":{"@id":"https:\/\/lightweb.dev\/l\/svm-temp\/nyheter\/efterlyst-gangkriminell-fran-malmo-greps-i-barcelona\/#primaryimage"},"thumbnailUrl":"https:\/\/lightweb.dev\/l\/svm-temp\/wp-content\/uploads\/2022\/06\/efterlyst-gangkriminell-fran-malmo-greps-i-barcelona.png","articleSection":["Arkiv","Nyheter"],"inLanguage":"sv-SE"},{"@type":"WebPage","@id":"https:\/\/lightweb.dev\/l\/svm-temp\/nyheter\/efterlyst-gangkriminell-fran-malmo-greps-i-barcelona\/","url":"https:\/\/lightweb.dev\/l\/svm-temp\/nyheter\/efterlyst-gangkriminell-fran-malmo-greps-i-barcelona\/","name":"Efterlyst g\u00e4ngkriminell fr\u00e5n Malm\u00f6 greps i Barcelona - Svenska Magasinet","isPartOf":{"@id":"https:\/\/lightweb.dev\/l\/svm-temp\/#website"},"primaryImageOfPage":{"@id":"https:\/\/lightweb.dev\/l\/svm-temp\/nyheter\/efterlyst-gangkriminell-fran-malmo-greps-i-barcelona\/#primaryimage"},"image":{"@id":"https:\/\/lightweb.dev\/l\/svm-temp\/nyheter\/efterlyst-gangkriminell-fran-malmo-greps-i-barcelona\/#primaryimage"},"thumbnailUrl":"https:\/\/lightweb.dev\/l\/svm-temp\/wp-content\/uploads\/2022\/06\/efterlyst-gangkriminell-fran-malmo-greps-i-barcelona.png","datePublished":"2019-12-22T23:00:00+00:00","breadcrumb":{"@id":"https:\/\/lightweb.dev\/l\/svm-temp\/nyheter\/efterlyst-gangkriminell-fran-malmo-greps-i-barcelona\/#breadcrumb"},"inLanguage":"sv-SE","potentialAction":[{"@type":"ReadAction","target":["https:\/\/lightweb.dev\/l\/svm-temp\/nyheter\/efterlyst-gangkriminell-fran-malmo-greps-i-barcelona\/"]}]},{"@type":"ImageObject","inLanguage":"sv-SE","@id":"https:\/\/lightweb.dev\/l\/svm-temp\/nyheter\/efterlyst-gangkriminell-fran-malmo-greps-i-barcelona\/#primaryimage","url":"https:\/\/lightweb.dev\/l\/svm-temp\/wp-content\/uploads\/2022\/06\/efterlyst-gangkriminell-fran-malmo-greps-i-barcelona.png","contentUrl":"https:\/\/lightweb.dev\/l\/svm-temp\/wp-content\/uploads\/2022\/06\/efterlyst-gangkriminell-fran-malmo-greps-i-barcelona.png","width":700,"height":420},{"@type":"BreadcrumbList","@id":"https:\/\/lightweb.dev\/l\/svm-temp\/nyheter\/efterlyst-gangkriminell-fran-malmo-greps-i-barcelona\/#breadcrumb","itemListElement":[{"@type":"ListItem","position":1,"name":"Hem","item":"https:\/\/lightweb.dev\/l\/svm-temp\/"},{"@type":"ListItem","position":2,"name":"Efterlyst g\u00e4ngkriminell fr\u00e5n Malm\u00f6 greps i Barcelona"}]},{"@type":"WebSite","@id":"https:\/\/lightweb.dev\/l\/svm-temp\/#website","url":"https:\/\/lightweb.dev\/l\/svm-temp\/","name":"Svenska Magasinet","description":"Dina Spanska nyheter p&aring; Svenska","publisher":{"@id":"https:\/\/lightweb.dev\/l\/svm-temp\/#organization"},"potentialAction":[{"@type":"SearchAction","target":{"@type":"EntryPoint","urlTemplate":"https:\/\/lightweb.dev\/l\/svm-temp\/?s={search_term_string}"},"query-input":{"@type":"PropertyValueSpecification","valueRequired":true,"valueName":"search_term_string"}}],"inLanguage":"sv-SE"},{"@type":"Organization","@id":"https:\/\/lightweb.dev\/l\/svm-temp\/#organization","name":"Melkerson y Nott SL","alternateName":"Svenska Magasinet","url":"https:\/\/lightweb.dev\/l\/svm-temp\/","logo":{"@type":"ImageObject","inLanguage":"sv-SE","@id":"https:\/\/lightweb.dev\/l\/svm-temp\/#\/schema\/logo\/image\/","url":"https:\/\/lightweb.dev\/l\/svm-temp\/wp-content\/uploads\/2025\/02\/SvM-logo-Xtra-Centrerad-SVART.png","contentUrl":"https:\/\/lightweb.dev\/l\/svm-temp\/wp-content\/uploads\/2025\/02\/SvM-logo-Xtra-Centrerad-SVART.png","width":300,"height":99,"caption":"Melkerson y Nott SL"},"image":{"@id":"https:\/\/lightweb.dev\/l\/svm-temp\/#\/schema\/logo\/image\/"},"sameAs":["https:\/\/www.facebook.com\/svenskamagasinet","https:\/\/x.com\/SvenskaMagasine"]},{"@type":"Person","@id":"https:\/\/lightweb.dev\/l\/svm-temp\/#\/schema\/person\/206a3bda5b607b0c25e1749191e4d837","name":"Redaktionen SvM","description":"Redaktionen","sameAs":["https:\/\/lightweb.dev\/l\/svm-temp"],"url":"https:\/\/lightweb.dev\/l\/svm-temp\/reporter\/redaktionen\/"}]}},"_links":{"self":[{"href":"https:\/\/lightweb.dev\/l\/svm-temp\/wp-json\/wp\/v2\/posts\/15067","targetHints":{"allow":["GET"]}}],"collection":[{"href":"https:\/\/lightweb.dev\/l\/svm-temp\/wp-json\/wp\/v2\/posts"}],"about":[{"href":"https:\/\/lightweb.dev\/l\/svm-temp\/wp-json\/wp\/v2\/types\/post"}],"author":[{"embeddable":true,"href":"https:\/\/lightweb.dev\/l\/svm-temp\/wp-json\/wp\/v2\/users\/8"}],"replies":[{"embeddable":true,"href":"https:\/\/lightweb.dev\/l\/svm-temp\/wp-json\/wp\/v2\/comments?post=15067"}],"version-history":[{"count":0,"href":"https:\/\/lightweb.dev\/l\/svm-temp\/wp-json\/wp\/v2\/posts\/15067\/revisions"}],"wp:featuredmedia":[{"embeddable":true,"href":"https:\/\/lightweb.dev\/l\/svm-temp\/wp-json\/wp\/v2\/media\/15068"}],"wp:attachment":[{"href":"https:\/\/lightweb.dev\/l\/svm-temp\/wp-json\/wp\/v2\/media?parent=15067"}],"wp:term":[{"taxonomy":"category","embeddable":true,"href":"https:\/\/lightweb.dev\/l\/svm-temp\/wp-json\/wp\/v2\/categories?post=15067"},{"taxonomy":"post_tag","embeddable":true,"href":"https:\/\/lightweb.dev\/l\/svm-temp\/wp-json\/wp\/v2\/tags?post=15067"}],"curies":[{"name":"wp","href":"https:\/\/api.w.org\/{rel}","templated":true}]}}