{"id":15087,"date":"2019-12-19T00:00:00","date_gmt":"2019-12-18T23:00:00","guid":{"rendered":"https:\/\/lightweb.dev\/l\/svm-temp\/nyheter\/en-motorcykel-eller-moped-stjals-varje-minut-i-spanien\/"},"modified":"2019-12-19T00:00:00","modified_gmt":"2019-12-18T23:00:00","slug":"en-motorcykel-eller-moped-stjals-varje-minut-i-spanien","status":"publish","type":"post","link":"https:\/\/lightweb.dev\/l\/svm-temp\/nyheter\/en-motorcykel-eller-moped-stjals-varje-minut-i-spanien\/","title":{"rendered":"En motorcykel eller moped stj\u00e4ls varje minut i Spanien"},"content":{"rendered":"<p> En nyligen sl\u00e4ppt studie fr\u00e5n Rastreator visar ocks\u00e5 var de stj\u00e4ls och vilka modeller som \u00e4r mest popul\u00e4ra bland tjuvarna.<\/p>\n<p>Studien drar slutsatsen att tjuvarna f\u00f6redrar modeller som \u00e4r stors\u00e4ljare eftersom det \u00e4r l\u00e4ttare att f\u00e5 pengar f\u00f6r dessa. Det \u00e4r ocks\u00e5 vanligt att hojarna slaktas och delarna antingen s\u00e4ljs eller direkt anv\u00e4nds p\u00e5 andra fordon.<\/p>\n<p>\u00d6verst p\u00e5 tjuvarnas topplista \u00e5terfinns skotrarna. D\u00e4refter kommer sportiga motorcyklar p\u00e5 mellan 600 och 1.000 cc, eftersom det \u00e4r l\u00e4tt att s\u00e4lja delar fr\u00e5n dem och de betalas bra.<\/p>\n<p>Katalonien \u00e4r den \u00f6verl\u00e4gset mest sannolika delen i Spanien f\u00f6r tv\u00e5hjuliga fordon att f\u00f6rsvinna, 87 procent av alla st\u00f6lder av dessa fordon sker d\u00e4r. Av st\u00e4derna ligger Barcelona i topp, d\u00e4refter kommer Madrid med 7 procent av st\u00f6lderna. Sen kommer Valencia och M\u00e1laga  med 2 procent vardera och Murcia med 1 procent.<\/p>\n<p>Statistiken visar ocks\u00e5 att de flesta st\u00f6lderna sker i juli (16%) f\u00f6ljt av april (13%).<\/p>\n<p>Inrikesministeriet identifierar den mest typiska profilen f\u00f6r denna typ av tjuv som en ung man mellan 20 och 27 \u00e5r som agerar i en grupp med mellan fyra och 10 medlemmar. <\/p>\n<p>St\u00f6lderna tenderar att utf\u00f6ras i tre steg: f\u00f6rst lokalisera och h\u00e5lla vakten p\u00e5 ett fordon, sedan lasta det p\u00e5 en sk\u00e5pbil, och d\u00e4refter fraktas det till ett lager eller verkstad f\u00f6r att tas is\u00e4r i delar. Bildtext: Hanway Flash 125.<br \/>\nArtikel: Jonny Erixon.<\/p>\n","protected":false},"excerpt":{"rendered":"<p>En nyligen sl\u00e4ppt studie fr\u00e5n Rastreator visar ocks\u00e5 var de stj\u00e4ls och vilka modeller som \u00e4r mest popul\u00e4ra bland tjuvarna. Studien drar slutsatsen att tjuvarna f\u00f6redrar modeller som \u00e4r stors\u00e4ljare eftersom det \u00e4r l\u00e4ttare att f\u00e5 pengar f\u00f6r dessa. Det \u00e4r ocks\u00e5 vanligt att hojarna slaktas och delarna antingen s\u00e4ljs eller direkt anv\u00e4nds p\u00e5 andra [&hellip;]<\/p>\n","protected":false},"author":8,"featured_media":15088,"comment_status":"open","ping_status":"open","sticky":false,"template":"","format":"standard","meta":{"_et_pb_use_builder":"","_et_pb_old_content":"","_et_gb_content_width":"","footnotes":""},"categories":[395,3],"tags":[],"class_list":["post-15087","post","type-post","status-publish","format-standard","has-post-thumbnail","hentry","category-arkiv-nyheter","category-nyheter"],"yoast_head":"<!-- This site is optimized with the Yoast SEO Premium plugin v26.2 (Yoast SEO v27.4) - https:\/\/yoast.com\/product\/yoast-seo-premium-wordpress\/ -->\n<title>En motorcykel eller moped stj\u00e4ls varje minut i Spanien - Svenska Magasinet<\/title>\n<meta name=\"robots\" content=\"noindex, follow, max-snippet:-1, max-image-preview:large, max-video-preview:-1\" \/>\n<meta property=\"og:locale\" content=\"sv_SE\" \/>\n<meta property=\"og:type\" content=\"article\" \/>\n<meta property=\"og:title\" content=\"En motorcykel eller moped stj\u00e4ls varje minut i Spanien\" \/>\n<meta property=\"og:description\" content=\"En nyligen sl\u00e4ppt studie fr\u00e5n Rastreator visar ocks\u00e5 var de stj\u00e4ls och vilka modeller som \u00e4r mest popul\u00e4ra bland tjuvarna. Studien drar slutsatsen att tjuvarna f\u00f6redrar modeller som \u00e4r stors\u00e4ljare eftersom det \u00e4r l\u00e4ttare att f\u00e5 pengar f\u00f6r dessa. Det \u00e4r ocks\u00e5 vanligt att hojarna slaktas och delarna antingen s\u00e4ljs eller direkt anv\u00e4nds p\u00e5 andra [&hellip;]\" \/>\n<meta property=\"og:url\" content=\"https:\/\/lightweb.dev\/l\/svm-temp\/nyheter\/en-motorcykel-eller-moped-stjals-varje-minut-i-spanien\/\" \/>\n<meta property=\"og:site_name\" content=\"Svenska Magasinet\" \/>\n<meta property=\"article:publisher\" content=\"https:\/\/www.facebook.com\/svenskamagasinet\" \/>\n<meta property=\"article:published_time\" content=\"2019-12-18T23:00:00+00:00\" \/>\n<meta property=\"og:image\" content=\"https:\/\/lightweb.dev\/l\/svm-temp\/wp-content\/uploads\/2022\/06\/en-motorcykel-eller-moped-stjals-varje-minut-i-spanien.png\" \/>\n\t<meta property=\"og:image:width\" content=\"700\" \/>\n\t<meta property=\"og:image:height\" content=\"420\" \/>\n\t<meta property=\"og:image:type\" content=\"image\/png\" \/>\n<meta name=\"author\" content=\"Redaktionen SvM\" \/>\n<meta name=\"twitter:card\" content=\"summary_large_image\" \/>\n<meta name=\"twitter:creator\" content=\"@SvenskaMagasine\" \/>\n<meta name=\"twitter:site\" content=\"@SvenskaMagasine\" \/>\n<script type=\"application\/ld+json\" class=\"yoast-schema-graph\">{\"@context\":\"https:\\\/\\\/schema.org\",\"@graph\":[{\"@type\":\"Article\",\"@id\":\"https:\\\/\\\/lightweb.dev\\\/l\\\/svm-temp\\\/nyheter\\\/en-motorcykel-eller-moped-stjals-varje-minut-i-spanien\\\/#article\",\"isPartOf\":{\"@id\":\"https:\\\/\\\/lightweb.dev\\\/l\\\/svm-temp\\\/nyheter\\\/en-motorcykel-eller-moped-stjals-varje-minut-i-spanien\\\/\"},\"author\":{\"name\":\"Redaktionen SvM\",\"@id\":\"https:\\\/\\\/lightweb.dev\\\/l\\\/svm-temp\\\/#\\\/schema\\\/person\\\/206a3bda5b607b0c25e1749191e4d837\"},\"headline\":\"En motorcykel eller moped stj\u00e4ls varje minut i Spanien\",\"datePublished\":\"2019-12-18T23:00:00+00:00\",\"mainEntityOfPage\":{\"@id\":\"https:\\\/\\\/lightweb.dev\\\/l\\\/svm-temp\\\/nyheter\\\/en-motorcykel-eller-moped-stjals-varje-minut-i-spanien\\\/\"},\"wordCount\":259,\"commentCount\":1,\"publisher\":{\"@id\":\"https:\\\/\\\/lightweb.dev\\\/l\\\/svm-temp\\\/#organization\"},\"image\":{\"@id\":\"https:\\\/\\\/lightweb.dev\\\/l\\\/svm-temp\\\/nyheter\\\/en-motorcykel-eller-moped-stjals-varje-minut-i-spanien\\\/#primaryimage\"},\"thumbnailUrl\":\"https:\\\/\\\/lightweb.dev\\\/l\\\/svm-temp\\\/wp-content\\\/uploads\\\/2022\\\/06\\\/en-motorcykel-eller-moped-stjals-varje-minut-i-spanien.png\",\"articleSection\":[\"Arkiv\",\"Nyheter\"],\"inLanguage\":\"sv-SE\"},{\"@type\":\"WebPage\",\"@id\":\"https:\\\/\\\/lightweb.dev\\\/l\\\/svm-temp\\\/nyheter\\\/en-motorcykel-eller-moped-stjals-varje-minut-i-spanien\\\/\",\"url\":\"https:\\\/\\\/lightweb.dev\\\/l\\\/svm-temp\\\/nyheter\\\/en-motorcykel-eller-moped-stjals-varje-minut-i-spanien\\\/\",\"name\":\"En motorcykel eller moped stj\u00e4ls varje minut i Spanien - Svenska Magasinet\",\"isPartOf\":{\"@id\":\"https:\\\/\\\/lightweb.dev\\\/l\\\/svm-temp\\\/#website\"},\"primaryImageOfPage\":{\"@id\":\"https:\\\/\\\/lightweb.dev\\\/l\\\/svm-temp\\\/nyheter\\\/en-motorcykel-eller-moped-stjals-varje-minut-i-spanien\\\/#primaryimage\"},\"image\":{\"@id\":\"https:\\\/\\\/lightweb.dev\\\/l\\\/svm-temp\\\/nyheter\\\/en-motorcykel-eller-moped-stjals-varje-minut-i-spanien\\\/#primaryimage\"},\"thumbnailUrl\":\"https:\\\/\\\/lightweb.dev\\\/l\\\/svm-temp\\\/wp-content\\\/uploads\\\/2022\\\/06\\\/en-motorcykel-eller-moped-stjals-varje-minut-i-spanien.png\",\"datePublished\":\"2019-12-18T23:00:00+00:00\",\"breadcrumb\":{\"@id\":\"https:\\\/\\\/lightweb.dev\\\/l\\\/svm-temp\\\/nyheter\\\/en-motorcykel-eller-moped-stjals-varje-minut-i-spanien\\\/#breadcrumb\"},\"inLanguage\":\"sv-SE\",\"potentialAction\":[{\"@type\":\"ReadAction\",\"target\":[\"https:\\\/\\\/lightweb.dev\\\/l\\\/svm-temp\\\/nyheter\\\/en-motorcykel-eller-moped-stjals-varje-minut-i-spanien\\\/\"]}]},{\"@type\":\"ImageObject\",\"inLanguage\":\"sv-SE\",\"@id\":\"https:\\\/\\\/lightweb.dev\\\/l\\\/svm-temp\\\/nyheter\\\/en-motorcykel-eller-moped-stjals-varje-minut-i-spanien\\\/#primaryimage\",\"url\":\"https:\\\/\\\/lightweb.dev\\\/l\\\/svm-temp\\\/wp-content\\\/uploads\\\/2022\\\/06\\\/en-motorcykel-eller-moped-stjals-varje-minut-i-spanien.png\",\"contentUrl\":\"https:\\\/\\\/lightweb.dev\\\/l\\\/svm-temp\\\/wp-content\\\/uploads\\\/2022\\\/06\\\/en-motorcykel-eller-moped-stjals-varje-minut-i-spanien.png\",\"width\":700,\"height\":420},{\"@type\":\"BreadcrumbList\",\"@id\":\"https:\\\/\\\/lightweb.dev\\\/l\\\/svm-temp\\\/nyheter\\\/en-motorcykel-eller-moped-stjals-varje-minut-i-spanien\\\/#breadcrumb\",\"itemListElement\":[{\"@type\":\"ListItem\",\"position\":1,\"name\":\"Hem\",\"item\":\"https:\\\/\\\/lightweb.dev\\\/l\\\/svm-temp\\\/\"},{\"@type\":\"ListItem\",\"position\":2,\"name\":\"En motorcykel eller moped stj\u00e4ls varje minut i Spanien\"}]},{\"@type\":\"WebSite\",\"@id\":\"https:\\\/\\\/lightweb.dev\\\/l\\\/svm-temp\\\/#website\",\"url\":\"https:\\\/\\\/lightweb.dev\\\/l\\\/svm-temp\\\/\",\"name\":\"Svenska Magasinet\",\"description\":\"Dina Spanska nyheter p&aring; Svenska\",\"publisher\":{\"@id\":\"https:\\\/\\\/lightweb.dev\\\/l\\\/svm-temp\\\/#organization\"},\"potentialAction\":[{\"@type\":\"SearchAction\",\"target\":{\"@type\":\"EntryPoint\",\"urlTemplate\":\"https:\\\/\\\/lightweb.dev\\\/l\\\/svm-temp\\\/?s={search_term_string}\"},\"query-input\":{\"@type\":\"PropertyValueSpecification\",\"valueRequired\":true,\"valueName\":\"search_term_string\"}}],\"inLanguage\":\"sv-SE\"},{\"@type\":\"Organization\",\"@id\":\"https:\\\/\\\/lightweb.dev\\\/l\\\/svm-temp\\\/#organization\",\"name\":\"Melkerson y Nott SL\",\"alternateName\":\"Svenska Magasinet\",\"url\":\"https:\\\/\\\/lightweb.dev\\\/l\\\/svm-temp\\\/\",\"logo\":{\"@type\":\"ImageObject\",\"inLanguage\":\"sv-SE\",\"@id\":\"https:\\\/\\\/lightweb.dev\\\/l\\\/svm-temp\\\/#\\\/schema\\\/logo\\\/image\\\/\",\"url\":\"https:\\\/\\\/lightweb.dev\\\/l\\\/svm-temp\\\/wp-content\\\/uploads\\\/2025\\\/02\\\/SvM-logo-Xtra-Centrerad-SVART.png\",\"contentUrl\":\"https:\\\/\\\/lightweb.dev\\\/l\\\/svm-temp\\\/wp-content\\\/uploads\\\/2025\\\/02\\\/SvM-logo-Xtra-Centrerad-SVART.png\",\"width\":300,\"height\":99,\"caption\":\"Melkerson y Nott SL\"},\"image\":{\"@id\":\"https:\\\/\\\/lightweb.dev\\\/l\\\/svm-temp\\\/#\\\/schema\\\/logo\\\/image\\\/\"},\"sameAs\":[\"https:\\\/\\\/www.facebook.com\\\/svenskamagasinet\",\"https:\\\/\\\/x.com\\\/SvenskaMagasine\"]},{\"@type\":\"Person\",\"@id\":\"https:\\\/\\\/lightweb.dev\\\/l\\\/svm-temp\\\/#\\\/schema\\\/person\\\/206a3bda5b607b0c25e1749191e4d837\",\"name\":\"Redaktionen SvM\",\"description\":\"Redaktionen\",\"sameAs\":[\"https:\\\/\\\/lightweb.dev\\\/l\\\/svm-temp\"],\"url\":\"https:\\\/\\\/lightweb.dev\\\/l\\\/svm-temp\\\/reporter\\\/redaktionen\\\/\"}]}<\/script>\n<!-- \/ Yoast SEO Premium plugin. -->","yoast_head_json":{"title":"En motorcykel eller moped stj\u00e4ls varje minut i Spanien - Svenska Magasinet","robots":{"index":"noindex","follow":"follow","max-snippet":"max-snippet:-1","max-image-preview":"max-image-preview:large","max-video-preview":"max-video-preview:-1"},"og_locale":"sv_SE","og_type":"article","og_title":"En motorcykel eller moped stj\u00e4ls varje minut i Spanien","og_description":"En nyligen sl\u00e4ppt studie fr\u00e5n Rastreator visar ocks\u00e5 var de stj\u00e4ls och vilka modeller som \u00e4r mest popul\u00e4ra bland tjuvarna. Studien drar slutsatsen att tjuvarna f\u00f6redrar modeller som \u00e4r stors\u00e4ljare eftersom det \u00e4r l\u00e4ttare att f\u00e5 pengar f\u00f6r dessa. Det \u00e4r ocks\u00e5 vanligt att hojarna slaktas och delarna antingen s\u00e4ljs eller direkt anv\u00e4nds p\u00e5 andra [&hellip;]","og_url":"https:\/\/lightweb.dev\/l\/svm-temp\/nyheter\/en-motorcykel-eller-moped-stjals-varje-minut-i-spanien\/","og_site_name":"Svenska Magasinet","article_publisher":"https:\/\/www.facebook.com\/svenskamagasinet","article_published_time":"2019-12-18T23:00:00+00:00","og_image":[{"width":700,"height":420,"url":"https:\/\/lightweb.dev\/l\/svm-temp\/wp-content\/uploads\/2022\/06\/en-motorcykel-eller-moped-stjals-varje-minut-i-spanien.png","type":"image\/png"}],"author":"Redaktionen SvM","twitter_card":"summary_large_image","twitter_creator":"@SvenskaMagasine","twitter_site":"@SvenskaMagasine","schema":{"@context":"https:\/\/schema.org","@graph":[{"@type":"Article","@id":"https:\/\/lightweb.dev\/l\/svm-temp\/nyheter\/en-motorcykel-eller-moped-stjals-varje-minut-i-spanien\/#article","isPartOf":{"@id":"https:\/\/lightweb.dev\/l\/svm-temp\/nyheter\/en-motorcykel-eller-moped-stjals-varje-minut-i-spanien\/"},"author":{"name":"Redaktionen SvM","@id":"https:\/\/lightweb.dev\/l\/svm-temp\/#\/schema\/person\/206a3bda5b607b0c25e1749191e4d837"},"headline":"En motorcykel eller moped stj\u00e4ls varje minut i Spanien","datePublished":"2019-12-18T23:00:00+00:00","mainEntityOfPage":{"@id":"https:\/\/lightweb.dev\/l\/svm-temp\/nyheter\/en-motorcykel-eller-moped-stjals-varje-minut-i-spanien\/"},"wordCount":259,"commentCount":1,"publisher":{"@id":"https:\/\/lightweb.dev\/l\/svm-temp\/#organization"},"image":{"@id":"https:\/\/lightweb.dev\/l\/svm-temp\/nyheter\/en-motorcykel-eller-moped-stjals-varje-minut-i-spanien\/#primaryimage"},"thumbnailUrl":"https:\/\/lightweb.dev\/l\/svm-temp\/wp-content\/uploads\/2022\/06\/en-motorcykel-eller-moped-stjals-varje-minut-i-spanien.png","articleSection":["Arkiv","Nyheter"],"inLanguage":"sv-SE"},{"@type":"WebPage","@id":"https:\/\/lightweb.dev\/l\/svm-temp\/nyheter\/en-motorcykel-eller-moped-stjals-varje-minut-i-spanien\/","url":"https:\/\/lightweb.dev\/l\/svm-temp\/nyheter\/en-motorcykel-eller-moped-stjals-varje-minut-i-spanien\/","name":"En motorcykel eller moped stj\u00e4ls varje minut i Spanien - Svenska Magasinet","isPartOf":{"@id":"https:\/\/lightweb.dev\/l\/svm-temp\/#website"},"primaryImageOfPage":{"@id":"https:\/\/lightweb.dev\/l\/svm-temp\/nyheter\/en-motorcykel-eller-moped-stjals-varje-minut-i-spanien\/#primaryimage"},"image":{"@id":"https:\/\/lightweb.dev\/l\/svm-temp\/nyheter\/en-motorcykel-eller-moped-stjals-varje-minut-i-spanien\/#primaryimage"},"thumbnailUrl":"https:\/\/lightweb.dev\/l\/svm-temp\/wp-content\/uploads\/2022\/06\/en-motorcykel-eller-moped-stjals-varje-minut-i-spanien.png","datePublished":"2019-12-18T23:00:00+00:00","breadcrumb":{"@id":"https:\/\/lightweb.dev\/l\/svm-temp\/nyheter\/en-motorcykel-eller-moped-stjals-varje-minut-i-spanien\/#breadcrumb"},"inLanguage":"sv-SE","potentialAction":[{"@type":"ReadAction","target":["https:\/\/lightweb.dev\/l\/svm-temp\/nyheter\/en-motorcykel-eller-moped-stjals-varje-minut-i-spanien\/"]}]},{"@type":"ImageObject","inLanguage":"sv-SE","@id":"https:\/\/lightweb.dev\/l\/svm-temp\/nyheter\/en-motorcykel-eller-moped-stjals-varje-minut-i-spanien\/#primaryimage","url":"https:\/\/lightweb.dev\/l\/svm-temp\/wp-content\/uploads\/2022\/06\/en-motorcykel-eller-moped-stjals-varje-minut-i-spanien.png","contentUrl":"https:\/\/lightweb.dev\/l\/svm-temp\/wp-content\/uploads\/2022\/06\/en-motorcykel-eller-moped-stjals-varje-minut-i-spanien.png","width":700,"height":420},{"@type":"BreadcrumbList","@id":"https:\/\/lightweb.dev\/l\/svm-temp\/nyheter\/en-motorcykel-eller-moped-stjals-varje-minut-i-spanien\/#breadcrumb","itemListElement":[{"@type":"ListItem","position":1,"name":"Hem","item":"https:\/\/lightweb.dev\/l\/svm-temp\/"},{"@type":"ListItem","position":2,"name":"En motorcykel eller moped stj\u00e4ls varje minut i Spanien"}]},{"@type":"WebSite","@id":"https:\/\/lightweb.dev\/l\/svm-temp\/#website","url":"https:\/\/lightweb.dev\/l\/svm-temp\/","name":"Svenska Magasinet","description":"Dina Spanska nyheter p&aring; Svenska","publisher":{"@id":"https:\/\/lightweb.dev\/l\/svm-temp\/#organization"},"potentialAction":[{"@type":"SearchAction","target":{"@type":"EntryPoint","urlTemplate":"https:\/\/lightweb.dev\/l\/svm-temp\/?s={search_term_string}"},"query-input":{"@type":"PropertyValueSpecification","valueRequired":true,"valueName":"search_term_string"}}],"inLanguage":"sv-SE"},{"@type":"Organization","@id":"https:\/\/lightweb.dev\/l\/svm-temp\/#organization","name":"Melkerson y Nott SL","alternateName":"Svenska Magasinet","url":"https:\/\/lightweb.dev\/l\/svm-temp\/","logo":{"@type":"ImageObject","inLanguage":"sv-SE","@id":"https:\/\/lightweb.dev\/l\/svm-temp\/#\/schema\/logo\/image\/","url":"https:\/\/lightweb.dev\/l\/svm-temp\/wp-content\/uploads\/2025\/02\/SvM-logo-Xtra-Centrerad-SVART.png","contentUrl":"https:\/\/lightweb.dev\/l\/svm-temp\/wp-content\/uploads\/2025\/02\/SvM-logo-Xtra-Centrerad-SVART.png","width":300,"height":99,"caption":"Melkerson y Nott SL"},"image":{"@id":"https:\/\/lightweb.dev\/l\/svm-temp\/#\/schema\/logo\/image\/"},"sameAs":["https:\/\/www.facebook.com\/svenskamagasinet","https:\/\/x.com\/SvenskaMagasine"]},{"@type":"Person","@id":"https:\/\/lightweb.dev\/l\/svm-temp\/#\/schema\/person\/206a3bda5b607b0c25e1749191e4d837","name":"Redaktionen SvM","description":"Redaktionen","sameAs":["https:\/\/lightweb.dev\/l\/svm-temp"],"url":"https:\/\/lightweb.dev\/l\/svm-temp\/reporter\/redaktionen\/"}]}},"_links":{"self":[{"href":"https:\/\/lightweb.dev\/l\/svm-temp\/wp-json\/wp\/v2\/posts\/15087","targetHints":{"allow":["GET"]}}],"collection":[{"href":"https:\/\/lightweb.dev\/l\/svm-temp\/wp-json\/wp\/v2\/posts"}],"about":[{"href":"https:\/\/lightweb.dev\/l\/svm-temp\/wp-json\/wp\/v2\/types\/post"}],"author":[{"embeddable":true,"href":"https:\/\/lightweb.dev\/l\/svm-temp\/wp-json\/wp\/v2\/users\/8"}],"replies":[{"embeddable":true,"href":"https:\/\/lightweb.dev\/l\/svm-temp\/wp-json\/wp\/v2\/comments?post=15087"}],"version-history":[{"count":0,"href":"https:\/\/lightweb.dev\/l\/svm-temp\/wp-json\/wp\/v2\/posts\/15087\/revisions"}],"wp:featuredmedia":[{"embeddable":true,"href":"https:\/\/lightweb.dev\/l\/svm-temp\/wp-json\/wp\/v2\/media\/15088"}],"wp:attachment":[{"href":"https:\/\/lightweb.dev\/l\/svm-temp\/wp-json\/wp\/v2\/media?parent=15087"}],"wp:term":[{"taxonomy":"category","embeddable":true,"href":"https:\/\/lightweb.dev\/l\/svm-temp\/wp-json\/wp\/v2\/categories?post=15087"},{"taxonomy":"post_tag","embeddable":true,"href":"https:\/\/lightweb.dev\/l\/svm-temp\/wp-json\/wp\/v2\/tags?post=15087"}],"curies":[{"name":"wp","href":"https:\/\/api.w.org\/{rel}","templated":true}]}}