{"id":15091,"date":"2019-12-18T00:00:00","date_gmt":"2019-12-17T23:00:00","guid":{"rendered":"https:\/\/lightweb.dev\/l\/svm-temp\/nyheter\/hotellen-i-marbella-verkar-bli-fullbelagda-i-jul\/"},"modified":"2019-12-18T00:00:00","modified_gmt":"2019-12-17T23:00:00","slug":"hotellen-i-marbella-verkar-bli-fullbelagda-i-jul","status":"publish","type":"post","link":"https:\/\/lightweb.dev\/l\/svm-temp\/nyheter\/hotellen-i-marbella-verkar-bli-fullbelagda-i-jul\/","title":{"rendered":"Hotellen i Marbella verkar bli fullbelagda i jul"},"content":{"rendered":"<p> Julperioden som str\u00e4cker sig fr\u00e5n julafton till trettondedagen verkar  bli en succ\u00e9 f\u00f6r hotelln\u00e4ringen i Marbella.<\/p>\n<p>De hotellanl\u00e4ggningar som har kontaktats av \u201dLa Opini\u00f3n de M\u00e1laga\u201d har svarat att de har i m\u00e5nga fall redan full bel\u00e4ggning eller eller n\u00e4rmare 90 procent mellan julafton och trettonhelgen. <\/p>\n<p>De f\u00f6rlitar sig till st\u00f6rsta delen p\u00e5 lojaliteten hos turister fr\u00e5n \u00f6vriga Spanien samt fr\u00e5n Storbritannien som kommer f\u00f6r att fira jul och ny\u00e5r. <\/p>\n<p>Tio dagar f\u00f6re julafton hade Gran Hotel Guadalp\u00edn Ban\u00fas redan ett bokningsl\u00e4ge p\u00e5 50 procent, en siffra som &#8221;vi hoppas \u00f6ka avsev\u00e4rt de n\u00e4rmaste dagarna&#8221;, s\u00e4ger dess direkt\u00f6r, Ram\u00f3n Pons. Fr\u00e5n 22 december till 6 januari r\u00e4knar vi med att ha cirka 90 procent bel\u00e4ggning,&#8221; till\u00e4gger han. Hotellet k\u00e4nnetecknas av att locka till sig en kosmopolitisk kundprofil och juls\u00e4songen kommer inte att vara ett undantag. &#8221;Vi f\u00f6rv\u00e4ntar oss att ha en majoritet av spanska, brittiska och arabiska kunder, men vi kommer ocks\u00e5 att ha tyska, franska, nordiska och ryska kunder,&#8221; f\u00f6rklarar direkt\u00f6ren f\u00f6r anl\u00e4ggningen.<\/p>\n<p>P\u00e5 hotellet Anantara Villa Padierna Palace, i Benahav\u00eds, \u00e4r bel\u00e4ggningsutsikterna mycket h\u00f6ga j\u00e4mf\u00f6rt med samma period f\u00f6r ett \u00e5r sedan. \u201dI anl\u00e4ggningen hoppas vi kunna uppn\u00e5 full bel\u00e4ggning runt 31 december, tack vare bland annat erbjudande om gastronomi och underh\u00e5llning\u201d, s\u00e4ger hotellets bitr\u00e4dande chef och chef f\u00f6r f\u00f6rs\u00e4ljning och marknadsf\u00f6ring, Eduardo Seisdedos. Vid \u00e5rsskiftet, mottar hotellet vanligtvis par fr\u00e5n de kallaste omr\u00e5dena i Spanien, ut\u00f6ver Storbritannien och andra l\u00e4nder i norra Europa. &#8221;De drar nytta av helgdagarna f\u00f6r att vila och njuta av det goda klimatet i omr\u00e5det och attraktionerna i regionen,&#8221; f\u00f6rklarar Seisdedos.  <\/p>\n<p>VD f\u00f6r Los Monteros hotell, Fernando Al-Farkh, p\u00e5pekar att \u201dvid jul f\u00e5r vi alltid fullt, s\u00e5 prognosen \u00e4r mycket optimistisk. N\u00e5gra dagar efter den 31 december har vi redan hundra procent bel\u00e4ggning, \u00e4ven om det fortfarande finns n\u00e5got utrymme f\u00f6r bokningar i sista minuten\u201d, framh\u00e5ller direkt\u00f6ren f\u00f6r en anl\u00e4ggningen d\u00e4r huvudg\u00e4sterna normalt \u00e4r spanska och brittiska. \u201dSlutet av \u00e5ret \u00e4r mer internationellt, i \u00e5r kommer vi att ha g\u00e4ster fr\u00e5n Storbritannien, Irland, Schweiz och Tyskland, ut\u00f6ver de sj\u00e4lvklara spanska g\u00e4sterna\u201d, till\u00e4gger Al-Farkh.<\/p>\n<p>Roc\u00edo Gal\u00e1n p\u00e5 hotell Gran Meli\u00e0 Don Pepe f\u00f6rv\u00e4ntar sig \u201dabsolut fullt p\u00e5 ny\u00e5rsafton i b\u00e5de rum och p\u00e5 middagar, hotellet bes\u00f6ks vid denna tid p\u00e5 \u00e5ret s\u00e4rskilt av spanska turister\u201d.<\/p>\n<p>Direkt\u00f6ren f\u00f6r hotellet Don Carlos, Javier Mendiz\u00e1bal, s\u00e4ger att &#8221;utsikterna mycket positiva&#8221; med genomsnittlig bel\u00e4ggning cirka 80 procent fr\u00e5n jul till trettonhelgen. P\u00e5 ny\u00e5rsafton har vi den st\u00f6rsta efterfr\u00e5gan d\u00e5 kommer vi att ha en speciell fest med tanke p\u00e5 v\u00e5ra 50 \u00e5r som hotell. Bildtext: Marbellab\u00e5ge, foto: Max Pixel.<br \/>\nArtikel: Jonny Erixon.<\/p>\n","protected":false},"excerpt":{"rendered":"<p>Julperioden som str\u00e4cker sig fr\u00e5n julafton till trettondedagen verkar bli en succ\u00e9 f\u00f6r hotelln\u00e4ringen i Marbella. De hotellanl\u00e4ggningar som har kontaktats av \u201dLa Opini\u00f3n de M\u00e1laga\u201d har svarat att de har i m\u00e5nga fall redan full bel\u00e4ggning eller eller n\u00e4rmare 90 procent mellan julafton och trettonhelgen. De f\u00f6rlitar sig till st\u00f6rsta delen p\u00e5 lojaliteten hos [&hellip;]<\/p>\n","protected":false},"author":8,"featured_media":15092,"comment_status":"open","ping_status":"open","sticky":false,"template":"","format":"standard","meta":{"_et_pb_use_builder":"","_et_pb_old_content":"","_et_gb_content_width":"","footnotes":""},"categories":[395,3],"tags":[],"class_list":["post-15091","post","type-post","status-publish","format-standard","has-post-thumbnail","hentry","category-arkiv-nyheter","category-nyheter"],"yoast_head":"<!-- This site is optimized with the Yoast SEO Premium plugin v26.2 (Yoast SEO v27.4) - https:\/\/yoast.com\/product\/yoast-seo-premium-wordpress\/ -->\n<title>Hotellen i Marbella verkar bli fullbelagda i jul - Svenska Magasinet<\/title>\n<meta name=\"robots\" content=\"noindex, follow, max-snippet:-1, max-image-preview:large, max-video-preview:-1\" \/>\n<meta property=\"og:locale\" content=\"sv_SE\" \/>\n<meta property=\"og:type\" content=\"article\" \/>\n<meta property=\"og:title\" content=\"Hotellen i Marbella verkar bli fullbelagda i jul\" \/>\n<meta property=\"og:description\" content=\"Julperioden som str\u00e4cker sig fr\u00e5n julafton till trettondedagen verkar bli en succ\u00e9 f\u00f6r hotelln\u00e4ringen i Marbella. De hotellanl\u00e4ggningar som har kontaktats av \u201dLa Opini\u00f3n de M\u00e1laga\u201d har svarat att de har i m\u00e5nga fall redan full bel\u00e4ggning eller eller n\u00e4rmare 90 procent mellan julafton och trettonhelgen. De f\u00f6rlitar sig till st\u00f6rsta delen p\u00e5 lojaliteten hos [&hellip;]\" \/>\n<meta property=\"og:url\" content=\"https:\/\/lightweb.dev\/l\/svm-temp\/nyheter\/hotellen-i-marbella-verkar-bli-fullbelagda-i-jul\/\" \/>\n<meta property=\"og:site_name\" content=\"Svenska Magasinet\" \/>\n<meta property=\"article:publisher\" content=\"https:\/\/www.facebook.com\/svenskamagasinet\" \/>\n<meta property=\"article:published_time\" content=\"2019-12-17T23:00:00+00:00\" \/>\n<meta property=\"og:image\" content=\"https:\/\/lightweb.dev\/l\/svm-temp\/wp-content\/uploads\/2022\/06\/hotellen-i-marbella-verkar-bli-fullbelagda-i-jul.png\" \/>\n\t<meta property=\"og:image:width\" content=\"700\" \/>\n\t<meta property=\"og:image:height\" content=\"420\" \/>\n\t<meta property=\"og:image:type\" content=\"image\/png\" \/>\n<meta name=\"author\" content=\"Redaktionen SvM\" \/>\n<meta name=\"twitter:card\" content=\"summary_large_image\" \/>\n<meta name=\"twitter:creator\" content=\"@SvenskaMagasine\" \/>\n<meta name=\"twitter:site\" content=\"@SvenskaMagasine\" \/>\n<script type=\"application\/ld+json\" class=\"yoast-schema-graph\">{\"@context\":\"https:\\\/\\\/schema.org\",\"@graph\":[{\"@type\":\"Article\",\"@id\":\"https:\\\/\\\/lightweb.dev\\\/l\\\/svm-temp\\\/nyheter\\\/hotellen-i-marbella-verkar-bli-fullbelagda-i-jul\\\/#article\",\"isPartOf\":{\"@id\":\"https:\\\/\\\/lightweb.dev\\\/l\\\/svm-temp\\\/nyheter\\\/hotellen-i-marbella-verkar-bli-fullbelagda-i-jul\\\/\"},\"author\":{\"name\":\"Redaktionen SvM\",\"@id\":\"https:\\\/\\\/lightweb.dev\\\/l\\\/svm-temp\\\/#\\\/schema\\\/person\\\/206a3bda5b607b0c25e1749191e4d837\"},\"headline\":\"Hotellen i Marbella verkar bli fullbelagda i jul\",\"datePublished\":\"2019-12-17T23:00:00+00:00\",\"mainEntityOfPage\":{\"@id\":\"https:\\\/\\\/lightweb.dev\\\/l\\\/svm-temp\\\/nyheter\\\/hotellen-i-marbella-verkar-bli-fullbelagda-i-jul\\\/\"},\"wordCount\":520,\"commentCount\":0,\"publisher\":{\"@id\":\"https:\\\/\\\/lightweb.dev\\\/l\\\/svm-temp\\\/#organization\"},\"image\":{\"@id\":\"https:\\\/\\\/lightweb.dev\\\/l\\\/svm-temp\\\/nyheter\\\/hotellen-i-marbella-verkar-bli-fullbelagda-i-jul\\\/#primaryimage\"},\"thumbnailUrl\":\"https:\\\/\\\/lightweb.dev\\\/l\\\/svm-temp\\\/wp-content\\\/uploads\\\/2022\\\/06\\\/hotellen-i-marbella-verkar-bli-fullbelagda-i-jul.png\",\"articleSection\":[\"Arkiv\",\"Nyheter\"],\"inLanguage\":\"sv-SE\"},{\"@type\":\"WebPage\",\"@id\":\"https:\\\/\\\/lightweb.dev\\\/l\\\/svm-temp\\\/nyheter\\\/hotellen-i-marbella-verkar-bli-fullbelagda-i-jul\\\/\",\"url\":\"https:\\\/\\\/lightweb.dev\\\/l\\\/svm-temp\\\/nyheter\\\/hotellen-i-marbella-verkar-bli-fullbelagda-i-jul\\\/\",\"name\":\"Hotellen i Marbella verkar bli fullbelagda i jul - Svenska Magasinet\",\"isPartOf\":{\"@id\":\"https:\\\/\\\/lightweb.dev\\\/l\\\/svm-temp\\\/#website\"},\"primaryImageOfPage\":{\"@id\":\"https:\\\/\\\/lightweb.dev\\\/l\\\/svm-temp\\\/nyheter\\\/hotellen-i-marbella-verkar-bli-fullbelagda-i-jul\\\/#primaryimage\"},\"image\":{\"@id\":\"https:\\\/\\\/lightweb.dev\\\/l\\\/svm-temp\\\/nyheter\\\/hotellen-i-marbella-verkar-bli-fullbelagda-i-jul\\\/#primaryimage\"},\"thumbnailUrl\":\"https:\\\/\\\/lightweb.dev\\\/l\\\/svm-temp\\\/wp-content\\\/uploads\\\/2022\\\/06\\\/hotellen-i-marbella-verkar-bli-fullbelagda-i-jul.png\",\"datePublished\":\"2019-12-17T23:00:00+00:00\",\"breadcrumb\":{\"@id\":\"https:\\\/\\\/lightweb.dev\\\/l\\\/svm-temp\\\/nyheter\\\/hotellen-i-marbella-verkar-bli-fullbelagda-i-jul\\\/#breadcrumb\"},\"inLanguage\":\"sv-SE\",\"potentialAction\":[{\"@type\":\"ReadAction\",\"target\":[\"https:\\\/\\\/lightweb.dev\\\/l\\\/svm-temp\\\/nyheter\\\/hotellen-i-marbella-verkar-bli-fullbelagda-i-jul\\\/\"]}]},{\"@type\":\"ImageObject\",\"inLanguage\":\"sv-SE\",\"@id\":\"https:\\\/\\\/lightweb.dev\\\/l\\\/svm-temp\\\/nyheter\\\/hotellen-i-marbella-verkar-bli-fullbelagda-i-jul\\\/#primaryimage\",\"url\":\"https:\\\/\\\/lightweb.dev\\\/l\\\/svm-temp\\\/wp-content\\\/uploads\\\/2022\\\/06\\\/hotellen-i-marbella-verkar-bli-fullbelagda-i-jul.png\",\"contentUrl\":\"https:\\\/\\\/lightweb.dev\\\/l\\\/svm-temp\\\/wp-content\\\/uploads\\\/2022\\\/06\\\/hotellen-i-marbella-verkar-bli-fullbelagda-i-jul.png\",\"width\":700,\"height\":420},{\"@type\":\"BreadcrumbList\",\"@id\":\"https:\\\/\\\/lightweb.dev\\\/l\\\/svm-temp\\\/nyheter\\\/hotellen-i-marbella-verkar-bli-fullbelagda-i-jul\\\/#breadcrumb\",\"itemListElement\":[{\"@type\":\"ListItem\",\"position\":1,\"name\":\"Hem\",\"item\":\"https:\\\/\\\/lightweb.dev\\\/l\\\/svm-temp\\\/\"},{\"@type\":\"ListItem\",\"position\":2,\"name\":\"Hotellen i Marbella verkar bli fullbelagda i jul\"}]},{\"@type\":\"WebSite\",\"@id\":\"https:\\\/\\\/lightweb.dev\\\/l\\\/svm-temp\\\/#website\",\"url\":\"https:\\\/\\\/lightweb.dev\\\/l\\\/svm-temp\\\/\",\"name\":\"Svenska Magasinet\",\"description\":\"Dina Spanska nyheter p&aring; Svenska\",\"publisher\":{\"@id\":\"https:\\\/\\\/lightweb.dev\\\/l\\\/svm-temp\\\/#organization\"},\"potentialAction\":[{\"@type\":\"SearchAction\",\"target\":{\"@type\":\"EntryPoint\",\"urlTemplate\":\"https:\\\/\\\/lightweb.dev\\\/l\\\/svm-temp\\\/?s={search_term_string}\"},\"query-input\":{\"@type\":\"PropertyValueSpecification\",\"valueRequired\":true,\"valueName\":\"search_term_string\"}}],\"inLanguage\":\"sv-SE\"},{\"@type\":\"Organization\",\"@id\":\"https:\\\/\\\/lightweb.dev\\\/l\\\/svm-temp\\\/#organization\",\"name\":\"Melkerson y Nott SL\",\"alternateName\":\"Svenska Magasinet\",\"url\":\"https:\\\/\\\/lightweb.dev\\\/l\\\/svm-temp\\\/\",\"logo\":{\"@type\":\"ImageObject\",\"inLanguage\":\"sv-SE\",\"@id\":\"https:\\\/\\\/lightweb.dev\\\/l\\\/svm-temp\\\/#\\\/schema\\\/logo\\\/image\\\/\",\"url\":\"https:\\\/\\\/lightweb.dev\\\/l\\\/svm-temp\\\/wp-content\\\/uploads\\\/2025\\\/02\\\/SvM-logo-Xtra-Centrerad-SVART.png\",\"contentUrl\":\"https:\\\/\\\/lightweb.dev\\\/l\\\/svm-temp\\\/wp-content\\\/uploads\\\/2025\\\/02\\\/SvM-logo-Xtra-Centrerad-SVART.png\",\"width\":300,\"height\":99,\"caption\":\"Melkerson y Nott SL\"},\"image\":{\"@id\":\"https:\\\/\\\/lightweb.dev\\\/l\\\/svm-temp\\\/#\\\/schema\\\/logo\\\/image\\\/\"},\"sameAs\":[\"https:\\\/\\\/www.facebook.com\\\/svenskamagasinet\",\"https:\\\/\\\/x.com\\\/SvenskaMagasine\"]},{\"@type\":\"Person\",\"@id\":\"https:\\\/\\\/lightweb.dev\\\/l\\\/svm-temp\\\/#\\\/schema\\\/person\\\/206a3bda5b607b0c25e1749191e4d837\",\"name\":\"Redaktionen SvM\",\"description\":\"Redaktionen\",\"sameAs\":[\"https:\\\/\\\/lightweb.dev\\\/l\\\/svm-temp\"],\"url\":\"https:\\\/\\\/lightweb.dev\\\/l\\\/svm-temp\\\/reporter\\\/redaktionen\\\/\"}]}<\/script>\n<!-- \/ Yoast SEO Premium plugin. -->","yoast_head_json":{"title":"Hotellen i Marbella verkar bli fullbelagda i jul - Svenska Magasinet","robots":{"index":"noindex","follow":"follow","max-snippet":"max-snippet:-1","max-image-preview":"max-image-preview:large","max-video-preview":"max-video-preview:-1"},"og_locale":"sv_SE","og_type":"article","og_title":"Hotellen i Marbella verkar bli fullbelagda i jul","og_description":"Julperioden som str\u00e4cker sig fr\u00e5n julafton till trettondedagen verkar bli en succ\u00e9 f\u00f6r hotelln\u00e4ringen i Marbella. De hotellanl\u00e4ggningar som har kontaktats av \u201dLa Opini\u00f3n de M\u00e1laga\u201d har svarat att de har i m\u00e5nga fall redan full bel\u00e4ggning eller eller n\u00e4rmare 90 procent mellan julafton och trettonhelgen. De f\u00f6rlitar sig till st\u00f6rsta delen p\u00e5 lojaliteten hos [&hellip;]","og_url":"https:\/\/lightweb.dev\/l\/svm-temp\/nyheter\/hotellen-i-marbella-verkar-bli-fullbelagda-i-jul\/","og_site_name":"Svenska Magasinet","article_publisher":"https:\/\/www.facebook.com\/svenskamagasinet","article_published_time":"2019-12-17T23:00:00+00:00","og_image":[{"width":700,"height":420,"url":"https:\/\/lightweb.dev\/l\/svm-temp\/wp-content\/uploads\/2022\/06\/hotellen-i-marbella-verkar-bli-fullbelagda-i-jul.png","type":"image\/png"}],"author":"Redaktionen SvM","twitter_card":"summary_large_image","twitter_creator":"@SvenskaMagasine","twitter_site":"@SvenskaMagasine","schema":{"@context":"https:\/\/schema.org","@graph":[{"@type":"Article","@id":"https:\/\/lightweb.dev\/l\/svm-temp\/nyheter\/hotellen-i-marbella-verkar-bli-fullbelagda-i-jul\/#article","isPartOf":{"@id":"https:\/\/lightweb.dev\/l\/svm-temp\/nyheter\/hotellen-i-marbella-verkar-bli-fullbelagda-i-jul\/"},"author":{"name":"Redaktionen SvM","@id":"https:\/\/lightweb.dev\/l\/svm-temp\/#\/schema\/person\/206a3bda5b607b0c25e1749191e4d837"},"headline":"Hotellen i Marbella verkar bli fullbelagda i jul","datePublished":"2019-12-17T23:00:00+00:00","mainEntityOfPage":{"@id":"https:\/\/lightweb.dev\/l\/svm-temp\/nyheter\/hotellen-i-marbella-verkar-bli-fullbelagda-i-jul\/"},"wordCount":520,"commentCount":0,"publisher":{"@id":"https:\/\/lightweb.dev\/l\/svm-temp\/#organization"},"image":{"@id":"https:\/\/lightweb.dev\/l\/svm-temp\/nyheter\/hotellen-i-marbella-verkar-bli-fullbelagda-i-jul\/#primaryimage"},"thumbnailUrl":"https:\/\/lightweb.dev\/l\/svm-temp\/wp-content\/uploads\/2022\/06\/hotellen-i-marbella-verkar-bli-fullbelagda-i-jul.png","articleSection":["Arkiv","Nyheter"],"inLanguage":"sv-SE"},{"@type":"WebPage","@id":"https:\/\/lightweb.dev\/l\/svm-temp\/nyheter\/hotellen-i-marbella-verkar-bli-fullbelagda-i-jul\/","url":"https:\/\/lightweb.dev\/l\/svm-temp\/nyheter\/hotellen-i-marbella-verkar-bli-fullbelagda-i-jul\/","name":"Hotellen i Marbella verkar bli fullbelagda i jul - Svenska Magasinet","isPartOf":{"@id":"https:\/\/lightweb.dev\/l\/svm-temp\/#website"},"primaryImageOfPage":{"@id":"https:\/\/lightweb.dev\/l\/svm-temp\/nyheter\/hotellen-i-marbella-verkar-bli-fullbelagda-i-jul\/#primaryimage"},"image":{"@id":"https:\/\/lightweb.dev\/l\/svm-temp\/nyheter\/hotellen-i-marbella-verkar-bli-fullbelagda-i-jul\/#primaryimage"},"thumbnailUrl":"https:\/\/lightweb.dev\/l\/svm-temp\/wp-content\/uploads\/2022\/06\/hotellen-i-marbella-verkar-bli-fullbelagda-i-jul.png","datePublished":"2019-12-17T23:00:00+00:00","breadcrumb":{"@id":"https:\/\/lightweb.dev\/l\/svm-temp\/nyheter\/hotellen-i-marbella-verkar-bli-fullbelagda-i-jul\/#breadcrumb"},"inLanguage":"sv-SE","potentialAction":[{"@type":"ReadAction","target":["https:\/\/lightweb.dev\/l\/svm-temp\/nyheter\/hotellen-i-marbella-verkar-bli-fullbelagda-i-jul\/"]}]},{"@type":"ImageObject","inLanguage":"sv-SE","@id":"https:\/\/lightweb.dev\/l\/svm-temp\/nyheter\/hotellen-i-marbella-verkar-bli-fullbelagda-i-jul\/#primaryimage","url":"https:\/\/lightweb.dev\/l\/svm-temp\/wp-content\/uploads\/2022\/06\/hotellen-i-marbella-verkar-bli-fullbelagda-i-jul.png","contentUrl":"https:\/\/lightweb.dev\/l\/svm-temp\/wp-content\/uploads\/2022\/06\/hotellen-i-marbella-verkar-bli-fullbelagda-i-jul.png","width":700,"height":420},{"@type":"BreadcrumbList","@id":"https:\/\/lightweb.dev\/l\/svm-temp\/nyheter\/hotellen-i-marbella-verkar-bli-fullbelagda-i-jul\/#breadcrumb","itemListElement":[{"@type":"ListItem","position":1,"name":"Hem","item":"https:\/\/lightweb.dev\/l\/svm-temp\/"},{"@type":"ListItem","position":2,"name":"Hotellen i Marbella verkar bli fullbelagda i jul"}]},{"@type":"WebSite","@id":"https:\/\/lightweb.dev\/l\/svm-temp\/#website","url":"https:\/\/lightweb.dev\/l\/svm-temp\/","name":"Svenska Magasinet","description":"Dina Spanska nyheter p&aring; Svenska","publisher":{"@id":"https:\/\/lightweb.dev\/l\/svm-temp\/#organization"},"potentialAction":[{"@type":"SearchAction","target":{"@type":"EntryPoint","urlTemplate":"https:\/\/lightweb.dev\/l\/svm-temp\/?s={search_term_string}"},"query-input":{"@type":"PropertyValueSpecification","valueRequired":true,"valueName":"search_term_string"}}],"inLanguage":"sv-SE"},{"@type":"Organization","@id":"https:\/\/lightweb.dev\/l\/svm-temp\/#organization","name":"Melkerson y Nott SL","alternateName":"Svenska Magasinet","url":"https:\/\/lightweb.dev\/l\/svm-temp\/","logo":{"@type":"ImageObject","inLanguage":"sv-SE","@id":"https:\/\/lightweb.dev\/l\/svm-temp\/#\/schema\/logo\/image\/","url":"https:\/\/lightweb.dev\/l\/svm-temp\/wp-content\/uploads\/2025\/02\/SvM-logo-Xtra-Centrerad-SVART.png","contentUrl":"https:\/\/lightweb.dev\/l\/svm-temp\/wp-content\/uploads\/2025\/02\/SvM-logo-Xtra-Centrerad-SVART.png","width":300,"height":99,"caption":"Melkerson y Nott SL"},"image":{"@id":"https:\/\/lightweb.dev\/l\/svm-temp\/#\/schema\/logo\/image\/"},"sameAs":["https:\/\/www.facebook.com\/svenskamagasinet","https:\/\/x.com\/SvenskaMagasine"]},{"@type":"Person","@id":"https:\/\/lightweb.dev\/l\/svm-temp\/#\/schema\/person\/206a3bda5b607b0c25e1749191e4d837","name":"Redaktionen SvM","description":"Redaktionen","sameAs":["https:\/\/lightweb.dev\/l\/svm-temp"],"url":"https:\/\/lightweb.dev\/l\/svm-temp\/reporter\/redaktionen\/"}]}},"_links":{"self":[{"href":"https:\/\/lightweb.dev\/l\/svm-temp\/wp-json\/wp\/v2\/posts\/15091","targetHints":{"allow":["GET"]}}],"collection":[{"href":"https:\/\/lightweb.dev\/l\/svm-temp\/wp-json\/wp\/v2\/posts"}],"about":[{"href":"https:\/\/lightweb.dev\/l\/svm-temp\/wp-json\/wp\/v2\/types\/post"}],"author":[{"embeddable":true,"href":"https:\/\/lightweb.dev\/l\/svm-temp\/wp-json\/wp\/v2\/users\/8"}],"replies":[{"embeddable":true,"href":"https:\/\/lightweb.dev\/l\/svm-temp\/wp-json\/wp\/v2\/comments?post=15091"}],"version-history":[{"count":0,"href":"https:\/\/lightweb.dev\/l\/svm-temp\/wp-json\/wp\/v2\/posts\/15091\/revisions"}],"wp:featuredmedia":[{"embeddable":true,"href":"https:\/\/lightweb.dev\/l\/svm-temp\/wp-json\/wp\/v2\/media\/15092"}],"wp:attachment":[{"href":"https:\/\/lightweb.dev\/l\/svm-temp\/wp-json\/wp\/v2\/media?parent=15091"}],"wp:term":[{"taxonomy":"category","embeddable":true,"href":"https:\/\/lightweb.dev\/l\/svm-temp\/wp-json\/wp\/v2\/categories?post=15091"},{"taxonomy":"post_tag","embeddable":true,"href":"https:\/\/lightweb.dev\/l\/svm-temp\/wp-json\/wp\/v2\/tags?post=15091"}],"curies":[{"name":"wp","href":"https:\/\/api.w.org\/{rel}","templated":true}]}}