{"id":15093,"date":"2019-12-18T00:00:00","date_gmt":"2019-12-17T23:00:00","guid":{"rendered":"https:\/\/lightweb.dev\/l\/svm-temp\/nyheter\/usa-vill-kraftigt-oka-sin-militara-narvaro-i-spanien\/"},"modified":"2019-12-18T00:00:00","modified_gmt":"2019-12-17T23:00:00","slug":"usa-vill-kraftigt-oka-sin-militara-narvaro-i-spanien","status":"publish","type":"post","link":"https:\/\/lightweb.dev\/l\/svm-temp\/nyheter\/usa-vill-kraftigt-oka-sin-militara-narvaro-i-spanien\/","title":{"rendered":"USA vill kraftigt \u00f6ka sin milit\u00e4ra n\u00e4rvaro i Spanien"},"content":{"rendered":"<p> Planen som inte kommer att sj\u00f6s\u00e4ttas innan Spanien har en ny regering p\u00e5 plats inneb\u00e4r en 50-procentig \u00f6kning av den milit\u00e4ra personalen stationerad p\u00e5 flottbasen i Rota, C\u00e1diz.<\/p>\n<p>Enligt milit\u00e4ra och diplomatiska k\u00e4llor inneb\u00e4r f\u00f6rslaget att antalet jagare av Arleigh Burke klassen p\u00e5 basen \u00f6kar fr\u00e5n fyra till sex, de kommer dessutom att byta ut de befintliga fartygen till modernare, kompletta med helikoptrar. Till skillnad fr\u00e5n sina f\u00f6reg\u00e5ngare kommer de nya fartygen var och en att vara utrustade med en Sikorsky SH-60 Seahawk, vilket inneb\u00e4r att Rota ocks\u00e5 kommer att vara hem f\u00f6r en skvadron av marihelikoptrar. Detta inneb\u00e4r ocks\u00e5 att ytterligare 600 milit\u00e4r personal kommer att stationeras p\u00e5 basen. Det befintliga bilaterala avtalet som ursprungligen \u00e4r fr\u00e5n 1988 och som har modifierats tre g\u00e5nger kommer att omf\u00f6rhandlas.<\/p>\n<p>Enligt milit\u00e4ra k\u00e4llor \u00e4r syftet fr\u00e5n USA:s flotta att de skall ha en komplett skvadron jagare p\u00e5 Rotabasen f\u00f6r att f\u00f6rs\u00e4kra sig om att den s\u00e5 kallade \u201dForward Deployed Naval Forces-Europe (FDNF-E)\u201d alltid har fyra operativa jagare till sitt f\u00f6rfogande. Detta med tanke p\u00e5 att tv\u00e5 stycken vanligtvis \u00e4r immobiliserade f\u00f6r normalt underh\u00e5ll och reparationer.<\/p>\n<p>De amerikanska jagarna p\u00e5 Rotabasen utg\u00f6r en del av Nato:s missilf\u00f6rsvarssystem f\u00f6r att hantera en potentiell attack fr\u00e5n Iran eller Nordkorea. De tj\u00e4nar ocks\u00e5 andra syften, b\u00e5de ensidigt och f\u00f6r USA: s allierade, som att patrullera Svarta havet och som ett avskr\u00e4ckande medel f\u00f6r Ryssland eller f\u00f6r att ingripa i konflikten i Syrien. <\/p>\n<p>Marinbasen i Rota har mer \u00e4n tillr\u00e4cklig kapacitet f\u00f6r ytterligare tv\u00e5 fartyg. F\u00f6r det spanska statliga varvet Navantia kommer det att betyda mer arbete, eftersom det \u00e4r det varvet som ansvarar f\u00f6r det regelbundna underh\u00e5llet av basens fartyg.<\/p>\n<p>Detta inneb\u00e4r att Rotabasen blir den st\u00f6rsta och viktigaste amerikanska flottbasen i s\u00f6dra Europa. Men gr\u00e4nsen f\u00f6r amerikansk personal som \u00e4r auktoriserad p\u00e5 C\u00e1diz-basen kommer inte att \u00f6verskridas: 4 250 milit\u00e4rpersonal och 1 000 civila. Det \u00e4r \u00f6kningen av antalet fartyg och helikoptrarna som g\u00f6r att det befintliga avtalet m\u00e5ste omf\u00f6rhandlas.<\/p>\n<p>Eftersom att f\u00f6rdraget \u00e4r ett internationellt avtal kr\u00e4vs det ett tillst\u00e5nd fr\u00e5n parlamentet, n\u00e5got som ocks\u00e5 har varit fallet vid tidigare reformer av avtalet. Planen har granskats utifr\u00e5n en teknisk synvinkel men den har \u00e4nnu inte tagits upp p\u00e5 h\u00f6gsta niv\u00e5 i den politiska sf\u00e4ren, n\u00e5got som kommer att ske s\u00e5 snart som Spanien har en regering p\u00e5 plats, enligt den spanska dagstidningen El Pais. Bildtext: USS Donald Cook (DDG 75) p\u00e5 Rotabasen, foto: U.S. Navy photo by Morgan Over.<br \/>\nArtikel: Jonny Erixon.<\/p>\n","protected":false},"excerpt":{"rendered":"<p>Planen som inte kommer att sj\u00f6s\u00e4ttas innan Spanien har en ny regering p\u00e5 plats inneb\u00e4r en 50-procentig \u00f6kning av den milit\u00e4ra personalen stationerad p\u00e5 flottbasen i Rota, C\u00e1diz. Enligt milit\u00e4ra och diplomatiska k\u00e4llor inneb\u00e4r f\u00f6rslaget att antalet jagare av Arleigh Burke klassen p\u00e5 basen \u00f6kar fr\u00e5n fyra till sex, de kommer dessutom att byta ut [&hellip;]<\/p>\n","protected":false},"author":8,"featured_media":15094,"comment_status":"open","ping_status":"open","sticky":false,"template":"","format":"standard","meta":{"_et_pb_use_builder":"","_et_pb_old_content":"","_et_gb_content_width":"","footnotes":""},"categories":[395,3],"tags":[],"class_list":["post-15093","post","type-post","status-publish","format-standard","has-post-thumbnail","hentry","category-arkiv-nyheter","category-nyheter"],"yoast_head":"<!-- This site is optimized with the Yoast SEO Premium plugin v26.2 (Yoast SEO v27.4) - https:\/\/yoast.com\/product\/yoast-seo-premium-wordpress\/ -->\n<title>USA vill kraftigt \u00f6ka sin milit\u00e4ra n\u00e4rvaro i Spanien - Svenska Magasinet<\/title>\n<meta name=\"robots\" content=\"noindex, follow, max-snippet:-1, max-image-preview:large, max-video-preview:-1\" \/>\n<meta property=\"og:locale\" content=\"sv_SE\" \/>\n<meta property=\"og:type\" content=\"article\" \/>\n<meta property=\"og:title\" content=\"USA vill kraftigt \u00f6ka sin milit\u00e4ra n\u00e4rvaro i Spanien\" \/>\n<meta property=\"og:description\" content=\"Planen som inte kommer att sj\u00f6s\u00e4ttas innan Spanien har en ny regering p\u00e5 plats inneb\u00e4r en 50-procentig \u00f6kning av den milit\u00e4ra personalen stationerad p\u00e5 flottbasen i Rota, C\u00e1diz. Enligt milit\u00e4ra och diplomatiska k\u00e4llor inneb\u00e4r f\u00f6rslaget att antalet jagare av Arleigh Burke klassen p\u00e5 basen \u00f6kar fr\u00e5n fyra till sex, de kommer dessutom att byta ut [&hellip;]\" \/>\n<meta property=\"og:url\" content=\"https:\/\/lightweb.dev\/l\/svm-temp\/nyheter\/usa-vill-kraftigt-oka-sin-militara-narvaro-i-spanien\/\" \/>\n<meta property=\"og:site_name\" content=\"Svenska Magasinet\" \/>\n<meta property=\"article:publisher\" content=\"https:\/\/www.facebook.com\/svenskamagasinet\" \/>\n<meta property=\"article:published_time\" content=\"2019-12-17T23:00:00+00:00\" \/>\n<meta property=\"og:image\" content=\"https:\/\/lightweb.dev\/l\/svm-temp\/wp-content\/uploads\/2022\/06\/usa-vill-kraftigt-oka-sin-militara-narvaro-i-spanien.png\" \/>\n\t<meta property=\"og:image:width\" content=\"700\" \/>\n\t<meta property=\"og:image:height\" content=\"420\" \/>\n\t<meta property=\"og:image:type\" content=\"image\/png\" \/>\n<meta name=\"author\" content=\"Redaktionen SvM\" \/>\n<meta name=\"twitter:card\" content=\"summary_large_image\" \/>\n<meta name=\"twitter:creator\" content=\"@SvenskaMagasine\" \/>\n<meta name=\"twitter:site\" content=\"@SvenskaMagasine\" \/>\n<script type=\"application\/ld+json\" class=\"yoast-schema-graph\">{\"@context\":\"https:\\\/\\\/schema.org\",\"@graph\":[{\"@type\":\"Article\",\"@id\":\"https:\\\/\\\/lightweb.dev\\\/l\\\/svm-temp\\\/nyheter\\\/usa-vill-kraftigt-oka-sin-militara-narvaro-i-spanien\\\/#article\",\"isPartOf\":{\"@id\":\"https:\\\/\\\/lightweb.dev\\\/l\\\/svm-temp\\\/nyheter\\\/usa-vill-kraftigt-oka-sin-militara-narvaro-i-spanien\\\/\"},\"author\":{\"name\":\"Redaktionen SvM\",\"@id\":\"https:\\\/\\\/lightweb.dev\\\/l\\\/svm-temp\\\/#\\\/schema\\\/person\\\/206a3bda5b607b0c25e1749191e4d837\"},\"headline\":\"USA vill kraftigt \u00f6ka sin milit\u00e4ra n\u00e4rvaro i Spanien\",\"datePublished\":\"2019-12-17T23:00:00+00:00\",\"mainEntityOfPage\":{\"@id\":\"https:\\\/\\\/lightweb.dev\\\/l\\\/svm-temp\\\/nyheter\\\/usa-vill-kraftigt-oka-sin-militara-narvaro-i-spanien\\\/\"},\"wordCount\":478,\"commentCount\":0,\"publisher\":{\"@id\":\"https:\\\/\\\/lightweb.dev\\\/l\\\/svm-temp\\\/#organization\"},\"image\":{\"@id\":\"https:\\\/\\\/lightweb.dev\\\/l\\\/svm-temp\\\/nyheter\\\/usa-vill-kraftigt-oka-sin-militara-narvaro-i-spanien\\\/#primaryimage\"},\"thumbnailUrl\":\"https:\\\/\\\/lightweb.dev\\\/l\\\/svm-temp\\\/wp-content\\\/uploads\\\/2022\\\/06\\\/usa-vill-kraftigt-oka-sin-militara-narvaro-i-spanien.png\",\"articleSection\":[\"Arkiv\",\"Nyheter\"],\"inLanguage\":\"sv-SE\"},{\"@type\":\"WebPage\",\"@id\":\"https:\\\/\\\/lightweb.dev\\\/l\\\/svm-temp\\\/nyheter\\\/usa-vill-kraftigt-oka-sin-militara-narvaro-i-spanien\\\/\",\"url\":\"https:\\\/\\\/lightweb.dev\\\/l\\\/svm-temp\\\/nyheter\\\/usa-vill-kraftigt-oka-sin-militara-narvaro-i-spanien\\\/\",\"name\":\"USA vill kraftigt \u00f6ka sin milit\u00e4ra n\u00e4rvaro i Spanien - Svenska Magasinet\",\"isPartOf\":{\"@id\":\"https:\\\/\\\/lightweb.dev\\\/l\\\/svm-temp\\\/#website\"},\"primaryImageOfPage\":{\"@id\":\"https:\\\/\\\/lightweb.dev\\\/l\\\/svm-temp\\\/nyheter\\\/usa-vill-kraftigt-oka-sin-militara-narvaro-i-spanien\\\/#primaryimage\"},\"image\":{\"@id\":\"https:\\\/\\\/lightweb.dev\\\/l\\\/svm-temp\\\/nyheter\\\/usa-vill-kraftigt-oka-sin-militara-narvaro-i-spanien\\\/#primaryimage\"},\"thumbnailUrl\":\"https:\\\/\\\/lightweb.dev\\\/l\\\/svm-temp\\\/wp-content\\\/uploads\\\/2022\\\/06\\\/usa-vill-kraftigt-oka-sin-militara-narvaro-i-spanien.png\",\"datePublished\":\"2019-12-17T23:00:00+00:00\",\"breadcrumb\":{\"@id\":\"https:\\\/\\\/lightweb.dev\\\/l\\\/svm-temp\\\/nyheter\\\/usa-vill-kraftigt-oka-sin-militara-narvaro-i-spanien\\\/#breadcrumb\"},\"inLanguage\":\"sv-SE\",\"potentialAction\":[{\"@type\":\"ReadAction\",\"target\":[\"https:\\\/\\\/lightweb.dev\\\/l\\\/svm-temp\\\/nyheter\\\/usa-vill-kraftigt-oka-sin-militara-narvaro-i-spanien\\\/\"]}]},{\"@type\":\"ImageObject\",\"inLanguage\":\"sv-SE\",\"@id\":\"https:\\\/\\\/lightweb.dev\\\/l\\\/svm-temp\\\/nyheter\\\/usa-vill-kraftigt-oka-sin-militara-narvaro-i-spanien\\\/#primaryimage\",\"url\":\"https:\\\/\\\/lightweb.dev\\\/l\\\/svm-temp\\\/wp-content\\\/uploads\\\/2022\\\/06\\\/usa-vill-kraftigt-oka-sin-militara-narvaro-i-spanien.png\",\"contentUrl\":\"https:\\\/\\\/lightweb.dev\\\/l\\\/svm-temp\\\/wp-content\\\/uploads\\\/2022\\\/06\\\/usa-vill-kraftigt-oka-sin-militara-narvaro-i-spanien.png\",\"width\":700,\"height\":420},{\"@type\":\"BreadcrumbList\",\"@id\":\"https:\\\/\\\/lightweb.dev\\\/l\\\/svm-temp\\\/nyheter\\\/usa-vill-kraftigt-oka-sin-militara-narvaro-i-spanien\\\/#breadcrumb\",\"itemListElement\":[{\"@type\":\"ListItem\",\"position\":1,\"name\":\"Hem\",\"item\":\"https:\\\/\\\/lightweb.dev\\\/l\\\/svm-temp\\\/\"},{\"@type\":\"ListItem\",\"position\":2,\"name\":\"USA vill kraftigt \u00f6ka sin milit\u00e4ra n\u00e4rvaro i Spanien\"}]},{\"@type\":\"WebSite\",\"@id\":\"https:\\\/\\\/lightweb.dev\\\/l\\\/svm-temp\\\/#website\",\"url\":\"https:\\\/\\\/lightweb.dev\\\/l\\\/svm-temp\\\/\",\"name\":\"Svenska Magasinet\",\"description\":\"Dina Spanska nyheter p&aring; Svenska\",\"publisher\":{\"@id\":\"https:\\\/\\\/lightweb.dev\\\/l\\\/svm-temp\\\/#organization\"},\"potentialAction\":[{\"@type\":\"SearchAction\",\"target\":{\"@type\":\"EntryPoint\",\"urlTemplate\":\"https:\\\/\\\/lightweb.dev\\\/l\\\/svm-temp\\\/?s={search_term_string}\"},\"query-input\":{\"@type\":\"PropertyValueSpecification\",\"valueRequired\":true,\"valueName\":\"search_term_string\"}}],\"inLanguage\":\"sv-SE\"},{\"@type\":\"Organization\",\"@id\":\"https:\\\/\\\/lightweb.dev\\\/l\\\/svm-temp\\\/#organization\",\"name\":\"Melkerson y Nott SL\",\"alternateName\":\"Svenska Magasinet\",\"url\":\"https:\\\/\\\/lightweb.dev\\\/l\\\/svm-temp\\\/\",\"logo\":{\"@type\":\"ImageObject\",\"inLanguage\":\"sv-SE\",\"@id\":\"https:\\\/\\\/lightweb.dev\\\/l\\\/svm-temp\\\/#\\\/schema\\\/logo\\\/image\\\/\",\"url\":\"https:\\\/\\\/lightweb.dev\\\/l\\\/svm-temp\\\/wp-content\\\/uploads\\\/2025\\\/02\\\/SvM-logo-Xtra-Centrerad-SVART.png\",\"contentUrl\":\"https:\\\/\\\/lightweb.dev\\\/l\\\/svm-temp\\\/wp-content\\\/uploads\\\/2025\\\/02\\\/SvM-logo-Xtra-Centrerad-SVART.png\",\"width\":300,\"height\":99,\"caption\":\"Melkerson y Nott SL\"},\"image\":{\"@id\":\"https:\\\/\\\/lightweb.dev\\\/l\\\/svm-temp\\\/#\\\/schema\\\/logo\\\/image\\\/\"},\"sameAs\":[\"https:\\\/\\\/www.facebook.com\\\/svenskamagasinet\",\"https:\\\/\\\/x.com\\\/SvenskaMagasine\"]},{\"@type\":\"Person\",\"@id\":\"https:\\\/\\\/lightweb.dev\\\/l\\\/svm-temp\\\/#\\\/schema\\\/person\\\/206a3bda5b607b0c25e1749191e4d837\",\"name\":\"Redaktionen SvM\",\"description\":\"Redaktionen\",\"sameAs\":[\"https:\\\/\\\/lightweb.dev\\\/l\\\/svm-temp\"],\"url\":\"https:\\\/\\\/lightweb.dev\\\/l\\\/svm-temp\\\/reporter\\\/redaktionen\\\/\"}]}<\/script>\n<!-- \/ Yoast SEO Premium plugin. -->","yoast_head_json":{"title":"USA vill kraftigt \u00f6ka sin milit\u00e4ra n\u00e4rvaro i Spanien - Svenska Magasinet","robots":{"index":"noindex","follow":"follow","max-snippet":"max-snippet:-1","max-image-preview":"max-image-preview:large","max-video-preview":"max-video-preview:-1"},"og_locale":"sv_SE","og_type":"article","og_title":"USA vill kraftigt \u00f6ka sin milit\u00e4ra n\u00e4rvaro i Spanien","og_description":"Planen som inte kommer att sj\u00f6s\u00e4ttas innan Spanien har en ny regering p\u00e5 plats inneb\u00e4r en 50-procentig \u00f6kning av den milit\u00e4ra personalen stationerad p\u00e5 flottbasen i Rota, C\u00e1diz. Enligt milit\u00e4ra och diplomatiska k\u00e4llor inneb\u00e4r f\u00f6rslaget att antalet jagare av Arleigh Burke klassen p\u00e5 basen \u00f6kar fr\u00e5n fyra till sex, de kommer dessutom att byta ut [&hellip;]","og_url":"https:\/\/lightweb.dev\/l\/svm-temp\/nyheter\/usa-vill-kraftigt-oka-sin-militara-narvaro-i-spanien\/","og_site_name":"Svenska Magasinet","article_publisher":"https:\/\/www.facebook.com\/svenskamagasinet","article_published_time":"2019-12-17T23:00:00+00:00","og_image":[{"width":700,"height":420,"url":"https:\/\/lightweb.dev\/l\/svm-temp\/wp-content\/uploads\/2022\/06\/usa-vill-kraftigt-oka-sin-militara-narvaro-i-spanien.png","type":"image\/png"}],"author":"Redaktionen SvM","twitter_card":"summary_large_image","twitter_creator":"@SvenskaMagasine","twitter_site":"@SvenskaMagasine","schema":{"@context":"https:\/\/schema.org","@graph":[{"@type":"Article","@id":"https:\/\/lightweb.dev\/l\/svm-temp\/nyheter\/usa-vill-kraftigt-oka-sin-militara-narvaro-i-spanien\/#article","isPartOf":{"@id":"https:\/\/lightweb.dev\/l\/svm-temp\/nyheter\/usa-vill-kraftigt-oka-sin-militara-narvaro-i-spanien\/"},"author":{"name":"Redaktionen SvM","@id":"https:\/\/lightweb.dev\/l\/svm-temp\/#\/schema\/person\/206a3bda5b607b0c25e1749191e4d837"},"headline":"USA vill kraftigt \u00f6ka sin milit\u00e4ra n\u00e4rvaro i Spanien","datePublished":"2019-12-17T23:00:00+00:00","mainEntityOfPage":{"@id":"https:\/\/lightweb.dev\/l\/svm-temp\/nyheter\/usa-vill-kraftigt-oka-sin-militara-narvaro-i-spanien\/"},"wordCount":478,"commentCount":0,"publisher":{"@id":"https:\/\/lightweb.dev\/l\/svm-temp\/#organization"},"image":{"@id":"https:\/\/lightweb.dev\/l\/svm-temp\/nyheter\/usa-vill-kraftigt-oka-sin-militara-narvaro-i-spanien\/#primaryimage"},"thumbnailUrl":"https:\/\/lightweb.dev\/l\/svm-temp\/wp-content\/uploads\/2022\/06\/usa-vill-kraftigt-oka-sin-militara-narvaro-i-spanien.png","articleSection":["Arkiv","Nyheter"],"inLanguage":"sv-SE"},{"@type":"WebPage","@id":"https:\/\/lightweb.dev\/l\/svm-temp\/nyheter\/usa-vill-kraftigt-oka-sin-militara-narvaro-i-spanien\/","url":"https:\/\/lightweb.dev\/l\/svm-temp\/nyheter\/usa-vill-kraftigt-oka-sin-militara-narvaro-i-spanien\/","name":"USA vill kraftigt \u00f6ka sin milit\u00e4ra n\u00e4rvaro i Spanien - Svenska Magasinet","isPartOf":{"@id":"https:\/\/lightweb.dev\/l\/svm-temp\/#website"},"primaryImageOfPage":{"@id":"https:\/\/lightweb.dev\/l\/svm-temp\/nyheter\/usa-vill-kraftigt-oka-sin-militara-narvaro-i-spanien\/#primaryimage"},"image":{"@id":"https:\/\/lightweb.dev\/l\/svm-temp\/nyheter\/usa-vill-kraftigt-oka-sin-militara-narvaro-i-spanien\/#primaryimage"},"thumbnailUrl":"https:\/\/lightweb.dev\/l\/svm-temp\/wp-content\/uploads\/2022\/06\/usa-vill-kraftigt-oka-sin-militara-narvaro-i-spanien.png","datePublished":"2019-12-17T23:00:00+00:00","breadcrumb":{"@id":"https:\/\/lightweb.dev\/l\/svm-temp\/nyheter\/usa-vill-kraftigt-oka-sin-militara-narvaro-i-spanien\/#breadcrumb"},"inLanguage":"sv-SE","potentialAction":[{"@type":"ReadAction","target":["https:\/\/lightweb.dev\/l\/svm-temp\/nyheter\/usa-vill-kraftigt-oka-sin-militara-narvaro-i-spanien\/"]}]},{"@type":"ImageObject","inLanguage":"sv-SE","@id":"https:\/\/lightweb.dev\/l\/svm-temp\/nyheter\/usa-vill-kraftigt-oka-sin-militara-narvaro-i-spanien\/#primaryimage","url":"https:\/\/lightweb.dev\/l\/svm-temp\/wp-content\/uploads\/2022\/06\/usa-vill-kraftigt-oka-sin-militara-narvaro-i-spanien.png","contentUrl":"https:\/\/lightweb.dev\/l\/svm-temp\/wp-content\/uploads\/2022\/06\/usa-vill-kraftigt-oka-sin-militara-narvaro-i-spanien.png","width":700,"height":420},{"@type":"BreadcrumbList","@id":"https:\/\/lightweb.dev\/l\/svm-temp\/nyheter\/usa-vill-kraftigt-oka-sin-militara-narvaro-i-spanien\/#breadcrumb","itemListElement":[{"@type":"ListItem","position":1,"name":"Hem","item":"https:\/\/lightweb.dev\/l\/svm-temp\/"},{"@type":"ListItem","position":2,"name":"USA vill kraftigt \u00f6ka sin milit\u00e4ra n\u00e4rvaro i Spanien"}]},{"@type":"WebSite","@id":"https:\/\/lightweb.dev\/l\/svm-temp\/#website","url":"https:\/\/lightweb.dev\/l\/svm-temp\/","name":"Svenska Magasinet","description":"Dina Spanska nyheter p&aring; Svenska","publisher":{"@id":"https:\/\/lightweb.dev\/l\/svm-temp\/#organization"},"potentialAction":[{"@type":"SearchAction","target":{"@type":"EntryPoint","urlTemplate":"https:\/\/lightweb.dev\/l\/svm-temp\/?s={search_term_string}"},"query-input":{"@type":"PropertyValueSpecification","valueRequired":true,"valueName":"search_term_string"}}],"inLanguage":"sv-SE"},{"@type":"Organization","@id":"https:\/\/lightweb.dev\/l\/svm-temp\/#organization","name":"Melkerson y Nott SL","alternateName":"Svenska Magasinet","url":"https:\/\/lightweb.dev\/l\/svm-temp\/","logo":{"@type":"ImageObject","inLanguage":"sv-SE","@id":"https:\/\/lightweb.dev\/l\/svm-temp\/#\/schema\/logo\/image\/","url":"https:\/\/lightweb.dev\/l\/svm-temp\/wp-content\/uploads\/2025\/02\/SvM-logo-Xtra-Centrerad-SVART.png","contentUrl":"https:\/\/lightweb.dev\/l\/svm-temp\/wp-content\/uploads\/2025\/02\/SvM-logo-Xtra-Centrerad-SVART.png","width":300,"height":99,"caption":"Melkerson y Nott SL"},"image":{"@id":"https:\/\/lightweb.dev\/l\/svm-temp\/#\/schema\/logo\/image\/"},"sameAs":["https:\/\/www.facebook.com\/svenskamagasinet","https:\/\/x.com\/SvenskaMagasine"]},{"@type":"Person","@id":"https:\/\/lightweb.dev\/l\/svm-temp\/#\/schema\/person\/206a3bda5b607b0c25e1749191e4d837","name":"Redaktionen SvM","description":"Redaktionen","sameAs":["https:\/\/lightweb.dev\/l\/svm-temp"],"url":"https:\/\/lightweb.dev\/l\/svm-temp\/reporter\/redaktionen\/"}]}},"_links":{"self":[{"href":"https:\/\/lightweb.dev\/l\/svm-temp\/wp-json\/wp\/v2\/posts\/15093","targetHints":{"allow":["GET"]}}],"collection":[{"href":"https:\/\/lightweb.dev\/l\/svm-temp\/wp-json\/wp\/v2\/posts"}],"about":[{"href":"https:\/\/lightweb.dev\/l\/svm-temp\/wp-json\/wp\/v2\/types\/post"}],"author":[{"embeddable":true,"href":"https:\/\/lightweb.dev\/l\/svm-temp\/wp-json\/wp\/v2\/users\/8"}],"replies":[{"embeddable":true,"href":"https:\/\/lightweb.dev\/l\/svm-temp\/wp-json\/wp\/v2\/comments?post=15093"}],"version-history":[{"count":0,"href":"https:\/\/lightweb.dev\/l\/svm-temp\/wp-json\/wp\/v2\/posts\/15093\/revisions"}],"wp:featuredmedia":[{"embeddable":true,"href":"https:\/\/lightweb.dev\/l\/svm-temp\/wp-json\/wp\/v2\/media\/15094"}],"wp:attachment":[{"href":"https:\/\/lightweb.dev\/l\/svm-temp\/wp-json\/wp\/v2\/media?parent=15093"}],"wp:term":[{"taxonomy":"category","embeddable":true,"href":"https:\/\/lightweb.dev\/l\/svm-temp\/wp-json\/wp\/v2\/categories?post=15093"},{"taxonomy":"post_tag","embeddable":true,"href":"https:\/\/lightweb.dev\/l\/svm-temp\/wp-json\/wp\/v2\/tags?post=15093"}],"curies":[{"name":"wp","href":"https:\/\/api.w.org\/{rel}","templated":true}]}}