{"id":15095,"date":"2019-12-18T00:00:00","date_gmt":"2019-12-17T23:00:00","guid":{"rendered":"https:\/\/lightweb.dev\/l\/svm-temp\/nyheter\/stormen-elsa-slar-till-mot-spanien\/"},"modified":"2019-12-18T00:00:00","modified_gmt":"2019-12-17T23:00:00","slug":"stormen-elsa-slar-till-mot-spanien","status":"publish","type":"post","link":"https:\/\/lightweb.dev\/l\/svm-temp\/nyheter\/stormen-elsa-slar-till-mot-spanien\/","title":{"rendered":"Stormen Elsa sl\u00e5r till mot Spanien"},"content":{"rendered":"<p> Den spanska meteorologiska byr\u00e5n AEMET varnar f\u00f6r att ett kraftigt ov\u00e4der med stormvindar, h\u00f6g sj\u00f6 och lokalt kraftigt regn sl\u00e5r till mot Spanien.<\/p>\n<p>Ov\u00e4dret kommer v\u00e4sterifr\u00e5n och har redan idag gjort sin entr\u00e9 i Galicien och Asturien, p\u00e5 torsdagen den 19 december ber\u00e4knas det ha avancerat in \u00f6ver centrala, norra och s\u00f6dra Spanien. Ov\u00e4dret kulminerar p\u00e5 fredagen och f\u00f6rv\u00e4ntas d\u00e5 t\u00e4cka hela fastlandet samt Balearerna.<\/p>\n<p>Totalt femton provinser i norra Spanien har idag utf\u00e4rdat varningar f\u00f6r de kraftiga vindarna som stormen f\u00f6r med sig.<\/p>\n<p>Vad g\u00e4ller Malagaprovinsen har AEMET utf\u00e4rdat orange varning (motsvarar klass 2 varning) f\u00f6r fredagen g\u00e4llande Axarquia och Ronda, men det startar redan p\u00e5 torsdagen. Vinden \u00e4r sydv\u00e4stlig med h\u00f6g luftfuktighet och kommer att orsaka riklig nederb\u00f6rd s\u00e4rskilt i bergsomr\u00e5den, som Ronda och Axarqu\u00eda, medan omr\u00e5dena Costa del Sol och Guadalhorce \u00e4r mer skyddade och d\u00e4r \u00e4r det den l\u00e4gre gula varningen (klass 1) som g\u00e4ller. <\/p>\n<p>Vindbyarna f\u00f6rv\u00e4ntas enligt prognosen kunna n\u00e5 upp till 90 km \/ h och regnet kan bli mellan 80 till 100 liter per kvadratmeter, lokalt kraftigare. Utmed kusten b\u00f6r v\u00e5gh\u00f6jden hamna n\u00e5gonstans mellan 3 till 5 meter. Det utesluts inte fr\u00e5n AEMET att varningarna kommer att b\u00e5de ut\u00f6kas och h\u00f6jas.<\/p>\n<p>F\u00f6r \u00f6stra Spanien f\u00f6rv\u00e4ntas inga st\u00f6rre nederb\u00f6rdsm\u00e4ngder men d\u00e4remot mycket kraftig vind och h\u00f6g sj\u00f6. P\u00e5 s\u00f6ndag b\u00f6r allt vara \u00f6ver och det soliga och vackra julv\u00e4dret infinner sig d\u00e5 som planerat. Bildtext: Nu (18\/12) g\u00e4llande v\u00e4derkarta f\u00f6r fredagen den 20\/12-2010, bild: AEMET.<br \/>\nArtikel: Jonny Erixon.<\/p>\n","protected":false},"excerpt":{"rendered":"<p>Den spanska meteorologiska byr\u00e5n AEMET varnar f\u00f6r att ett kraftigt ov\u00e4der med stormvindar, h\u00f6g sj\u00f6 och lokalt kraftigt regn sl\u00e5r till mot Spanien. Ov\u00e4dret kommer v\u00e4sterifr\u00e5n och har redan idag gjort sin entr\u00e9 i Galicien och Asturien, p\u00e5 torsdagen den 19 december ber\u00e4knas det ha avancerat in \u00f6ver centrala, norra och s\u00f6dra Spanien. Ov\u00e4dret kulminerar [&hellip;]<\/p>\n","protected":false},"author":8,"featured_media":15096,"comment_status":"open","ping_status":"open","sticky":false,"template":"","format":"standard","meta":{"_et_pb_use_builder":"","_et_pb_old_content":"","_et_gb_content_width":"","footnotes":""},"categories":[395,3],"tags":[],"class_list":["post-15095","post","type-post","status-publish","format-standard","has-post-thumbnail","hentry","category-arkiv-nyheter","category-nyheter"],"yoast_head":"<!-- This site is optimized with the Yoast SEO Premium plugin v26.2 (Yoast SEO v27.4) - https:\/\/yoast.com\/product\/yoast-seo-premium-wordpress\/ -->\n<title>Stormen Elsa sl\u00e5r till mot Spanien - Svenska Magasinet<\/title>\n<meta name=\"robots\" content=\"noindex, follow, max-snippet:-1, max-image-preview:large, max-video-preview:-1\" \/>\n<meta property=\"og:locale\" content=\"sv_SE\" \/>\n<meta property=\"og:type\" content=\"article\" \/>\n<meta property=\"og:title\" content=\"Stormen Elsa sl\u00e5r till mot Spanien\" \/>\n<meta property=\"og:description\" content=\"Den spanska meteorologiska byr\u00e5n AEMET varnar f\u00f6r att ett kraftigt ov\u00e4der med stormvindar, h\u00f6g sj\u00f6 och lokalt kraftigt regn sl\u00e5r till mot Spanien. Ov\u00e4dret kommer v\u00e4sterifr\u00e5n och har redan idag gjort sin entr\u00e9 i Galicien och Asturien, p\u00e5 torsdagen den 19 december ber\u00e4knas det ha avancerat in \u00f6ver centrala, norra och s\u00f6dra Spanien. Ov\u00e4dret kulminerar [&hellip;]\" \/>\n<meta property=\"og:url\" content=\"https:\/\/lightweb.dev\/l\/svm-temp\/nyheter\/stormen-elsa-slar-till-mot-spanien\/\" \/>\n<meta property=\"og:site_name\" content=\"Svenska Magasinet\" \/>\n<meta property=\"article:publisher\" content=\"https:\/\/www.facebook.com\/svenskamagasinet\" \/>\n<meta property=\"article:published_time\" content=\"2019-12-17T23:00:00+00:00\" \/>\n<meta property=\"og:image\" content=\"https:\/\/lightweb.dev\/l\/svm-temp\/wp-content\/uploads\/2022\/06\/stormen-elsa-slar-till-mot-spanien.png\" \/>\n\t<meta property=\"og:image:width\" content=\"700\" \/>\n\t<meta property=\"og:image:height\" content=\"420\" \/>\n\t<meta property=\"og:image:type\" content=\"image\/png\" \/>\n<meta name=\"author\" content=\"Redaktionen SvM\" \/>\n<meta name=\"twitter:card\" content=\"summary_large_image\" \/>\n<meta name=\"twitter:creator\" content=\"@SvenskaMagasine\" \/>\n<meta name=\"twitter:site\" content=\"@SvenskaMagasine\" \/>\n<script type=\"application\/ld+json\" class=\"yoast-schema-graph\">{\"@context\":\"https:\\\/\\\/schema.org\",\"@graph\":[{\"@type\":\"Article\",\"@id\":\"https:\\\/\\\/lightweb.dev\\\/l\\\/svm-temp\\\/nyheter\\\/stormen-elsa-slar-till-mot-spanien\\\/#article\",\"isPartOf\":{\"@id\":\"https:\\\/\\\/lightweb.dev\\\/l\\\/svm-temp\\\/nyheter\\\/stormen-elsa-slar-till-mot-spanien\\\/\"},\"author\":{\"name\":\"Redaktionen SvM\",\"@id\":\"https:\\\/\\\/lightweb.dev\\\/l\\\/svm-temp\\\/#\\\/schema\\\/person\\\/206a3bda5b607b0c25e1749191e4d837\"},\"headline\":\"Stormen Elsa sl\u00e5r till mot Spanien\",\"datePublished\":\"2019-12-17T23:00:00+00:00\",\"mainEntityOfPage\":{\"@id\":\"https:\\\/\\\/lightweb.dev\\\/l\\\/svm-temp\\\/nyheter\\\/stormen-elsa-slar-till-mot-spanien\\\/\"},\"wordCount\":296,\"commentCount\":0,\"publisher\":{\"@id\":\"https:\\\/\\\/lightweb.dev\\\/l\\\/svm-temp\\\/#organization\"},\"image\":{\"@id\":\"https:\\\/\\\/lightweb.dev\\\/l\\\/svm-temp\\\/nyheter\\\/stormen-elsa-slar-till-mot-spanien\\\/#primaryimage\"},\"thumbnailUrl\":\"https:\\\/\\\/lightweb.dev\\\/l\\\/svm-temp\\\/wp-content\\\/uploads\\\/2022\\\/06\\\/stormen-elsa-slar-till-mot-spanien.png\",\"articleSection\":[\"Arkiv\",\"Nyheter\"],\"inLanguage\":\"sv-SE\"},{\"@type\":\"WebPage\",\"@id\":\"https:\\\/\\\/lightweb.dev\\\/l\\\/svm-temp\\\/nyheter\\\/stormen-elsa-slar-till-mot-spanien\\\/\",\"url\":\"https:\\\/\\\/lightweb.dev\\\/l\\\/svm-temp\\\/nyheter\\\/stormen-elsa-slar-till-mot-spanien\\\/\",\"name\":\"Stormen Elsa sl\u00e5r till mot Spanien - Svenska Magasinet\",\"isPartOf\":{\"@id\":\"https:\\\/\\\/lightweb.dev\\\/l\\\/svm-temp\\\/#website\"},\"primaryImageOfPage\":{\"@id\":\"https:\\\/\\\/lightweb.dev\\\/l\\\/svm-temp\\\/nyheter\\\/stormen-elsa-slar-till-mot-spanien\\\/#primaryimage\"},\"image\":{\"@id\":\"https:\\\/\\\/lightweb.dev\\\/l\\\/svm-temp\\\/nyheter\\\/stormen-elsa-slar-till-mot-spanien\\\/#primaryimage\"},\"thumbnailUrl\":\"https:\\\/\\\/lightweb.dev\\\/l\\\/svm-temp\\\/wp-content\\\/uploads\\\/2022\\\/06\\\/stormen-elsa-slar-till-mot-spanien.png\",\"datePublished\":\"2019-12-17T23:00:00+00:00\",\"breadcrumb\":{\"@id\":\"https:\\\/\\\/lightweb.dev\\\/l\\\/svm-temp\\\/nyheter\\\/stormen-elsa-slar-till-mot-spanien\\\/#breadcrumb\"},\"inLanguage\":\"sv-SE\",\"potentialAction\":[{\"@type\":\"ReadAction\",\"target\":[\"https:\\\/\\\/lightweb.dev\\\/l\\\/svm-temp\\\/nyheter\\\/stormen-elsa-slar-till-mot-spanien\\\/\"]}]},{\"@type\":\"ImageObject\",\"inLanguage\":\"sv-SE\",\"@id\":\"https:\\\/\\\/lightweb.dev\\\/l\\\/svm-temp\\\/nyheter\\\/stormen-elsa-slar-till-mot-spanien\\\/#primaryimage\",\"url\":\"https:\\\/\\\/lightweb.dev\\\/l\\\/svm-temp\\\/wp-content\\\/uploads\\\/2022\\\/06\\\/stormen-elsa-slar-till-mot-spanien.png\",\"contentUrl\":\"https:\\\/\\\/lightweb.dev\\\/l\\\/svm-temp\\\/wp-content\\\/uploads\\\/2022\\\/06\\\/stormen-elsa-slar-till-mot-spanien.png\",\"width\":700,\"height\":420},{\"@type\":\"BreadcrumbList\",\"@id\":\"https:\\\/\\\/lightweb.dev\\\/l\\\/svm-temp\\\/nyheter\\\/stormen-elsa-slar-till-mot-spanien\\\/#breadcrumb\",\"itemListElement\":[{\"@type\":\"ListItem\",\"position\":1,\"name\":\"Hem\",\"item\":\"https:\\\/\\\/lightweb.dev\\\/l\\\/svm-temp\\\/\"},{\"@type\":\"ListItem\",\"position\":2,\"name\":\"Stormen Elsa sl\u00e5r till mot Spanien\"}]},{\"@type\":\"WebSite\",\"@id\":\"https:\\\/\\\/lightweb.dev\\\/l\\\/svm-temp\\\/#website\",\"url\":\"https:\\\/\\\/lightweb.dev\\\/l\\\/svm-temp\\\/\",\"name\":\"Svenska Magasinet\",\"description\":\"Dina Spanska nyheter p&aring; Svenska\",\"publisher\":{\"@id\":\"https:\\\/\\\/lightweb.dev\\\/l\\\/svm-temp\\\/#organization\"},\"potentialAction\":[{\"@type\":\"SearchAction\",\"target\":{\"@type\":\"EntryPoint\",\"urlTemplate\":\"https:\\\/\\\/lightweb.dev\\\/l\\\/svm-temp\\\/?s={search_term_string}\"},\"query-input\":{\"@type\":\"PropertyValueSpecification\",\"valueRequired\":true,\"valueName\":\"search_term_string\"}}],\"inLanguage\":\"sv-SE\"},{\"@type\":\"Organization\",\"@id\":\"https:\\\/\\\/lightweb.dev\\\/l\\\/svm-temp\\\/#organization\",\"name\":\"Melkerson y Nott SL\",\"alternateName\":\"Svenska Magasinet\",\"url\":\"https:\\\/\\\/lightweb.dev\\\/l\\\/svm-temp\\\/\",\"logo\":{\"@type\":\"ImageObject\",\"inLanguage\":\"sv-SE\",\"@id\":\"https:\\\/\\\/lightweb.dev\\\/l\\\/svm-temp\\\/#\\\/schema\\\/logo\\\/image\\\/\",\"url\":\"https:\\\/\\\/lightweb.dev\\\/l\\\/svm-temp\\\/wp-content\\\/uploads\\\/2025\\\/02\\\/SvM-logo-Xtra-Centrerad-SVART.png\",\"contentUrl\":\"https:\\\/\\\/lightweb.dev\\\/l\\\/svm-temp\\\/wp-content\\\/uploads\\\/2025\\\/02\\\/SvM-logo-Xtra-Centrerad-SVART.png\",\"width\":300,\"height\":99,\"caption\":\"Melkerson y Nott SL\"},\"image\":{\"@id\":\"https:\\\/\\\/lightweb.dev\\\/l\\\/svm-temp\\\/#\\\/schema\\\/logo\\\/image\\\/\"},\"sameAs\":[\"https:\\\/\\\/www.facebook.com\\\/svenskamagasinet\",\"https:\\\/\\\/x.com\\\/SvenskaMagasine\"]},{\"@type\":\"Person\",\"@id\":\"https:\\\/\\\/lightweb.dev\\\/l\\\/svm-temp\\\/#\\\/schema\\\/person\\\/206a3bda5b607b0c25e1749191e4d837\",\"name\":\"Redaktionen SvM\",\"description\":\"Redaktionen\",\"sameAs\":[\"https:\\\/\\\/lightweb.dev\\\/l\\\/svm-temp\"],\"url\":\"https:\\\/\\\/lightweb.dev\\\/l\\\/svm-temp\\\/reporter\\\/redaktionen\\\/\"}]}<\/script>\n<!-- \/ Yoast SEO Premium plugin. -->","yoast_head_json":{"title":"Stormen Elsa sl\u00e5r till mot Spanien - Svenska Magasinet","robots":{"index":"noindex","follow":"follow","max-snippet":"max-snippet:-1","max-image-preview":"max-image-preview:large","max-video-preview":"max-video-preview:-1"},"og_locale":"sv_SE","og_type":"article","og_title":"Stormen Elsa sl\u00e5r till mot Spanien","og_description":"Den spanska meteorologiska byr\u00e5n AEMET varnar f\u00f6r att ett kraftigt ov\u00e4der med stormvindar, h\u00f6g sj\u00f6 och lokalt kraftigt regn sl\u00e5r till mot Spanien. Ov\u00e4dret kommer v\u00e4sterifr\u00e5n och har redan idag gjort sin entr\u00e9 i Galicien och Asturien, p\u00e5 torsdagen den 19 december ber\u00e4knas det ha avancerat in \u00f6ver centrala, norra och s\u00f6dra Spanien. Ov\u00e4dret kulminerar [&hellip;]","og_url":"https:\/\/lightweb.dev\/l\/svm-temp\/nyheter\/stormen-elsa-slar-till-mot-spanien\/","og_site_name":"Svenska Magasinet","article_publisher":"https:\/\/www.facebook.com\/svenskamagasinet","article_published_time":"2019-12-17T23:00:00+00:00","og_image":[{"width":700,"height":420,"url":"https:\/\/lightweb.dev\/l\/svm-temp\/wp-content\/uploads\/2022\/06\/stormen-elsa-slar-till-mot-spanien.png","type":"image\/png"}],"author":"Redaktionen SvM","twitter_card":"summary_large_image","twitter_creator":"@SvenskaMagasine","twitter_site":"@SvenskaMagasine","schema":{"@context":"https:\/\/schema.org","@graph":[{"@type":"Article","@id":"https:\/\/lightweb.dev\/l\/svm-temp\/nyheter\/stormen-elsa-slar-till-mot-spanien\/#article","isPartOf":{"@id":"https:\/\/lightweb.dev\/l\/svm-temp\/nyheter\/stormen-elsa-slar-till-mot-spanien\/"},"author":{"name":"Redaktionen SvM","@id":"https:\/\/lightweb.dev\/l\/svm-temp\/#\/schema\/person\/206a3bda5b607b0c25e1749191e4d837"},"headline":"Stormen Elsa sl\u00e5r till mot Spanien","datePublished":"2019-12-17T23:00:00+00:00","mainEntityOfPage":{"@id":"https:\/\/lightweb.dev\/l\/svm-temp\/nyheter\/stormen-elsa-slar-till-mot-spanien\/"},"wordCount":296,"commentCount":0,"publisher":{"@id":"https:\/\/lightweb.dev\/l\/svm-temp\/#organization"},"image":{"@id":"https:\/\/lightweb.dev\/l\/svm-temp\/nyheter\/stormen-elsa-slar-till-mot-spanien\/#primaryimage"},"thumbnailUrl":"https:\/\/lightweb.dev\/l\/svm-temp\/wp-content\/uploads\/2022\/06\/stormen-elsa-slar-till-mot-spanien.png","articleSection":["Arkiv","Nyheter"],"inLanguage":"sv-SE"},{"@type":"WebPage","@id":"https:\/\/lightweb.dev\/l\/svm-temp\/nyheter\/stormen-elsa-slar-till-mot-spanien\/","url":"https:\/\/lightweb.dev\/l\/svm-temp\/nyheter\/stormen-elsa-slar-till-mot-spanien\/","name":"Stormen Elsa sl\u00e5r till mot Spanien - Svenska Magasinet","isPartOf":{"@id":"https:\/\/lightweb.dev\/l\/svm-temp\/#website"},"primaryImageOfPage":{"@id":"https:\/\/lightweb.dev\/l\/svm-temp\/nyheter\/stormen-elsa-slar-till-mot-spanien\/#primaryimage"},"image":{"@id":"https:\/\/lightweb.dev\/l\/svm-temp\/nyheter\/stormen-elsa-slar-till-mot-spanien\/#primaryimage"},"thumbnailUrl":"https:\/\/lightweb.dev\/l\/svm-temp\/wp-content\/uploads\/2022\/06\/stormen-elsa-slar-till-mot-spanien.png","datePublished":"2019-12-17T23:00:00+00:00","breadcrumb":{"@id":"https:\/\/lightweb.dev\/l\/svm-temp\/nyheter\/stormen-elsa-slar-till-mot-spanien\/#breadcrumb"},"inLanguage":"sv-SE","potentialAction":[{"@type":"ReadAction","target":["https:\/\/lightweb.dev\/l\/svm-temp\/nyheter\/stormen-elsa-slar-till-mot-spanien\/"]}]},{"@type":"ImageObject","inLanguage":"sv-SE","@id":"https:\/\/lightweb.dev\/l\/svm-temp\/nyheter\/stormen-elsa-slar-till-mot-spanien\/#primaryimage","url":"https:\/\/lightweb.dev\/l\/svm-temp\/wp-content\/uploads\/2022\/06\/stormen-elsa-slar-till-mot-spanien.png","contentUrl":"https:\/\/lightweb.dev\/l\/svm-temp\/wp-content\/uploads\/2022\/06\/stormen-elsa-slar-till-mot-spanien.png","width":700,"height":420},{"@type":"BreadcrumbList","@id":"https:\/\/lightweb.dev\/l\/svm-temp\/nyheter\/stormen-elsa-slar-till-mot-spanien\/#breadcrumb","itemListElement":[{"@type":"ListItem","position":1,"name":"Hem","item":"https:\/\/lightweb.dev\/l\/svm-temp\/"},{"@type":"ListItem","position":2,"name":"Stormen Elsa sl\u00e5r till mot Spanien"}]},{"@type":"WebSite","@id":"https:\/\/lightweb.dev\/l\/svm-temp\/#website","url":"https:\/\/lightweb.dev\/l\/svm-temp\/","name":"Svenska Magasinet","description":"Dina Spanska nyheter p&aring; Svenska","publisher":{"@id":"https:\/\/lightweb.dev\/l\/svm-temp\/#organization"},"potentialAction":[{"@type":"SearchAction","target":{"@type":"EntryPoint","urlTemplate":"https:\/\/lightweb.dev\/l\/svm-temp\/?s={search_term_string}"},"query-input":{"@type":"PropertyValueSpecification","valueRequired":true,"valueName":"search_term_string"}}],"inLanguage":"sv-SE"},{"@type":"Organization","@id":"https:\/\/lightweb.dev\/l\/svm-temp\/#organization","name":"Melkerson y Nott SL","alternateName":"Svenska Magasinet","url":"https:\/\/lightweb.dev\/l\/svm-temp\/","logo":{"@type":"ImageObject","inLanguage":"sv-SE","@id":"https:\/\/lightweb.dev\/l\/svm-temp\/#\/schema\/logo\/image\/","url":"https:\/\/lightweb.dev\/l\/svm-temp\/wp-content\/uploads\/2025\/02\/SvM-logo-Xtra-Centrerad-SVART.png","contentUrl":"https:\/\/lightweb.dev\/l\/svm-temp\/wp-content\/uploads\/2025\/02\/SvM-logo-Xtra-Centrerad-SVART.png","width":300,"height":99,"caption":"Melkerson y Nott SL"},"image":{"@id":"https:\/\/lightweb.dev\/l\/svm-temp\/#\/schema\/logo\/image\/"},"sameAs":["https:\/\/www.facebook.com\/svenskamagasinet","https:\/\/x.com\/SvenskaMagasine"]},{"@type":"Person","@id":"https:\/\/lightweb.dev\/l\/svm-temp\/#\/schema\/person\/206a3bda5b607b0c25e1749191e4d837","name":"Redaktionen SvM","description":"Redaktionen","sameAs":["https:\/\/lightweb.dev\/l\/svm-temp"],"url":"https:\/\/lightweb.dev\/l\/svm-temp\/reporter\/redaktionen\/"}]}},"_links":{"self":[{"href":"https:\/\/lightweb.dev\/l\/svm-temp\/wp-json\/wp\/v2\/posts\/15095","targetHints":{"allow":["GET"]}}],"collection":[{"href":"https:\/\/lightweb.dev\/l\/svm-temp\/wp-json\/wp\/v2\/posts"}],"about":[{"href":"https:\/\/lightweb.dev\/l\/svm-temp\/wp-json\/wp\/v2\/types\/post"}],"author":[{"embeddable":true,"href":"https:\/\/lightweb.dev\/l\/svm-temp\/wp-json\/wp\/v2\/users\/8"}],"replies":[{"embeddable":true,"href":"https:\/\/lightweb.dev\/l\/svm-temp\/wp-json\/wp\/v2\/comments?post=15095"}],"version-history":[{"count":0,"href":"https:\/\/lightweb.dev\/l\/svm-temp\/wp-json\/wp\/v2\/posts\/15095\/revisions"}],"wp:featuredmedia":[{"embeddable":true,"href":"https:\/\/lightweb.dev\/l\/svm-temp\/wp-json\/wp\/v2\/media\/15096"}],"wp:attachment":[{"href":"https:\/\/lightweb.dev\/l\/svm-temp\/wp-json\/wp\/v2\/media?parent=15095"}],"wp:term":[{"taxonomy":"category","embeddable":true,"href":"https:\/\/lightweb.dev\/l\/svm-temp\/wp-json\/wp\/v2\/categories?post=15095"},{"taxonomy":"post_tag","embeddable":true,"href":"https:\/\/lightweb.dev\/l\/svm-temp\/wp-json\/wp\/v2\/tags?post=15095"}],"curies":[{"name":"wp","href":"https:\/\/api.w.org\/{rel}","templated":true}]}}