{"id":15097,"date":"2019-12-17T00:00:00","date_gmt":"2019-12-16T23:00:00","guid":{"rendered":"https:\/\/lightweb.dev\/l\/svm-temp\/nyheter\/laga-biljettpriser-pa-nya-spanska-hoghastighetstag\/"},"modified":"2019-12-17T00:00:00","modified_gmt":"2019-12-16T23:00:00","slug":"laga-biljettpriser-pa-nya-spanska-hoghastighetstag","status":"publish","type":"post","link":"https:\/\/lightweb.dev\/l\/svm-temp\/nyheter\/laga-biljettpriser-pa-nya-spanska-hoghastighetstag\/","title":{"rendered":"L\u00e5ga biljettpriser p\u00e5 nya spanska h\u00f6ghastighetst\u00e5g"},"content":{"rendered":"<p> Prisbilden b\u00f6rjar nu klarna f\u00f6r Spaniens satsning p\u00e5 en budgetvariant av h\u00f6ghastighetst\u00e5gen, de nya t\u00e5gen s\u00e4tts i trafik fr\u00e5n den 6 april 2020. <\/p>\n<p>L\u00e5gprisvarianten av AVE-t\u00e5gen kommer att heta AVLO  (Alta Velocidad Low Cost) och premi\u00e4rt\u00e5gen s\u00e4tts in p\u00e5 linjen mellan Madrid och Barcelona, men fler linjer f\u00f6ljer alteftersom.<\/p>\n<p>Priset p\u00e5 biljetterna mellan Madrid och Barcelona kommer att variera mellan 10 och 60 euro, beroende p\u00e5 efterfr\u00e5gan p\u00e5 avg\u00e5ngarna. F\u00f6r barn under 14 \u00e5r som reser tillsammans med en vuxen blir priset 5 euro.<\/p>\n<p>Till en b\u00f6rjan kommer det att bli tv\u00e5 dagliga avg\u00e5ngar i varje riktning, n\u00e5got som kommer att ut\u00f6kas till fem i slutet av 2020 d\u00e5 avregleringen s\u00e4tter in och konkurrenterna kommer in p\u00e5 banorna.<\/p>\n<p>Med den tidiga lanseringen av dessa t\u00e5g f\u00e5r Renfe ett f\u00f6rspr\u00e5ng p\u00e5 cirka \u00e5tta m\u00e5nader f\u00f6re rivalerna, franska SCNF och italienska Trenitalia. Biljettf\u00f6rs\u00e4ljningen till AVLO-t\u00e5gen kommer att starta i slutet p\u00e5 januari.<\/p>\n<p>Under 2020-2021 kommer successivt \u00e4ven linjerna Madrid-Levante \u2013Valencia-Alicante och Madrid-C\u00f3rdoba-M\u00e1laga-Sevilla att tas i drift med nya AVLO-t\u00e5g.<\/p>\n<p>Renfe \u00e4r \u00f6vertygade om att den nya tj\u00e4nsten n\u00e5r en miljon resen\u00e4rer per \u00e5r under de f\u00f6rsta tv\u00e5 \u00e5ren i tj\u00e4nst. Enligt f\u00f6retagets president kommer dessa passagerare att &#8221;stj\u00e4las&#8221; fr\u00e4mst fr\u00e5n dem som f\u00f6r n\u00e4rvarande reser med bil och bland de grupper som inte anv\u00e4nder AVE f\u00f6r p\u00e5 grund av h\u00f6ga biljettpriser, till exempel familjer eller ungdomar. Ett av incitamenten f\u00f6r detta \u00e4r det l\u00e5ga priset p\u00e5 5 euro f\u00f6r barn under 14 \u00e5r. <\/p>\n<p>Lanseringen av en billig AVE utg\u00f6r, tillsammans med digitalisering och internationalisering, en av pelarna i den strategiska plan som Renfe har utvecklat f\u00f6r att f\u00f6rbereda inf\u00f6r slutet p\u00e5 sitt monopol och ankomsten av konkurrenter. F\u00f6retaget \u00e4r \u00f6vertygat om att denna nya l\u00e5gpristj\u00e4nst kommer att generera 20% av de totala int\u00e4kterna sett p\u00e5 ett tio\u00e5rigt perspektiv. Relaterad artikel: L\u00e4gre priser p\u00e5 h\u00f6ghastighetst\u00e5gen i Spanien.<\/p>\n<p>Bild: AVLO-t\u00e5g, foto: Ministerio de Fomento.<br \/>\nArtikel: Jonny Erixon<\/p>\n","protected":false},"excerpt":{"rendered":"<p>Prisbilden b\u00f6rjar nu klarna f\u00f6r Spaniens satsning p\u00e5 en budgetvariant av h\u00f6ghastighetst\u00e5gen, de nya t\u00e5gen s\u00e4tts i trafik fr\u00e5n den 6 april 2020. L\u00e5gprisvarianten av AVE-t\u00e5gen kommer att heta AVLO (Alta Velocidad Low Cost) och premi\u00e4rt\u00e5gen s\u00e4tts in p\u00e5 linjen mellan Madrid och Barcelona, men fler linjer f\u00f6ljer alteftersom. Priset p\u00e5 biljetterna mellan Madrid och [&hellip;]<\/p>\n","protected":false},"author":8,"featured_media":15098,"comment_status":"open","ping_status":"open","sticky":false,"template":"","format":"standard","meta":{"_et_pb_use_builder":"","_et_pb_old_content":"","_et_gb_content_width":"","footnotes":""},"categories":[395,3],"tags":[],"class_list":["post-15097","post","type-post","status-publish","format-standard","has-post-thumbnail","hentry","category-arkiv-nyheter","category-nyheter"],"yoast_head":"<!-- This site is optimized with the Yoast SEO Premium plugin v26.2 (Yoast SEO v27.4) - https:\/\/yoast.com\/product\/yoast-seo-premium-wordpress\/ -->\n<title>L\u00e5ga biljettpriser p\u00e5 nya spanska h\u00f6ghastighetst\u00e5g - Svenska Magasinet<\/title>\n<meta name=\"robots\" content=\"noindex, follow, max-snippet:-1, max-image-preview:large, max-video-preview:-1\" \/>\n<meta property=\"og:locale\" content=\"sv_SE\" \/>\n<meta property=\"og:type\" content=\"article\" \/>\n<meta property=\"og:title\" content=\"L\u00e5ga biljettpriser p\u00e5 nya spanska h\u00f6ghastighetst\u00e5g\" \/>\n<meta property=\"og:description\" content=\"Prisbilden b\u00f6rjar nu klarna f\u00f6r Spaniens satsning p\u00e5 en budgetvariant av h\u00f6ghastighetst\u00e5gen, de nya t\u00e5gen s\u00e4tts i trafik fr\u00e5n den 6 april 2020. L\u00e5gprisvarianten av AVE-t\u00e5gen kommer att heta AVLO (Alta Velocidad Low Cost) och premi\u00e4rt\u00e5gen s\u00e4tts in p\u00e5 linjen mellan Madrid och Barcelona, men fler linjer f\u00f6ljer alteftersom. Priset p\u00e5 biljetterna mellan Madrid och [&hellip;]\" \/>\n<meta property=\"og:url\" content=\"https:\/\/lightweb.dev\/l\/svm-temp\/nyheter\/laga-biljettpriser-pa-nya-spanska-hoghastighetstag\/\" \/>\n<meta property=\"og:site_name\" content=\"Svenska Magasinet\" \/>\n<meta property=\"article:publisher\" content=\"https:\/\/www.facebook.com\/svenskamagasinet\" \/>\n<meta property=\"article:published_time\" content=\"2019-12-16T23:00:00+00:00\" \/>\n<meta property=\"og:image\" content=\"https:\/\/lightweb.dev\/l\/svm-temp\/wp-content\/uploads\/2022\/06\/laga-biljettpriser-pa-nya-spanska-hoghastighetstag.png\" \/>\n\t<meta property=\"og:image:width\" content=\"700\" \/>\n\t<meta property=\"og:image:height\" content=\"420\" \/>\n\t<meta property=\"og:image:type\" content=\"image\/png\" \/>\n<meta name=\"author\" content=\"Redaktionen SvM\" \/>\n<meta name=\"twitter:card\" content=\"summary_large_image\" \/>\n<meta name=\"twitter:creator\" content=\"@SvenskaMagasine\" \/>\n<meta name=\"twitter:site\" content=\"@SvenskaMagasine\" \/>\n<script type=\"application\/ld+json\" class=\"yoast-schema-graph\">{\"@context\":\"https:\\\/\\\/schema.org\",\"@graph\":[{\"@type\":\"Article\",\"@id\":\"https:\\\/\\\/lightweb.dev\\\/l\\\/svm-temp\\\/nyheter\\\/laga-biljettpriser-pa-nya-spanska-hoghastighetstag\\\/#article\",\"isPartOf\":{\"@id\":\"https:\\\/\\\/lightweb.dev\\\/l\\\/svm-temp\\\/nyheter\\\/laga-biljettpriser-pa-nya-spanska-hoghastighetstag\\\/\"},\"author\":{\"name\":\"Redaktionen SvM\",\"@id\":\"https:\\\/\\\/lightweb.dev\\\/l\\\/svm-temp\\\/#\\\/schema\\\/person\\\/206a3bda5b607b0c25e1749191e4d837\"},\"headline\":\"L\u00e5ga biljettpriser p\u00e5 nya spanska h\u00f6ghastighetst\u00e5g\",\"datePublished\":\"2019-12-16T23:00:00+00:00\",\"mainEntityOfPage\":{\"@id\":\"https:\\\/\\\/lightweb.dev\\\/l\\\/svm-temp\\\/nyheter\\\/laga-biljettpriser-pa-nya-spanska-hoghastighetstag\\\/\"},\"wordCount\":375,\"commentCount\":0,\"publisher\":{\"@id\":\"https:\\\/\\\/lightweb.dev\\\/l\\\/svm-temp\\\/#organization\"},\"image\":{\"@id\":\"https:\\\/\\\/lightweb.dev\\\/l\\\/svm-temp\\\/nyheter\\\/laga-biljettpriser-pa-nya-spanska-hoghastighetstag\\\/#primaryimage\"},\"thumbnailUrl\":\"https:\\\/\\\/lightweb.dev\\\/l\\\/svm-temp\\\/wp-content\\\/uploads\\\/2022\\\/06\\\/laga-biljettpriser-pa-nya-spanska-hoghastighetstag.png\",\"articleSection\":[\"Arkiv\",\"Nyheter\"],\"inLanguage\":\"sv-SE\"},{\"@type\":\"WebPage\",\"@id\":\"https:\\\/\\\/lightweb.dev\\\/l\\\/svm-temp\\\/nyheter\\\/laga-biljettpriser-pa-nya-spanska-hoghastighetstag\\\/\",\"url\":\"https:\\\/\\\/lightweb.dev\\\/l\\\/svm-temp\\\/nyheter\\\/laga-biljettpriser-pa-nya-spanska-hoghastighetstag\\\/\",\"name\":\"L\u00e5ga biljettpriser p\u00e5 nya spanska h\u00f6ghastighetst\u00e5g - Svenska Magasinet\",\"isPartOf\":{\"@id\":\"https:\\\/\\\/lightweb.dev\\\/l\\\/svm-temp\\\/#website\"},\"primaryImageOfPage\":{\"@id\":\"https:\\\/\\\/lightweb.dev\\\/l\\\/svm-temp\\\/nyheter\\\/laga-biljettpriser-pa-nya-spanska-hoghastighetstag\\\/#primaryimage\"},\"image\":{\"@id\":\"https:\\\/\\\/lightweb.dev\\\/l\\\/svm-temp\\\/nyheter\\\/laga-biljettpriser-pa-nya-spanska-hoghastighetstag\\\/#primaryimage\"},\"thumbnailUrl\":\"https:\\\/\\\/lightweb.dev\\\/l\\\/svm-temp\\\/wp-content\\\/uploads\\\/2022\\\/06\\\/laga-biljettpriser-pa-nya-spanska-hoghastighetstag.png\",\"datePublished\":\"2019-12-16T23:00:00+00:00\",\"breadcrumb\":{\"@id\":\"https:\\\/\\\/lightweb.dev\\\/l\\\/svm-temp\\\/nyheter\\\/laga-biljettpriser-pa-nya-spanska-hoghastighetstag\\\/#breadcrumb\"},\"inLanguage\":\"sv-SE\",\"potentialAction\":[{\"@type\":\"ReadAction\",\"target\":[\"https:\\\/\\\/lightweb.dev\\\/l\\\/svm-temp\\\/nyheter\\\/laga-biljettpriser-pa-nya-spanska-hoghastighetstag\\\/\"]}]},{\"@type\":\"ImageObject\",\"inLanguage\":\"sv-SE\",\"@id\":\"https:\\\/\\\/lightweb.dev\\\/l\\\/svm-temp\\\/nyheter\\\/laga-biljettpriser-pa-nya-spanska-hoghastighetstag\\\/#primaryimage\",\"url\":\"https:\\\/\\\/lightweb.dev\\\/l\\\/svm-temp\\\/wp-content\\\/uploads\\\/2022\\\/06\\\/laga-biljettpriser-pa-nya-spanska-hoghastighetstag.png\",\"contentUrl\":\"https:\\\/\\\/lightweb.dev\\\/l\\\/svm-temp\\\/wp-content\\\/uploads\\\/2022\\\/06\\\/laga-biljettpriser-pa-nya-spanska-hoghastighetstag.png\",\"width\":700,\"height\":420},{\"@type\":\"BreadcrumbList\",\"@id\":\"https:\\\/\\\/lightweb.dev\\\/l\\\/svm-temp\\\/nyheter\\\/laga-biljettpriser-pa-nya-spanska-hoghastighetstag\\\/#breadcrumb\",\"itemListElement\":[{\"@type\":\"ListItem\",\"position\":1,\"name\":\"Hem\",\"item\":\"https:\\\/\\\/lightweb.dev\\\/l\\\/svm-temp\\\/\"},{\"@type\":\"ListItem\",\"position\":2,\"name\":\"L\u00e5ga biljettpriser p\u00e5 nya spanska h\u00f6ghastighetst\u00e5g\"}]},{\"@type\":\"WebSite\",\"@id\":\"https:\\\/\\\/lightweb.dev\\\/l\\\/svm-temp\\\/#website\",\"url\":\"https:\\\/\\\/lightweb.dev\\\/l\\\/svm-temp\\\/\",\"name\":\"Svenska Magasinet\",\"description\":\"Dina Spanska nyheter p&aring; Svenska\",\"publisher\":{\"@id\":\"https:\\\/\\\/lightweb.dev\\\/l\\\/svm-temp\\\/#organization\"},\"potentialAction\":[{\"@type\":\"SearchAction\",\"target\":{\"@type\":\"EntryPoint\",\"urlTemplate\":\"https:\\\/\\\/lightweb.dev\\\/l\\\/svm-temp\\\/?s={search_term_string}\"},\"query-input\":{\"@type\":\"PropertyValueSpecification\",\"valueRequired\":true,\"valueName\":\"search_term_string\"}}],\"inLanguage\":\"sv-SE\"},{\"@type\":\"Organization\",\"@id\":\"https:\\\/\\\/lightweb.dev\\\/l\\\/svm-temp\\\/#organization\",\"name\":\"Melkerson y Nott SL\",\"alternateName\":\"Svenska Magasinet\",\"url\":\"https:\\\/\\\/lightweb.dev\\\/l\\\/svm-temp\\\/\",\"logo\":{\"@type\":\"ImageObject\",\"inLanguage\":\"sv-SE\",\"@id\":\"https:\\\/\\\/lightweb.dev\\\/l\\\/svm-temp\\\/#\\\/schema\\\/logo\\\/image\\\/\",\"url\":\"https:\\\/\\\/lightweb.dev\\\/l\\\/svm-temp\\\/wp-content\\\/uploads\\\/2025\\\/02\\\/SvM-logo-Xtra-Centrerad-SVART.png\",\"contentUrl\":\"https:\\\/\\\/lightweb.dev\\\/l\\\/svm-temp\\\/wp-content\\\/uploads\\\/2025\\\/02\\\/SvM-logo-Xtra-Centrerad-SVART.png\",\"width\":300,\"height\":99,\"caption\":\"Melkerson y Nott SL\"},\"image\":{\"@id\":\"https:\\\/\\\/lightweb.dev\\\/l\\\/svm-temp\\\/#\\\/schema\\\/logo\\\/image\\\/\"},\"sameAs\":[\"https:\\\/\\\/www.facebook.com\\\/svenskamagasinet\",\"https:\\\/\\\/x.com\\\/SvenskaMagasine\"]},{\"@type\":\"Person\",\"@id\":\"https:\\\/\\\/lightweb.dev\\\/l\\\/svm-temp\\\/#\\\/schema\\\/person\\\/206a3bda5b607b0c25e1749191e4d837\",\"name\":\"Redaktionen SvM\",\"description\":\"Redaktionen\",\"sameAs\":[\"https:\\\/\\\/lightweb.dev\\\/l\\\/svm-temp\"],\"url\":\"https:\\\/\\\/lightweb.dev\\\/l\\\/svm-temp\\\/reporter\\\/redaktionen\\\/\"}]}<\/script>\n<!-- \/ Yoast SEO Premium plugin. -->","yoast_head_json":{"title":"L\u00e5ga biljettpriser p\u00e5 nya spanska h\u00f6ghastighetst\u00e5g - Svenska Magasinet","robots":{"index":"noindex","follow":"follow","max-snippet":"max-snippet:-1","max-image-preview":"max-image-preview:large","max-video-preview":"max-video-preview:-1"},"og_locale":"sv_SE","og_type":"article","og_title":"L\u00e5ga biljettpriser p\u00e5 nya spanska h\u00f6ghastighetst\u00e5g","og_description":"Prisbilden b\u00f6rjar nu klarna f\u00f6r Spaniens satsning p\u00e5 en budgetvariant av h\u00f6ghastighetst\u00e5gen, de nya t\u00e5gen s\u00e4tts i trafik fr\u00e5n den 6 april 2020. L\u00e5gprisvarianten av AVE-t\u00e5gen kommer att heta AVLO (Alta Velocidad Low Cost) och premi\u00e4rt\u00e5gen s\u00e4tts in p\u00e5 linjen mellan Madrid och Barcelona, men fler linjer f\u00f6ljer alteftersom. Priset p\u00e5 biljetterna mellan Madrid och [&hellip;]","og_url":"https:\/\/lightweb.dev\/l\/svm-temp\/nyheter\/laga-biljettpriser-pa-nya-spanska-hoghastighetstag\/","og_site_name":"Svenska Magasinet","article_publisher":"https:\/\/www.facebook.com\/svenskamagasinet","article_published_time":"2019-12-16T23:00:00+00:00","og_image":[{"width":700,"height":420,"url":"https:\/\/lightweb.dev\/l\/svm-temp\/wp-content\/uploads\/2022\/06\/laga-biljettpriser-pa-nya-spanska-hoghastighetstag.png","type":"image\/png"}],"author":"Redaktionen SvM","twitter_card":"summary_large_image","twitter_creator":"@SvenskaMagasine","twitter_site":"@SvenskaMagasine","schema":{"@context":"https:\/\/schema.org","@graph":[{"@type":"Article","@id":"https:\/\/lightweb.dev\/l\/svm-temp\/nyheter\/laga-biljettpriser-pa-nya-spanska-hoghastighetstag\/#article","isPartOf":{"@id":"https:\/\/lightweb.dev\/l\/svm-temp\/nyheter\/laga-biljettpriser-pa-nya-spanska-hoghastighetstag\/"},"author":{"name":"Redaktionen SvM","@id":"https:\/\/lightweb.dev\/l\/svm-temp\/#\/schema\/person\/206a3bda5b607b0c25e1749191e4d837"},"headline":"L\u00e5ga biljettpriser p\u00e5 nya spanska h\u00f6ghastighetst\u00e5g","datePublished":"2019-12-16T23:00:00+00:00","mainEntityOfPage":{"@id":"https:\/\/lightweb.dev\/l\/svm-temp\/nyheter\/laga-biljettpriser-pa-nya-spanska-hoghastighetstag\/"},"wordCount":375,"commentCount":0,"publisher":{"@id":"https:\/\/lightweb.dev\/l\/svm-temp\/#organization"},"image":{"@id":"https:\/\/lightweb.dev\/l\/svm-temp\/nyheter\/laga-biljettpriser-pa-nya-spanska-hoghastighetstag\/#primaryimage"},"thumbnailUrl":"https:\/\/lightweb.dev\/l\/svm-temp\/wp-content\/uploads\/2022\/06\/laga-biljettpriser-pa-nya-spanska-hoghastighetstag.png","articleSection":["Arkiv","Nyheter"],"inLanguage":"sv-SE"},{"@type":"WebPage","@id":"https:\/\/lightweb.dev\/l\/svm-temp\/nyheter\/laga-biljettpriser-pa-nya-spanska-hoghastighetstag\/","url":"https:\/\/lightweb.dev\/l\/svm-temp\/nyheter\/laga-biljettpriser-pa-nya-spanska-hoghastighetstag\/","name":"L\u00e5ga biljettpriser p\u00e5 nya spanska h\u00f6ghastighetst\u00e5g - Svenska Magasinet","isPartOf":{"@id":"https:\/\/lightweb.dev\/l\/svm-temp\/#website"},"primaryImageOfPage":{"@id":"https:\/\/lightweb.dev\/l\/svm-temp\/nyheter\/laga-biljettpriser-pa-nya-spanska-hoghastighetstag\/#primaryimage"},"image":{"@id":"https:\/\/lightweb.dev\/l\/svm-temp\/nyheter\/laga-biljettpriser-pa-nya-spanska-hoghastighetstag\/#primaryimage"},"thumbnailUrl":"https:\/\/lightweb.dev\/l\/svm-temp\/wp-content\/uploads\/2022\/06\/laga-biljettpriser-pa-nya-spanska-hoghastighetstag.png","datePublished":"2019-12-16T23:00:00+00:00","breadcrumb":{"@id":"https:\/\/lightweb.dev\/l\/svm-temp\/nyheter\/laga-biljettpriser-pa-nya-spanska-hoghastighetstag\/#breadcrumb"},"inLanguage":"sv-SE","potentialAction":[{"@type":"ReadAction","target":["https:\/\/lightweb.dev\/l\/svm-temp\/nyheter\/laga-biljettpriser-pa-nya-spanska-hoghastighetstag\/"]}]},{"@type":"ImageObject","inLanguage":"sv-SE","@id":"https:\/\/lightweb.dev\/l\/svm-temp\/nyheter\/laga-biljettpriser-pa-nya-spanska-hoghastighetstag\/#primaryimage","url":"https:\/\/lightweb.dev\/l\/svm-temp\/wp-content\/uploads\/2022\/06\/laga-biljettpriser-pa-nya-spanska-hoghastighetstag.png","contentUrl":"https:\/\/lightweb.dev\/l\/svm-temp\/wp-content\/uploads\/2022\/06\/laga-biljettpriser-pa-nya-spanska-hoghastighetstag.png","width":700,"height":420},{"@type":"BreadcrumbList","@id":"https:\/\/lightweb.dev\/l\/svm-temp\/nyheter\/laga-biljettpriser-pa-nya-spanska-hoghastighetstag\/#breadcrumb","itemListElement":[{"@type":"ListItem","position":1,"name":"Hem","item":"https:\/\/lightweb.dev\/l\/svm-temp\/"},{"@type":"ListItem","position":2,"name":"L\u00e5ga biljettpriser p\u00e5 nya spanska h\u00f6ghastighetst\u00e5g"}]},{"@type":"WebSite","@id":"https:\/\/lightweb.dev\/l\/svm-temp\/#website","url":"https:\/\/lightweb.dev\/l\/svm-temp\/","name":"Svenska Magasinet","description":"Dina Spanska nyheter p&aring; Svenska","publisher":{"@id":"https:\/\/lightweb.dev\/l\/svm-temp\/#organization"},"potentialAction":[{"@type":"SearchAction","target":{"@type":"EntryPoint","urlTemplate":"https:\/\/lightweb.dev\/l\/svm-temp\/?s={search_term_string}"},"query-input":{"@type":"PropertyValueSpecification","valueRequired":true,"valueName":"search_term_string"}}],"inLanguage":"sv-SE"},{"@type":"Organization","@id":"https:\/\/lightweb.dev\/l\/svm-temp\/#organization","name":"Melkerson y Nott SL","alternateName":"Svenska Magasinet","url":"https:\/\/lightweb.dev\/l\/svm-temp\/","logo":{"@type":"ImageObject","inLanguage":"sv-SE","@id":"https:\/\/lightweb.dev\/l\/svm-temp\/#\/schema\/logo\/image\/","url":"https:\/\/lightweb.dev\/l\/svm-temp\/wp-content\/uploads\/2025\/02\/SvM-logo-Xtra-Centrerad-SVART.png","contentUrl":"https:\/\/lightweb.dev\/l\/svm-temp\/wp-content\/uploads\/2025\/02\/SvM-logo-Xtra-Centrerad-SVART.png","width":300,"height":99,"caption":"Melkerson y Nott SL"},"image":{"@id":"https:\/\/lightweb.dev\/l\/svm-temp\/#\/schema\/logo\/image\/"},"sameAs":["https:\/\/www.facebook.com\/svenskamagasinet","https:\/\/x.com\/SvenskaMagasine"]},{"@type":"Person","@id":"https:\/\/lightweb.dev\/l\/svm-temp\/#\/schema\/person\/206a3bda5b607b0c25e1749191e4d837","name":"Redaktionen SvM","description":"Redaktionen","sameAs":["https:\/\/lightweb.dev\/l\/svm-temp"],"url":"https:\/\/lightweb.dev\/l\/svm-temp\/reporter\/redaktionen\/"}]}},"_links":{"self":[{"href":"https:\/\/lightweb.dev\/l\/svm-temp\/wp-json\/wp\/v2\/posts\/15097","targetHints":{"allow":["GET"]}}],"collection":[{"href":"https:\/\/lightweb.dev\/l\/svm-temp\/wp-json\/wp\/v2\/posts"}],"about":[{"href":"https:\/\/lightweb.dev\/l\/svm-temp\/wp-json\/wp\/v2\/types\/post"}],"author":[{"embeddable":true,"href":"https:\/\/lightweb.dev\/l\/svm-temp\/wp-json\/wp\/v2\/users\/8"}],"replies":[{"embeddable":true,"href":"https:\/\/lightweb.dev\/l\/svm-temp\/wp-json\/wp\/v2\/comments?post=15097"}],"version-history":[{"count":0,"href":"https:\/\/lightweb.dev\/l\/svm-temp\/wp-json\/wp\/v2\/posts\/15097\/revisions"}],"wp:featuredmedia":[{"embeddable":true,"href":"https:\/\/lightweb.dev\/l\/svm-temp\/wp-json\/wp\/v2\/media\/15098"}],"wp:attachment":[{"href":"https:\/\/lightweb.dev\/l\/svm-temp\/wp-json\/wp\/v2\/media?parent=15097"}],"wp:term":[{"taxonomy":"category","embeddable":true,"href":"https:\/\/lightweb.dev\/l\/svm-temp\/wp-json\/wp\/v2\/categories?post=15097"},{"taxonomy":"post_tag","embeddable":true,"href":"https:\/\/lightweb.dev\/l\/svm-temp\/wp-json\/wp\/v2\/tags?post=15097"}],"curies":[{"name":"wp","href":"https:\/\/api.w.org\/{rel}","templated":true}]}}