{"id":15103,"date":"2019-12-17T00:00:00","date_gmt":"2019-12-16T23:00:00","guid":{"rendered":"https:\/\/lightweb.dev\/l\/svm-temp\/nyheter\/boris-greta-och-rosalia-ingar-nu-i-det-spanska-julfirandet\/"},"modified":"2019-12-17T00:00:00","modified_gmt":"2019-12-16T23:00:00","slug":"boris-greta-och-rosalia-ingar-nu-i-det-spanska-julfirandet","status":"publish","type":"post","link":"https:\/\/lightweb.dev\/l\/svm-temp\/nyheter\/boris-greta-och-rosalia-ingar-nu-i-det-spanska-julfirandet\/","title":{"rendered":"Boris, Greta och Rosalia ing\u00e5r nu i det spanska julfirandet"},"content":{"rendered":"<p> Boris Johnson, Greta Thunberg och den spanska s\u00e5ngerskan Rosal\u00eda Vila Tobella \u00e4r bland \u00e5rets mest s\u00e5lda \u201dcaganers\u201d, n\u00e5got som \u00e4r en gammal katalansk jultradition.  <\/p>\n<p>Du kan bes\u00f6ka vilket katalanskt hem som helst nu i jultider och du kommer att hitta dessa traditionella figurer lite halvt g\u00f6mda bland de \u00f6vriga figurerna i julkrubborna.<\/p>\n<p>Det \u00e4r sm\u00e5 keramikfigurer som sitter p\u00e5 huk med byxorna nere och under dem \u00e4r det oftast en liten brun h\u00f6g med skit. Och ofta \u00e4r det en person som du kommer att k\u00e4nna igen. Traditionen tros g\u00e5 \u00e4nda tillbaka till 1700-talet d\u00e5 de placerades bakom stallet i julkrubban f\u00f6r att symbolisera befruktning och f\u00f6r att ge lycka och v\u00e4lst\u00e5nd fram\u00f6ver samt en fruktbar sk\u00f6rd. Vissa familjer tycker om att anv\u00e4nda samma figur \u00e5r efter \u00e5r, ofta en karakt\u00e4r som har \u00e4rvts i generationer. D\u00e5 vanligtvis en ung bonde kl\u00e4dd i vitt och med r\u00f6d luva. Men det finns en v\u00e4xande trend att k\u00f6pa en ny figur varje \u00e5r, en trend som vissa hantverkare har uppt\u00e4ckt vara l\u00f6nsam, s\u00e5 de producerar nya figurer varje \u00e5r.<\/p>\n<p>Politiker och idrottshj\u00e4ltar har alltid varit popul\u00e4ra, men \u00e4ven tecknade karakt\u00e4rer, litter\u00e4ra figurer och filmikoner kan hittas bland sortimentet. Det beh\u00f6ver heller inte bara vara m\u00e4nniskor det kan vara andra figurer, i \u00e5r \u00e4r den brunna kyrkan Notre Dame popul\u00e4r.<\/p>\n<p>2016-\u00e5rs stors\u00e4ljare var Donald Trump, det var det \u00e5ret han valdes till president, men i \u00e5r \u00e4r det framf\u00f6rallt tre personer som s\u00e4ljer bra. Det \u00e4r dels Rosalia, den katalanska s\u00e5ngerskan vars banbrytande fusion av flamenco med urban och elektronisk musik har gjort henne till en musiksensation, inte bara i Spanien utan \u00e4ven internationellt. Och dels Boris Johnson som efter valet i Storbritannien blev popul\u00e4r som figur med byxorna nere. Men uppenbarligen har \u00e4ven Greta Thunberg gjort avtryck hos katalanerna f\u00f6r hon s\u00e4ljer bra och p\u00e5 caganer.com kostar hon 16 euro inklusive moms.<\/p>\n<p>Tro nu inte att det anses som f\u00f6rnedrande att bli en caganer-figur, tv\u00e4rtom det anses vara en stor \u00e4ra att bli f\u00f6revigad p\u00e5 detta s\u00e4tt.<\/p>\n<p>Bildtext: Bild 1; Boris, Greta och Rosalia samt bild 2; Greta Thunberg, foto: caganer.com.<br \/>\nArtikel: Jonny Erixon.<\/p>\n","protected":false},"excerpt":{"rendered":"<p>Boris Johnson, Greta Thunberg och den spanska s\u00e5ngerskan Rosal\u00eda Vila Tobella \u00e4r bland \u00e5rets mest s\u00e5lda \u201dcaganers\u201d, n\u00e5got som \u00e4r en gammal katalansk jultradition. Du kan bes\u00f6ka vilket katalanskt hem som helst nu i jultider och du kommer att hitta dessa traditionella figurer lite halvt g\u00f6mda bland de \u00f6vriga figurerna i julkrubborna. Det \u00e4r sm\u00e5 [&hellip;]<\/p>\n","protected":false},"author":8,"featured_media":15104,"comment_status":"open","ping_status":"open","sticky":false,"template":"","format":"standard","meta":{"_et_pb_use_builder":"","_et_pb_old_content":"","_et_gb_content_width":"","footnotes":""},"categories":[395,3],"tags":[],"class_list":["post-15103","post","type-post","status-publish","format-standard","has-post-thumbnail","hentry","category-arkiv-nyheter","category-nyheter"],"yoast_head":"<!-- This site is optimized with the Yoast SEO Premium plugin v26.2 (Yoast SEO v27.4) - https:\/\/yoast.com\/product\/yoast-seo-premium-wordpress\/ -->\n<title>Boris, Greta och Rosalia ing\u00e5r nu i det spanska julfirandet - Svenska Magasinet<\/title>\n<meta name=\"robots\" content=\"noindex, follow, max-snippet:-1, max-image-preview:large, max-video-preview:-1\" \/>\n<meta property=\"og:locale\" content=\"sv_SE\" \/>\n<meta property=\"og:type\" content=\"article\" \/>\n<meta property=\"og:title\" content=\"Boris, Greta och Rosalia ing\u00e5r nu i det spanska julfirandet\" \/>\n<meta property=\"og:description\" content=\"Boris Johnson, Greta Thunberg och den spanska s\u00e5ngerskan Rosal\u00eda Vila Tobella \u00e4r bland \u00e5rets mest s\u00e5lda \u201dcaganers\u201d, n\u00e5got som \u00e4r en gammal katalansk jultradition. Du kan bes\u00f6ka vilket katalanskt hem som helst nu i jultider och du kommer att hitta dessa traditionella figurer lite halvt g\u00f6mda bland de \u00f6vriga figurerna i julkrubborna. Det \u00e4r sm\u00e5 [&hellip;]\" \/>\n<meta property=\"og:url\" content=\"https:\/\/lightweb.dev\/l\/svm-temp\/nyheter\/boris-greta-och-rosalia-ingar-nu-i-det-spanska-julfirandet\/\" \/>\n<meta property=\"og:site_name\" content=\"Svenska Magasinet\" \/>\n<meta property=\"article:publisher\" content=\"https:\/\/www.facebook.com\/svenskamagasinet\" \/>\n<meta property=\"article:published_time\" content=\"2019-12-16T23:00:00+00:00\" \/>\n<meta property=\"og:image\" content=\"https:\/\/lightweb.dev\/l\/svm-temp\/wp-content\/uploads\/2022\/06\/boris-greta-och-rosalia-ingar-nu-i-det-spanska-julfirandet.png\" \/>\n\t<meta property=\"og:image:width\" content=\"700\" \/>\n\t<meta property=\"og:image:height\" content=\"421\" \/>\n\t<meta property=\"og:image:type\" content=\"image\/png\" \/>\n<meta name=\"author\" content=\"Redaktionen SvM\" \/>\n<meta name=\"twitter:card\" content=\"summary_large_image\" \/>\n<meta name=\"twitter:creator\" content=\"@SvenskaMagasine\" \/>\n<meta name=\"twitter:site\" content=\"@SvenskaMagasine\" \/>\n<script type=\"application\/ld+json\" class=\"yoast-schema-graph\">{\"@context\":\"https:\\\/\\\/schema.org\",\"@graph\":[{\"@type\":\"Article\",\"@id\":\"https:\\\/\\\/lightweb.dev\\\/l\\\/svm-temp\\\/nyheter\\\/boris-greta-och-rosalia-ingar-nu-i-det-spanska-julfirandet\\\/#article\",\"isPartOf\":{\"@id\":\"https:\\\/\\\/lightweb.dev\\\/l\\\/svm-temp\\\/nyheter\\\/boris-greta-och-rosalia-ingar-nu-i-det-spanska-julfirandet\\\/\"},\"author\":{\"name\":\"Redaktionen SvM\",\"@id\":\"https:\\\/\\\/lightweb.dev\\\/l\\\/svm-temp\\\/#\\\/schema\\\/person\\\/206a3bda5b607b0c25e1749191e4d837\"},\"headline\":\"Boris, Greta och Rosalia ing\u00e5r nu i det spanska julfirandet\",\"datePublished\":\"2019-12-16T23:00:00+00:00\",\"mainEntityOfPage\":{\"@id\":\"https:\\\/\\\/lightweb.dev\\\/l\\\/svm-temp\\\/nyheter\\\/boris-greta-och-rosalia-ingar-nu-i-det-spanska-julfirandet\\\/\"},\"wordCount\":403,\"commentCount\":0,\"publisher\":{\"@id\":\"https:\\\/\\\/lightweb.dev\\\/l\\\/svm-temp\\\/#organization\"},\"image\":{\"@id\":\"https:\\\/\\\/lightweb.dev\\\/l\\\/svm-temp\\\/nyheter\\\/boris-greta-och-rosalia-ingar-nu-i-det-spanska-julfirandet\\\/#primaryimage\"},\"thumbnailUrl\":\"https:\\\/\\\/lightweb.dev\\\/l\\\/svm-temp\\\/wp-content\\\/uploads\\\/2022\\\/06\\\/boris-greta-och-rosalia-ingar-nu-i-det-spanska-julfirandet.png\",\"articleSection\":[\"Arkiv\",\"Nyheter\"],\"inLanguage\":\"sv-SE\"},{\"@type\":\"WebPage\",\"@id\":\"https:\\\/\\\/lightweb.dev\\\/l\\\/svm-temp\\\/nyheter\\\/boris-greta-och-rosalia-ingar-nu-i-det-spanska-julfirandet\\\/\",\"url\":\"https:\\\/\\\/lightweb.dev\\\/l\\\/svm-temp\\\/nyheter\\\/boris-greta-och-rosalia-ingar-nu-i-det-spanska-julfirandet\\\/\",\"name\":\"Boris, Greta och Rosalia ing\u00e5r nu i det spanska julfirandet - Svenska Magasinet\",\"isPartOf\":{\"@id\":\"https:\\\/\\\/lightweb.dev\\\/l\\\/svm-temp\\\/#website\"},\"primaryImageOfPage\":{\"@id\":\"https:\\\/\\\/lightweb.dev\\\/l\\\/svm-temp\\\/nyheter\\\/boris-greta-och-rosalia-ingar-nu-i-det-spanska-julfirandet\\\/#primaryimage\"},\"image\":{\"@id\":\"https:\\\/\\\/lightweb.dev\\\/l\\\/svm-temp\\\/nyheter\\\/boris-greta-och-rosalia-ingar-nu-i-det-spanska-julfirandet\\\/#primaryimage\"},\"thumbnailUrl\":\"https:\\\/\\\/lightweb.dev\\\/l\\\/svm-temp\\\/wp-content\\\/uploads\\\/2022\\\/06\\\/boris-greta-och-rosalia-ingar-nu-i-det-spanska-julfirandet.png\",\"datePublished\":\"2019-12-16T23:00:00+00:00\",\"breadcrumb\":{\"@id\":\"https:\\\/\\\/lightweb.dev\\\/l\\\/svm-temp\\\/nyheter\\\/boris-greta-och-rosalia-ingar-nu-i-det-spanska-julfirandet\\\/#breadcrumb\"},\"inLanguage\":\"sv-SE\",\"potentialAction\":[{\"@type\":\"ReadAction\",\"target\":[\"https:\\\/\\\/lightweb.dev\\\/l\\\/svm-temp\\\/nyheter\\\/boris-greta-och-rosalia-ingar-nu-i-det-spanska-julfirandet\\\/\"]}]},{\"@type\":\"ImageObject\",\"inLanguage\":\"sv-SE\",\"@id\":\"https:\\\/\\\/lightweb.dev\\\/l\\\/svm-temp\\\/nyheter\\\/boris-greta-och-rosalia-ingar-nu-i-det-spanska-julfirandet\\\/#primaryimage\",\"url\":\"https:\\\/\\\/lightweb.dev\\\/l\\\/svm-temp\\\/wp-content\\\/uploads\\\/2022\\\/06\\\/boris-greta-och-rosalia-ingar-nu-i-det-spanska-julfirandet.png\",\"contentUrl\":\"https:\\\/\\\/lightweb.dev\\\/l\\\/svm-temp\\\/wp-content\\\/uploads\\\/2022\\\/06\\\/boris-greta-och-rosalia-ingar-nu-i-det-spanska-julfirandet.png\",\"width\":700,\"height\":421},{\"@type\":\"BreadcrumbList\",\"@id\":\"https:\\\/\\\/lightweb.dev\\\/l\\\/svm-temp\\\/nyheter\\\/boris-greta-och-rosalia-ingar-nu-i-det-spanska-julfirandet\\\/#breadcrumb\",\"itemListElement\":[{\"@type\":\"ListItem\",\"position\":1,\"name\":\"Hem\",\"item\":\"https:\\\/\\\/lightweb.dev\\\/l\\\/svm-temp\\\/\"},{\"@type\":\"ListItem\",\"position\":2,\"name\":\"Boris, Greta och Rosalia ing\u00e5r nu i det spanska julfirandet\"}]},{\"@type\":\"WebSite\",\"@id\":\"https:\\\/\\\/lightweb.dev\\\/l\\\/svm-temp\\\/#website\",\"url\":\"https:\\\/\\\/lightweb.dev\\\/l\\\/svm-temp\\\/\",\"name\":\"Svenska Magasinet\",\"description\":\"Dina Spanska nyheter p&aring; Svenska\",\"publisher\":{\"@id\":\"https:\\\/\\\/lightweb.dev\\\/l\\\/svm-temp\\\/#organization\"},\"potentialAction\":[{\"@type\":\"SearchAction\",\"target\":{\"@type\":\"EntryPoint\",\"urlTemplate\":\"https:\\\/\\\/lightweb.dev\\\/l\\\/svm-temp\\\/?s={search_term_string}\"},\"query-input\":{\"@type\":\"PropertyValueSpecification\",\"valueRequired\":true,\"valueName\":\"search_term_string\"}}],\"inLanguage\":\"sv-SE\"},{\"@type\":\"Organization\",\"@id\":\"https:\\\/\\\/lightweb.dev\\\/l\\\/svm-temp\\\/#organization\",\"name\":\"Melkerson y Nott SL\",\"alternateName\":\"Svenska Magasinet\",\"url\":\"https:\\\/\\\/lightweb.dev\\\/l\\\/svm-temp\\\/\",\"logo\":{\"@type\":\"ImageObject\",\"inLanguage\":\"sv-SE\",\"@id\":\"https:\\\/\\\/lightweb.dev\\\/l\\\/svm-temp\\\/#\\\/schema\\\/logo\\\/image\\\/\",\"url\":\"https:\\\/\\\/lightweb.dev\\\/l\\\/svm-temp\\\/wp-content\\\/uploads\\\/2025\\\/02\\\/SvM-logo-Xtra-Centrerad-SVART.png\",\"contentUrl\":\"https:\\\/\\\/lightweb.dev\\\/l\\\/svm-temp\\\/wp-content\\\/uploads\\\/2025\\\/02\\\/SvM-logo-Xtra-Centrerad-SVART.png\",\"width\":300,\"height\":99,\"caption\":\"Melkerson y Nott SL\"},\"image\":{\"@id\":\"https:\\\/\\\/lightweb.dev\\\/l\\\/svm-temp\\\/#\\\/schema\\\/logo\\\/image\\\/\"},\"sameAs\":[\"https:\\\/\\\/www.facebook.com\\\/svenskamagasinet\",\"https:\\\/\\\/x.com\\\/SvenskaMagasine\"]},{\"@type\":\"Person\",\"@id\":\"https:\\\/\\\/lightweb.dev\\\/l\\\/svm-temp\\\/#\\\/schema\\\/person\\\/206a3bda5b607b0c25e1749191e4d837\",\"name\":\"Redaktionen SvM\",\"description\":\"Redaktionen\",\"sameAs\":[\"https:\\\/\\\/lightweb.dev\\\/l\\\/svm-temp\"],\"url\":\"https:\\\/\\\/lightweb.dev\\\/l\\\/svm-temp\\\/reporter\\\/redaktionen\\\/\"}]}<\/script>\n<!-- \/ Yoast SEO Premium plugin. -->","yoast_head_json":{"title":"Boris, Greta och Rosalia ing\u00e5r nu i det spanska julfirandet - Svenska Magasinet","robots":{"index":"noindex","follow":"follow","max-snippet":"max-snippet:-1","max-image-preview":"max-image-preview:large","max-video-preview":"max-video-preview:-1"},"og_locale":"sv_SE","og_type":"article","og_title":"Boris, Greta och Rosalia ing\u00e5r nu i det spanska julfirandet","og_description":"Boris Johnson, Greta Thunberg och den spanska s\u00e5ngerskan Rosal\u00eda Vila Tobella \u00e4r bland \u00e5rets mest s\u00e5lda \u201dcaganers\u201d, n\u00e5got som \u00e4r en gammal katalansk jultradition. Du kan bes\u00f6ka vilket katalanskt hem som helst nu i jultider och du kommer att hitta dessa traditionella figurer lite halvt g\u00f6mda bland de \u00f6vriga figurerna i julkrubborna. Det \u00e4r sm\u00e5 [&hellip;]","og_url":"https:\/\/lightweb.dev\/l\/svm-temp\/nyheter\/boris-greta-och-rosalia-ingar-nu-i-det-spanska-julfirandet\/","og_site_name":"Svenska Magasinet","article_publisher":"https:\/\/www.facebook.com\/svenskamagasinet","article_published_time":"2019-12-16T23:00:00+00:00","og_image":[{"width":700,"height":421,"url":"https:\/\/lightweb.dev\/l\/svm-temp\/wp-content\/uploads\/2022\/06\/boris-greta-och-rosalia-ingar-nu-i-det-spanska-julfirandet.png","type":"image\/png"}],"author":"Redaktionen SvM","twitter_card":"summary_large_image","twitter_creator":"@SvenskaMagasine","twitter_site":"@SvenskaMagasine","schema":{"@context":"https:\/\/schema.org","@graph":[{"@type":"Article","@id":"https:\/\/lightweb.dev\/l\/svm-temp\/nyheter\/boris-greta-och-rosalia-ingar-nu-i-det-spanska-julfirandet\/#article","isPartOf":{"@id":"https:\/\/lightweb.dev\/l\/svm-temp\/nyheter\/boris-greta-och-rosalia-ingar-nu-i-det-spanska-julfirandet\/"},"author":{"name":"Redaktionen SvM","@id":"https:\/\/lightweb.dev\/l\/svm-temp\/#\/schema\/person\/206a3bda5b607b0c25e1749191e4d837"},"headline":"Boris, Greta och Rosalia ing\u00e5r nu i det spanska julfirandet","datePublished":"2019-12-16T23:00:00+00:00","mainEntityOfPage":{"@id":"https:\/\/lightweb.dev\/l\/svm-temp\/nyheter\/boris-greta-och-rosalia-ingar-nu-i-det-spanska-julfirandet\/"},"wordCount":403,"commentCount":0,"publisher":{"@id":"https:\/\/lightweb.dev\/l\/svm-temp\/#organization"},"image":{"@id":"https:\/\/lightweb.dev\/l\/svm-temp\/nyheter\/boris-greta-och-rosalia-ingar-nu-i-det-spanska-julfirandet\/#primaryimage"},"thumbnailUrl":"https:\/\/lightweb.dev\/l\/svm-temp\/wp-content\/uploads\/2022\/06\/boris-greta-och-rosalia-ingar-nu-i-det-spanska-julfirandet.png","articleSection":["Arkiv","Nyheter"],"inLanguage":"sv-SE"},{"@type":"WebPage","@id":"https:\/\/lightweb.dev\/l\/svm-temp\/nyheter\/boris-greta-och-rosalia-ingar-nu-i-det-spanska-julfirandet\/","url":"https:\/\/lightweb.dev\/l\/svm-temp\/nyheter\/boris-greta-och-rosalia-ingar-nu-i-det-spanska-julfirandet\/","name":"Boris, Greta och Rosalia ing\u00e5r nu i det spanska julfirandet - Svenska Magasinet","isPartOf":{"@id":"https:\/\/lightweb.dev\/l\/svm-temp\/#website"},"primaryImageOfPage":{"@id":"https:\/\/lightweb.dev\/l\/svm-temp\/nyheter\/boris-greta-och-rosalia-ingar-nu-i-det-spanska-julfirandet\/#primaryimage"},"image":{"@id":"https:\/\/lightweb.dev\/l\/svm-temp\/nyheter\/boris-greta-och-rosalia-ingar-nu-i-det-spanska-julfirandet\/#primaryimage"},"thumbnailUrl":"https:\/\/lightweb.dev\/l\/svm-temp\/wp-content\/uploads\/2022\/06\/boris-greta-och-rosalia-ingar-nu-i-det-spanska-julfirandet.png","datePublished":"2019-12-16T23:00:00+00:00","breadcrumb":{"@id":"https:\/\/lightweb.dev\/l\/svm-temp\/nyheter\/boris-greta-och-rosalia-ingar-nu-i-det-spanska-julfirandet\/#breadcrumb"},"inLanguage":"sv-SE","potentialAction":[{"@type":"ReadAction","target":["https:\/\/lightweb.dev\/l\/svm-temp\/nyheter\/boris-greta-och-rosalia-ingar-nu-i-det-spanska-julfirandet\/"]}]},{"@type":"ImageObject","inLanguage":"sv-SE","@id":"https:\/\/lightweb.dev\/l\/svm-temp\/nyheter\/boris-greta-och-rosalia-ingar-nu-i-det-spanska-julfirandet\/#primaryimage","url":"https:\/\/lightweb.dev\/l\/svm-temp\/wp-content\/uploads\/2022\/06\/boris-greta-och-rosalia-ingar-nu-i-det-spanska-julfirandet.png","contentUrl":"https:\/\/lightweb.dev\/l\/svm-temp\/wp-content\/uploads\/2022\/06\/boris-greta-och-rosalia-ingar-nu-i-det-spanska-julfirandet.png","width":700,"height":421},{"@type":"BreadcrumbList","@id":"https:\/\/lightweb.dev\/l\/svm-temp\/nyheter\/boris-greta-och-rosalia-ingar-nu-i-det-spanska-julfirandet\/#breadcrumb","itemListElement":[{"@type":"ListItem","position":1,"name":"Hem","item":"https:\/\/lightweb.dev\/l\/svm-temp\/"},{"@type":"ListItem","position":2,"name":"Boris, Greta och Rosalia ing\u00e5r nu i det spanska julfirandet"}]},{"@type":"WebSite","@id":"https:\/\/lightweb.dev\/l\/svm-temp\/#website","url":"https:\/\/lightweb.dev\/l\/svm-temp\/","name":"Svenska Magasinet","description":"Dina Spanska nyheter p&aring; Svenska","publisher":{"@id":"https:\/\/lightweb.dev\/l\/svm-temp\/#organization"},"potentialAction":[{"@type":"SearchAction","target":{"@type":"EntryPoint","urlTemplate":"https:\/\/lightweb.dev\/l\/svm-temp\/?s={search_term_string}"},"query-input":{"@type":"PropertyValueSpecification","valueRequired":true,"valueName":"search_term_string"}}],"inLanguage":"sv-SE"},{"@type":"Organization","@id":"https:\/\/lightweb.dev\/l\/svm-temp\/#organization","name":"Melkerson y Nott SL","alternateName":"Svenska Magasinet","url":"https:\/\/lightweb.dev\/l\/svm-temp\/","logo":{"@type":"ImageObject","inLanguage":"sv-SE","@id":"https:\/\/lightweb.dev\/l\/svm-temp\/#\/schema\/logo\/image\/","url":"https:\/\/lightweb.dev\/l\/svm-temp\/wp-content\/uploads\/2025\/02\/SvM-logo-Xtra-Centrerad-SVART.png","contentUrl":"https:\/\/lightweb.dev\/l\/svm-temp\/wp-content\/uploads\/2025\/02\/SvM-logo-Xtra-Centrerad-SVART.png","width":300,"height":99,"caption":"Melkerson y Nott SL"},"image":{"@id":"https:\/\/lightweb.dev\/l\/svm-temp\/#\/schema\/logo\/image\/"},"sameAs":["https:\/\/www.facebook.com\/svenskamagasinet","https:\/\/x.com\/SvenskaMagasine"]},{"@type":"Person","@id":"https:\/\/lightweb.dev\/l\/svm-temp\/#\/schema\/person\/206a3bda5b607b0c25e1749191e4d837","name":"Redaktionen SvM","description":"Redaktionen","sameAs":["https:\/\/lightweb.dev\/l\/svm-temp"],"url":"https:\/\/lightweb.dev\/l\/svm-temp\/reporter\/redaktionen\/"}]}},"_links":{"self":[{"href":"https:\/\/lightweb.dev\/l\/svm-temp\/wp-json\/wp\/v2\/posts\/15103","targetHints":{"allow":["GET"]}}],"collection":[{"href":"https:\/\/lightweb.dev\/l\/svm-temp\/wp-json\/wp\/v2\/posts"}],"about":[{"href":"https:\/\/lightweb.dev\/l\/svm-temp\/wp-json\/wp\/v2\/types\/post"}],"author":[{"embeddable":true,"href":"https:\/\/lightweb.dev\/l\/svm-temp\/wp-json\/wp\/v2\/users\/8"}],"replies":[{"embeddable":true,"href":"https:\/\/lightweb.dev\/l\/svm-temp\/wp-json\/wp\/v2\/comments?post=15103"}],"version-history":[{"count":0,"href":"https:\/\/lightweb.dev\/l\/svm-temp\/wp-json\/wp\/v2\/posts\/15103\/revisions"}],"wp:featuredmedia":[{"embeddable":true,"href":"https:\/\/lightweb.dev\/l\/svm-temp\/wp-json\/wp\/v2\/media\/15104"}],"wp:attachment":[{"href":"https:\/\/lightweb.dev\/l\/svm-temp\/wp-json\/wp\/v2\/media?parent=15103"}],"wp:term":[{"taxonomy":"category","embeddable":true,"href":"https:\/\/lightweb.dev\/l\/svm-temp\/wp-json\/wp\/v2\/categories?post=15103"},{"taxonomy":"post_tag","embeddable":true,"href":"https:\/\/lightweb.dev\/l\/svm-temp\/wp-json\/wp\/v2\/tags?post=15103"}],"curies":[{"name":"wp","href":"https:\/\/api.w.org\/{rel}","templated":true}]}}