{"id":15115,"date":"2019-12-13T00:00:00","date_gmt":"2019-12-12T23:00:00","guid":{"rendered":"https:\/\/lightweb.dev\/l\/svm-temp\/nyheter\/barnkladermarket-mayoral-pa-topp-tre-i-spanskt-mode\/"},"modified":"2019-12-13T00:00:00","modified_gmt":"2019-12-12T23:00:00","slug":"barnkladermarket-mayoral-pa-topp-tre-i-spanskt-mode","status":"publish","type":"post","link":"https:\/\/lightweb.dev\/l\/svm-temp\/nyheter\/barnkladermarket-mayoral-pa-topp-tre-i-spanskt-mode\/","title":{"rendered":"Barnkl\u00e4derm\u00e4rket Mayoral p\u00e5 topp tre i spanskt mode"},"content":{"rendered":"<p> Zara som ing\u00e5r i Inditexgruppen samt Bershka och M\u00e1lagaf\u00f6retaget Mayoral som tillverkar barnkl\u00e4der \u00e4r enligt rapporten \u201dFashion Brands Vitality\u201d de tre starkaste varum\u00e4rkena inom spanskt mode. Dessa tre varum\u00e4rken sticker ut bland de \u00f6vriga konkurrenterna f\u00f6r deras \u00e4kthet, relevans, n\u00e4rvaro och engagemang.<\/p>\n<p>Bakom topp tre kommer CH Carolina Herrera och Pull&#038;Bear som allts\u00e5 hamnar p\u00e5 topp fem. D\u00e4refter kommer Tous, Bimba y Lola, Pronovias, Massimo Dutti och Women&#8217;secret.<\/p>\n<p>Det betyder allts\u00e5 att Inditexgruppen har totalt fyra varum\u00e4rken bland de tio fr\u00e4msta. Mode \u00e4r den sektor som de spanska f\u00f6retagen v\u00e4xer mest. Konsumenter anv\u00e4nder mode f\u00f6r att bygga sin identitet vilket g\u00f6r att modef\u00f6retagen genererar l\u00e4rdomar med tydliga v\u00e4rden som tilltalar allm\u00e4nhetens intressen.<\/p>\n<p>Mayoral i M\u00e1laga \u00e4r en riktig framg\u00e5ngssaga och \u00e4r klart ledande inom barnmode p\u00e5 Iberiska halv\u00f6n och en av de ledande i Europa.<br \/>\n KLICKA H\u00c4R OCH L\u00c4S MER: Barnkl\u00e4desm\u00e4rke fr\u00e5n M\u00e1laga v\u00e4xer i 17 l\u00e4nder<\/p>\n","protected":false},"excerpt":{"rendered":"<p>Zara som ing\u00e5r i Inditexgruppen samt Bershka och M\u00e1lagaf\u00f6retaget Mayoral som tillverkar barnkl\u00e4der \u00e4r enligt rapporten \u201dFashion Brands Vitality\u201d de tre starkaste varum\u00e4rkena inom spanskt mode. Dessa tre varum\u00e4rken sticker ut bland de \u00f6vriga konkurrenterna f\u00f6r deras \u00e4kthet, relevans, n\u00e4rvaro och engagemang. Bakom topp tre kommer CH Carolina Herrera och Pull&#038;Bear som allts\u00e5 hamnar p\u00e5 [&hellip;]<\/p>\n","protected":false},"author":8,"featured_media":15116,"comment_status":"open","ping_status":"open","sticky":false,"template":"","format":"standard","meta":{"_et_pb_use_builder":"","_et_pb_old_content":"","_et_gb_content_width":"","footnotes":""},"categories":[395,3],"tags":[],"class_list":["post-15115","post","type-post","status-publish","format-standard","has-post-thumbnail","hentry","category-arkiv-nyheter","category-nyheter"],"yoast_head":"<!-- This site is optimized with the Yoast SEO Premium plugin v26.2 (Yoast SEO v27.4) - https:\/\/yoast.com\/product\/yoast-seo-premium-wordpress\/ -->\n<title>Barnkl\u00e4derm\u00e4rket Mayoral p\u00e5 topp tre i spanskt mode - Svenska Magasinet<\/title>\n<meta name=\"robots\" content=\"noindex, follow, max-snippet:-1, max-image-preview:large, max-video-preview:-1\" \/>\n<meta property=\"og:locale\" content=\"sv_SE\" \/>\n<meta property=\"og:type\" content=\"article\" \/>\n<meta property=\"og:title\" content=\"Barnkl\u00e4derm\u00e4rket Mayoral p\u00e5 topp tre i spanskt mode\" \/>\n<meta property=\"og:description\" content=\"Zara som ing\u00e5r i Inditexgruppen samt Bershka och M\u00e1lagaf\u00f6retaget Mayoral som tillverkar barnkl\u00e4der \u00e4r enligt rapporten \u201dFashion Brands Vitality\u201d de tre starkaste varum\u00e4rkena inom spanskt mode. Dessa tre varum\u00e4rken sticker ut bland de \u00f6vriga konkurrenterna f\u00f6r deras \u00e4kthet, relevans, n\u00e4rvaro och engagemang. Bakom topp tre kommer CH Carolina Herrera och Pull&#038;Bear som allts\u00e5 hamnar p\u00e5 [&hellip;]\" \/>\n<meta property=\"og:url\" content=\"https:\/\/lightweb.dev\/l\/svm-temp\/nyheter\/barnkladermarket-mayoral-pa-topp-tre-i-spanskt-mode\/\" \/>\n<meta property=\"og:site_name\" content=\"Svenska Magasinet\" \/>\n<meta property=\"article:publisher\" content=\"https:\/\/www.facebook.com\/svenskamagasinet\" \/>\n<meta property=\"article:published_time\" content=\"2019-12-12T23:00:00+00:00\" \/>\n<meta property=\"og:image\" content=\"https:\/\/lightweb.dev\/l\/svm-temp\/wp-content\/uploads\/2022\/06\/barnkladermarket-mayoral-pa-topp-tre-i-spanskt-mode.png\" \/>\n\t<meta property=\"og:image:width\" content=\"700\" \/>\n\t<meta property=\"og:image:height\" content=\"421\" \/>\n\t<meta property=\"og:image:type\" content=\"image\/png\" \/>\n<meta name=\"author\" content=\"Redaktionen SvM\" \/>\n<meta name=\"twitter:card\" content=\"summary_large_image\" \/>\n<meta name=\"twitter:creator\" content=\"@SvenskaMagasine\" \/>\n<meta name=\"twitter:site\" content=\"@SvenskaMagasine\" \/>\n<script type=\"application\/ld+json\" class=\"yoast-schema-graph\">{\"@context\":\"https:\\\/\\\/schema.org\",\"@graph\":[{\"@type\":\"Article\",\"@id\":\"https:\\\/\\\/lightweb.dev\\\/l\\\/svm-temp\\\/nyheter\\\/barnkladermarket-mayoral-pa-topp-tre-i-spanskt-mode\\\/#article\",\"isPartOf\":{\"@id\":\"https:\\\/\\\/lightweb.dev\\\/l\\\/svm-temp\\\/nyheter\\\/barnkladermarket-mayoral-pa-topp-tre-i-spanskt-mode\\\/\"},\"author\":{\"name\":\"Redaktionen SvM\",\"@id\":\"https:\\\/\\\/lightweb.dev\\\/l\\\/svm-temp\\\/#\\\/schema\\\/person\\\/206a3bda5b607b0c25e1749191e4d837\"},\"headline\":\"Barnkl\u00e4derm\u00e4rket Mayoral p\u00e5 topp tre i spanskt mode\",\"datePublished\":\"2019-12-12T23:00:00+00:00\",\"mainEntityOfPage\":{\"@id\":\"https:\\\/\\\/lightweb.dev\\\/l\\\/svm-temp\\\/nyheter\\\/barnkladermarket-mayoral-pa-topp-tre-i-spanskt-mode\\\/\"},\"wordCount\":189,\"commentCount\":0,\"publisher\":{\"@id\":\"https:\\\/\\\/lightweb.dev\\\/l\\\/svm-temp\\\/#organization\"},\"image\":{\"@id\":\"https:\\\/\\\/lightweb.dev\\\/l\\\/svm-temp\\\/nyheter\\\/barnkladermarket-mayoral-pa-topp-tre-i-spanskt-mode\\\/#primaryimage\"},\"thumbnailUrl\":\"https:\\\/\\\/lightweb.dev\\\/l\\\/svm-temp\\\/wp-content\\\/uploads\\\/2022\\\/06\\\/barnkladermarket-mayoral-pa-topp-tre-i-spanskt-mode.png\",\"articleSection\":[\"Arkiv\",\"Nyheter\"],\"inLanguage\":\"sv-SE\"},{\"@type\":\"WebPage\",\"@id\":\"https:\\\/\\\/lightweb.dev\\\/l\\\/svm-temp\\\/nyheter\\\/barnkladermarket-mayoral-pa-topp-tre-i-spanskt-mode\\\/\",\"url\":\"https:\\\/\\\/lightweb.dev\\\/l\\\/svm-temp\\\/nyheter\\\/barnkladermarket-mayoral-pa-topp-tre-i-spanskt-mode\\\/\",\"name\":\"Barnkl\u00e4derm\u00e4rket Mayoral p\u00e5 topp tre i spanskt mode - Svenska Magasinet\",\"isPartOf\":{\"@id\":\"https:\\\/\\\/lightweb.dev\\\/l\\\/svm-temp\\\/#website\"},\"primaryImageOfPage\":{\"@id\":\"https:\\\/\\\/lightweb.dev\\\/l\\\/svm-temp\\\/nyheter\\\/barnkladermarket-mayoral-pa-topp-tre-i-spanskt-mode\\\/#primaryimage\"},\"image\":{\"@id\":\"https:\\\/\\\/lightweb.dev\\\/l\\\/svm-temp\\\/nyheter\\\/barnkladermarket-mayoral-pa-topp-tre-i-spanskt-mode\\\/#primaryimage\"},\"thumbnailUrl\":\"https:\\\/\\\/lightweb.dev\\\/l\\\/svm-temp\\\/wp-content\\\/uploads\\\/2022\\\/06\\\/barnkladermarket-mayoral-pa-topp-tre-i-spanskt-mode.png\",\"datePublished\":\"2019-12-12T23:00:00+00:00\",\"breadcrumb\":{\"@id\":\"https:\\\/\\\/lightweb.dev\\\/l\\\/svm-temp\\\/nyheter\\\/barnkladermarket-mayoral-pa-topp-tre-i-spanskt-mode\\\/#breadcrumb\"},\"inLanguage\":\"sv-SE\",\"potentialAction\":[{\"@type\":\"ReadAction\",\"target\":[\"https:\\\/\\\/lightweb.dev\\\/l\\\/svm-temp\\\/nyheter\\\/barnkladermarket-mayoral-pa-topp-tre-i-spanskt-mode\\\/\"]}]},{\"@type\":\"ImageObject\",\"inLanguage\":\"sv-SE\",\"@id\":\"https:\\\/\\\/lightweb.dev\\\/l\\\/svm-temp\\\/nyheter\\\/barnkladermarket-mayoral-pa-topp-tre-i-spanskt-mode\\\/#primaryimage\",\"url\":\"https:\\\/\\\/lightweb.dev\\\/l\\\/svm-temp\\\/wp-content\\\/uploads\\\/2022\\\/06\\\/barnkladermarket-mayoral-pa-topp-tre-i-spanskt-mode.png\",\"contentUrl\":\"https:\\\/\\\/lightweb.dev\\\/l\\\/svm-temp\\\/wp-content\\\/uploads\\\/2022\\\/06\\\/barnkladermarket-mayoral-pa-topp-tre-i-spanskt-mode.png\",\"width\":700,\"height\":421},{\"@type\":\"BreadcrumbList\",\"@id\":\"https:\\\/\\\/lightweb.dev\\\/l\\\/svm-temp\\\/nyheter\\\/barnkladermarket-mayoral-pa-topp-tre-i-spanskt-mode\\\/#breadcrumb\",\"itemListElement\":[{\"@type\":\"ListItem\",\"position\":1,\"name\":\"Hem\",\"item\":\"https:\\\/\\\/lightweb.dev\\\/l\\\/svm-temp\\\/\"},{\"@type\":\"ListItem\",\"position\":2,\"name\":\"Barnkl\u00e4derm\u00e4rket Mayoral p\u00e5 topp tre i spanskt mode\"}]},{\"@type\":\"WebSite\",\"@id\":\"https:\\\/\\\/lightweb.dev\\\/l\\\/svm-temp\\\/#website\",\"url\":\"https:\\\/\\\/lightweb.dev\\\/l\\\/svm-temp\\\/\",\"name\":\"Svenska Magasinet\",\"description\":\"Dina Spanska nyheter p&aring; Svenska\",\"publisher\":{\"@id\":\"https:\\\/\\\/lightweb.dev\\\/l\\\/svm-temp\\\/#organization\"},\"potentialAction\":[{\"@type\":\"SearchAction\",\"target\":{\"@type\":\"EntryPoint\",\"urlTemplate\":\"https:\\\/\\\/lightweb.dev\\\/l\\\/svm-temp\\\/?s={search_term_string}\"},\"query-input\":{\"@type\":\"PropertyValueSpecification\",\"valueRequired\":true,\"valueName\":\"search_term_string\"}}],\"inLanguage\":\"sv-SE\"},{\"@type\":\"Organization\",\"@id\":\"https:\\\/\\\/lightweb.dev\\\/l\\\/svm-temp\\\/#organization\",\"name\":\"Melkerson y Nott SL\",\"alternateName\":\"Svenska Magasinet\",\"url\":\"https:\\\/\\\/lightweb.dev\\\/l\\\/svm-temp\\\/\",\"logo\":{\"@type\":\"ImageObject\",\"inLanguage\":\"sv-SE\",\"@id\":\"https:\\\/\\\/lightweb.dev\\\/l\\\/svm-temp\\\/#\\\/schema\\\/logo\\\/image\\\/\",\"url\":\"https:\\\/\\\/lightweb.dev\\\/l\\\/svm-temp\\\/wp-content\\\/uploads\\\/2025\\\/02\\\/SvM-logo-Xtra-Centrerad-SVART.png\",\"contentUrl\":\"https:\\\/\\\/lightweb.dev\\\/l\\\/svm-temp\\\/wp-content\\\/uploads\\\/2025\\\/02\\\/SvM-logo-Xtra-Centrerad-SVART.png\",\"width\":300,\"height\":99,\"caption\":\"Melkerson y Nott SL\"},\"image\":{\"@id\":\"https:\\\/\\\/lightweb.dev\\\/l\\\/svm-temp\\\/#\\\/schema\\\/logo\\\/image\\\/\"},\"sameAs\":[\"https:\\\/\\\/www.facebook.com\\\/svenskamagasinet\",\"https:\\\/\\\/x.com\\\/SvenskaMagasine\"]},{\"@type\":\"Person\",\"@id\":\"https:\\\/\\\/lightweb.dev\\\/l\\\/svm-temp\\\/#\\\/schema\\\/person\\\/206a3bda5b607b0c25e1749191e4d837\",\"name\":\"Redaktionen SvM\",\"description\":\"Redaktionen\",\"sameAs\":[\"https:\\\/\\\/lightweb.dev\\\/l\\\/svm-temp\"],\"url\":\"https:\\\/\\\/lightweb.dev\\\/l\\\/svm-temp\\\/reporter\\\/redaktionen\\\/\"}]}<\/script>\n<!-- \/ Yoast SEO Premium plugin. -->","yoast_head_json":{"title":"Barnkl\u00e4derm\u00e4rket Mayoral p\u00e5 topp tre i spanskt mode - Svenska Magasinet","robots":{"index":"noindex","follow":"follow","max-snippet":"max-snippet:-1","max-image-preview":"max-image-preview:large","max-video-preview":"max-video-preview:-1"},"og_locale":"sv_SE","og_type":"article","og_title":"Barnkl\u00e4derm\u00e4rket Mayoral p\u00e5 topp tre i spanskt mode","og_description":"Zara som ing\u00e5r i Inditexgruppen samt Bershka och M\u00e1lagaf\u00f6retaget Mayoral som tillverkar barnkl\u00e4der \u00e4r enligt rapporten \u201dFashion Brands Vitality\u201d de tre starkaste varum\u00e4rkena inom spanskt mode. Dessa tre varum\u00e4rken sticker ut bland de \u00f6vriga konkurrenterna f\u00f6r deras \u00e4kthet, relevans, n\u00e4rvaro och engagemang. Bakom topp tre kommer CH Carolina Herrera och Pull&#038;Bear som allts\u00e5 hamnar p\u00e5 [&hellip;]","og_url":"https:\/\/lightweb.dev\/l\/svm-temp\/nyheter\/barnkladermarket-mayoral-pa-topp-tre-i-spanskt-mode\/","og_site_name":"Svenska Magasinet","article_publisher":"https:\/\/www.facebook.com\/svenskamagasinet","article_published_time":"2019-12-12T23:00:00+00:00","og_image":[{"width":700,"height":421,"url":"https:\/\/lightweb.dev\/l\/svm-temp\/wp-content\/uploads\/2022\/06\/barnkladermarket-mayoral-pa-topp-tre-i-spanskt-mode.png","type":"image\/png"}],"author":"Redaktionen SvM","twitter_card":"summary_large_image","twitter_creator":"@SvenskaMagasine","twitter_site":"@SvenskaMagasine","schema":{"@context":"https:\/\/schema.org","@graph":[{"@type":"Article","@id":"https:\/\/lightweb.dev\/l\/svm-temp\/nyheter\/barnkladermarket-mayoral-pa-topp-tre-i-spanskt-mode\/#article","isPartOf":{"@id":"https:\/\/lightweb.dev\/l\/svm-temp\/nyheter\/barnkladermarket-mayoral-pa-topp-tre-i-spanskt-mode\/"},"author":{"name":"Redaktionen SvM","@id":"https:\/\/lightweb.dev\/l\/svm-temp\/#\/schema\/person\/206a3bda5b607b0c25e1749191e4d837"},"headline":"Barnkl\u00e4derm\u00e4rket Mayoral p\u00e5 topp tre i spanskt mode","datePublished":"2019-12-12T23:00:00+00:00","mainEntityOfPage":{"@id":"https:\/\/lightweb.dev\/l\/svm-temp\/nyheter\/barnkladermarket-mayoral-pa-topp-tre-i-spanskt-mode\/"},"wordCount":189,"commentCount":0,"publisher":{"@id":"https:\/\/lightweb.dev\/l\/svm-temp\/#organization"},"image":{"@id":"https:\/\/lightweb.dev\/l\/svm-temp\/nyheter\/barnkladermarket-mayoral-pa-topp-tre-i-spanskt-mode\/#primaryimage"},"thumbnailUrl":"https:\/\/lightweb.dev\/l\/svm-temp\/wp-content\/uploads\/2022\/06\/barnkladermarket-mayoral-pa-topp-tre-i-spanskt-mode.png","articleSection":["Arkiv","Nyheter"],"inLanguage":"sv-SE"},{"@type":"WebPage","@id":"https:\/\/lightweb.dev\/l\/svm-temp\/nyheter\/barnkladermarket-mayoral-pa-topp-tre-i-spanskt-mode\/","url":"https:\/\/lightweb.dev\/l\/svm-temp\/nyheter\/barnkladermarket-mayoral-pa-topp-tre-i-spanskt-mode\/","name":"Barnkl\u00e4derm\u00e4rket Mayoral p\u00e5 topp tre i spanskt mode - Svenska Magasinet","isPartOf":{"@id":"https:\/\/lightweb.dev\/l\/svm-temp\/#website"},"primaryImageOfPage":{"@id":"https:\/\/lightweb.dev\/l\/svm-temp\/nyheter\/barnkladermarket-mayoral-pa-topp-tre-i-spanskt-mode\/#primaryimage"},"image":{"@id":"https:\/\/lightweb.dev\/l\/svm-temp\/nyheter\/barnkladermarket-mayoral-pa-topp-tre-i-spanskt-mode\/#primaryimage"},"thumbnailUrl":"https:\/\/lightweb.dev\/l\/svm-temp\/wp-content\/uploads\/2022\/06\/barnkladermarket-mayoral-pa-topp-tre-i-spanskt-mode.png","datePublished":"2019-12-12T23:00:00+00:00","breadcrumb":{"@id":"https:\/\/lightweb.dev\/l\/svm-temp\/nyheter\/barnkladermarket-mayoral-pa-topp-tre-i-spanskt-mode\/#breadcrumb"},"inLanguage":"sv-SE","potentialAction":[{"@type":"ReadAction","target":["https:\/\/lightweb.dev\/l\/svm-temp\/nyheter\/barnkladermarket-mayoral-pa-topp-tre-i-spanskt-mode\/"]}]},{"@type":"ImageObject","inLanguage":"sv-SE","@id":"https:\/\/lightweb.dev\/l\/svm-temp\/nyheter\/barnkladermarket-mayoral-pa-topp-tre-i-spanskt-mode\/#primaryimage","url":"https:\/\/lightweb.dev\/l\/svm-temp\/wp-content\/uploads\/2022\/06\/barnkladermarket-mayoral-pa-topp-tre-i-spanskt-mode.png","contentUrl":"https:\/\/lightweb.dev\/l\/svm-temp\/wp-content\/uploads\/2022\/06\/barnkladermarket-mayoral-pa-topp-tre-i-spanskt-mode.png","width":700,"height":421},{"@type":"BreadcrumbList","@id":"https:\/\/lightweb.dev\/l\/svm-temp\/nyheter\/barnkladermarket-mayoral-pa-topp-tre-i-spanskt-mode\/#breadcrumb","itemListElement":[{"@type":"ListItem","position":1,"name":"Hem","item":"https:\/\/lightweb.dev\/l\/svm-temp\/"},{"@type":"ListItem","position":2,"name":"Barnkl\u00e4derm\u00e4rket Mayoral p\u00e5 topp tre i spanskt mode"}]},{"@type":"WebSite","@id":"https:\/\/lightweb.dev\/l\/svm-temp\/#website","url":"https:\/\/lightweb.dev\/l\/svm-temp\/","name":"Svenska Magasinet","description":"Dina Spanska nyheter p&aring; Svenska","publisher":{"@id":"https:\/\/lightweb.dev\/l\/svm-temp\/#organization"},"potentialAction":[{"@type":"SearchAction","target":{"@type":"EntryPoint","urlTemplate":"https:\/\/lightweb.dev\/l\/svm-temp\/?s={search_term_string}"},"query-input":{"@type":"PropertyValueSpecification","valueRequired":true,"valueName":"search_term_string"}}],"inLanguage":"sv-SE"},{"@type":"Organization","@id":"https:\/\/lightweb.dev\/l\/svm-temp\/#organization","name":"Melkerson y Nott SL","alternateName":"Svenska Magasinet","url":"https:\/\/lightweb.dev\/l\/svm-temp\/","logo":{"@type":"ImageObject","inLanguage":"sv-SE","@id":"https:\/\/lightweb.dev\/l\/svm-temp\/#\/schema\/logo\/image\/","url":"https:\/\/lightweb.dev\/l\/svm-temp\/wp-content\/uploads\/2025\/02\/SvM-logo-Xtra-Centrerad-SVART.png","contentUrl":"https:\/\/lightweb.dev\/l\/svm-temp\/wp-content\/uploads\/2025\/02\/SvM-logo-Xtra-Centrerad-SVART.png","width":300,"height":99,"caption":"Melkerson y Nott SL"},"image":{"@id":"https:\/\/lightweb.dev\/l\/svm-temp\/#\/schema\/logo\/image\/"},"sameAs":["https:\/\/www.facebook.com\/svenskamagasinet","https:\/\/x.com\/SvenskaMagasine"]},{"@type":"Person","@id":"https:\/\/lightweb.dev\/l\/svm-temp\/#\/schema\/person\/206a3bda5b607b0c25e1749191e4d837","name":"Redaktionen SvM","description":"Redaktionen","sameAs":["https:\/\/lightweb.dev\/l\/svm-temp"],"url":"https:\/\/lightweb.dev\/l\/svm-temp\/reporter\/redaktionen\/"}]}},"_links":{"self":[{"href":"https:\/\/lightweb.dev\/l\/svm-temp\/wp-json\/wp\/v2\/posts\/15115","targetHints":{"allow":["GET"]}}],"collection":[{"href":"https:\/\/lightweb.dev\/l\/svm-temp\/wp-json\/wp\/v2\/posts"}],"about":[{"href":"https:\/\/lightweb.dev\/l\/svm-temp\/wp-json\/wp\/v2\/types\/post"}],"author":[{"embeddable":true,"href":"https:\/\/lightweb.dev\/l\/svm-temp\/wp-json\/wp\/v2\/users\/8"}],"replies":[{"embeddable":true,"href":"https:\/\/lightweb.dev\/l\/svm-temp\/wp-json\/wp\/v2\/comments?post=15115"}],"version-history":[{"count":0,"href":"https:\/\/lightweb.dev\/l\/svm-temp\/wp-json\/wp\/v2\/posts\/15115\/revisions"}],"wp:featuredmedia":[{"embeddable":true,"href":"https:\/\/lightweb.dev\/l\/svm-temp\/wp-json\/wp\/v2\/media\/15116"}],"wp:attachment":[{"href":"https:\/\/lightweb.dev\/l\/svm-temp\/wp-json\/wp\/v2\/media?parent=15115"}],"wp:term":[{"taxonomy":"category","embeddable":true,"href":"https:\/\/lightweb.dev\/l\/svm-temp\/wp-json\/wp\/v2\/categories?post=15115"},{"taxonomy":"post_tag","embeddable":true,"href":"https:\/\/lightweb.dev\/l\/svm-temp\/wp-json\/wp\/v2\/tags?post=15115"}],"curies":[{"name":"wp","href":"https:\/\/api.w.org\/{rel}","templated":true}]}}