{"id":15117,"date":"2019-12-13T00:00:00","date_gmt":"2019-12-12T23:00:00","guid":{"rendered":"https:\/\/lightweb.dev\/l\/svm-temp\/nyheter\/eftersatt-sjukvard-ska-forbattras\/"},"modified":"2019-12-13T00:00:00","modified_gmt":"2019-12-12T23:00:00","slug":"eftersatt-sjukvard-ska-forbattras","status":"publish","type":"post","link":"https:\/\/lightweb.dev\/l\/svm-temp\/nyheter\/eftersatt-sjukvard-ska-forbattras\/","title":{"rendered":"Eftersatt sjukv\u00e5rd ska f\u00f6rb\u00e4ttras"},"content":{"rendered":"<p> V\u00e4ntetiderna ska kortas liksom k\u00f6erna f\u00f6r operation och akutv\u00e5rden. Det sa den nya chefen f\u00f6r den offentliga sjukv\u00e5rden SAS, Miguel \u00c1ngel Guzm\u00e1n, vid en presskonferens p\u00e5 sjukhuset El Cl\u00ednico som i \u00e5r firar 30-\u00e5rsjubileum (bilden).<\/p>\n<p>Han s\u00e4ger nu att \u00e5tg\u00e4rder s\u00e4tts in f\u00f6r att komma till r\u00e4tta med de brister som finns inom sjukv\u00e5rden i provinsen M\u00e1laga och f\u00f6rb\u00e4ttra situationen. Guzm\u00e1n sa vid g\u00e5rdagen presskonferens att flera \u00e5tg\u00e4rder inf\u00f6r 2020 f\u00f6r att f\u00f6rst\u00e4rka den offentliga sjukv\u00e5rden.<\/p>\n<p>Bland det f\u00f6rsta som g\u00f6rs \u00e4r att det ska bli l\u00e4ttare att f\u00e5 tillg\u00e5ng och komma in i det allm\u00e4nna sjukv\u00e5rdssystemet, v\u00e4ntetiderna ska kortas och akutv\u00e5rden ska bli b\u00e4ttre inte minst vid Hospital Regional (tidigare Carlos Haya).<\/p>\n<p>P\u00e5 l\u00e4ngre sikt kommer ett tredje st\u00f6rre sjukhus att byggas i M\u00e1laga.<\/p>\n<p>Sjukv\u00e5rden p\u00e5 Costa del Sol \u00e4r st\u00e4ndigt under en h\u00e5rd press med tanke p\u00e5 det stora antal residenta utl\u00e4nningar som bor p\u00e5 kusten under l\u00e5nga perioder. M\u00e5nga av dem \u00e4r upp i \u00e5ren komna och beh\u00f6ver regelbunden l\u00e4karv\u00e5rd. Samtidigt \u00e4r det en stor grupp turister och unionsmedborgare som \u00e4r i behov av sjukv\u00e5rd.<\/p>\n<p>M\u00e1laga \u00e4r en provins som har straffats h\u00e5rt p\u00e5 grund av bristf\u00e4lliga investeringar i sjukv\u00e5rden.<\/p>\n<p>I m\u00e5nga \u00e5r har vi h\u00e4vdat att antalet offentliga sjukhuss\u00e4ngar per inv\u00e5nare inte motsvarar situationen f\u00f6r M\u00e1laga och provinsen p\u00e5 nationell niv\u00e5, s\u00e4ger Guzm\u00e1n som ocks\u00e5 passade p\u00e5 att tacka personalen som g\u00f6r sitt b\u00e4sta.<\/p>\n<p>&#8211; Tack vare sjukv\u00e5rdspersonalens arbete \u00e4r inv\u00e5narna i s\u00e4kra h\u00e4nder och v\u00e4l omh\u00e4ndertagna. Men det finns brister och att f\u00f6rneka det skulle vara att f\u00f6rneka den absoluta sanningen.<\/p>\n<p>N\u00e4r influensas\u00e4songen s\u00e4tter in p\u00e5 allvar blir det extra tryck p\u00e5 sjukv\u00e5rden. I regel \u00e4r toppen p\u00e5 influensas\u00e4songen i januari d\u00e5 det brukar vara 40 fall per 100.000 inv\u00e5nare. I f\u00f6rra veckan registrerades 6,46 fall per 100.000 inv\u00e5nare i provinsen M\u00e1laga enligt sjukv\u00e5rdsmyndigheterna SAS.<\/p>\n<p>Sjukhuset El Cl\u00ednico invigdes den 22 juni 1989 och heter egentligen Hospital Universitario Virgen de la Victoria.<\/p>\n<p>(Foto: Twitter @saludand Junta de Andaluc\u00eda)<\/p>\n","protected":false},"excerpt":{"rendered":"<p>V\u00e4ntetiderna ska kortas liksom k\u00f6erna f\u00f6r operation och akutv\u00e5rden. Det sa den nya chefen f\u00f6r den offentliga sjukv\u00e5rden SAS, Miguel \u00c1ngel Guzm\u00e1n, vid en presskonferens p\u00e5 sjukhuset El Cl\u00ednico som i \u00e5r firar 30-\u00e5rsjubileum (bilden). Han s\u00e4ger nu att \u00e5tg\u00e4rder s\u00e4tts in f\u00f6r att komma till r\u00e4tta med de brister som finns inom sjukv\u00e5rden i [&hellip;]<\/p>\n","protected":false},"author":8,"featured_media":15118,"comment_status":"open","ping_status":"open","sticky":false,"template":"","format":"standard","meta":{"_et_pb_use_builder":"","_et_pb_old_content":"","_et_gb_content_width":"","footnotes":""},"categories":[395,3],"tags":[],"class_list":["post-15117","post","type-post","status-publish","format-standard","has-post-thumbnail","hentry","category-arkiv-nyheter","category-nyheter"],"yoast_head":"<!-- This site is optimized with the Yoast SEO Premium plugin v26.2 (Yoast SEO v27.4) - https:\/\/yoast.com\/product\/yoast-seo-premium-wordpress\/ -->\n<title>Eftersatt sjukv\u00e5rd ska f\u00f6rb\u00e4ttras - Svenska Magasinet<\/title>\n<meta name=\"robots\" content=\"noindex, follow, max-snippet:-1, max-image-preview:large, max-video-preview:-1\" \/>\n<meta property=\"og:locale\" content=\"sv_SE\" \/>\n<meta property=\"og:type\" content=\"article\" \/>\n<meta property=\"og:title\" content=\"Eftersatt sjukv\u00e5rd ska f\u00f6rb\u00e4ttras\" \/>\n<meta property=\"og:description\" content=\"V\u00e4ntetiderna ska kortas liksom k\u00f6erna f\u00f6r operation och akutv\u00e5rden. Det sa den nya chefen f\u00f6r den offentliga sjukv\u00e5rden SAS, Miguel \u00c1ngel Guzm\u00e1n, vid en presskonferens p\u00e5 sjukhuset El Cl\u00ednico som i \u00e5r firar 30-\u00e5rsjubileum (bilden). Han s\u00e4ger nu att \u00e5tg\u00e4rder s\u00e4tts in f\u00f6r att komma till r\u00e4tta med de brister som finns inom sjukv\u00e5rden i [&hellip;]\" \/>\n<meta property=\"og:url\" content=\"https:\/\/lightweb.dev\/l\/svm-temp\/nyheter\/eftersatt-sjukvard-ska-forbattras\/\" \/>\n<meta property=\"og:site_name\" content=\"Svenska Magasinet\" \/>\n<meta property=\"article:publisher\" content=\"https:\/\/www.facebook.com\/svenskamagasinet\" \/>\n<meta property=\"article:published_time\" content=\"2019-12-12T23:00:00+00:00\" \/>\n<meta property=\"og:image\" content=\"https:\/\/lightweb.dev\/l\/svm-temp\/wp-content\/uploads\/2022\/06\/eftersatt-sjukvard-ska-forbattras.png\" \/>\n\t<meta property=\"og:image:width\" content=\"700\" \/>\n\t<meta property=\"og:image:height\" content=\"420\" \/>\n\t<meta property=\"og:image:type\" content=\"image\/png\" \/>\n<meta name=\"author\" content=\"Redaktionen SvM\" \/>\n<meta name=\"twitter:card\" content=\"summary_large_image\" \/>\n<meta name=\"twitter:creator\" content=\"@SvenskaMagasine\" \/>\n<meta name=\"twitter:site\" content=\"@SvenskaMagasine\" \/>\n<script type=\"application\/ld+json\" class=\"yoast-schema-graph\">{\"@context\":\"https:\\\/\\\/schema.org\",\"@graph\":[{\"@type\":\"Article\",\"@id\":\"https:\\\/\\\/lightweb.dev\\\/l\\\/svm-temp\\\/nyheter\\\/eftersatt-sjukvard-ska-forbattras\\\/#article\",\"isPartOf\":{\"@id\":\"https:\\\/\\\/lightweb.dev\\\/l\\\/svm-temp\\\/nyheter\\\/eftersatt-sjukvard-ska-forbattras\\\/\"},\"author\":{\"name\":\"Redaktionen SvM\",\"@id\":\"https:\\\/\\\/lightweb.dev\\\/l\\\/svm-temp\\\/#\\\/schema\\\/person\\\/206a3bda5b607b0c25e1749191e4d837\"},\"headline\":\"Eftersatt sjukv\u00e5rd ska f\u00f6rb\u00e4ttras\",\"datePublished\":\"2019-12-12T23:00:00+00:00\",\"mainEntityOfPage\":{\"@id\":\"https:\\\/\\\/lightweb.dev\\\/l\\\/svm-temp\\\/nyheter\\\/eftersatt-sjukvard-ska-forbattras\\\/\"},\"wordCount\":405,\"commentCount\":0,\"publisher\":{\"@id\":\"https:\\\/\\\/lightweb.dev\\\/l\\\/svm-temp\\\/#organization\"},\"image\":{\"@id\":\"https:\\\/\\\/lightweb.dev\\\/l\\\/svm-temp\\\/nyheter\\\/eftersatt-sjukvard-ska-forbattras\\\/#primaryimage\"},\"thumbnailUrl\":\"https:\\\/\\\/lightweb.dev\\\/l\\\/svm-temp\\\/wp-content\\\/uploads\\\/2022\\\/06\\\/eftersatt-sjukvard-ska-forbattras.png\",\"articleSection\":[\"Arkiv\",\"Nyheter\"],\"inLanguage\":\"sv-SE\"},{\"@type\":\"WebPage\",\"@id\":\"https:\\\/\\\/lightweb.dev\\\/l\\\/svm-temp\\\/nyheter\\\/eftersatt-sjukvard-ska-forbattras\\\/\",\"url\":\"https:\\\/\\\/lightweb.dev\\\/l\\\/svm-temp\\\/nyheter\\\/eftersatt-sjukvard-ska-forbattras\\\/\",\"name\":\"Eftersatt sjukv\u00e5rd ska f\u00f6rb\u00e4ttras - Svenska Magasinet\",\"isPartOf\":{\"@id\":\"https:\\\/\\\/lightweb.dev\\\/l\\\/svm-temp\\\/#website\"},\"primaryImageOfPage\":{\"@id\":\"https:\\\/\\\/lightweb.dev\\\/l\\\/svm-temp\\\/nyheter\\\/eftersatt-sjukvard-ska-forbattras\\\/#primaryimage\"},\"image\":{\"@id\":\"https:\\\/\\\/lightweb.dev\\\/l\\\/svm-temp\\\/nyheter\\\/eftersatt-sjukvard-ska-forbattras\\\/#primaryimage\"},\"thumbnailUrl\":\"https:\\\/\\\/lightweb.dev\\\/l\\\/svm-temp\\\/wp-content\\\/uploads\\\/2022\\\/06\\\/eftersatt-sjukvard-ska-forbattras.png\",\"datePublished\":\"2019-12-12T23:00:00+00:00\",\"breadcrumb\":{\"@id\":\"https:\\\/\\\/lightweb.dev\\\/l\\\/svm-temp\\\/nyheter\\\/eftersatt-sjukvard-ska-forbattras\\\/#breadcrumb\"},\"inLanguage\":\"sv-SE\",\"potentialAction\":[{\"@type\":\"ReadAction\",\"target\":[\"https:\\\/\\\/lightweb.dev\\\/l\\\/svm-temp\\\/nyheter\\\/eftersatt-sjukvard-ska-forbattras\\\/\"]}]},{\"@type\":\"ImageObject\",\"inLanguage\":\"sv-SE\",\"@id\":\"https:\\\/\\\/lightweb.dev\\\/l\\\/svm-temp\\\/nyheter\\\/eftersatt-sjukvard-ska-forbattras\\\/#primaryimage\",\"url\":\"https:\\\/\\\/lightweb.dev\\\/l\\\/svm-temp\\\/wp-content\\\/uploads\\\/2022\\\/06\\\/eftersatt-sjukvard-ska-forbattras.png\",\"contentUrl\":\"https:\\\/\\\/lightweb.dev\\\/l\\\/svm-temp\\\/wp-content\\\/uploads\\\/2022\\\/06\\\/eftersatt-sjukvard-ska-forbattras.png\",\"width\":700,\"height\":420},{\"@type\":\"BreadcrumbList\",\"@id\":\"https:\\\/\\\/lightweb.dev\\\/l\\\/svm-temp\\\/nyheter\\\/eftersatt-sjukvard-ska-forbattras\\\/#breadcrumb\",\"itemListElement\":[{\"@type\":\"ListItem\",\"position\":1,\"name\":\"Hem\",\"item\":\"https:\\\/\\\/lightweb.dev\\\/l\\\/svm-temp\\\/\"},{\"@type\":\"ListItem\",\"position\":2,\"name\":\"Eftersatt sjukv\u00e5rd ska f\u00f6rb\u00e4ttras\"}]},{\"@type\":\"WebSite\",\"@id\":\"https:\\\/\\\/lightweb.dev\\\/l\\\/svm-temp\\\/#website\",\"url\":\"https:\\\/\\\/lightweb.dev\\\/l\\\/svm-temp\\\/\",\"name\":\"Svenska Magasinet\",\"description\":\"Dina Spanska nyheter p&aring; Svenska\",\"publisher\":{\"@id\":\"https:\\\/\\\/lightweb.dev\\\/l\\\/svm-temp\\\/#organization\"},\"potentialAction\":[{\"@type\":\"SearchAction\",\"target\":{\"@type\":\"EntryPoint\",\"urlTemplate\":\"https:\\\/\\\/lightweb.dev\\\/l\\\/svm-temp\\\/?s={search_term_string}\"},\"query-input\":{\"@type\":\"PropertyValueSpecification\",\"valueRequired\":true,\"valueName\":\"search_term_string\"}}],\"inLanguage\":\"sv-SE\"},{\"@type\":\"Organization\",\"@id\":\"https:\\\/\\\/lightweb.dev\\\/l\\\/svm-temp\\\/#organization\",\"name\":\"Melkerson y Nott SL\",\"alternateName\":\"Svenska Magasinet\",\"url\":\"https:\\\/\\\/lightweb.dev\\\/l\\\/svm-temp\\\/\",\"logo\":{\"@type\":\"ImageObject\",\"inLanguage\":\"sv-SE\",\"@id\":\"https:\\\/\\\/lightweb.dev\\\/l\\\/svm-temp\\\/#\\\/schema\\\/logo\\\/image\\\/\",\"url\":\"https:\\\/\\\/lightweb.dev\\\/l\\\/svm-temp\\\/wp-content\\\/uploads\\\/2025\\\/02\\\/SvM-logo-Xtra-Centrerad-SVART.png\",\"contentUrl\":\"https:\\\/\\\/lightweb.dev\\\/l\\\/svm-temp\\\/wp-content\\\/uploads\\\/2025\\\/02\\\/SvM-logo-Xtra-Centrerad-SVART.png\",\"width\":300,\"height\":99,\"caption\":\"Melkerson y Nott SL\"},\"image\":{\"@id\":\"https:\\\/\\\/lightweb.dev\\\/l\\\/svm-temp\\\/#\\\/schema\\\/logo\\\/image\\\/\"},\"sameAs\":[\"https:\\\/\\\/www.facebook.com\\\/svenskamagasinet\",\"https:\\\/\\\/x.com\\\/SvenskaMagasine\"]},{\"@type\":\"Person\",\"@id\":\"https:\\\/\\\/lightweb.dev\\\/l\\\/svm-temp\\\/#\\\/schema\\\/person\\\/206a3bda5b607b0c25e1749191e4d837\",\"name\":\"Redaktionen SvM\",\"description\":\"Redaktionen\",\"sameAs\":[\"https:\\\/\\\/lightweb.dev\\\/l\\\/svm-temp\"],\"url\":\"https:\\\/\\\/lightweb.dev\\\/l\\\/svm-temp\\\/reporter\\\/redaktionen\\\/\"}]}<\/script>\n<!-- \/ Yoast SEO Premium plugin. -->","yoast_head_json":{"title":"Eftersatt sjukv\u00e5rd ska f\u00f6rb\u00e4ttras - Svenska Magasinet","robots":{"index":"noindex","follow":"follow","max-snippet":"max-snippet:-1","max-image-preview":"max-image-preview:large","max-video-preview":"max-video-preview:-1"},"og_locale":"sv_SE","og_type":"article","og_title":"Eftersatt sjukv\u00e5rd ska f\u00f6rb\u00e4ttras","og_description":"V\u00e4ntetiderna ska kortas liksom k\u00f6erna f\u00f6r operation och akutv\u00e5rden. Det sa den nya chefen f\u00f6r den offentliga sjukv\u00e5rden SAS, Miguel \u00c1ngel Guzm\u00e1n, vid en presskonferens p\u00e5 sjukhuset El Cl\u00ednico som i \u00e5r firar 30-\u00e5rsjubileum (bilden). Han s\u00e4ger nu att \u00e5tg\u00e4rder s\u00e4tts in f\u00f6r att komma till r\u00e4tta med de brister som finns inom sjukv\u00e5rden i [&hellip;]","og_url":"https:\/\/lightweb.dev\/l\/svm-temp\/nyheter\/eftersatt-sjukvard-ska-forbattras\/","og_site_name":"Svenska Magasinet","article_publisher":"https:\/\/www.facebook.com\/svenskamagasinet","article_published_time":"2019-12-12T23:00:00+00:00","og_image":[{"width":700,"height":420,"url":"https:\/\/lightweb.dev\/l\/svm-temp\/wp-content\/uploads\/2022\/06\/eftersatt-sjukvard-ska-forbattras.png","type":"image\/png"}],"author":"Redaktionen SvM","twitter_card":"summary_large_image","twitter_creator":"@SvenskaMagasine","twitter_site":"@SvenskaMagasine","schema":{"@context":"https:\/\/schema.org","@graph":[{"@type":"Article","@id":"https:\/\/lightweb.dev\/l\/svm-temp\/nyheter\/eftersatt-sjukvard-ska-forbattras\/#article","isPartOf":{"@id":"https:\/\/lightweb.dev\/l\/svm-temp\/nyheter\/eftersatt-sjukvard-ska-forbattras\/"},"author":{"name":"Redaktionen SvM","@id":"https:\/\/lightweb.dev\/l\/svm-temp\/#\/schema\/person\/206a3bda5b607b0c25e1749191e4d837"},"headline":"Eftersatt sjukv\u00e5rd ska f\u00f6rb\u00e4ttras","datePublished":"2019-12-12T23:00:00+00:00","mainEntityOfPage":{"@id":"https:\/\/lightweb.dev\/l\/svm-temp\/nyheter\/eftersatt-sjukvard-ska-forbattras\/"},"wordCount":405,"commentCount":0,"publisher":{"@id":"https:\/\/lightweb.dev\/l\/svm-temp\/#organization"},"image":{"@id":"https:\/\/lightweb.dev\/l\/svm-temp\/nyheter\/eftersatt-sjukvard-ska-forbattras\/#primaryimage"},"thumbnailUrl":"https:\/\/lightweb.dev\/l\/svm-temp\/wp-content\/uploads\/2022\/06\/eftersatt-sjukvard-ska-forbattras.png","articleSection":["Arkiv","Nyheter"],"inLanguage":"sv-SE"},{"@type":"WebPage","@id":"https:\/\/lightweb.dev\/l\/svm-temp\/nyheter\/eftersatt-sjukvard-ska-forbattras\/","url":"https:\/\/lightweb.dev\/l\/svm-temp\/nyheter\/eftersatt-sjukvard-ska-forbattras\/","name":"Eftersatt sjukv\u00e5rd ska f\u00f6rb\u00e4ttras - Svenska Magasinet","isPartOf":{"@id":"https:\/\/lightweb.dev\/l\/svm-temp\/#website"},"primaryImageOfPage":{"@id":"https:\/\/lightweb.dev\/l\/svm-temp\/nyheter\/eftersatt-sjukvard-ska-forbattras\/#primaryimage"},"image":{"@id":"https:\/\/lightweb.dev\/l\/svm-temp\/nyheter\/eftersatt-sjukvard-ska-forbattras\/#primaryimage"},"thumbnailUrl":"https:\/\/lightweb.dev\/l\/svm-temp\/wp-content\/uploads\/2022\/06\/eftersatt-sjukvard-ska-forbattras.png","datePublished":"2019-12-12T23:00:00+00:00","breadcrumb":{"@id":"https:\/\/lightweb.dev\/l\/svm-temp\/nyheter\/eftersatt-sjukvard-ska-forbattras\/#breadcrumb"},"inLanguage":"sv-SE","potentialAction":[{"@type":"ReadAction","target":["https:\/\/lightweb.dev\/l\/svm-temp\/nyheter\/eftersatt-sjukvard-ska-forbattras\/"]}]},{"@type":"ImageObject","inLanguage":"sv-SE","@id":"https:\/\/lightweb.dev\/l\/svm-temp\/nyheter\/eftersatt-sjukvard-ska-forbattras\/#primaryimage","url":"https:\/\/lightweb.dev\/l\/svm-temp\/wp-content\/uploads\/2022\/06\/eftersatt-sjukvard-ska-forbattras.png","contentUrl":"https:\/\/lightweb.dev\/l\/svm-temp\/wp-content\/uploads\/2022\/06\/eftersatt-sjukvard-ska-forbattras.png","width":700,"height":420},{"@type":"BreadcrumbList","@id":"https:\/\/lightweb.dev\/l\/svm-temp\/nyheter\/eftersatt-sjukvard-ska-forbattras\/#breadcrumb","itemListElement":[{"@type":"ListItem","position":1,"name":"Hem","item":"https:\/\/lightweb.dev\/l\/svm-temp\/"},{"@type":"ListItem","position":2,"name":"Eftersatt sjukv\u00e5rd ska f\u00f6rb\u00e4ttras"}]},{"@type":"WebSite","@id":"https:\/\/lightweb.dev\/l\/svm-temp\/#website","url":"https:\/\/lightweb.dev\/l\/svm-temp\/","name":"Svenska Magasinet","description":"Dina Spanska nyheter p&aring; Svenska","publisher":{"@id":"https:\/\/lightweb.dev\/l\/svm-temp\/#organization"},"potentialAction":[{"@type":"SearchAction","target":{"@type":"EntryPoint","urlTemplate":"https:\/\/lightweb.dev\/l\/svm-temp\/?s={search_term_string}"},"query-input":{"@type":"PropertyValueSpecification","valueRequired":true,"valueName":"search_term_string"}}],"inLanguage":"sv-SE"},{"@type":"Organization","@id":"https:\/\/lightweb.dev\/l\/svm-temp\/#organization","name":"Melkerson y Nott SL","alternateName":"Svenska Magasinet","url":"https:\/\/lightweb.dev\/l\/svm-temp\/","logo":{"@type":"ImageObject","inLanguage":"sv-SE","@id":"https:\/\/lightweb.dev\/l\/svm-temp\/#\/schema\/logo\/image\/","url":"https:\/\/lightweb.dev\/l\/svm-temp\/wp-content\/uploads\/2025\/02\/SvM-logo-Xtra-Centrerad-SVART.png","contentUrl":"https:\/\/lightweb.dev\/l\/svm-temp\/wp-content\/uploads\/2025\/02\/SvM-logo-Xtra-Centrerad-SVART.png","width":300,"height":99,"caption":"Melkerson y Nott SL"},"image":{"@id":"https:\/\/lightweb.dev\/l\/svm-temp\/#\/schema\/logo\/image\/"},"sameAs":["https:\/\/www.facebook.com\/svenskamagasinet","https:\/\/x.com\/SvenskaMagasine"]},{"@type":"Person","@id":"https:\/\/lightweb.dev\/l\/svm-temp\/#\/schema\/person\/206a3bda5b607b0c25e1749191e4d837","name":"Redaktionen SvM","description":"Redaktionen","sameAs":["https:\/\/lightweb.dev\/l\/svm-temp"],"url":"https:\/\/lightweb.dev\/l\/svm-temp\/reporter\/redaktionen\/"}]}},"_links":{"self":[{"href":"https:\/\/lightweb.dev\/l\/svm-temp\/wp-json\/wp\/v2\/posts\/15117","targetHints":{"allow":["GET"]}}],"collection":[{"href":"https:\/\/lightweb.dev\/l\/svm-temp\/wp-json\/wp\/v2\/posts"}],"about":[{"href":"https:\/\/lightweb.dev\/l\/svm-temp\/wp-json\/wp\/v2\/types\/post"}],"author":[{"embeddable":true,"href":"https:\/\/lightweb.dev\/l\/svm-temp\/wp-json\/wp\/v2\/users\/8"}],"replies":[{"embeddable":true,"href":"https:\/\/lightweb.dev\/l\/svm-temp\/wp-json\/wp\/v2\/comments?post=15117"}],"version-history":[{"count":0,"href":"https:\/\/lightweb.dev\/l\/svm-temp\/wp-json\/wp\/v2\/posts\/15117\/revisions"}],"wp:featuredmedia":[{"embeddable":true,"href":"https:\/\/lightweb.dev\/l\/svm-temp\/wp-json\/wp\/v2\/media\/15118"}],"wp:attachment":[{"href":"https:\/\/lightweb.dev\/l\/svm-temp\/wp-json\/wp\/v2\/media?parent=15117"}],"wp:term":[{"taxonomy":"category","embeddable":true,"href":"https:\/\/lightweb.dev\/l\/svm-temp\/wp-json\/wp\/v2\/categories?post=15117"},{"taxonomy":"post_tag","embeddable":true,"href":"https:\/\/lightweb.dev\/l\/svm-temp\/wp-json\/wp\/v2\/tags?post=15117"}],"curies":[{"name":"wp","href":"https:\/\/api.w.org\/{rel}","templated":true}]}}