{"id":1542,"date":"2005-05-25T00:00:00","date_gmt":"2005-05-24T22:00:00","guid":{"rendered":"https:\/\/lightweb.dev\/l\/svm-temp\/40-talet-anstallda-stammer-fixtelecom\/"},"modified":"2005-05-25T00:00:00","modified_gmt":"2005-05-24T22:00:00","slug":"40-talet-anstallda-stammer-fixtelecom","status":"publish","type":"post","link":"https:\/\/lightweb.dev\/l\/svm-temp\/artiklar\/40-talet-anstallda-stammer-fixtelecom\/","title":{"rendered":"40-talet anst\u00e4llda st\u00e4mmer FixTelecom"},"content":{"rendered":"<p> I maj varslades cirka 40-talet anst\u00e4llda vid telecombolaget FixTelecoms kundservicecenter i M\u00e1laga. Flera av de uppsagda \u00e4r svenskar. Nu st\u00e4mmer de f\u00f6retaget<br \/>\n Av Ola Josefsson<\/p>\n<p>Ingen l\u00f6n p\u00e5 tv\u00e5 m\u00e5nader och sedan pl\u00f6tslig upps\u00e4gning. Det blev resultatet i maj f\u00f6r runt 40 anst\u00e4llda vid telecombolaget FixTelecom i M\u00e1laga.<\/p>\n<p>\u201dInte g\u00e5tt r\u00e4tt till\u201d<br \/>\n-Det j\u00e4ser bland de tidigare anst\u00e4llda. Alla som arbetat vid kontoret i M\u00e1laga har blivit felaktigt uppsagda. Det har inte g\u00e5tt r\u00e4tt till, s\u00e4ger en av de m\u00e5nga svenskar som varit anst\u00e4llda vid f\u00f6retaget.<br \/>\nFlera av svenskarna, de flesta i \u00e5ldern 20 till 35 \u00e5r, blir st\u00e4llda p\u00e5 bar backe. Ett 40-tal har skrivit under en fullmakt via advokat som nu st\u00e4mmer f\u00f6retaget FixTelecom som sedan den 12 januari ing\u00e5r i gruppen Unofon Group Ltd, med huvudkontor p\u00e5 Jersey.<\/p>\n<p>Utebliven l\u00f6n<br \/>\n-Alla st\u00e5r bakom st\u00e4mningsans\u00f6kan, s\u00e4ger en av de tidigare anst\u00e4llda till Svenska Magasinet.<br \/>\n-Vi har blivit \u00f6verk\u00f6rda, upps\u00e4gningen har inte blivit sk\u00f6tt p\u00e5 r\u00e4tt s\u00e4tt, s\u00e4ger en rej\u00e4lt uppr\u00f6rd svensk kvinna. Vi har inte f\u00e5tt l\u00f6n p\u00e5 tv\u00e5 m\u00e5nader. Nu blir det en r\u00e4ttsprocess.<br \/>\nDe anst\u00e4llda har g\u00e5ng p\u00e5 g\u00e5ng f\u00e5tt muntliga besked p\u00e5 att pengarna skulle ha varit skickade. Men n\u00e5gra pengar har inte kommit.<\/p>\n<p>Stor uppst\u00e5ndelse<br \/>\nTisdagen den 24 maj var det stor uppst\u00e5ndelse vid f\u00f6retagets lokaler p\u00e5 Calle Bodequeros 21 i M\u00e1laga. Norsk tv var p\u00e5 plats samtidigt som de varslade f\u00f6rs\u00f6kte f\u00e5 n\u00e5gon som helst information fr\u00e5n f\u00f6retagsledningen.<br \/>\n-Informationen har varit knapph\u00e4ndig och det ber\u00f6r v\u00e4ldigt m\u00e5nga, s\u00e4ger en av de varslade.<br \/>\nSvenska Magasinet har upprepade g\u00e5nger, utan framg\u00e5ng, f\u00f6rs\u00f6kt n\u00e5 den platsansvarige vid kontoret i M\u00e1laga samt en av beslutsfattarna till nedl\u00e4ggningen. <\/p>\n","protected":false},"excerpt":{"rendered":"<p>I maj varslades cirka 40-talet anst\u00e4llda vid telecombolaget FixTelecoms kundservicecenter i M\u00e1laga. Flera av de uppsagda \u00e4r svenskar. Nu st\u00e4mmer de f\u00f6retaget Av Ola Josefsson Ingen l\u00f6n p\u00e5 tv\u00e5 m\u00e5nader och sedan pl\u00f6tslig upps\u00e4gning. Det blev resultatet i maj f\u00f6r runt 40 anst\u00e4llda vid telecombolaget FixTelecom i M\u00e1laga. \u201dInte g\u00e5tt r\u00e4tt till\u201d -Det j\u00e4ser bland [&hellip;]<\/p>\n","protected":false},"author":8,"featured_media":0,"comment_status":"open","ping_status":"open","sticky":false,"template":"","format":"standard","meta":{"_et_pb_use_builder":"","_et_pb_old_content":"","_et_gb_content_width":"","footnotes":""},"categories":[4,398],"tags":[],"class_list":["post-1542","post","type-post","status-publish","format-standard","hentry","category-artiklar","category-naringsliv"],"yoast_head":"<!-- This site is optimized with the Yoast SEO Premium plugin v26.2 (Yoast SEO v28.2) - https:\/\/yoast.com\/product\/yoast-seo-premium-wordpress\/ -->\n<title>40-talet anst\u00e4llda st\u00e4mmer FixTelecom - Svenska Magasinet<\/title>\n<meta name=\"robots\" content=\"noindex, follow, max-snippet:-1, max-image-preview:large, max-video-preview:-1\" \/>\n<meta property=\"og:locale\" content=\"sv_SE\" \/>\n<meta property=\"og:type\" content=\"article\" \/>\n<meta property=\"og:title\" content=\"40-talet anst\u00e4llda st\u00e4mmer FixTelecom\" \/>\n<meta property=\"og:description\" content=\"I maj varslades cirka 40-talet anst\u00e4llda vid telecombolaget FixTelecoms kundservicecenter i M\u00e1laga. Flera av de uppsagda \u00e4r svenskar. Nu st\u00e4mmer de f\u00f6retaget Av Ola Josefsson Ingen l\u00f6n p\u00e5 tv\u00e5 m\u00e5nader och sedan pl\u00f6tslig upps\u00e4gning. Det blev resultatet i maj f\u00f6r runt 40 anst\u00e4llda vid telecombolaget FixTelecom i M\u00e1laga. \u201dInte g\u00e5tt r\u00e4tt till\u201d -Det j\u00e4ser bland [&hellip;]\" \/>\n<meta property=\"og:url\" content=\"https:\/\/lightweb.dev\/l\/svm-temp\/artiklar\/40-talet-anstallda-stammer-fixtelecom\/\" \/>\n<meta property=\"og:site_name\" content=\"Svenska Magasinet\" \/>\n<meta property=\"article:publisher\" content=\"https:\/\/www.facebook.com\/svenskamagasinet\" \/>\n<meta property=\"article:published_time\" content=\"2005-05-24T22:00:00+00:00\" \/>\n<meta name=\"author\" content=\"Redaktionen SvM\" \/>\n<meta name=\"twitter:card\" content=\"summary_large_image\" \/>\n<meta name=\"twitter:creator\" content=\"@SvenskaMagasine\" \/>\n<meta name=\"twitter:site\" content=\"@SvenskaMagasine\" \/>\n<script type=\"application\/ld+json\" class=\"yoast-schema-graph\">{\"@context\":\"https:\\\/\\\/schema.org\",\"@graph\":[{\"@type\":\"Article\",\"@id\":\"https:\\\/\\\/lightweb.dev\\\/l\\\/svm-temp\\\/artiklar\\\/40-talet-anstallda-stammer-fixtelecom\\\/#article\",\"isPartOf\":{\"@id\":\"https:\\\/\\\/lightweb.dev\\\/l\\\/svm-temp\\\/artiklar\\\/40-talet-anstallda-stammer-fixtelecom\\\/\"},\"author\":{\"name\":\"Redaktionen SvM\",\"@id\":\"https:\\\/\\\/lightweb.dev\\\/l\\\/svm-temp\\\/#\\\/schema\\\/person\\\/206a3bda5b607b0c25e1749191e4d837\"},\"headline\":\"40-talet anst\u00e4llda st\u00e4mmer FixTelecom\",\"datePublished\":\"2005-05-24T22:00:00+00:00\",\"mainEntityOfPage\":{\"@id\":\"https:\\\/\\\/lightweb.dev\\\/l\\\/svm-temp\\\/artiklar\\\/40-talet-anstallda-stammer-fixtelecom\\\/\"},\"wordCount\":339,\"commentCount\":0,\"publisher\":{\"@id\":\"https:\\\/\\\/lightweb.dev\\\/l\\\/svm-temp\\\/#organization\"},\"articleSection\":[\"Artiklar\",\"N\u00e4ringsliv\"],\"inLanguage\":\"sv-SE\"},{\"@type\":\"WebPage\",\"@id\":\"https:\\\/\\\/lightweb.dev\\\/l\\\/svm-temp\\\/artiklar\\\/40-talet-anstallda-stammer-fixtelecom\\\/\",\"url\":\"https:\\\/\\\/lightweb.dev\\\/l\\\/svm-temp\\\/artiklar\\\/40-talet-anstallda-stammer-fixtelecom\\\/\",\"name\":\"40-talet anst\u00e4llda st\u00e4mmer FixTelecom - Svenska Magasinet\",\"isPartOf\":{\"@id\":\"https:\\\/\\\/lightweb.dev\\\/l\\\/svm-temp\\\/#website\"},\"datePublished\":\"2005-05-24T22:00:00+00:00\",\"breadcrumb\":{\"@id\":\"https:\\\/\\\/lightweb.dev\\\/l\\\/svm-temp\\\/artiklar\\\/40-talet-anstallda-stammer-fixtelecom\\\/#breadcrumb\"},\"inLanguage\":\"sv-SE\",\"potentialAction\":[{\"@type\":\"ReadAction\",\"target\":[\"https:\\\/\\\/lightweb.dev\\\/l\\\/svm-temp\\\/artiklar\\\/40-talet-anstallda-stammer-fixtelecom\\\/\"]}]},{\"@type\":\"BreadcrumbList\",\"@id\":\"https:\\\/\\\/lightweb.dev\\\/l\\\/svm-temp\\\/artiklar\\\/40-talet-anstallda-stammer-fixtelecom\\\/#breadcrumb\",\"itemListElement\":[{\"@type\":\"ListItem\",\"position\":1,\"name\":\"Hem\",\"item\":\"https:\\\/\\\/lightweb.dev\\\/l\\\/svm-temp\\\/\"},{\"@type\":\"ListItem\",\"position\":2,\"name\":\"40-talet anst\u00e4llda st\u00e4mmer FixTelecom\"}]},{\"@type\":\"WebSite\",\"@id\":\"https:\\\/\\\/lightweb.dev\\\/l\\\/svm-temp\\\/#website\",\"url\":\"https:\\\/\\\/lightweb.dev\\\/l\\\/svm-temp\\\/\",\"name\":\"Svenska Magasinet\",\"description\":\"Dina Spanska nyheter p&aring; Svenska\",\"publisher\":{\"@id\":\"https:\\\/\\\/lightweb.dev\\\/l\\\/svm-temp\\\/#organization\"},\"potentialAction\":[{\"@type\":\"SearchAction\",\"target\":{\"@type\":\"EntryPoint\",\"urlTemplate\":\"https:\\\/\\\/lightweb.dev\\\/l\\\/svm-temp\\\/?s={search_term_string}\"},\"query-input\":{\"@type\":\"PropertyValueSpecification\",\"valueRequired\":true,\"valueName\":\"search_term_string\"}}],\"inLanguage\":\"sv-SE\"},{\"@type\":\"Organization\",\"@id\":\"https:\\\/\\\/lightweb.dev\\\/l\\\/svm-temp\\\/#organization\",\"name\":\"Melkerson y Nott SL\",\"alternateName\":\"Svenska Magasinet\",\"url\":\"https:\\\/\\\/lightweb.dev\\\/l\\\/svm-temp\\\/\",\"logo\":{\"@type\":\"ImageObject\",\"inLanguage\":\"sv-SE\",\"@id\":\"https:\\\/\\\/lightweb.dev\\\/l\\\/svm-temp\\\/#\\\/schema\\\/logo\\\/image\\\/\",\"url\":\"https:\\\/\\\/lightweb.dev\\\/l\\\/svm-temp\\\/wp-content\\\/uploads\\\/2025\\\/02\\\/SvM-logo-Xtra-Centrerad-SVART.png\",\"contentUrl\":\"https:\\\/\\\/lightweb.dev\\\/l\\\/svm-temp\\\/wp-content\\\/uploads\\\/2025\\\/02\\\/SvM-logo-Xtra-Centrerad-SVART.png\",\"width\":300,\"height\":99,\"caption\":\"Melkerson y Nott SL\"},\"image\":{\"@id\":\"https:\\\/\\\/lightweb.dev\\\/l\\\/svm-temp\\\/#\\\/schema\\\/logo\\\/image\\\/\"},\"sameAs\":[\"https:\\\/\\\/www.facebook.com\\\/svenskamagasinet\",\"https:\\\/\\\/x.com\\\/SvenskaMagasine\"]},{\"@type\":\"Person\",\"@id\":\"https:\\\/\\\/lightweb.dev\\\/l\\\/svm-temp\\\/#\\\/schema\\\/person\\\/206a3bda5b607b0c25e1749191e4d837\",\"name\":\"Redaktionen SvM\",\"description\":\"Redaktionen\",\"sameAs\":[\"https:\\\/\\\/lightweb.dev\\\/l\\\/svm-temp\"],\"url\":\"https:\\\/\\\/lightweb.dev\\\/l\\\/svm-temp\\\/reporter\\\/redaktionen\\\/\"}]}<\/script>\n<!-- \/ Yoast SEO Premium plugin. -->","yoast_head_json":{"title":"40-talet anst\u00e4llda st\u00e4mmer FixTelecom - Svenska Magasinet","robots":{"index":"noindex","follow":"follow","max-snippet":"max-snippet:-1","max-image-preview":"max-image-preview:large","max-video-preview":"max-video-preview:-1"},"og_locale":"sv_SE","og_type":"article","og_title":"40-talet anst\u00e4llda st\u00e4mmer FixTelecom","og_description":"I maj varslades cirka 40-talet anst\u00e4llda vid telecombolaget FixTelecoms kundservicecenter i M\u00e1laga. Flera av de uppsagda \u00e4r svenskar. Nu st\u00e4mmer de f\u00f6retaget Av Ola Josefsson Ingen l\u00f6n p\u00e5 tv\u00e5 m\u00e5nader och sedan pl\u00f6tslig upps\u00e4gning. Det blev resultatet i maj f\u00f6r runt 40 anst\u00e4llda vid telecombolaget FixTelecom i M\u00e1laga. \u201dInte g\u00e5tt r\u00e4tt till\u201d -Det j\u00e4ser bland [&hellip;]","og_url":"https:\/\/lightweb.dev\/l\/svm-temp\/artiklar\/40-talet-anstallda-stammer-fixtelecom\/","og_site_name":"Svenska Magasinet","article_publisher":"https:\/\/www.facebook.com\/svenskamagasinet","article_published_time":"2005-05-24T22:00:00+00:00","author":"Redaktionen SvM","twitter_card":"summary_large_image","twitter_creator":"@SvenskaMagasine","twitter_site":"@SvenskaMagasine","schema":{"@context":"https:\/\/schema.org","@graph":[{"@type":"Article","@id":"https:\/\/lightweb.dev\/l\/svm-temp\/artiklar\/40-talet-anstallda-stammer-fixtelecom\/#article","isPartOf":{"@id":"https:\/\/lightweb.dev\/l\/svm-temp\/artiklar\/40-talet-anstallda-stammer-fixtelecom\/"},"author":{"name":"Redaktionen SvM","@id":"https:\/\/lightweb.dev\/l\/svm-temp\/#\/schema\/person\/206a3bda5b607b0c25e1749191e4d837"},"headline":"40-talet anst\u00e4llda st\u00e4mmer FixTelecom","datePublished":"2005-05-24T22:00:00+00:00","mainEntityOfPage":{"@id":"https:\/\/lightweb.dev\/l\/svm-temp\/artiklar\/40-talet-anstallda-stammer-fixtelecom\/"},"wordCount":339,"commentCount":0,"publisher":{"@id":"https:\/\/lightweb.dev\/l\/svm-temp\/#organization"},"articleSection":["Artiklar","N\u00e4ringsliv"],"inLanguage":"sv-SE"},{"@type":"WebPage","@id":"https:\/\/lightweb.dev\/l\/svm-temp\/artiklar\/40-talet-anstallda-stammer-fixtelecom\/","url":"https:\/\/lightweb.dev\/l\/svm-temp\/artiklar\/40-talet-anstallda-stammer-fixtelecom\/","name":"40-talet anst\u00e4llda st\u00e4mmer FixTelecom - Svenska Magasinet","isPartOf":{"@id":"https:\/\/lightweb.dev\/l\/svm-temp\/#website"},"datePublished":"2005-05-24T22:00:00+00:00","breadcrumb":{"@id":"https:\/\/lightweb.dev\/l\/svm-temp\/artiklar\/40-talet-anstallda-stammer-fixtelecom\/#breadcrumb"},"inLanguage":"sv-SE","potentialAction":[{"@type":"ReadAction","target":["https:\/\/lightweb.dev\/l\/svm-temp\/artiklar\/40-talet-anstallda-stammer-fixtelecom\/"]}]},{"@type":"BreadcrumbList","@id":"https:\/\/lightweb.dev\/l\/svm-temp\/artiklar\/40-talet-anstallda-stammer-fixtelecom\/#breadcrumb","itemListElement":[{"@type":"ListItem","position":1,"name":"Hem","item":"https:\/\/lightweb.dev\/l\/svm-temp\/"},{"@type":"ListItem","position":2,"name":"40-talet anst\u00e4llda st\u00e4mmer FixTelecom"}]},{"@type":"WebSite","@id":"https:\/\/lightweb.dev\/l\/svm-temp\/#website","url":"https:\/\/lightweb.dev\/l\/svm-temp\/","name":"Svenska Magasinet","description":"Dina Spanska nyheter p&aring; Svenska","publisher":{"@id":"https:\/\/lightweb.dev\/l\/svm-temp\/#organization"},"potentialAction":[{"@type":"SearchAction","target":{"@type":"EntryPoint","urlTemplate":"https:\/\/lightweb.dev\/l\/svm-temp\/?s={search_term_string}"},"query-input":{"@type":"PropertyValueSpecification","valueRequired":true,"valueName":"search_term_string"}}],"inLanguage":"sv-SE"},{"@type":"Organization","@id":"https:\/\/lightweb.dev\/l\/svm-temp\/#organization","name":"Melkerson y Nott SL","alternateName":"Svenska Magasinet","url":"https:\/\/lightweb.dev\/l\/svm-temp\/","logo":{"@type":"ImageObject","inLanguage":"sv-SE","@id":"https:\/\/lightweb.dev\/l\/svm-temp\/#\/schema\/logo\/image\/","url":"https:\/\/lightweb.dev\/l\/svm-temp\/wp-content\/uploads\/2025\/02\/SvM-logo-Xtra-Centrerad-SVART.png","contentUrl":"https:\/\/lightweb.dev\/l\/svm-temp\/wp-content\/uploads\/2025\/02\/SvM-logo-Xtra-Centrerad-SVART.png","width":300,"height":99,"caption":"Melkerson y Nott SL"},"image":{"@id":"https:\/\/lightweb.dev\/l\/svm-temp\/#\/schema\/logo\/image\/"},"sameAs":["https:\/\/www.facebook.com\/svenskamagasinet","https:\/\/x.com\/SvenskaMagasine"]},{"@type":"Person","@id":"https:\/\/lightweb.dev\/l\/svm-temp\/#\/schema\/person\/206a3bda5b607b0c25e1749191e4d837","name":"Redaktionen SvM","description":"Redaktionen","sameAs":["https:\/\/lightweb.dev\/l\/svm-temp"],"url":"https:\/\/lightweb.dev\/l\/svm-temp\/reporter\/redaktionen\/"}]}},"_links":{"self":[{"href":"https:\/\/lightweb.dev\/l\/svm-temp\/wp-json\/wp\/v2\/posts\/1542","targetHints":{"allow":["GET"]}}],"collection":[{"href":"https:\/\/lightweb.dev\/l\/svm-temp\/wp-json\/wp\/v2\/posts"}],"about":[{"href":"https:\/\/lightweb.dev\/l\/svm-temp\/wp-json\/wp\/v2\/types\/post"}],"author":[{"embeddable":true,"href":"https:\/\/lightweb.dev\/l\/svm-temp\/wp-json\/wp\/v2\/users\/8"}],"replies":[{"embeddable":true,"href":"https:\/\/lightweb.dev\/l\/svm-temp\/wp-json\/wp\/v2\/comments?post=1542"}],"version-history":[{"count":0,"href":"https:\/\/lightweb.dev\/l\/svm-temp\/wp-json\/wp\/v2\/posts\/1542\/revisions"}],"wp:attachment":[{"href":"https:\/\/lightweb.dev\/l\/svm-temp\/wp-json\/wp\/v2\/media?parent=1542"}],"wp:term":[{"taxonomy":"category","embeddable":true,"href":"https:\/\/lightweb.dev\/l\/svm-temp\/wp-json\/wp\/v2\/categories?post=1542"},{"taxonomy":"post_tag","embeddable":true,"href":"https:\/\/lightweb.dev\/l\/svm-temp\/wp-json\/wp\/v2\/tags?post=1542"}],"curies":[{"name":"wp","href":"https:\/\/api.w.org\/{rel}","templated":true}]}}