{"id":1560,"date":"2005-05-03T00:00:00","date_gmt":"2005-05-02T22:00:00","guid":{"rendered":"https:\/\/lightweb.dev\/l\/svm-temp\/sonerna-som-tar-over-i-golfdalen\/"},"modified":"2005-05-03T00:00:00","modified_gmt":"2005-05-02T22:00:00","slug":"sonerna-som-tar-over-i-golfdalen","status":"publish","type":"post","link":"https:\/\/lightweb.dev\/l\/svm-temp\/artiklar\/sonerna-som-tar-over-i-golfdalen\/","title":{"rendered":"S\u00f6nerna som tar \u00f6ver i golfdalen"},"content":{"rendered":"<p> Den andra generationens Spaniensvenskar \u00e4r p\u00e5 v\u00e4g att ta \u00f6ver. De kom till Costa del Sol med sina f\u00f6r\u00e4ldrar. De \u00e4r v\u00e4lutbildade och spr\u00e5kkunniga. De g\u00e5r i sina f\u00f6r\u00e4ldrars fotsp\u00e5r Av Ola Josefsson<\/p>\n<p>Ulf Hessedahl, 34 \u00e5r, och Joakim Nerman, 29 \u00e5r, \u00e4r p\u00e5 v\u00e4g att ta \u00f6ver. De kom till Spanien med sina f\u00f6r\u00e4ldrar p\u00e5 80-talet. De har skolats in i sina pappors yrken.<br \/>\nFr\u00e5n tio \u00e5r<br \/>\nUlf var runt 10 \u00e5r n\u00e4r han kom till Costa del Sol med sina f\u00f6r\u00e4ldrar. Han tog motsvarigheten till realexamen vid Calpe college. Blev civilekonom efter studier vid Florida Atlantic University i Florida.<br \/>\nJoakim har en aff\u00e4rsm\u00e4ssig utbildning i grunden och studerat hotellmanagement i Schweiz. Han har varit med fr\u00e5n starten 1986, tio \u00e5r gammal n\u00e4r pappa Christer \u00f6ppnade kvarterskrogen \u201dLa Pico\u201d i San Pedro de Alcantarra. Verksamheten flyttades senare till El Girasol i Nueva Andalucia.<br \/>\n1990 blev det The Restaurant p\u00e5 Los Naranjos Golf Club vilket k\u00e4ndes som att f\u00e5 komma hem f\u00f6r familjen Nerman. Fr\u00e5n 1970 och fram till flytten till Solkusten serverade Christer Nerman otaliga golfm\u00e5l p\u00e5 Bokskogens Golfklubb utanf\u00f6r Malm\u00f6.<br \/>\nLovande golfjunior<br \/>\nGolfsporten \u00e4r synonymt med m\u00e5nga svenskar som slagit ned sina bop\u00e5lar i Nueva Andalucia. S\u00e5 \u00e4r det ocks\u00e5 med Joakim och Ulf.<br \/>\nUlf var en g\u00e5ng i tiden en av kustens mest lovande junior. Aloha-medlemmen t\u00e4vlade i de spanska juniorm\u00e4sterskapen. Joakim spelar g\u00e4rna golf om han inte jobbar p\u00e5 The Restaurant p\u00e5 Los Naranjos med 200 green fee-g\u00e4ster per dag.<br \/>\n-Det \u00e4r inte vilket jobb som helst. Det \u00e4r ett sjudagarsjobb att ha golfrestaurang p\u00e5 Solkusten j\u00e4mf\u00f6rt med Sverige som \u00e4r mer s\u00e4songsbetonat, s\u00e4ger Joakim Nerman som dessutom ska bli pappa i augusti. En dotter \u00e4r p\u00e5 v\u00e4g.<br \/>\nN\u00f6jda g\u00e4ster<br \/>\nF\u00f6r pappa Christer, 60 \u00e5r, stundar lite lugnare tider \u00e4ven om han kommer att synas i kulisserna p\u00e5 The Restaurant \u00e4ven i forts\u00e4ttningen.<br \/>\n-Det g\u00e5r inte bara att l\u00e4gga av. Fram\u00f6ver blir jag lite mer av en konsult i verksamheten som ska st\u00f6tta sonen och sonhustrun, s\u00e4ger Christer som kan se tillbaka p\u00e5 m\u00e5nga fina \u00e5r.<br \/>\n-Det b\u00e4sta \u00e4r alla n\u00f6jda g\u00e4ster vi haft under \u00e5rens lopp som verkligen har uppskattat v\u00e5rt arbete och v\u00e5r mat inte minst. Det roligaste just nu \u00e4r att sonen ska ta \u00f6ver, analyserar Christer Nerman och Joakim fyller i:<br \/>\n-Jag ska g\u00f6ra mitt b\u00e4sta och forts\u00e4tta p\u00e5 det som mina f\u00f6r\u00e4ldrar har byggt upp under 15 \u00e5r. Men jag k\u00e4nner ingen press, det blir en naturlig \u00f6verg\u00e5ng.<br \/>\nF\u00f6rs\u00f6kte \u201drymma\u201d<br \/>\nJoakim erk\u00e4nner \u00e5 andra sidan att han har f\u00f6rs\u00f6kt att \u201drymma\u201d fr\u00e5n branschen vid tre tillf\u00e4llen. Men efter ett tag var han tillbaka i restaurangmilj\u00f6n.<br \/>\n-Det g\u00e5r inte att sl\u00e4ppa. Det \u00e4r kul och inspirerande att jobba p\u00e5 en golfrestaurang. Menyn m\u00e5ste best\u00e5 av ett mellanting som passar alla, fr\u00e5n husmanskost till internationella r\u00e4tter.<br \/>\nPapporna Kjell och Christer talar sig varmt om alla k\u00e4ndisar och v\u00e4nner som de har haft som kunder. Fr\u00e5n Sean Connery till Peter Forsberg. Mats Sundin, Patrik Sj\u00f6berg, Ace of Bace och Emma Sj\u00f6berg \u00e4r andra g\u00e4ster p\u00e5 restaurangen.<br \/>\n-Vi gl\u00f6mmer aldrig n\u00e4r Dolph Lundgren dansade flamenco, s\u00e4ger Christer och skrattar.<br \/>\nBesviken<br \/>\nUlfs pappa Kjell startade m\u00e4klarf\u00f6retaget Andalucia Development tillsammans med sin d\u00e5varande partner Rolf Lindberg. Fr\u00e5n b\u00f6rjan jobbade Kjell och Rolf p\u00e5 ett annat f\u00f6retag.<br \/>\nKjell gav dem en aff\u00e4rsid\u00e9. Det slutade med att han och Rolf inte l\u00e4ngre fick plats p\u00e5 deras kontor vilket gjorde att de startade Andalucia Development vid Centro Comercial Plaza. Kjell har satt tryggheten i fr\u00e4msta rummet. N\u00e5gra vidlyftiga satsningar har aldrig varit aktuellt.<br \/>\n-Vi \u00e4r ganska f\u00e5 som jobbar p\u00e5 kontoret. Jag jobbar mindre och Ulf jobbar mer\u2026, s\u00e4ger Kjell.<br \/>\nLjuspunkter<br \/>\nUlf har skolats in i f\u00f6retaget. Genom f\u00f6rs\u00e4ljning, uthyrning, service, st\u00e4d och mycket annat. Han har en bra grund att st\u00e5 p\u00e5.<br \/>\nN\u00e4r vi tr\u00e4ffar far och son Hessedahl har vi passerat vinters\u00e4songen. Fastighetsmarknaden har stagnerat en aning men Kjell och Ulf ser ljuspunkter i tillvaron.<br \/>\n-De dyra objekten har det tuffast. Intresset f\u00f6r radhus och l\u00e4genheter h\u00e5ller i sig och det \u00e4r bra drag efter objekt i mellanprisklassen 300.000 till 400.000 euro, s\u00e4ger Kjell och Ulf nickar inst\u00e4mmande.<br \/>\n-Den som vill s\u00e4lja till ett realistiskt pris har inga problem att hitta k\u00f6pare.<br \/>\nBra investering \u00e4r alltid villatomter, s\u00e4ger far och son Hessedahl.<br \/>\nP\u00e5 andra sidan Nueva Andalucia f\u00f6rbereder far och son Nerman f\u00f6r lunchruschen. Dagens f\u00f6rsta green fee-g\u00e4ster \u00e4r p\u00e5 v\u00e4g in.<\/p>\n","protected":false},"excerpt":{"rendered":"<p>Den andra generationens Spaniensvenskar \u00e4r p\u00e5 v\u00e4g att ta \u00f6ver. De kom till Costa del Sol med sina f\u00f6r\u00e4ldrar. De \u00e4r v\u00e4lutbildade och spr\u00e5kkunniga. De g\u00e5r i sina f\u00f6r\u00e4ldrars fotsp\u00e5r Av Ola Josefsson Ulf Hessedahl, 34 \u00e5r, och Joakim Nerman, 29 \u00e5r, \u00e4r p\u00e5 v\u00e4g att ta \u00f6ver. De kom till Spanien med sina f\u00f6r\u00e4ldrar [&hellip;]<\/p>\n","protected":false},"author":8,"featured_media":1561,"comment_status":"open","ping_status":"open","sticky":false,"template":"","format":"standard","meta":{"_et_pb_use_builder":"","_et_pb_old_content":"","_et_gb_content_width":"","footnotes":""},"categories":[4,398],"tags":[],"class_list":["post-1560","post","type-post","status-publish","format-standard","has-post-thumbnail","hentry","category-artiklar","category-naringsliv"],"yoast_head":"<!-- This site is optimized with the Yoast SEO Premium plugin v26.2 (Yoast SEO v28.2) - https:\/\/yoast.com\/product\/yoast-seo-premium-wordpress\/ -->\n<title>S\u00f6nerna som tar \u00f6ver i golfdalen - Svenska Magasinet<\/title>\n<meta name=\"robots\" content=\"noindex, follow, max-snippet:-1, max-image-preview:large, max-video-preview:-1\" \/>\n<meta property=\"og:locale\" content=\"sv_SE\" \/>\n<meta property=\"og:type\" content=\"article\" \/>\n<meta property=\"og:title\" content=\"S\u00f6nerna som tar \u00f6ver i golfdalen\" \/>\n<meta property=\"og:description\" content=\"Den andra generationens Spaniensvenskar \u00e4r p\u00e5 v\u00e4g att ta \u00f6ver. De kom till Costa del Sol med sina f\u00f6r\u00e4ldrar. De \u00e4r v\u00e4lutbildade och spr\u00e5kkunniga. De g\u00e5r i sina f\u00f6r\u00e4ldrars fotsp\u00e5r Av Ola Josefsson Ulf Hessedahl, 34 \u00e5r, och Joakim Nerman, 29 \u00e5r, \u00e4r p\u00e5 v\u00e4g att ta \u00f6ver. De kom till Spanien med sina f\u00f6r\u00e4ldrar [&hellip;]\" \/>\n<meta property=\"og:url\" content=\"https:\/\/lightweb.dev\/l\/svm-temp\/artiklar\/sonerna-som-tar-over-i-golfdalen\/\" \/>\n<meta property=\"og:site_name\" content=\"Svenska Magasinet\" \/>\n<meta property=\"article:publisher\" content=\"https:\/\/www.facebook.com\/svenskamagasinet\" \/>\n<meta property=\"article:published_time\" content=\"2005-05-02T22:00:00+00:00\" \/>\n<meta property=\"og:image\" content=\"https:\/\/lightweb.dev\/l\/svm-temp\/wp-content\/uploads\/2022\/04\/snerna-som-tar-ver-i-golfdalen.png\" \/>\n\t<meta property=\"og:image:width\" content=\"280\" \/>\n\t<meta property=\"og:image:height\" content=\"210\" \/>\n\t<meta property=\"og:image:type\" content=\"image\/png\" \/>\n<meta name=\"author\" content=\"Redaktionen SvM\" \/>\n<meta name=\"twitter:card\" content=\"summary_large_image\" \/>\n<meta name=\"twitter:creator\" content=\"@SvenskaMagasine\" \/>\n<meta name=\"twitter:site\" content=\"@SvenskaMagasine\" \/>\n<script type=\"application\/ld+json\" class=\"yoast-schema-graph\">{\"@context\":\"https:\\\/\\\/schema.org\",\"@graph\":[{\"@type\":\"Article\",\"@id\":\"https:\\\/\\\/lightweb.dev\\\/l\\\/svm-temp\\\/artiklar\\\/sonerna-som-tar-over-i-golfdalen\\\/#article\",\"isPartOf\":{\"@id\":\"https:\\\/\\\/lightweb.dev\\\/l\\\/svm-temp\\\/artiklar\\\/sonerna-som-tar-over-i-golfdalen\\\/\"},\"author\":{\"name\":\"Redaktionen SvM\",\"@id\":\"https:\\\/\\\/lightweb.dev\\\/l\\\/svm-temp\\\/#\\\/schema\\\/person\\\/206a3bda5b607b0c25e1749191e4d837\"},\"headline\":\"S\u00f6nerna som tar \u00f6ver i golfdalen\",\"datePublished\":\"2005-05-02T22:00:00+00:00\",\"mainEntityOfPage\":{\"@id\":\"https:\\\/\\\/lightweb.dev\\\/l\\\/svm-temp\\\/artiklar\\\/sonerna-som-tar-over-i-golfdalen\\\/\"},\"wordCount\":831,\"commentCount\":0,\"publisher\":{\"@id\":\"https:\\\/\\\/lightweb.dev\\\/l\\\/svm-temp\\\/#organization\"},\"image\":{\"@id\":\"https:\\\/\\\/lightweb.dev\\\/l\\\/svm-temp\\\/artiklar\\\/sonerna-som-tar-over-i-golfdalen\\\/#primaryimage\"},\"thumbnailUrl\":\"https:\\\/\\\/lightweb.dev\\\/l\\\/svm-temp\\\/wp-content\\\/uploads\\\/2022\\\/04\\\/snerna-som-tar-ver-i-golfdalen.png\",\"articleSection\":[\"Artiklar\",\"N\u00e4ringsliv\"],\"inLanguage\":\"sv-SE\"},{\"@type\":\"WebPage\",\"@id\":\"https:\\\/\\\/lightweb.dev\\\/l\\\/svm-temp\\\/artiklar\\\/sonerna-som-tar-over-i-golfdalen\\\/\",\"url\":\"https:\\\/\\\/lightweb.dev\\\/l\\\/svm-temp\\\/artiklar\\\/sonerna-som-tar-over-i-golfdalen\\\/\",\"name\":\"S\u00f6nerna som tar \u00f6ver i golfdalen - Svenska Magasinet\",\"isPartOf\":{\"@id\":\"https:\\\/\\\/lightweb.dev\\\/l\\\/svm-temp\\\/#website\"},\"primaryImageOfPage\":{\"@id\":\"https:\\\/\\\/lightweb.dev\\\/l\\\/svm-temp\\\/artiklar\\\/sonerna-som-tar-over-i-golfdalen\\\/#primaryimage\"},\"image\":{\"@id\":\"https:\\\/\\\/lightweb.dev\\\/l\\\/svm-temp\\\/artiklar\\\/sonerna-som-tar-over-i-golfdalen\\\/#primaryimage\"},\"thumbnailUrl\":\"https:\\\/\\\/lightweb.dev\\\/l\\\/svm-temp\\\/wp-content\\\/uploads\\\/2022\\\/04\\\/snerna-som-tar-ver-i-golfdalen.png\",\"datePublished\":\"2005-05-02T22:00:00+00:00\",\"breadcrumb\":{\"@id\":\"https:\\\/\\\/lightweb.dev\\\/l\\\/svm-temp\\\/artiklar\\\/sonerna-som-tar-over-i-golfdalen\\\/#breadcrumb\"},\"inLanguage\":\"sv-SE\",\"potentialAction\":[{\"@type\":\"ReadAction\",\"target\":[\"https:\\\/\\\/lightweb.dev\\\/l\\\/svm-temp\\\/artiklar\\\/sonerna-som-tar-over-i-golfdalen\\\/\"]}]},{\"@type\":\"ImageObject\",\"inLanguage\":\"sv-SE\",\"@id\":\"https:\\\/\\\/lightweb.dev\\\/l\\\/svm-temp\\\/artiklar\\\/sonerna-som-tar-over-i-golfdalen\\\/#primaryimage\",\"url\":\"https:\\\/\\\/lightweb.dev\\\/l\\\/svm-temp\\\/wp-content\\\/uploads\\\/2022\\\/04\\\/snerna-som-tar-ver-i-golfdalen.png\",\"contentUrl\":\"https:\\\/\\\/lightweb.dev\\\/l\\\/svm-temp\\\/wp-content\\\/uploads\\\/2022\\\/04\\\/snerna-som-tar-ver-i-golfdalen.png\",\"width\":280,\"height\":210},{\"@type\":\"BreadcrumbList\",\"@id\":\"https:\\\/\\\/lightweb.dev\\\/l\\\/svm-temp\\\/artiklar\\\/sonerna-som-tar-over-i-golfdalen\\\/#breadcrumb\",\"itemListElement\":[{\"@type\":\"ListItem\",\"position\":1,\"name\":\"Hem\",\"item\":\"https:\\\/\\\/lightweb.dev\\\/l\\\/svm-temp\\\/\"},{\"@type\":\"ListItem\",\"position\":2,\"name\":\"S\u00f6nerna som tar \u00f6ver i golfdalen\"}]},{\"@type\":\"WebSite\",\"@id\":\"https:\\\/\\\/lightweb.dev\\\/l\\\/svm-temp\\\/#website\",\"url\":\"https:\\\/\\\/lightweb.dev\\\/l\\\/svm-temp\\\/\",\"name\":\"Svenska Magasinet\",\"description\":\"Dina Spanska nyheter p&aring; Svenska\",\"publisher\":{\"@id\":\"https:\\\/\\\/lightweb.dev\\\/l\\\/svm-temp\\\/#organization\"},\"potentialAction\":[{\"@type\":\"SearchAction\",\"target\":{\"@type\":\"EntryPoint\",\"urlTemplate\":\"https:\\\/\\\/lightweb.dev\\\/l\\\/svm-temp\\\/?s={search_term_string}\"},\"query-input\":{\"@type\":\"PropertyValueSpecification\",\"valueRequired\":true,\"valueName\":\"search_term_string\"}}],\"inLanguage\":\"sv-SE\"},{\"@type\":\"Organization\",\"@id\":\"https:\\\/\\\/lightweb.dev\\\/l\\\/svm-temp\\\/#organization\",\"name\":\"Melkerson y Nott SL\",\"alternateName\":\"Svenska Magasinet\",\"url\":\"https:\\\/\\\/lightweb.dev\\\/l\\\/svm-temp\\\/\",\"logo\":{\"@type\":\"ImageObject\",\"inLanguage\":\"sv-SE\",\"@id\":\"https:\\\/\\\/lightweb.dev\\\/l\\\/svm-temp\\\/#\\\/schema\\\/logo\\\/image\\\/\",\"url\":\"https:\\\/\\\/lightweb.dev\\\/l\\\/svm-temp\\\/wp-content\\\/uploads\\\/2025\\\/02\\\/SvM-logo-Xtra-Centrerad-SVART.png\",\"contentUrl\":\"https:\\\/\\\/lightweb.dev\\\/l\\\/svm-temp\\\/wp-content\\\/uploads\\\/2025\\\/02\\\/SvM-logo-Xtra-Centrerad-SVART.png\",\"width\":300,\"height\":99,\"caption\":\"Melkerson y Nott SL\"},\"image\":{\"@id\":\"https:\\\/\\\/lightweb.dev\\\/l\\\/svm-temp\\\/#\\\/schema\\\/logo\\\/image\\\/\"},\"sameAs\":[\"https:\\\/\\\/www.facebook.com\\\/svenskamagasinet\",\"https:\\\/\\\/x.com\\\/SvenskaMagasine\"]},{\"@type\":\"Person\",\"@id\":\"https:\\\/\\\/lightweb.dev\\\/l\\\/svm-temp\\\/#\\\/schema\\\/person\\\/206a3bda5b607b0c25e1749191e4d837\",\"name\":\"Redaktionen SvM\",\"description\":\"Redaktionen\",\"sameAs\":[\"https:\\\/\\\/lightweb.dev\\\/l\\\/svm-temp\"],\"url\":\"https:\\\/\\\/lightweb.dev\\\/l\\\/svm-temp\\\/reporter\\\/redaktionen\\\/\"}]}<\/script>\n<!-- \/ Yoast SEO Premium plugin. -->","yoast_head_json":{"title":"S\u00f6nerna som tar \u00f6ver i golfdalen - Svenska Magasinet","robots":{"index":"noindex","follow":"follow","max-snippet":"max-snippet:-1","max-image-preview":"max-image-preview:large","max-video-preview":"max-video-preview:-1"},"og_locale":"sv_SE","og_type":"article","og_title":"S\u00f6nerna som tar \u00f6ver i golfdalen","og_description":"Den andra generationens Spaniensvenskar \u00e4r p\u00e5 v\u00e4g att ta \u00f6ver. De kom till Costa del Sol med sina f\u00f6r\u00e4ldrar. De \u00e4r v\u00e4lutbildade och spr\u00e5kkunniga. De g\u00e5r i sina f\u00f6r\u00e4ldrars fotsp\u00e5r Av Ola Josefsson Ulf Hessedahl, 34 \u00e5r, och Joakim Nerman, 29 \u00e5r, \u00e4r p\u00e5 v\u00e4g att ta \u00f6ver. De kom till Spanien med sina f\u00f6r\u00e4ldrar [&hellip;]","og_url":"https:\/\/lightweb.dev\/l\/svm-temp\/artiklar\/sonerna-som-tar-over-i-golfdalen\/","og_site_name":"Svenska Magasinet","article_publisher":"https:\/\/www.facebook.com\/svenskamagasinet","article_published_time":"2005-05-02T22:00:00+00:00","og_image":[{"width":280,"height":210,"url":"https:\/\/lightweb.dev\/l\/svm-temp\/wp-content\/uploads\/2022\/04\/snerna-som-tar-ver-i-golfdalen.png","type":"image\/png"}],"author":"Redaktionen SvM","twitter_card":"summary_large_image","twitter_creator":"@SvenskaMagasine","twitter_site":"@SvenskaMagasine","schema":{"@context":"https:\/\/schema.org","@graph":[{"@type":"Article","@id":"https:\/\/lightweb.dev\/l\/svm-temp\/artiklar\/sonerna-som-tar-over-i-golfdalen\/#article","isPartOf":{"@id":"https:\/\/lightweb.dev\/l\/svm-temp\/artiklar\/sonerna-som-tar-over-i-golfdalen\/"},"author":{"name":"Redaktionen SvM","@id":"https:\/\/lightweb.dev\/l\/svm-temp\/#\/schema\/person\/206a3bda5b607b0c25e1749191e4d837"},"headline":"S\u00f6nerna som tar \u00f6ver i golfdalen","datePublished":"2005-05-02T22:00:00+00:00","mainEntityOfPage":{"@id":"https:\/\/lightweb.dev\/l\/svm-temp\/artiklar\/sonerna-som-tar-over-i-golfdalen\/"},"wordCount":831,"commentCount":0,"publisher":{"@id":"https:\/\/lightweb.dev\/l\/svm-temp\/#organization"},"image":{"@id":"https:\/\/lightweb.dev\/l\/svm-temp\/artiklar\/sonerna-som-tar-over-i-golfdalen\/#primaryimage"},"thumbnailUrl":"https:\/\/lightweb.dev\/l\/svm-temp\/wp-content\/uploads\/2022\/04\/snerna-som-tar-ver-i-golfdalen.png","articleSection":["Artiklar","N\u00e4ringsliv"],"inLanguage":"sv-SE"},{"@type":"WebPage","@id":"https:\/\/lightweb.dev\/l\/svm-temp\/artiklar\/sonerna-som-tar-over-i-golfdalen\/","url":"https:\/\/lightweb.dev\/l\/svm-temp\/artiklar\/sonerna-som-tar-over-i-golfdalen\/","name":"S\u00f6nerna som tar \u00f6ver i golfdalen - Svenska Magasinet","isPartOf":{"@id":"https:\/\/lightweb.dev\/l\/svm-temp\/#website"},"primaryImageOfPage":{"@id":"https:\/\/lightweb.dev\/l\/svm-temp\/artiklar\/sonerna-som-tar-over-i-golfdalen\/#primaryimage"},"image":{"@id":"https:\/\/lightweb.dev\/l\/svm-temp\/artiklar\/sonerna-som-tar-over-i-golfdalen\/#primaryimage"},"thumbnailUrl":"https:\/\/lightweb.dev\/l\/svm-temp\/wp-content\/uploads\/2022\/04\/snerna-som-tar-ver-i-golfdalen.png","datePublished":"2005-05-02T22:00:00+00:00","breadcrumb":{"@id":"https:\/\/lightweb.dev\/l\/svm-temp\/artiklar\/sonerna-som-tar-over-i-golfdalen\/#breadcrumb"},"inLanguage":"sv-SE","potentialAction":[{"@type":"ReadAction","target":["https:\/\/lightweb.dev\/l\/svm-temp\/artiklar\/sonerna-som-tar-over-i-golfdalen\/"]}]},{"@type":"ImageObject","inLanguage":"sv-SE","@id":"https:\/\/lightweb.dev\/l\/svm-temp\/artiklar\/sonerna-som-tar-over-i-golfdalen\/#primaryimage","url":"https:\/\/lightweb.dev\/l\/svm-temp\/wp-content\/uploads\/2022\/04\/snerna-som-tar-ver-i-golfdalen.png","contentUrl":"https:\/\/lightweb.dev\/l\/svm-temp\/wp-content\/uploads\/2022\/04\/snerna-som-tar-ver-i-golfdalen.png","width":280,"height":210},{"@type":"BreadcrumbList","@id":"https:\/\/lightweb.dev\/l\/svm-temp\/artiklar\/sonerna-som-tar-over-i-golfdalen\/#breadcrumb","itemListElement":[{"@type":"ListItem","position":1,"name":"Hem","item":"https:\/\/lightweb.dev\/l\/svm-temp\/"},{"@type":"ListItem","position":2,"name":"S\u00f6nerna som tar \u00f6ver i golfdalen"}]},{"@type":"WebSite","@id":"https:\/\/lightweb.dev\/l\/svm-temp\/#website","url":"https:\/\/lightweb.dev\/l\/svm-temp\/","name":"Svenska Magasinet","description":"Dina Spanska nyheter p&aring; Svenska","publisher":{"@id":"https:\/\/lightweb.dev\/l\/svm-temp\/#organization"},"potentialAction":[{"@type":"SearchAction","target":{"@type":"EntryPoint","urlTemplate":"https:\/\/lightweb.dev\/l\/svm-temp\/?s={search_term_string}"},"query-input":{"@type":"PropertyValueSpecification","valueRequired":true,"valueName":"search_term_string"}}],"inLanguage":"sv-SE"},{"@type":"Organization","@id":"https:\/\/lightweb.dev\/l\/svm-temp\/#organization","name":"Melkerson y Nott SL","alternateName":"Svenska Magasinet","url":"https:\/\/lightweb.dev\/l\/svm-temp\/","logo":{"@type":"ImageObject","inLanguage":"sv-SE","@id":"https:\/\/lightweb.dev\/l\/svm-temp\/#\/schema\/logo\/image\/","url":"https:\/\/lightweb.dev\/l\/svm-temp\/wp-content\/uploads\/2025\/02\/SvM-logo-Xtra-Centrerad-SVART.png","contentUrl":"https:\/\/lightweb.dev\/l\/svm-temp\/wp-content\/uploads\/2025\/02\/SvM-logo-Xtra-Centrerad-SVART.png","width":300,"height":99,"caption":"Melkerson y Nott SL"},"image":{"@id":"https:\/\/lightweb.dev\/l\/svm-temp\/#\/schema\/logo\/image\/"},"sameAs":["https:\/\/www.facebook.com\/svenskamagasinet","https:\/\/x.com\/SvenskaMagasine"]},{"@type":"Person","@id":"https:\/\/lightweb.dev\/l\/svm-temp\/#\/schema\/person\/206a3bda5b607b0c25e1749191e4d837","name":"Redaktionen SvM","description":"Redaktionen","sameAs":["https:\/\/lightweb.dev\/l\/svm-temp"],"url":"https:\/\/lightweb.dev\/l\/svm-temp\/reporter\/redaktionen\/"}]}},"_links":{"self":[{"href":"https:\/\/lightweb.dev\/l\/svm-temp\/wp-json\/wp\/v2\/posts\/1560","targetHints":{"allow":["GET"]}}],"collection":[{"href":"https:\/\/lightweb.dev\/l\/svm-temp\/wp-json\/wp\/v2\/posts"}],"about":[{"href":"https:\/\/lightweb.dev\/l\/svm-temp\/wp-json\/wp\/v2\/types\/post"}],"author":[{"embeddable":true,"href":"https:\/\/lightweb.dev\/l\/svm-temp\/wp-json\/wp\/v2\/users\/8"}],"replies":[{"embeddable":true,"href":"https:\/\/lightweb.dev\/l\/svm-temp\/wp-json\/wp\/v2\/comments?post=1560"}],"version-history":[{"count":0,"href":"https:\/\/lightweb.dev\/l\/svm-temp\/wp-json\/wp\/v2\/posts\/1560\/revisions"}],"wp:featuredmedia":[{"embeddable":true,"href":"https:\/\/lightweb.dev\/l\/svm-temp\/wp-json\/wp\/v2\/media\/1561"}],"wp:attachment":[{"href":"https:\/\/lightweb.dev\/l\/svm-temp\/wp-json\/wp\/v2\/media?parent=1560"}],"wp:term":[{"taxonomy":"category","embeddable":true,"href":"https:\/\/lightweb.dev\/l\/svm-temp\/wp-json\/wp\/v2\/categories?post=1560"},{"taxonomy":"post_tag","embeddable":true,"href":"https:\/\/lightweb.dev\/l\/svm-temp\/wp-json\/wp\/v2\/tags?post=1560"}],"curies":[{"name":"wp","href":"https:\/\/api.w.org\/{rel}","templated":true}]}}