{"id":16171,"date":"2019-07-26T00:00:00","date_gmt":"2019-07-25T22:00:00","guid":{"rendered":"https:\/\/lightweb.dev\/l\/svm-temp\/nyheter\/varning-for-hoga-temperaturer-blast-och-vagor\/"},"modified":"2019-07-26T00:00:00","modified_gmt":"2019-07-25T22:00:00","slug":"varning-for-hoga-temperaturer-blast-och-vagor","status":"publish","type":"post","link":"https:\/\/lightweb.dev\/l\/svm-temp\/nyheter\/varning-for-hoga-temperaturer-blast-och-vagor\/","title":{"rendered":"Varning f\u00f6r h\u00f6ga temperaturer, bl\u00e5st och v\u00e5gor"},"content":{"rendered":"<p> Varningarna g\u00e4ller fr\u00e4mst M\u00e1laga och v\u00e4stra Costa del Sol och den g\u00e4ller fr\u00e5n fredag eftermiddag till midnatt mot s\u00f6ndag.<\/p>\n<p>Prognosen kommer fr\u00e5n AEMET, Spaniens statliga meteorologiska institut. <\/p>\n<p>Det har utf\u00e4rdats gul varning (motsvarar svensk klass 1 varning) f\u00f6r h\u00f6ga temperaturer i M\u00e1laga och v\u00e4stra Costa del Sol samt i Guadalhorcedalen. H\u00e4r kan temperaturerna \u00f6verstiga 36 grader idag mellan klockan 14:00 och 22:00. I hela provinsen kommer det att bli varmare \u00e4n 30 grader. Det som orsakar v\u00e4rmen \u00e4r en f\u00f6rv\u00e4ntad vindkantring d\u00e5 heta och torra inlandsvindar (Terral) snabbt f\u00e5r kvicksilvret att g\u00e5 i taket.<\/p>\n<p>Dessutom har det utf\u00e4rdats gul varning det f\u00f6r h\u00e5rda vindar utmed kusten fr\u00e5n klockan 20:00 idag till midnatt natten mot l\u00f6rdag. Detta upprepas p\u00e5 l\u00f6rdag med gul varning f\u00f6r vindar och h\u00f6ga v\u00e5gor fr\u00e5n klockan 12:00 p\u00e5 l\u00f6rdag och fram till midnatt natten mot s\u00f6ndag. Det f\u00f6rv\u00e4ntas v\u00e5gor p\u00e5 2 till 3 meters h\u00f6jd till f\u00f6ljd av kraftiga vindar fr\u00e5n v\u00e4st och sydv\u00e4st. Av Jonny Erixon<\/p>\n<p>V\u00e4rme kan ibland medf\u00f6ra problem med att sova, h\u00e4r kommer n\u00e5gra r\u00e5d i \u00e4mnet.<\/p>\n<p>Salvador Tranche fr\u00e5n organisationen \u201dSociedad Espa\u00f1ola de Medicina Familiar y Comunitaria&#8221; har gett f\u00f6ljande r\u00e5d via den spanska dagstidningen ABC:<\/p>\n<p>\t\u00c4t inte f\u00f6r mycket p\u00e5 kv\u00e4llen, enligt Tranche b\u00f6r man undvika feta m\u00e5ltider och m\u00e5ltiderna skall heller inte vara f\u00f6r stora. Det \u00e4r d\u00e4remot bra att \u00f6ka intaget av frukt, sallader och gr\u00f6nsaker, man skall heller inte \u00e4ta f\u00f6r n\u00e4ra inp\u00e5 s\u00e4ngg\u00e5endet.<\/p>\n<p>\tDrick ordentligt med v\u00e4tska, \u00e4ven om du inte \u00e4r t\u00f6rstig. Undvik alla alkoholhaltiga drycker, energidrycker eller kaffe, undvik ocks\u00e5 r\u00f6kning.<\/p>\n<p>\tSkydda din bostad fr\u00e5n solen. Anv\u00e4nd persienner och st\u00e4ng f\u00f6nster och d\u00f6rrar n\u00e4r utomhustemperaturen \u00e4r h\u00f6g. \u00d6ppna f\u00f6rst n\u00e4r det \u00e4r kallare ute \u00e4n inne.<\/p>\n<p>\tI s\u00e4ngen \u00e4r det b\u00e4st att anv\u00e4nda bomull, du kan ocks\u00e5 fukta lakanen med ljummet vatten. Om du anv\u00e4nder pyjamas b\u00f6r den vara av bomull, alternativt sov naken.<\/p>\n<p>\tDuscha innan du g\u00e5r till s\u00e4ngs, men inte kallt eller varmt utan ljummet.<\/p>\n<p>\tIordningst\u00e4ll sovrummet med en fl\u00e4kt, du kan rikta luftstr\u00f6mmen mot en beh\u00e5llare med isbitar s\u00e5 blir det svalare. Om det har blivit svalare ute s\u00e5 \u00f6ppna persienner och f\u00f6nster.<\/p>\n<p>\tDet \u00e4r bra med sport och idrott, men n\u00e4r det \u00e4r varmt skall man ut\u00f6va det p\u00e5 morgonen. Han varnar generellt f\u00f6r h\u00e5rd fysisk aktivitet som g\u00f6r att man svettas mycket.<\/p>\n<p>\tN\u00e4r inget annat hj\u00e4lper s\u00e5 r\u00e5der han till en f\u00f6rnuftig anv\u00e4ndning av luftkonditionering. Han menar inte att man skall ha A\/C p\u00e5slaget under natten utan att man kyler ner rummet f\u00f6re man g\u00e5r till s\u00e4ngs. Man b\u00f6r heller aldrig st\u00e4lla in temperaturen p\u00e5 v\u00e4rden under 24 grader.<\/p>\n<p>Trance varnar speciellt mot felanv\u00e4ndning av luftkonditioneringar och f\u00f6r l\u00e5ga temperaturer. Det kan f\u00f6rst\u00f6ra hela sommaren, men halsont, huvudv\u00e4rk eller \u00e4nnu allvarligare problem.<\/p>\n<p>Jag kan ocks\u00e5 till\u00e4gga att n\u00e4r det g\u00e4ller ink\u00f6p av fl\u00e4ktar eller A\/C s\u00e5 \u00e4r det smart att ordna det f\u00f6re v\u00e4rmeb\u00f6ljorna. Det blir fort uts\u00e5lt n\u00e4r v\u00e4rmen stiger, f\u00f6r n\u00e5gra \u00e5r sedan skulle vi handla en bordsfl\u00e4kt under en v\u00e4rmeb\u00f6lja \u2013 det tog flera timmar och vi fick \u00e5ka runt i tre kommuner. Till sist efter l\u00e5ngt om l\u00e4nge s\u00e5 hittade vi trots allt en fl\u00e4kt p\u00e5 El Corte Ingles i Mijas Costa, &#8211; och den har vi fortfarande kvar.<\/p>\n","protected":false},"excerpt":{"rendered":"<p>Varningarna g\u00e4ller fr\u00e4mst M\u00e1laga och v\u00e4stra Costa del Sol och den g\u00e4ller fr\u00e5n fredag eftermiddag till midnatt mot s\u00f6ndag. Prognosen kommer fr\u00e5n AEMET, Spaniens statliga meteorologiska institut. Det har utf\u00e4rdats gul varning (motsvarar svensk klass 1 varning) f\u00f6r h\u00f6ga temperaturer i M\u00e1laga och v\u00e4stra Costa del Sol samt i Guadalhorcedalen. H\u00e4r kan temperaturerna \u00f6verstiga 36 [&hellip;]<\/p>\n","protected":false},"author":8,"featured_media":16172,"comment_status":"open","ping_status":"open","sticky":false,"template":"","format":"standard","meta":{"_et_pb_use_builder":"","_et_pb_old_content":"","_et_gb_content_width":"","footnotes":""},"categories":[395,3],"tags":[],"class_list":["post-16171","post","type-post","status-publish","format-standard","has-post-thumbnail","hentry","category-arkiv-nyheter","category-nyheter"],"yoast_head":"<!-- This site is optimized with the Yoast SEO Premium plugin v26.2 (Yoast SEO v27.4) - https:\/\/yoast.com\/product\/yoast-seo-premium-wordpress\/ -->\n<title>Varning f\u00f6r h\u00f6ga temperaturer, bl\u00e5st och v\u00e5gor - Svenska Magasinet<\/title>\n<meta name=\"robots\" content=\"noindex, follow, max-snippet:-1, max-image-preview:large, max-video-preview:-1\" \/>\n<meta property=\"og:locale\" content=\"sv_SE\" \/>\n<meta property=\"og:type\" content=\"article\" \/>\n<meta property=\"og:title\" content=\"Varning f\u00f6r h\u00f6ga temperaturer, bl\u00e5st och v\u00e5gor\" \/>\n<meta property=\"og:description\" content=\"Varningarna g\u00e4ller fr\u00e4mst M\u00e1laga och v\u00e4stra Costa del Sol och den g\u00e4ller fr\u00e5n fredag eftermiddag till midnatt mot s\u00f6ndag. Prognosen kommer fr\u00e5n AEMET, Spaniens statliga meteorologiska institut. Det har utf\u00e4rdats gul varning (motsvarar svensk klass 1 varning) f\u00f6r h\u00f6ga temperaturer i M\u00e1laga och v\u00e4stra Costa del Sol samt i Guadalhorcedalen. H\u00e4r kan temperaturerna \u00f6verstiga 36 [&hellip;]\" \/>\n<meta property=\"og:url\" content=\"https:\/\/lightweb.dev\/l\/svm-temp\/nyheter\/varning-for-hoga-temperaturer-blast-och-vagor\/\" \/>\n<meta property=\"og:site_name\" content=\"Svenska Magasinet\" \/>\n<meta property=\"article:publisher\" content=\"https:\/\/www.facebook.com\/svenskamagasinet\" \/>\n<meta property=\"article:published_time\" content=\"2019-07-25T22:00:00+00:00\" \/>\n<meta property=\"og:image\" content=\"https:\/\/lightweb.dev\/l\/svm-temp\/wp-content\/uploads\/2022\/06\/varning-for-hoga-temperaturer-blast-och-vagor.png\" \/>\n\t<meta property=\"og:image:width\" content=\"700\" \/>\n\t<meta property=\"og:image:height\" content=\"420\" \/>\n\t<meta property=\"og:image:type\" content=\"image\/png\" \/>\n<meta name=\"author\" content=\"Redaktionen SvM\" \/>\n<meta name=\"twitter:card\" content=\"summary_large_image\" \/>\n<meta name=\"twitter:creator\" content=\"@SvenskaMagasine\" \/>\n<meta name=\"twitter:site\" content=\"@SvenskaMagasine\" \/>\n<script type=\"application\/ld+json\" class=\"yoast-schema-graph\">{\"@context\":\"https:\\\/\\\/schema.org\",\"@graph\":[{\"@type\":\"Article\",\"@id\":\"https:\\\/\\\/lightweb.dev\\\/l\\\/svm-temp\\\/nyheter\\\/varning-for-hoga-temperaturer-blast-och-vagor\\\/#article\",\"isPartOf\":{\"@id\":\"https:\\\/\\\/lightweb.dev\\\/l\\\/svm-temp\\\/nyheter\\\/varning-for-hoga-temperaturer-blast-och-vagor\\\/\"},\"author\":{\"name\":\"Redaktionen SvM\",\"@id\":\"https:\\\/\\\/lightweb.dev\\\/l\\\/svm-temp\\\/#\\\/schema\\\/person\\\/206a3bda5b607b0c25e1749191e4d837\"},\"headline\":\"Varning f\u00f6r h\u00f6ga temperaturer, bl\u00e5st och v\u00e5gor\",\"datePublished\":\"2019-07-25T22:00:00+00:00\",\"mainEntityOfPage\":{\"@id\":\"https:\\\/\\\/lightweb.dev\\\/l\\\/svm-temp\\\/nyheter\\\/varning-for-hoga-temperaturer-blast-och-vagor\\\/\"},\"wordCount\":660,\"commentCount\":0,\"publisher\":{\"@id\":\"https:\\\/\\\/lightweb.dev\\\/l\\\/svm-temp\\\/#organization\"},\"image\":{\"@id\":\"https:\\\/\\\/lightweb.dev\\\/l\\\/svm-temp\\\/nyheter\\\/varning-for-hoga-temperaturer-blast-och-vagor\\\/#primaryimage\"},\"thumbnailUrl\":\"https:\\\/\\\/lightweb.dev\\\/l\\\/svm-temp\\\/wp-content\\\/uploads\\\/2022\\\/06\\\/varning-for-hoga-temperaturer-blast-och-vagor.png\",\"articleSection\":[\"Arkiv\",\"Nyheter\"],\"inLanguage\":\"sv-SE\"},{\"@type\":\"WebPage\",\"@id\":\"https:\\\/\\\/lightweb.dev\\\/l\\\/svm-temp\\\/nyheter\\\/varning-for-hoga-temperaturer-blast-och-vagor\\\/\",\"url\":\"https:\\\/\\\/lightweb.dev\\\/l\\\/svm-temp\\\/nyheter\\\/varning-for-hoga-temperaturer-blast-och-vagor\\\/\",\"name\":\"Varning f\u00f6r h\u00f6ga temperaturer, bl\u00e5st och v\u00e5gor - Svenska Magasinet\",\"isPartOf\":{\"@id\":\"https:\\\/\\\/lightweb.dev\\\/l\\\/svm-temp\\\/#website\"},\"primaryImageOfPage\":{\"@id\":\"https:\\\/\\\/lightweb.dev\\\/l\\\/svm-temp\\\/nyheter\\\/varning-for-hoga-temperaturer-blast-och-vagor\\\/#primaryimage\"},\"image\":{\"@id\":\"https:\\\/\\\/lightweb.dev\\\/l\\\/svm-temp\\\/nyheter\\\/varning-for-hoga-temperaturer-blast-och-vagor\\\/#primaryimage\"},\"thumbnailUrl\":\"https:\\\/\\\/lightweb.dev\\\/l\\\/svm-temp\\\/wp-content\\\/uploads\\\/2022\\\/06\\\/varning-for-hoga-temperaturer-blast-och-vagor.png\",\"datePublished\":\"2019-07-25T22:00:00+00:00\",\"breadcrumb\":{\"@id\":\"https:\\\/\\\/lightweb.dev\\\/l\\\/svm-temp\\\/nyheter\\\/varning-for-hoga-temperaturer-blast-och-vagor\\\/#breadcrumb\"},\"inLanguage\":\"sv-SE\",\"potentialAction\":[{\"@type\":\"ReadAction\",\"target\":[\"https:\\\/\\\/lightweb.dev\\\/l\\\/svm-temp\\\/nyheter\\\/varning-for-hoga-temperaturer-blast-och-vagor\\\/\"]}]},{\"@type\":\"ImageObject\",\"inLanguage\":\"sv-SE\",\"@id\":\"https:\\\/\\\/lightweb.dev\\\/l\\\/svm-temp\\\/nyheter\\\/varning-for-hoga-temperaturer-blast-och-vagor\\\/#primaryimage\",\"url\":\"https:\\\/\\\/lightweb.dev\\\/l\\\/svm-temp\\\/wp-content\\\/uploads\\\/2022\\\/06\\\/varning-for-hoga-temperaturer-blast-och-vagor.png\",\"contentUrl\":\"https:\\\/\\\/lightweb.dev\\\/l\\\/svm-temp\\\/wp-content\\\/uploads\\\/2022\\\/06\\\/varning-for-hoga-temperaturer-blast-och-vagor.png\",\"width\":700,\"height\":420},{\"@type\":\"BreadcrumbList\",\"@id\":\"https:\\\/\\\/lightweb.dev\\\/l\\\/svm-temp\\\/nyheter\\\/varning-for-hoga-temperaturer-blast-och-vagor\\\/#breadcrumb\",\"itemListElement\":[{\"@type\":\"ListItem\",\"position\":1,\"name\":\"Hem\",\"item\":\"https:\\\/\\\/lightweb.dev\\\/l\\\/svm-temp\\\/\"},{\"@type\":\"ListItem\",\"position\":2,\"name\":\"Varning f\u00f6r h\u00f6ga temperaturer, bl\u00e5st och v\u00e5gor\"}]},{\"@type\":\"WebSite\",\"@id\":\"https:\\\/\\\/lightweb.dev\\\/l\\\/svm-temp\\\/#website\",\"url\":\"https:\\\/\\\/lightweb.dev\\\/l\\\/svm-temp\\\/\",\"name\":\"Svenska Magasinet\",\"description\":\"Dina Spanska nyheter p&aring; Svenska\",\"publisher\":{\"@id\":\"https:\\\/\\\/lightweb.dev\\\/l\\\/svm-temp\\\/#organization\"},\"potentialAction\":[{\"@type\":\"SearchAction\",\"target\":{\"@type\":\"EntryPoint\",\"urlTemplate\":\"https:\\\/\\\/lightweb.dev\\\/l\\\/svm-temp\\\/?s={search_term_string}\"},\"query-input\":{\"@type\":\"PropertyValueSpecification\",\"valueRequired\":true,\"valueName\":\"search_term_string\"}}],\"inLanguage\":\"sv-SE\"},{\"@type\":\"Organization\",\"@id\":\"https:\\\/\\\/lightweb.dev\\\/l\\\/svm-temp\\\/#organization\",\"name\":\"Melkerson y Nott SL\",\"alternateName\":\"Svenska Magasinet\",\"url\":\"https:\\\/\\\/lightweb.dev\\\/l\\\/svm-temp\\\/\",\"logo\":{\"@type\":\"ImageObject\",\"inLanguage\":\"sv-SE\",\"@id\":\"https:\\\/\\\/lightweb.dev\\\/l\\\/svm-temp\\\/#\\\/schema\\\/logo\\\/image\\\/\",\"url\":\"https:\\\/\\\/lightweb.dev\\\/l\\\/svm-temp\\\/wp-content\\\/uploads\\\/2025\\\/02\\\/SvM-logo-Xtra-Centrerad-SVART.png\",\"contentUrl\":\"https:\\\/\\\/lightweb.dev\\\/l\\\/svm-temp\\\/wp-content\\\/uploads\\\/2025\\\/02\\\/SvM-logo-Xtra-Centrerad-SVART.png\",\"width\":300,\"height\":99,\"caption\":\"Melkerson y Nott SL\"},\"image\":{\"@id\":\"https:\\\/\\\/lightweb.dev\\\/l\\\/svm-temp\\\/#\\\/schema\\\/logo\\\/image\\\/\"},\"sameAs\":[\"https:\\\/\\\/www.facebook.com\\\/svenskamagasinet\",\"https:\\\/\\\/x.com\\\/SvenskaMagasine\"]},{\"@type\":\"Person\",\"@id\":\"https:\\\/\\\/lightweb.dev\\\/l\\\/svm-temp\\\/#\\\/schema\\\/person\\\/206a3bda5b607b0c25e1749191e4d837\",\"name\":\"Redaktionen SvM\",\"description\":\"Redaktionen\",\"sameAs\":[\"https:\\\/\\\/lightweb.dev\\\/l\\\/svm-temp\"],\"url\":\"https:\\\/\\\/lightweb.dev\\\/l\\\/svm-temp\\\/reporter\\\/redaktionen\\\/\"}]}<\/script>\n<!-- \/ Yoast SEO Premium plugin. -->","yoast_head_json":{"title":"Varning f\u00f6r h\u00f6ga temperaturer, bl\u00e5st och v\u00e5gor - Svenska Magasinet","robots":{"index":"noindex","follow":"follow","max-snippet":"max-snippet:-1","max-image-preview":"max-image-preview:large","max-video-preview":"max-video-preview:-1"},"og_locale":"sv_SE","og_type":"article","og_title":"Varning f\u00f6r h\u00f6ga temperaturer, bl\u00e5st och v\u00e5gor","og_description":"Varningarna g\u00e4ller fr\u00e4mst M\u00e1laga och v\u00e4stra Costa del Sol och den g\u00e4ller fr\u00e5n fredag eftermiddag till midnatt mot s\u00f6ndag. Prognosen kommer fr\u00e5n AEMET, Spaniens statliga meteorologiska institut. Det har utf\u00e4rdats gul varning (motsvarar svensk klass 1 varning) f\u00f6r h\u00f6ga temperaturer i M\u00e1laga och v\u00e4stra Costa del Sol samt i Guadalhorcedalen. H\u00e4r kan temperaturerna \u00f6verstiga 36 [&hellip;]","og_url":"https:\/\/lightweb.dev\/l\/svm-temp\/nyheter\/varning-for-hoga-temperaturer-blast-och-vagor\/","og_site_name":"Svenska Magasinet","article_publisher":"https:\/\/www.facebook.com\/svenskamagasinet","article_published_time":"2019-07-25T22:00:00+00:00","og_image":[{"width":700,"height":420,"url":"https:\/\/lightweb.dev\/l\/svm-temp\/wp-content\/uploads\/2022\/06\/varning-for-hoga-temperaturer-blast-och-vagor.png","type":"image\/png"}],"author":"Redaktionen SvM","twitter_card":"summary_large_image","twitter_creator":"@SvenskaMagasine","twitter_site":"@SvenskaMagasine","schema":{"@context":"https:\/\/schema.org","@graph":[{"@type":"Article","@id":"https:\/\/lightweb.dev\/l\/svm-temp\/nyheter\/varning-for-hoga-temperaturer-blast-och-vagor\/#article","isPartOf":{"@id":"https:\/\/lightweb.dev\/l\/svm-temp\/nyheter\/varning-for-hoga-temperaturer-blast-och-vagor\/"},"author":{"name":"Redaktionen SvM","@id":"https:\/\/lightweb.dev\/l\/svm-temp\/#\/schema\/person\/206a3bda5b607b0c25e1749191e4d837"},"headline":"Varning f\u00f6r h\u00f6ga temperaturer, bl\u00e5st och v\u00e5gor","datePublished":"2019-07-25T22:00:00+00:00","mainEntityOfPage":{"@id":"https:\/\/lightweb.dev\/l\/svm-temp\/nyheter\/varning-for-hoga-temperaturer-blast-och-vagor\/"},"wordCount":660,"commentCount":0,"publisher":{"@id":"https:\/\/lightweb.dev\/l\/svm-temp\/#organization"},"image":{"@id":"https:\/\/lightweb.dev\/l\/svm-temp\/nyheter\/varning-for-hoga-temperaturer-blast-och-vagor\/#primaryimage"},"thumbnailUrl":"https:\/\/lightweb.dev\/l\/svm-temp\/wp-content\/uploads\/2022\/06\/varning-for-hoga-temperaturer-blast-och-vagor.png","articleSection":["Arkiv","Nyheter"],"inLanguage":"sv-SE"},{"@type":"WebPage","@id":"https:\/\/lightweb.dev\/l\/svm-temp\/nyheter\/varning-for-hoga-temperaturer-blast-och-vagor\/","url":"https:\/\/lightweb.dev\/l\/svm-temp\/nyheter\/varning-for-hoga-temperaturer-blast-och-vagor\/","name":"Varning f\u00f6r h\u00f6ga temperaturer, bl\u00e5st och v\u00e5gor - Svenska Magasinet","isPartOf":{"@id":"https:\/\/lightweb.dev\/l\/svm-temp\/#website"},"primaryImageOfPage":{"@id":"https:\/\/lightweb.dev\/l\/svm-temp\/nyheter\/varning-for-hoga-temperaturer-blast-och-vagor\/#primaryimage"},"image":{"@id":"https:\/\/lightweb.dev\/l\/svm-temp\/nyheter\/varning-for-hoga-temperaturer-blast-och-vagor\/#primaryimage"},"thumbnailUrl":"https:\/\/lightweb.dev\/l\/svm-temp\/wp-content\/uploads\/2022\/06\/varning-for-hoga-temperaturer-blast-och-vagor.png","datePublished":"2019-07-25T22:00:00+00:00","breadcrumb":{"@id":"https:\/\/lightweb.dev\/l\/svm-temp\/nyheter\/varning-for-hoga-temperaturer-blast-och-vagor\/#breadcrumb"},"inLanguage":"sv-SE","potentialAction":[{"@type":"ReadAction","target":["https:\/\/lightweb.dev\/l\/svm-temp\/nyheter\/varning-for-hoga-temperaturer-blast-och-vagor\/"]}]},{"@type":"ImageObject","inLanguage":"sv-SE","@id":"https:\/\/lightweb.dev\/l\/svm-temp\/nyheter\/varning-for-hoga-temperaturer-blast-och-vagor\/#primaryimage","url":"https:\/\/lightweb.dev\/l\/svm-temp\/wp-content\/uploads\/2022\/06\/varning-for-hoga-temperaturer-blast-och-vagor.png","contentUrl":"https:\/\/lightweb.dev\/l\/svm-temp\/wp-content\/uploads\/2022\/06\/varning-for-hoga-temperaturer-blast-och-vagor.png","width":700,"height":420},{"@type":"BreadcrumbList","@id":"https:\/\/lightweb.dev\/l\/svm-temp\/nyheter\/varning-for-hoga-temperaturer-blast-och-vagor\/#breadcrumb","itemListElement":[{"@type":"ListItem","position":1,"name":"Hem","item":"https:\/\/lightweb.dev\/l\/svm-temp\/"},{"@type":"ListItem","position":2,"name":"Varning f\u00f6r h\u00f6ga temperaturer, bl\u00e5st och v\u00e5gor"}]},{"@type":"WebSite","@id":"https:\/\/lightweb.dev\/l\/svm-temp\/#website","url":"https:\/\/lightweb.dev\/l\/svm-temp\/","name":"Svenska Magasinet","description":"Dina Spanska nyheter p&aring; Svenska","publisher":{"@id":"https:\/\/lightweb.dev\/l\/svm-temp\/#organization"},"potentialAction":[{"@type":"SearchAction","target":{"@type":"EntryPoint","urlTemplate":"https:\/\/lightweb.dev\/l\/svm-temp\/?s={search_term_string}"},"query-input":{"@type":"PropertyValueSpecification","valueRequired":true,"valueName":"search_term_string"}}],"inLanguage":"sv-SE"},{"@type":"Organization","@id":"https:\/\/lightweb.dev\/l\/svm-temp\/#organization","name":"Melkerson y Nott SL","alternateName":"Svenska Magasinet","url":"https:\/\/lightweb.dev\/l\/svm-temp\/","logo":{"@type":"ImageObject","inLanguage":"sv-SE","@id":"https:\/\/lightweb.dev\/l\/svm-temp\/#\/schema\/logo\/image\/","url":"https:\/\/lightweb.dev\/l\/svm-temp\/wp-content\/uploads\/2025\/02\/SvM-logo-Xtra-Centrerad-SVART.png","contentUrl":"https:\/\/lightweb.dev\/l\/svm-temp\/wp-content\/uploads\/2025\/02\/SvM-logo-Xtra-Centrerad-SVART.png","width":300,"height":99,"caption":"Melkerson y Nott SL"},"image":{"@id":"https:\/\/lightweb.dev\/l\/svm-temp\/#\/schema\/logo\/image\/"},"sameAs":["https:\/\/www.facebook.com\/svenskamagasinet","https:\/\/x.com\/SvenskaMagasine"]},{"@type":"Person","@id":"https:\/\/lightweb.dev\/l\/svm-temp\/#\/schema\/person\/206a3bda5b607b0c25e1749191e4d837","name":"Redaktionen SvM","description":"Redaktionen","sameAs":["https:\/\/lightweb.dev\/l\/svm-temp"],"url":"https:\/\/lightweb.dev\/l\/svm-temp\/reporter\/redaktionen\/"}]}},"_links":{"self":[{"href":"https:\/\/lightweb.dev\/l\/svm-temp\/wp-json\/wp\/v2\/posts\/16171","targetHints":{"allow":["GET"]}}],"collection":[{"href":"https:\/\/lightweb.dev\/l\/svm-temp\/wp-json\/wp\/v2\/posts"}],"about":[{"href":"https:\/\/lightweb.dev\/l\/svm-temp\/wp-json\/wp\/v2\/types\/post"}],"author":[{"embeddable":true,"href":"https:\/\/lightweb.dev\/l\/svm-temp\/wp-json\/wp\/v2\/users\/8"}],"replies":[{"embeddable":true,"href":"https:\/\/lightweb.dev\/l\/svm-temp\/wp-json\/wp\/v2\/comments?post=16171"}],"version-history":[{"count":0,"href":"https:\/\/lightweb.dev\/l\/svm-temp\/wp-json\/wp\/v2\/posts\/16171\/revisions"}],"wp:featuredmedia":[{"embeddable":true,"href":"https:\/\/lightweb.dev\/l\/svm-temp\/wp-json\/wp\/v2\/media\/16172"}],"wp:attachment":[{"href":"https:\/\/lightweb.dev\/l\/svm-temp\/wp-json\/wp\/v2\/media?parent=16171"}],"wp:term":[{"taxonomy":"category","embeddable":true,"href":"https:\/\/lightweb.dev\/l\/svm-temp\/wp-json\/wp\/v2\/categories?post=16171"},{"taxonomy":"post_tag","embeddable":true,"href":"https:\/\/lightweb.dev\/l\/svm-temp\/wp-json\/wp\/v2\/tags?post=16171"}],"curies":[{"name":"wp","href":"https:\/\/api.w.org\/{rel}","templated":true}]}}