{"id":16174,"date":"2019-07-25T00:00:00","date_gmt":"2019-07-24T22:00:00","guid":{"rendered":"https:\/\/lightweb.dev\/l\/svm-temp\/nyheter\/insekter-ersatter-kemiska-bekampningsmedel-i-spanska-odlingar\/"},"modified":"2019-07-25T00:00:00","modified_gmt":"2019-07-24T22:00:00","slug":"insekter-ersatter-kemiska-bekampningsmedel-i-spanska-odlingar","status":"publish","type":"post","link":"https:\/\/lightweb.dev\/l\/svm-temp\/nyheter\/insekter-ersatter-kemiska-bekampningsmedel-i-spanska-odlingar\/","title":{"rendered":"Insekter ers\u00e4tter kemiska bek\u00e4mpningsmedel i spanska odlingar"},"content":{"rendered":"<p> I Almer\u00edaprovinsen i syd\u00f6stra Spanien odlas en stor del av de gr\u00f6nsaker och frukter som konsumeras i Europa. Det mesta odlas i v\u00e4xthus av plast och omr\u00e5det g\u00e5r under ben\u00e4mningen \u201dplasthavet\u201d, det \u00e4r s\u00e5 stort att omr\u00e5det kan ses fr\u00e5n rymden.<\/p>\n<p>F\u00f6rr \u00e5ret exporterades 2,5 miljoner ton produkter fr\u00e5n Almer\u00eda vilket \u00e4r h\u00e4lften av Spaniens totala vegetabiliska export. D\u00e4r produceras tomater, paprika, auberginer \u00e5ret runt f\u00f6r leverans till Europas stormarknader. Av Jonny Erixon<\/p>\n<p>Konsumtionen av insektsmedel i Almer\u00eda \u2013 d\u00e4r jordbruket syssels\u00e4tter cirka 120.000 personer har enligt lokala myndigheter sjunkit med 40 procent sedan 2007.<\/p>\n<p>Anv\u00e4ndningen av insektsmedel v\u00e4xte fram p\u00e5 1960-talet, men under tryck fr\u00e5n konsumentgrupper liksom det faktum att deras gr\u00f6dor har blivit allt mer resistenta mot kemikalierna s\u00e5 anv\u00e4nder jordbrukarna nu nya metoder.<\/p>\n<p>&#8221;Vi har varit tvungna att \u00e4ndra kursen. Anv\u00e4ndningen av bek\u00e4mpningsmedel blev \u00f6verdriven,&#8221; s\u00e4ger Jan van der Blom, en expert p\u00e5 biokontroll vid Coexphal. Encarnacion Samblas fr\u00e5n milj\u00f6gruppen Ecologists in Action beskriver f\u00f6r\u00e4ndringen som ett &#8221;mycket positivt steg&#8221;. &#8221;I m\u00e5nga fall har minskningen av anv\u00e4ndningen av kemiska produkter varit drastisk, och de \u00e4mnen som fortfarande anv\u00e4nds \u00e4r mjukare,&#8221; sade hon.<\/p>\n<p>Antonio Zamora drar inte l\u00e4ngre p\u00e5 sig skyddskl\u00e4der f\u00f6r att spraya odlingarna med insektsmedel, i st\u00e4llet h\u00e4nger han upp sm\u00e5 p\u00e5sar med kvalster som attackerar parasiterna samtidigt som produkterna skonas. &#8221;De arbetar f\u00f6r mig natt och dag&#8221;, ler Antonio Zamora n\u00e4r han st\u00e5r i sitt v\u00e4xthus. Hans miniatyranst\u00e4llda \u00e4r insekter som \u00e4ter parasiterna som skadar hans paprika.<\/p>\n<p>Zamora \u00e4ger 2 hektar av de cirka 30.000 hektar som finns i \u201dplasthavet\u201d, liksom Zamora har praktiskt taget alla paprikaodlare ersatt bek\u00e4mpningsmedel med s\u00e5 kallad \u201dbiologisk kontroll\u201d dvs. insekter. 60 procent av tomatodlarna har gjort samma sak, tillsammans med en fj\u00e4rdedel av squashodlarna enligt producentf\u00f6reningen Coexphal.<\/p>\n<p>Det franska jordbrukskooperativet InVivo som \u00e5rligen oms\u00e4tter 5,5 miljarder euro har nyligen \u00f6ppnat en \u201dbiofabrik\u201d Bioline Iberia i hj\u00e4rtat av plasthavet. I hermetiskt f\u00f6rslutna rum med kontrollerad temperatur och luftfuktighet f\u00f6r\u00f6kas fyra arter av kvalster som dels skall s\u00e4ljas i regionen men ocks\u00e5 exporteras till Portugal och Marocko. F\u00f6retaget r\u00e4knar med en produktion av en miljard insekter i \u00e5r.<\/p>\n<p>Flera andra fabriker av samma typ har dykt upp under de senaste \u00e5ren runt plasthavet, cirka 30 f\u00f6retag s\u00e4ljer nu insekter till st\u00e4ndigt sjunkande priser. &#8221;Spanien kan betraktas som det st\u00f6rsta omr\u00e5det i Europa och kanske i v\u00e4rlden n\u00e4r det g\u00e4ller anv\u00e4ndning av biologisk kontroll&#8221;, s\u00e4ger Bioline Iberias direkt\u00f6r Federico Garcia.<\/p>\n<p>&#8221;Men v\u00e4gen till verkligt gr\u00f6nt jordbruk \u00e4r fortfarande l\u00e5ng&#8221;, s\u00e4ger Samblas fr\u00e5n Ecologists in Action och noterar att m\u00e5nga jordbrukare fortfarande anv\u00e4nder svampd\u00f6dande medel och olika andra \u00e4mnen f\u00f6r att desinficera jorden. &#8221;Jordbrukare forts\u00e4tter att anv\u00e4nda kemikalier p\u00e5 ett inte s\u00e5 rationellt s\u00e4tt, eftersom de rekommenderas av f\u00f6rs\u00e4ljarna. Ofta anv\u00e4nder de dessa som en rutin, utan att egentligen veta varf\u00f6r,&#8221; sade hon. Hon noterar ocks\u00e5 att europeiska best\u00e4mmelser om dessa fr\u00e5gor saknas. En \u00f6kning av m\u00e4ngden mark som anv\u00e4nds f\u00f6r jordbruk har lagt press p\u00e5 vattenresurserna i denna torra region, tillade Samblas. Hon pekade dessutom p\u00e5 ett annat problem: gamla v\u00e4xthusplaster hittar ofta v\u00e4gen in i Medelhavet.<\/p>\n<p>Bildtexter: En r\u00f6d &#8221;insektsarbetare&#8221; i arbete p\u00e5 en paprikablomma samt en bild p\u00e5 \u201dplasthavet\u201d.<\/p>\n","protected":false},"excerpt":{"rendered":"<p>I Almer\u00edaprovinsen i syd\u00f6stra Spanien odlas en stor del av de gr\u00f6nsaker och frukter som konsumeras i Europa. Det mesta odlas i v\u00e4xthus av plast och omr\u00e5det g\u00e5r under ben\u00e4mningen \u201dplasthavet\u201d, det \u00e4r s\u00e5 stort att omr\u00e5det kan ses fr\u00e5n rymden. F\u00f6rr \u00e5ret exporterades 2,5 miljoner ton produkter fr\u00e5n Almer\u00eda vilket \u00e4r h\u00e4lften av Spaniens [&hellip;]<\/p>\n","protected":false},"author":8,"featured_media":16176,"comment_status":"open","ping_status":"open","sticky":false,"template":"","format":"standard","meta":{"_et_pb_use_builder":"","_et_pb_old_content":"","_et_gb_content_width":"","footnotes":""},"categories":[395,3],"tags":[],"class_list":["post-16174","post","type-post","status-publish","format-standard","has-post-thumbnail","hentry","category-arkiv-nyheter","category-nyheter"],"yoast_head":"<!-- This site is optimized with the Yoast SEO Premium plugin v26.2 (Yoast SEO v27.4) - https:\/\/yoast.com\/product\/yoast-seo-premium-wordpress\/ -->\n<title>Insekter ers\u00e4tter kemiska bek\u00e4mpningsmedel i spanska odlingar - Svenska Magasinet<\/title>\n<meta name=\"robots\" content=\"noindex, follow, max-snippet:-1, max-image-preview:large, max-video-preview:-1\" \/>\n<meta property=\"og:locale\" content=\"sv_SE\" \/>\n<meta property=\"og:type\" content=\"article\" \/>\n<meta property=\"og:title\" content=\"Insekter ers\u00e4tter kemiska bek\u00e4mpningsmedel i spanska odlingar\" \/>\n<meta property=\"og:description\" content=\"I Almer\u00edaprovinsen i syd\u00f6stra Spanien odlas en stor del av de gr\u00f6nsaker och frukter som konsumeras i Europa. Det mesta odlas i v\u00e4xthus av plast och omr\u00e5det g\u00e5r under ben\u00e4mningen \u201dplasthavet\u201d, det \u00e4r s\u00e5 stort att omr\u00e5det kan ses fr\u00e5n rymden. F\u00f6rr \u00e5ret exporterades 2,5 miljoner ton produkter fr\u00e5n Almer\u00eda vilket \u00e4r h\u00e4lften av Spaniens [&hellip;]\" \/>\n<meta property=\"og:url\" content=\"https:\/\/lightweb.dev\/l\/svm-temp\/nyheter\/insekter-ersatter-kemiska-bekampningsmedel-i-spanska-odlingar\/\" \/>\n<meta property=\"og:site_name\" content=\"Svenska Magasinet\" \/>\n<meta property=\"article:publisher\" content=\"https:\/\/www.facebook.com\/svenskamagasinet\" \/>\n<meta property=\"article:published_time\" content=\"2019-07-24T22:00:00+00:00\" \/>\n<meta property=\"og:image\" content=\"https:\/\/lightweb.dev\/l\/svm-temp\/wp-content\/uploads\/2022\/06\/insekter-ersatter-kemiska-bekampningsmedel-i-spanska-odlingar.png\" \/>\n\t<meta property=\"og:image:width\" content=\"700\" \/>\n\t<meta property=\"og:image:height\" content=\"420\" \/>\n\t<meta property=\"og:image:type\" content=\"image\/png\" \/>\n<meta name=\"author\" content=\"Redaktionen SvM\" \/>\n<meta name=\"twitter:card\" content=\"summary_large_image\" \/>\n<meta name=\"twitter:creator\" content=\"@SvenskaMagasine\" \/>\n<meta name=\"twitter:site\" content=\"@SvenskaMagasine\" \/>\n<script type=\"application\/ld+json\" class=\"yoast-schema-graph\">{\"@context\":\"https:\\\/\\\/schema.org\",\"@graph\":[{\"@type\":\"Article\",\"@id\":\"https:\\\/\\\/lightweb.dev\\\/l\\\/svm-temp\\\/nyheter\\\/insekter-ersatter-kemiska-bekampningsmedel-i-spanska-odlingar\\\/#article\",\"isPartOf\":{\"@id\":\"https:\\\/\\\/lightweb.dev\\\/l\\\/svm-temp\\\/nyheter\\\/insekter-ersatter-kemiska-bekampningsmedel-i-spanska-odlingar\\\/\"},\"author\":{\"name\":\"Redaktionen SvM\",\"@id\":\"https:\\\/\\\/lightweb.dev\\\/l\\\/svm-temp\\\/#\\\/schema\\\/person\\\/206a3bda5b607b0c25e1749191e4d837\"},\"headline\":\"Insekter ers\u00e4tter kemiska bek\u00e4mpningsmedel i spanska odlingar\",\"datePublished\":\"2019-07-24T22:00:00+00:00\",\"mainEntityOfPage\":{\"@id\":\"https:\\\/\\\/lightweb.dev\\\/l\\\/svm-temp\\\/nyheter\\\/insekter-ersatter-kemiska-bekampningsmedel-i-spanska-odlingar\\\/\"},\"wordCount\":608,\"commentCount\":0,\"publisher\":{\"@id\":\"https:\\\/\\\/lightweb.dev\\\/l\\\/svm-temp\\\/#organization\"},\"image\":{\"@id\":\"https:\\\/\\\/lightweb.dev\\\/l\\\/svm-temp\\\/nyheter\\\/insekter-ersatter-kemiska-bekampningsmedel-i-spanska-odlingar\\\/#primaryimage\"},\"thumbnailUrl\":\"https:\\\/\\\/lightweb.dev\\\/l\\\/svm-temp\\\/wp-content\\\/uploads\\\/2022\\\/06\\\/insekter-ersatter-kemiska-bekampningsmedel-i-spanska-odlingar.png\",\"articleSection\":[\"Arkiv\",\"Nyheter\"],\"inLanguage\":\"sv-SE\"},{\"@type\":\"WebPage\",\"@id\":\"https:\\\/\\\/lightweb.dev\\\/l\\\/svm-temp\\\/nyheter\\\/insekter-ersatter-kemiska-bekampningsmedel-i-spanska-odlingar\\\/\",\"url\":\"https:\\\/\\\/lightweb.dev\\\/l\\\/svm-temp\\\/nyheter\\\/insekter-ersatter-kemiska-bekampningsmedel-i-spanska-odlingar\\\/\",\"name\":\"Insekter ers\u00e4tter kemiska bek\u00e4mpningsmedel i spanska odlingar - Svenska Magasinet\",\"isPartOf\":{\"@id\":\"https:\\\/\\\/lightweb.dev\\\/l\\\/svm-temp\\\/#website\"},\"primaryImageOfPage\":{\"@id\":\"https:\\\/\\\/lightweb.dev\\\/l\\\/svm-temp\\\/nyheter\\\/insekter-ersatter-kemiska-bekampningsmedel-i-spanska-odlingar\\\/#primaryimage\"},\"image\":{\"@id\":\"https:\\\/\\\/lightweb.dev\\\/l\\\/svm-temp\\\/nyheter\\\/insekter-ersatter-kemiska-bekampningsmedel-i-spanska-odlingar\\\/#primaryimage\"},\"thumbnailUrl\":\"https:\\\/\\\/lightweb.dev\\\/l\\\/svm-temp\\\/wp-content\\\/uploads\\\/2022\\\/06\\\/insekter-ersatter-kemiska-bekampningsmedel-i-spanska-odlingar.png\",\"datePublished\":\"2019-07-24T22:00:00+00:00\",\"breadcrumb\":{\"@id\":\"https:\\\/\\\/lightweb.dev\\\/l\\\/svm-temp\\\/nyheter\\\/insekter-ersatter-kemiska-bekampningsmedel-i-spanska-odlingar\\\/#breadcrumb\"},\"inLanguage\":\"sv-SE\",\"potentialAction\":[{\"@type\":\"ReadAction\",\"target\":[\"https:\\\/\\\/lightweb.dev\\\/l\\\/svm-temp\\\/nyheter\\\/insekter-ersatter-kemiska-bekampningsmedel-i-spanska-odlingar\\\/\"]}]},{\"@type\":\"ImageObject\",\"inLanguage\":\"sv-SE\",\"@id\":\"https:\\\/\\\/lightweb.dev\\\/l\\\/svm-temp\\\/nyheter\\\/insekter-ersatter-kemiska-bekampningsmedel-i-spanska-odlingar\\\/#primaryimage\",\"url\":\"https:\\\/\\\/lightweb.dev\\\/l\\\/svm-temp\\\/wp-content\\\/uploads\\\/2022\\\/06\\\/insekter-ersatter-kemiska-bekampningsmedel-i-spanska-odlingar.png\",\"contentUrl\":\"https:\\\/\\\/lightweb.dev\\\/l\\\/svm-temp\\\/wp-content\\\/uploads\\\/2022\\\/06\\\/insekter-ersatter-kemiska-bekampningsmedel-i-spanska-odlingar.png\",\"width\":700,\"height\":420},{\"@type\":\"BreadcrumbList\",\"@id\":\"https:\\\/\\\/lightweb.dev\\\/l\\\/svm-temp\\\/nyheter\\\/insekter-ersatter-kemiska-bekampningsmedel-i-spanska-odlingar\\\/#breadcrumb\",\"itemListElement\":[{\"@type\":\"ListItem\",\"position\":1,\"name\":\"Hem\",\"item\":\"https:\\\/\\\/lightweb.dev\\\/l\\\/svm-temp\\\/\"},{\"@type\":\"ListItem\",\"position\":2,\"name\":\"Insekter ers\u00e4tter kemiska bek\u00e4mpningsmedel i spanska odlingar\"}]},{\"@type\":\"WebSite\",\"@id\":\"https:\\\/\\\/lightweb.dev\\\/l\\\/svm-temp\\\/#website\",\"url\":\"https:\\\/\\\/lightweb.dev\\\/l\\\/svm-temp\\\/\",\"name\":\"Svenska Magasinet\",\"description\":\"Dina Spanska nyheter p&aring; Svenska\",\"publisher\":{\"@id\":\"https:\\\/\\\/lightweb.dev\\\/l\\\/svm-temp\\\/#organization\"},\"potentialAction\":[{\"@type\":\"SearchAction\",\"target\":{\"@type\":\"EntryPoint\",\"urlTemplate\":\"https:\\\/\\\/lightweb.dev\\\/l\\\/svm-temp\\\/?s={search_term_string}\"},\"query-input\":{\"@type\":\"PropertyValueSpecification\",\"valueRequired\":true,\"valueName\":\"search_term_string\"}}],\"inLanguage\":\"sv-SE\"},{\"@type\":\"Organization\",\"@id\":\"https:\\\/\\\/lightweb.dev\\\/l\\\/svm-temp\\\/#organization\",\"name\":\"Melkerson y Nott SL\",\"alternateName\":\"Svenska Magasinet\",\"url\":\"https:\\\/\\\/lightweb.dev\\\/l\\\/svm-temp\\\/\",\"logo\":{\"@type\":\"ImageObject\",\"inLanguage\":\"sv-SE\",\"@id\":\"https:\\\/\\\/lightweb.dev\\\/l\\\/svm-temp\\\/#\\\/schema\\\/logo\\\/image\\\/\",\"url\":\"https:\\\/\\\/lightweb.dev\\\/l\\\/svm-temp\\\/wp-content\\\/uploads\\\/2025\\\/02\\\/SvM-logo-Xtra-Centrerad-SVART.png\",\"contentUrl\":\"https:\\\/\\\/lightweb.dev\\\/l\\\/svm-temp\\\/wp-content\\\/uploads\\\/2025\\\/02\\\/SvM-logo-Xtra-Centrerad-SVART.png\",\"width\":300,\"height\":99,\"caption\":\"Melkerson y Nott SL\"},\"image\":{\"@id\":\"https:\\\/\\\/lightweb.dev\\\/l\\\/svm-temp\\\/#\\\/schema\\\/logo\\\/image\\\/\"},\"sameAs\":[\"https:\\\/\\\/www.facebook.com\\\/svenskamagasinet\",\"https:\\\/\\\/x.com\\\/SvenskaMagasine\"]},{\"@type\":\"Person\",\"@id\":\"https:\\\/\\\/lightweb.dev\\\/l\\\/svm-temp\\\/#\\\/schema\\\/person\\\/206a3bda5b607b0c25e1749191e4d837\",\"name\":\"Redaktionen SvM\",\"description\":\"Redaktionen\",\"sameAs\":[\"https:\\\/\\\/lightweb.dev\\\/l\\\/svm-temp\"],\"url\":\"https:\\\/\\\/lightweb.dev\\\/l\\\/svm-temp\\\/reporter\\\/redaktionen\\\/\"}]}<\/script>\n<!-- \/ Yoast SEO Premium plugin. -->","yoast_head_json":{"title":"Insekter ers\u00e4tter kemiska bek\u00e4mpningsmedel i spanska odlingar - Svenska Magasinet","robots":{"index":"noindex","follow":"follow","max-snippet":"max-snippet:-1","max-image-preview":"max-image-preview:large","max-video-preview":"max-video-preview:-1"},"og_locale":"sv_SE","og_type":"article","og_title":"Insekter ers\u00e4tter kemiska bek\u00e4mpningsmedel i spanska odlingar","og_description":"I Almer\u00edaprovinsen i syd\u00f6stra Spanien odlas en stor del av de gr\u00f6nsaker och frukter som konsumeras i Europa. Det mesta odlas i v\u00e4xthus av plast och omr\u00e5det g\u00e5r under ben\u00e4mningen \u201dplasthavet\u201d, det \u00e4r s\u00e5 stort att omr\u00e5det kan ses fr\u00e5n rymden. F\u00f6rr \u00e5ret exporterades 2,5 miljoner ton produkter fr\u00e5n Almer\u00eda vilket \u00e4r h\u00e4lften av Spaniens [&hellip;]","og_url":"https:\/\/lightweb.dev\/l\/svm-temp\/nyheter\/insekter-ersatter-kemiska-bekampningsmedel-i-spanska-odlingar\/","og_site_name":"Svenska Magasinet","article_publisher":"https:\/\/www.facebook.com\/svenskamagasinet","article_published_time":"2019-07-24T22:00:00+00:00","og_image":[{"width":700,"height":420,"url":"https:\/\/lightweb.dev\/l\/svm-temp\/wp-content\/uploads\/2022\/06\/insekter-ersatter-kemiska-bekampningsmedel-i-spanska-odlingar.png","type":"image\/png"}],"author":"Redaktionen SvM","twitter_card":"summary_large_image","twitter_creator":"@SvenskaMagasine","twitter_site":"@SvenskaMagasine","schema":{"@context":"https:\/\/schema.org","@graph":[{"@type":"Article","@id":"https:\/\/lightweb.dev\/l\/svm-temp\/nyheter\/insekter-ersatter-kemiska-bekampningsmedel-i-spanska-odlingar\/#article","isPartOf":{"@id":"https:\/\/lightweb.dev\/l\/svm-temp\/nyheter\/insekter-ersatter-kemiska-bekampningsmedel-i-spanska-odlingar\/"},"author":{"name":"Redaktionen SvM","@id":"https:\/\/lightweb.dev\/l\/svm-temp\/#\/schema\/person\/206a3bda5b607b0c25e1749191e4d837"},"headline":"Insekter ers\u00e4tter kemiska bek\u00e4mpningsmedel i spanska odlingar","datePublished":"2019-07-24T22:00:00+00:00","mainEntityOfPage":{"@id":"https:\/\/lightweb.dev\/l\/svm-temp\/nyheter\/insekter-ersatter-kemiska-bekampningsmedel-i-spanska-odlingar\/"},"wordCount":608,"commentCount":0,"publisher":{"@id":"https:\/\/lightweb.dev\/l\/svm-temp\/#organization"},"image":{"@id":"https:\/\/lightweb.dev\/l\/svm-temp\/nyheter\/insekter-ersatter-kemiska-bekampningsmedel-i-spanska-odlingar\/#primaryimage"},"thumbnailUrl":"https:\/\/lightweb.dev\/l\/svm-temp\/wp-content\/uploads\/2022\/06\/insekter-ersatter-kemiska-bekampningsmedel-i-spanska-odlingar.png","articleSection":["Arkiv","Nyheter"],"inLanguage":"sv-SE"},{"@type":"WebPage","@id":"https:\/\/lightweb.dev\/l\/svm-temp\/nyheter\/insekter-ersatter-kemiska-bekampningsmedel-i-spanska-odlingar\/","url":"https:\/\/lightweb.dev\/l\/svm-temp\/nyheter\/insekter-ersatter-kemiska-bekampningsmedel-i-spanska-odlingar\/","name":"Insekter ers\u00e4tter kemiska bek\u00e4mpningsmedel i spanska odlingar - Svenska Magasinet","isPartOf":{"@id":"https:\/\/lightweb.dev\/l\/svm-temp\/#website"},"primaryImageOfPage":{"@id":"https:\/\/lightweb.dev\/l\/svm-temp\/nyheter\/insekter-ersatter-kemiska-bekampningsmedel-i-spanska-odlingar\/#primaryimage"},"image":{"@id":"https:\/\/lightweb.dev\/l\/svm-temp\/nyheter\/insekter-ersatter-kemiska-bekampningsmedel-i-spanska-odlingar\/#primaryimage"},"thumbnailUrl":"https:\/\/lightweb.dev\/l\/svm-temp\/wp-content\/uploads\/2022\/06\/insekter-ersatter-kemiska-bekampningsmedel-i-spanska-odlingar.png","datePublished":"2019-07-24T22:00:00+00:00","breadcrumb":{"@id":"https:\/\/lightweb.dev\/l\/svm-temp\/nyheter\/insekter-ersatter-kemiska-bekampningsmedel-i-spanska-odlingar\/#breadcrumb"},"inLanguage":"sv-SE","potentialAction":[{"@type":"ReadAction","target":["https:\/\/lightweb.dev\/l\/svm-temp\/nyheter\/insekter-ersatter-kemiska-bekampningsmedel-i-spanska-odlingar\/"]}]},{"@type":"ImageObject","inLanguage":"sv-SE","@id":"https:\/\/lightweb.dev\/l\/svm-temp\/nyheter\/insekter-ersatter-kemiska-bekampningsmedel-i-spanska-odlingar\/#primaryimage","url":"https:\/\/lightweb.dev\/l\/svm-temp\/wp-content\/uploads\/2022\/06\/insekter-ersatter-kemiska-bekampningsmedel-i-spanska-odlingar.png","contentUrl":"https:\/\/lightweb.dev\/l\/svm-temp\/wp-content\/uploads\/2022\/06\/insekter-ersatter-kemiska-bekampningsmedel-i-spanska-odlingar.png","width":700,"height":420},{"@type":"BreadcrumbList","@id":"https:\/\/lightweb.dev\/l\/svm-temp\/nyheter\/insekter-ersatter-kemiska-bekampningsmedel-i-spanska-odlingar\/#breadcrumb","itemListElement":[{"@type":"ListItem","position":1,"name":"Hem","item":"https:\/\/lightweb.dev\/l\/svm-temp\/"},{"@type":"ListItem","position":2,"name":"Insekter ers\u00e4tter kemiska bek\u00e4mpningsmedel i spanska odlingar"}]},{"@type":"WebSite","@id":"https:\/\/lightweb.dev\/l\/svm-temp\/#website","url":"https:\/\/lightweb.dev\/l\/svm-temp\/","name":"Svenska Magasinet","description":"Dina Spanska nyheter p&aring; Svenska","publisher":{"@id":"https:\/\/lightweb.dev\/l\/svm-temp\/#organization"},"potentialAction":[{"@type":"SearchAction","target":{"@type":"EntryPoint","urlTemplate":"https:\/\/lightweb.dev\/l\/svm-temp\/?s={search_term_string}"},"query-input":{"@type":"PropertyValueSpecification","valueRequired":true,"valueName":"search_term_string"}}],"inLanguage":"sv-SE"},{"@type":"Organization","@id":"https:\/\/lightweb.dev\/l\/svm-temp\/#organization","name":"Melkerson y Nott SL","alternateName":"Svenska Magasinet","url":"https:\/\/lightweb.dev\/l\/svm-temp\/","logo":{"@type":"ImageObject","inLanguage":"sv-SE","@id":"https:\/\/lightweb.dev\/l\/svm-temp\/#\/schema\/logo\/image\/","url":"https:\/\/lightweb.dev\/l\/svm-temp\/wp-content\/uploads\/2025\/02\/SvM-logo-Xtra-Centrerad-SVART.png","contentUrl":"https:\/\/lightweb.dev\/l\/svm-temp\/wp-content\/uploads\/2025\/02\/SvM-logo-Xtra-Centrerad-SVART.png","width":300,"height":99,"caption":"Melkerson y Nott SL"},"image":{"@id":"https:\/\/lightweb.dev\/l\/svm-temp\/#\/schema\/logo\/image\/"},"sameAs":["https:\/\/www.facebook.com\/svenskamagasinet","https:\/\/x.com\/SvenskaMagasine"]},{"@type":"Person","@id":"https:\/\/lightweb.dev\/l\/svm-temp\/#\/schema\/person\/206a3bda5b607b0c25e1749191e4d837","name":"Redaktionen SvM","description":"Redaktionen","sameAs":["https:\/\/lightweb.dev\/l\/svm-temp"],"url":"https:\/\/lightweb.dev\/l\/svm-temp\/reporter\/redaktionen\/"}]}},"_links":{"self":[{"href":"https:\/\/lightweb.dev\/l\/svm-temp\/wp-json\/wp\/v2\/posts\/16174","targetHints":{"allow":["GET"]}}],"collection":[{"href":"https:\/\/lightweb.dev\/l\/svm-temp\/wp-json\/wp\/v2\/posts"}],"about":[{"href":"https:\/\/lightweb.dev\/l\/svm-temp\/wp-json\/wp\/v2\/types\/post"}],"author":[{"embeddable":true,"href":"https:\/\/lightweb.dev\/l\/svm-temp\/wp-json\/wp\/v2\/users\/8"}],"replies":[{"embeddable":true,"href":"https:\/\/lightweb.dev\/l\/svm-temp\/wp-json\/wp\/v2\/comments?post=16174"}],"version-history":[{"count":0,"href":"https:\/\/lightweb.dev\/l\/svm-temp\/wp-json\/wp\/v2\/posts\/16174\/revisions"}],"wp:featuredmedia":[{"embeddable":true,"href":"https:\/\/lightweb.dev\/l\/svm-temp\/wp-json\/wp\/v2\/media\/16176"}],"wp:attachment":[{"href":"https:\/\/lightweb.dev\/l\/svm-temp\/wp-json\/wp\/v2\/media?parent=16174"}],"wp:term":[{"taxonomy":"category","embeddable":true,"href":"https:\/\/lightweb.dev\/l\/svm-temp\/wp-json\/wp\/v2\/categories?post=16174"},{"taxonomy":"post_tag","embeddable":true,"href":"https:\/\/lightweb.dev\/l\/svm-temp\/wp-json\/wp\/v2\/tags?post=16174"}],"curies":[{"name":"wp","href":"https:\/\/api.w.org\/{rel}","templated":true}]}}