{"id":16282,"date":"2019-06-26T00:00:00","date_gmt":"2019-06-25T22:00:00","guid":{"rendered":"https:\/\/lightweb.dev\/l\/svm-temp\/nyheter\/solel-for-bostader-okar-dramatiskt-i-spanien\/"},"modified":"2019-06-26T00:00:00","modified_gmt":"2019-06-25T22:00:00","slug":"solel-for-bostader-okar-dramatiskt-i-spanien","status":"publish","type":"post","link":"https:\/\/lightweb.dev\/l\/svm-temp\/nyheter\/solel-for-bostader-okar-dramatiskt-i-spanien\/","title":{"rendered":"Solel f\u00f6r bost\u00e4der \u00f6kar dramatiskt i Spanien"},"content":{"rendered":"<p> Efter det att ett regeringsdekret eliminerat byr\u00e5kratiska hinder och installationspriserna sjunkit dramatiskt s\u00e5 installeras det nu solceller p\u00e5 l\u00f6pande band i Spanien.<\/p>\n<p>Det installeras b\u00e5de p\u00e5 privata bost\u00e4der och p\u00e5 f\u00f6retag, den spanska fotovoltaiska unionen (UNEF) s\u00e4ger att det \u00e4r \u201dett enormt f\u00f6rnyat intresse\u201d f\u00f6r egenproduktion av solenergi.<\/p>\n<p>F\u00f6rra \u00e5ret tillf\u00f6rdes 235 megawatt (MW) ny fotovoltaisk kraft till Spanien, i \u00e5r r\u00e4knar industrin med att det installeras 400 MW s\u00e4ger Jos\u00e9 Donoso generaldirekt\u00f6r f\u00f6r branschorganisationen. Den st\u00f6rsta delen av energin installeras i sm\u00e5 och medelstora f\u00f6retag eftersom dessa har f\u00f6rdelen av att kunna konsumera str\u00f6mmen direkt. Hush\u00e5llen har idag i medeltal anl\u00e4ggningar p\u00e5 3 kW och de representerar ungef\u00e4r 10% av den egenproducerade solelen, men Donoso f\u00f6rv\u00e4ntar sig att den siffran kommer att stiga kraftigt under \u00e5ret. Efter det att regeringsdekretet kom i april s\u00e5 \u00e4r egenproducerad solel b\u00e5de lagligt och ekonomiskt f\u00f6rnuftigt. Dessutom har priset p\u00e5 installationer av solel sjunkit med n\u00e4rmare 80% p\u00e5 bara ett decennium. Det finns \u00e4ven vissa kommuner som stimulerar egenproducerad solel med l\u00e4gre fastighetsskatt f\u00f6r bost\u00e4der med solelssystem.<\/p>\n<p>En talesman f\u00f6r solelsf\u00f6retaget Holaluz s\u00e4ger att de f\u00e5r runt 300 offertf\u00f6rfr\u00e5gningar per vecka och de g\u00f6r fem installationer per dag. F\u00f6retaget r\u00e4knar med att ha gjort 1.500 system f\u00f6re \u00e5rsskiftet och 5.000 \u00e5r 2021. Dessa \u00e4r i f\u00f6rsta hand system f\u00f6r enskilda bost\u00e4der och inte avsedda att leverera \u00f6verskottet ut p\u00e5 n\u00e4tet. De satte dock upp det f\u00f6rsta systemet f\u00f6r vidaref\u00f6rs\u00e4ljning av elen i en byggnad utanf\u00f6r Barcelona redan 2017, i april i \u00e5r blev det systemet lagligt.<\/p>\n<p>Antonio Gonz\u00e1lez, f\u00f6rs\u00e4ljningschef f\u00f6r Red-Fotovoltaica, ett f\u00f6retag som g\u00f6r nyckelf\u00e4rdiga installationer f\u00f6r kunder till den stora \u201dg\u00f6r-det-sj\u00e4lv-kedjan\u201d Leroy Merlin s\u00e4ger att de har g\u00e5tt fr\u00e5n tv\u00e5 arbetare f\u00f6r ett och ett halvt \u00e5r sedan till i dagsl\u00e4get ett team p\u00e5 11 och de s\u00f6ker nu efter mer personal.<\/p>\n<p>En talesman f\u00f6r Leroy Merlin bekr\u00e4ftar detta &#8221;Vi brukade f\u00e5 ett par f\u00f6rfr\u00e5gningar en m\u00e5nad, och nu har vi att g\u00f6ra med cirka 20 per dag&#8221;, s\u00e4ger Pilar P\u00e9rez, chef f\u00f6r bolagets f\u00f6rnybara energiprodukter. Det finns \u00e4ven fastighetsutvecklare som Neinor Homes som erbjuder k\u00f6pare av l\u00e4genheter i El Ca\u00f1averal (Madrid) en solcellspanel och batterisystem f\u00f6r 19 900 euro.<\/p>\n<p>De flesta experter \u00e4r \u00f6vertygade om att inom en mycket n\u00e4ra framtid s\u00e5 kommer bost\u00e4derna inte bara att ha energiproducerande paneler utan ocks\u00e5 batterier f\u00f6r lagring av elen. Den st\u00f6rsta energibesparingen kommer fr\u00e5n att lagra energi som inte konsumeras omedelbart. UNEF uppskattar att cirka 25% av anl\u00e4ggningarna f\u00f6r egenproducerad el redan har ett lagringssystem.<\/p>\n<p>Vad som bidrar till detta \u00e4r att batteripriserna har sjunkit med 80% sedan 2010. Priset beror p\u00e5 kapacitet, f\u00f6r ett 2,5 kW bostadssystem kostar batterierna i nul\u00e4get mellan 3.000 och 4.000 euro enligt UNEF. Men det finns batterier f\u00f6r 12.000 euro ocks\u00e5.<\/p>\n<p>Det finns tv\u00e5 skolor n\u00e4r det g\u00e4ller egenproducerad el, antingen helt frist\u00e5ende fr\u00e5n n\u00e4tet med lagring i batterier eller ocks\u00e5 utan batterier och uppkopplade mot n\u00e4tet.<\/p>\n<p>En talesman f\u00f6r den f\u00f6rstn\u00e4mnda skolan \u00e4r Alexandre Diez Baumann, vice president f\u00f6r Association of Batteries and Energy Storage (Aepibal), enligt honom kan investeringar i ett batteri inneb\u00e4ra en avkastning p\u00e5 \u00f6ver \u00e5tta procent.<\/p>\n<p>Den andra skolan representeras av Jos\u00e9 Antonio Gonz\u00e1lez p\u00e5 Red-Fotovoltaica och han s\u00e4ger: &#8221;N\u00e4tet kan tj\u00e4na samma syfte som ett batteri till en l\u00e4gre kostnad, med noll investering och ingen teknisk risk alls. P\u00e5 grund av strukturen i energifakturering i Spanien och nuvarande f\u00f6reskrifter \u00e4r de ekonomiska argumenten f\u00f6r batterier i allm\u00e4nhet otillr\u00e4ckliga j\u00e4mf\u00f6rt med egenproduktion utan lagring&#8221;.<\/p>\n","protected":false},"excerpt":{"rendered":"<p>Efter det att ett regeringsdekret eliminerat byr\u00e5kratiska hinder och installationspriserna sjunkit dramatiskt s\u00e5 installeras det nu solceller p\u00e5 l\u00f6pande band i Spanien. Det installeras b\u00e5de p\u00e5 privata bost\u00e4der och p\u00e5 f\u00f6retag, den spanska fotovoltaiska unionen (UNEF) s\u00e4ger att det \u00e4r \u201dett enormt f\u00f6rnyat intresse\u201d f\u00f6r egenproduktion av solenergi. F\u00f6rra \u00e5ret tillf\u00f6rdes 235 megawatt (MW) ny [&hellip;]<\/p>\n","protected":false},"author":8,"featured_media":16284,"comment_status":"open","ping_status":"open","sticky":false,"template":"","format":"standard","meta":{"_et_pb_use_builder":"","_et_pb_old_content":"","_et_gb_content_width":"","footnotes":""},"categories":[395,3],"tags":[],"class_list":["post-16282","post","type-post","status-publish","format-standard","has-post-thumbnail","hentry","category-arkiv-nyheter","category-nyheter"],"yoast_head":"<!-- This site is optimized with the Yoast SEO Premium plugin v26.2 (Yoast SEO v27.5) - https:\/\/yoast.com\/product\/yoast-seo-premium-wordpress\/ -->\n<title>Solel f\u00f6r bost\u00e4der \u00f6kar dramatiskt i Spanien - Svenska Magasinet<\/title>\n<meta name=\"robots\" content=\"noindex, follow, max-snippet:-1, max-image-preview:large, max-video-preview:-1\" \/>\n<meta property=\"og:locale\" content=\"sv_SE\" \/>\n<meta property=\"og:type\" content=\"article\" \/>\n<meta property=\"og:title\" content=\"Solel f\u00f6r bost\u00e4der \u00f6kar dramatiskt i Spanien\" \/>\n<meta property=\"og:description\" content=\"Efter det att ett regeringsdekret eliminerat byr\u00e5kratiska hinder och installationspriserna sjunkit dramatiskt s\u00e5 installeras det nu solceller p\u00e5 l\u00f6pande band i Spanien. Det installeras b\u00e5de p\u00e5 privata bost\u00e4der och p\u00e5 f\u00f6retag, den spanska fotovoltaiska unionen (UNEF) s\u00e4ger att det \u00e4r \u201dett enormt f\u00f6rnyat intresse\u201d f\u00f6r egenproduktion av solenergi. F\u00f6rra \u00e5ret tillf\u00f6rdes 235 megawatt (MW) ny [&hellip;]\" \/>\n<meta property=\"og:url\" content=\"https:\/\/lightweb.dev\/l\/svm-temp\/nyheter\/solel-for-bostader-okar-dramatiskt-i-spanien\/\" \/>\n<meta property=\"og:site_name\" content=\"Svenska Magasinet\" \/>\n<meta property=\"article:publisher\" content=\"https:\/\/www.facebook.com\/svenskamagasinet\" \/>\n<meta property=\"article:published_time\" content=\"2019-06-25T22:00:00+00:00\" \/>\n<meta property=\"og:image\" content=\"https:\/\/lightweb.dev\/l\/svm-temp\/wp-content\/uploads\/2022\/06\/solel-for-bostader-okar-dramatiskt-i-spanien.png\" \/>\n\t<meta property=\"og:image:width\" content=\"700\" \/>\n\t<meta property=\"og:image:height\" content=\"420\" \/>\n\t<meta property=\"og:image:type\" content=\"image\/png\" \/>\n<meta name=\"author\" content=\"Redaktionen SvM\" \/>\n<meta name=\"twitter:card\" content=\"summary_large_image\" \/>\n<meta name=\"twitter:creator\" content=\"@SvenskaMagasine\" \/>\n<meta name=\"twitter:site\" content=\"@SvenskaMagasine\" \/>\n<script type=\"application\/ld+json\" class=\"yoast-schema-graph\">{\"@context\":\"https:\\\/\\\/schema.org\",\"@graph\":[{\"@type\":\"Article\",\"@id\":\"https:\\\/\\\/lightweb.dev\\\/l\\\/svm-temp\\\/nyheter\\\/solel-for-bostader-okar-dramatiskt-i-spanien\\\/#article\",\"isPartOf\":{\"@id\":\"https:\\\/\\\/lightweb.dev\\\/l\\\/svm-temp\\\/nyheter\\\/solel-for-bostader-okar-dramatiskt-i-spanien\\\/\"},\"author\":{\"name\":\"Redaktionen SvM\",\"@id\":\"https:\\\/\\\/lightweb.dev\\\/l\\\/svm-temp\\\/#\\\/schema\\\/person\\\/206a3bda5b607b0c25e1749191e4d837\"},\"headline\":\"Solel f\u00f6r bost\u00e4der \u00f6kar dramatiskt i Spanien\",\"datePublished\":\"2019-06-25T22:00:00+00:00\",\"mainEntityOfPage\":{\"@id\":\"https:\\\/\\\/lightweb.dev\\\/l\\\/svm-temp\\\/nyheter\\\/solel-for-bostader-okar-dramatiskt-i-spanien\\\/\"},\"wordCount\":671,\"commentCount\":0,\"publisher\":{\"@id\":\"https:\\\/\\\/lightweb.dev\\\/l\\\/svm-temp\\\/#organization\"},\"image\":{\"@id\":\"https:\\\/\\\/lightweb.dev\\\/l\\\/svm-temp\\\/nyheter\\\/solel-for-bostader-okar-dramatiskt-i-spanien\\\/#primaryimage\"},\"thumbnailUrl\":\"https:\\\/\\\/lightweb.dev\\\/l\\\/svm-temp\\\/wp-content\\\/uploads\\\/2022\\\/06\\\/solel-for-bostader-okar-dramatiskt-i-spanien.png\",\"articleSection\":[\"Arkiv\",\"Nyheter\"],\"inLanguage\":\"sv-SE\"},{\"@type\":\"WebPage\",\"@id\":\"https:\\\/\\\/lightweb.dev\\\/l\\\/svm-temp\\\/nyheter\\\/solel-for-bostader-okar-dramatiskt-i-spanien\\\/\",\"url\":\"https:\\\/\\\/lightweb.dev\\\/l\\\/svm-temp\\\/nyheter\\\/solel-for-bostader-okar-dramatiskt-i-spanien\\\/\",\"name\":\"Solel f\u00f6r bost\u00e4der \u00f6kar dramatiskt i Spanien - Svenska Magasinet\",\"isPartOf\":{\"@id\":\"https:\\\/\\\/lightweb.dev\\\/l\\\/svm-temp\\\/#website\"},\"primaryImageOfPage\":{\"@id\":\"https:\\\/\\\/lightweb.dev\\\/l\\\/svm-temp\\\/nyheter\\\/solel-for-bostader-okar-dramatiskt-i-spanien\\\/#primaryimage\"},\"image\":{\"@id\":\"https:\\\/\\\/lightweb.dev\\\/l\\\/svm-temp\\\/nyheter\\\/solel-for-bostader-okar-dramatiskt-i-spanien\\\/#primaryimage\"},\"thumbnailUrl\":\"https:\\\/\\\/lightweb.dev\\\/l\\\/svm-temp\\\/wp-content\\\/uploads\\\/2022\\\/06\\\/solel-for-bostader-okar-dramatiskt-i-spanien.png\",\"datePublished\":\"2019-06-25T22:00:00+00:00\",\"breadcrumb\":{\"@id\":\"https:\\\/\\\/lightweb.dev\\\/l\\\/svm-temp\\\/nyheter\\\/solel-for-bostader-okar-dramatiskt-i-spanien\\\/#breadcrumb\"},\"inLanguage\":\"sv-SE\",\"potentialAction\":[{\"@type\":\"ReadAction\",\"target\":[\"https:\\\/\\\/lightweb.dev\\\/l\\\/svm-temp\\\/nyheter\\\/solel-for-bostader-okar-dramatiskt-i-spanien\\\/\"]}]},{\"@type\":\"ImageObject\",\"inLanguage\":\"sv-SE\",\"@id\":\"https:\\\/\\\/lightweb.dev\\\/l\\\/svm-temp\\\/nyheter\\\/solel-for-bostader-okar-dramatiskt-i-spanien\\\/#primaryimage\",\"url\":\"https:\\\/\\\/lightweb.dev\\\/l\\\/svm-temp\\\/wp-content\\\/uploads\\\/2022\\\/06\\\/solel-for-bostader-okar-dramatiskt-i-spanien.png\",\"contentUrl\":\"https:\\\/\\\/lightweb.dev\\\/l\\\/svm-temp\\\/wp-content\\\/uploads\\\/2022\\\/06\\\/solel-for-bostader-okar-dramatiskt-i-spanien.png\",\"width\":700,\"height\":420},{\"@type\":\"BreadcrumbList\",\"@id\":\"https:\\\/\\\/lightweb.dev\\\/l\\\/svm-temp\\\/nyheter\\\/solel-for-bostader-okar-dramatiskt-i-spanien\\\/#breadcrumb\",\"itemListElement\":[{\"@type\":\"ListItem\",\"position\":1,\"name\":\"Hem\",\"item\":\"https:\\\/\\\/lightweb.dev\\\/l\\\/svm-temp\\\/\"},{\"@type\":\"ListItem\",\"position\":2,\"name\":\"Solel f\u00f6r bost\u00e4der \u00f6kar dramatiskt i Spanien\"}]},{\"@type\":\"WebSite\",\"@id\":\"https:\\\/\\\/lightweb.dev\\\/l\\\/svm-temp\\\/#website\",\"url\":\"https:\\\/\\\/lightweb.dev\\\/l\\\/svm-temp\\\/\",\"name\":\"Svenska Magasinet\",\"description\":\"Dina Spanska nyheter p&aring; Svenska\",\"publisher\":{\"@id\":\"https:\\\/\\\/lightweb.dev\\\/l\\\/svm-temp\\\/#organization\"},\"potentialAction\":[{\"@type\":\"SearchAction\",\"target\":{\"@type\":\"EntryPoint\",\"urlTemplate\":\"https:\\\/\\\/lightweb.dev\\\/l\\\/svm-temp\\\/?s={search_term_string}\"},\"query-input\":{\"@type\":\"PropertyValueSpecification\",\"valueRequired\":true,\"valueName\":\"search_term_string\"}}],\"inLanguage\":\"sv-SE\"},{\"@type\":\"Organization\",\"@id\":\"https:\\\/\\\/lightweb.dev\\\/l\\\/svm-temp\\\/#organization\",\"name\":\"Melkerson y Nott SL\",\"alternateName\":\"Svenska Magasinet\",\"url\":\"https:\\\/\\\/lightweb.dev\\\/l\\\/svm-temp\\\/\",\"logo\":{\"@type\":\"ImageObject\",\"inLanguage\":\"sv-SE\",\"@id\":\"https:\\\/\\\/lightweb.dev\\\/l\\\/svm-temp\\\/#\\\/schema\\\/logo\\\/image\\\/\",\"url\":\"https:\\\/\\\/lightweb.dev\\\/l\\\/svm-temp\\\/wp-content\\\/uploads\\\/2025\\\/02\\\/SvM-logo-Xtra-Centrerad-SVART.png\",\"contentUrl\":\"https:\\\/\\\/lightweb.dev\\\/l\\\/svm-temp\\\/wp-content\\\/uploads\\\/2025\\\/02\\\/SvM-logo-Xtra-Centrerad-SVART.png\",\"width\":300,\"height\":99,\"caption\":\"Melkerson y Nott SL\"},\"image\":{\"@id\":\"https:\\\/\\\/lightweb.dev\\\/l\\\/svm-temp\\\/#\\\/schema\\\/logo\\\/image\\\/\"},\"sameAs\":[\"https:\\\/\\\/www.facebook.com\\\/svenskamagasinet\",\"https:\\\/\\\/x.com\\\/SvenskaMagasine\"]},{\"@type\":\"Person\",\"@id\":\"https:\\\/\\\/lightweb.dev\\\/l\\\/svm-temp\\\/#\\\/schema\\\/person\\\/206a3bda5b607b0c25e1749191e4d837\",\"name\":\"Redaktionen SvM\",\"description\":\"Redaktionen\",\"sameAs\":[\"https:\\\/\\\/lightweb.dev\\\/l\\\/svm-temp\"],\"url\":\"https:\\\/\\\/lightweb.dev\\\/l\\\/svm-temp\\\/reporter\\\/redaktionen\\\/\"}]}<\/script>\n<!-- \/ Yoast SEO Premium plugin. -->","yoast_head_json":{"title":"Solel f\u00f6r bost\u00e4der \u00f6kar dramatiskt i Spanien - Svenska Magasinet","robots":{"index":"noindex","follow":"follow","max-snippet":"max-snippet:-1","max-image-preview":"max-image-preview:large","max-video-preview":"max-video-preview:-1"},"og_locale":"sv_SE","og_type":"article","og_title":"Solel f\u00f6r bost\u00e4der \u00f6kar dramatiskt i Spanien","og_description":"Efter det att ett regeringsdekret eliminerat byr\u00e5kratiska hinder och installationspriserna sjunkit dramatiskt s\u00e5 installeras det nu solceller p\u00e5 l\u00f6pande band i Spanien. Det installeras b\u00e5de p\u00e5 privata bost\u00e4der och p\u00e5 f\u00f6retag, den spanska fotovoltaiska unionen (UNEF) s\u00e4ger att det \u00e4r \u201dett enormt f\u00f6rnyat intresse\u201d f\u00f6r egenproduktion av solenergi. F\u00f6rra \u00e5ret tillf\u00f6rdes 235 megawatt (MW) ny [&hellip;]","og_url":"https:\/\/lightweb.dev\/l\/svm-temp\/nyheter\/solel-for-bostader-okar-dramatiskt-i-spanien\/","og_site_name":"Svenska Magasinet","article_publisher":"https:\/\/www.facebook.com\/svenskamagasinet","article_published_time":"2019-06-25T22:00:00+00:00","og_image":[{"width":700,"height":420,"url":"https:\/\/lightweb.dev\/l\/svm-temp\/wp-content\/uploads\/2022\/06\/solel-for-bostader-okar-dramatiskt-i-spanien.png","type":"image\/png"}],"author":"Redaktionen SvM","twitter_card":"summary_large_image","twitter_creator":"@SvenskaMagasine","twitter_site":"@SvenskaMagasine","schema":{"@context":"https:\/\/schema.org","@graph":[{"@type":"Article","@id":"https:\/\/lightweb.dev\/l\/svm-temp\/nyheter\/solel-for-bostader-okar-dramatiskt-i-spanien\/#article","isPartOf":{"@id":"https:\/\/lightweb.dev\/l\/svm-temp\/nyheter\/solel-for-bostader-okar-dramatiskt-i-spanien\/"},"author":{"name":"Redaktionen SvM","@id":"https:\/\/lightweb.dev\/l\/svm-temp\/#\/schema\/person\/206a3bda5b607b0c25e1749191e4d837"},"headline":"Solel f\u00f6r bost\u00e4der \u00f6kar dramatiskt i Spanien","datePublished":"2019-06-25T22:00:00+00:00","mainEntityOfPage":{"@id":"https:\/\/lightweb.dev\/l\/svm-temp\/nyheter\/solel-for-bostader-okar-dramatiskt-i-spanien\/"},"wordCount":671,"commentCount":0,"publisher":{"@id":"https:\/\/lightweb.dev\/l\/svm-temp\/#organization"},"image":{"@id":"https:\/\/lightweb.dev\/l\/svm-temp\/nyheter\/solel-for-bostader-okar-dramatiskt-i-spanien\/#primaryimage"},"thumbnailUrl":"https:\/\/lightweb.dev\/l\/svm-temp\/wp-content\/uploads\/2022\/06\/solel-for-bostader-okar-dramatiskt-i-spanien.png","articleSection":["Arkiv","Nyheter"],"inLanguage":"sv-SE"},{"@type":"WebPage","@id":"https:\/\/lightweb.dev\/l\/svm-temp\/nyheter\/solel-for-bostader-okar-dramatiskt-i-spanien\/","url":"https:\/\/lightweb.dev\/l\/svm-temp\/nyheter\/solel-for-bostader-okar-dramatiskt-i-spanien\/","name":"Solel f\u00f6r bost\u00e4der \u00f6kar dramatiskt i Spanien - Svenska Magasinet","isPartOf":{"@id":"https:\/\/lightweb.dev\/l\/svm-temp\/#website"},"primaryImageOfPage":{"@id":"https:\/\/lightweb.dev\/l\/svm-temp\/nyheter\/solel-for-bostader-okar-dramatiskt-i-spanien\/#primaryimage"},"image":{"@id":"https:\/\/lightweb.dev\/l\/svm-temp\/nyheter\/solel-for-bostader-okar-dramatiskt-i-spanien\/#primaryimage"},"thumbnailUrl":"https:\/\/lightweb.dev\/l\/svm-temp\/wp-content\/uploads\/2022\/06\/solel-for-bostader-okar-dramatiskt-i-spanien.png","datePublished":"2019-06-25T22:00:00+00:00","breadcrumb":{"@id":"https:\/\/lightweb.dev\/l\/svm-temp\/nyheter\/solel-for-bostader-okar-dramatiskt-i-spanien\/#breadcrumb"},"inLanguage":"sv-SE","potentialAction":[{"@type":"ReadAction","target":["https:\/\/lightweb.dev\/l\/svm-temp\/nyheter\/solel-for-bostader-okar-dramatiskt-i-spanien\/"]}]},{"@type":"ImageObject","inLanguage":"sv-SE","@id":"https:\/\/lightweb.dev\/l\/svm-temp\/nyheter\/solel-for-bostader-okar-dramatiskt-i-spanien\/#primaryimage","url":"https:\/\/lightweb.dev\/l\/svm-temp\/wp-content\/uploads\/2022\/06\/solel-for-bostader-okar-dramatiskt-i-spanien.png","contentUrl":"https:\/\/lightweb.dev\/l\/svm-temp\/wp-content\/uploads\/2022\/06\/solel-for-bostader-okar-dramatiskt-i-spanien.png","width":700,"height":420},{"@type":"BreadcrumbList","@id":"https:\/\/lightweb.dev\/l\/svm-temp\/nyheter\/solel-for-bostader-okar-dramatiskt-i-spanien\/#breadcrumb","itemListElement":[{"@type":"ListItem","position":1,"name":"Hem","item":"https:\/\/lightweb.dev\/l\/svm-temp\/"},{"@type":"ListItem","position":2,"name":"Solel f\u00f6r bost\u00e4der \u00f6kar dramatiskt i Spanien"}]},{"@type":"WebSite","@id":"https:\/\/lightweb.dev\/l\/svm-temp\/#website","url":"https:\/\/lightweb.dev\/l\/svm-temp\/","name":"Svenska Magasinet","description":"Dina Spanska nyheter p&aring; Svenska","publisher":{"@id":"https:\/\/lightweb.dev\/l\/svm-temp\/#organization"},"potentialAction":[{"@type":"SearchAction","target":{"@type":"EntryPoint","urlTemplate":"https:\/\/lightweb.dev\/l\/svm-temp\/?s={search_term_string}"},"query-input":{"@type":"PropertyValueSpecification","valueRequired":true,"valueName":"search_term_string"}}],"inLanguage":"sv-SE"},{"@type":"Organization","@id":"https:\/\/lightweb.dev\/l\/svm-temp\/#organization","name":"Melkerson y Nott SL","alternateName":"Svenska Magasinet","url":"https:\/\/lightweb.dev\/l\/svm-temp\/","logo":{"@type":"ImageObject","inLanguage":"sv-SE","@id":"https:\/\/lightweb.dev\/l\/svm-temp\/#\/schema\/logo\/image\/","url":"https:\/\/lightweb.dev\/l\/svm-temp\/wp-content\/uploads\/2025\/02\/SvM-logo-Xtra-Centrerad-SVART.png","contentUrl":"https:\/\/lightweb.dev\/l\/svm-temp\/wp-content\/uploads\/2025\/02\/SvM-logo-Xtra-Centrerad-SVART.png","width":300,"height":99,"caption":"Melkerson y Nott SL"},"image":{"@id":"https:\/\/lightweb.dev\/l\/svm-temp\/#\/schema\/logo\/image\/"},"sameAs":["https:\/\/www.facebook.com\/svenskamagasinet","https:\/\/x.com\/SvenskaMagasine"]},{"@type":"Person","@id":"https:\/\/lightweb.dev\/l\/svm-temp\/#\/schema\/person\/206a3bda5b607b0c25e1749191e4d837","name":"Redaktionen SvM","description":"Redaktionen","sameAs":["https:\/\/lightweb.dev\/l\/svm-temp"],"url":"https:\/\/lightweb.dev\/l\/svm-temp\/reporter\/redaktionen\/"}]}},"_links":{"self":[{"href":"https:\/\/lightweb.dev\/l\/svm-temp\/wp-json\/wp\/v2\/posts\/16282","targetHints":{"allow":["GET"]}}],"collection":[{"href":"https:\/\/lightweb.dev\/l\/svm-temp\/wp-json\/wp\/v2\/posts"}],"about":[{"href":"https:\/\/lightweb.dev\/l\/svm-temp\/wp-json\/wp\/v2\/types\/post"}],"author":[{"embeddable":true,"href":"https:\/\/lightweb.dev\/l\/svm-temp\/wp-json\/wp\/v2\/users\/8"}],"replies":[{"embeddable":true,"href":"https:\/\/lightweb.dev\/l\/svm-temp\/wp-json\/wp\/v2\/comments?post=16282"}],"version-history":[{"count":0,"href":"https:\/\/lightweb.dev\/l\/svm-temp\/wp-json\/wp\/v2\/posts\/16282\/revisions"}],"wp:featuredmedia":[{"embeddable":true,"href":"https:\/\/lightweb.dev\/l\/svm-temp\/wp-json\/wp\/v2\/media\/16284"}],"wp:attachment":[{"href":"https:\/\/lightweb.dev\/l\/svm-temp\/wp-json\/wp\/v2\/media?parent=16282"}],"wp:term":[{"taxonomy":"category","embeddable":true,"href":"https:\/\/lightweb.dev\/l\/svm-temp\/wp-json\/wp\/v2\/categories?post=16282"},{"taxonomy":"post_tag","embeddable":true,"href":"https:\/\/lightweb.dev\/l\/svm-temp\/wp-json\/wp\/v2\/tags?post=16282"}],"curies":[{"name":"wp","href":"https:\/\/api.w.org\/{rel}","templated":true}]}}