{"id":16290,"date":"2019-06-25T00:00:00","date_gmt":"2019-06-24T22:00:00","guid":{"rendered":"https:\/\/lightweb.dev\/l\/svm-temp\/nyheter\/nio-dagar-forsenad-landade-norwegianplan-i-stockholm\/"},"modified":"2019-06-25T00:00:00","modified_gmt":"2019-06-24T22:00:00","slug":"nio-dagar-forsenad-landade-norwegianplan-i-stockholm","status":"publish","type":"post","link":"https:\/\/lightweb.dev\/l\/svm-temp\/nyheter\/nio-dagar-forsenad-landade-norwegianplan-i-stockholm\/","title":{"rendered":"Nio dagar f\u00f6rsenad landade Norwegianplan i Stockholm"},"content":{"rendered":"<p> Den Boeing 737 Max 8 tillh\u00f6rande Norwegian som var p\u00e5 v\u00e4g fr\u00e5n M\u00e1laga till Stockholm och som fick landa i Paris efter att tyska luftfartsmyndigheter inte gett planet tillst\u00e5nd att passera genom luftrummet har till slut n\u00e5tt fram till Stockholm. Svenska Magasinet ber\u00e4ttade den 13 juni om hur planet fick landa p\u00e5 Vatry-flygplatsen n\u00e4ra Paris.<\/p>\n<p>Planet hade st\u00e5tt p\u00e5 M\u00e1laga flygplats sedan den 14 mars efter att den europeiska luftfartsmyndighetens beslutade att f\u00f6rbjuda samtliga avg\u00e5ngar med modellen efter tv\u00e5 olyckor inom fem m\u00e5nader. Norwegian har 18 modeller av det olycksdrabbade flygplanet, av totalt 134 flyg, de flesta Boeing 737-800.<\/p>\n<p>Planet med namnet Elsa Beskow och som \u00e4r registrerat i Sverige med beteckningen SE-RTB lyfte klockan 8.42 den 11 juni f\u00f6r att flyga till Stockholm Arlanda utan passagerare. Men planet n\u00e5dde inte Arlanda. Planet fick g\u00e5 ned p\u00e5 Paris-Vatry efter att tyska myndigheter beslutat att planet inte fick passera det tyska luftrummet. <\/p>\n<p>D\u00e5 hade Norwegian tidigare f\u00e5tt alla tillst\u00e5nd av den europeiska luftfartsmyndigheten EASA Eurocontrol.<\/p>\n<p>Den 20 juni klockan 20.47 kunde planet till slut lyfta fr\u00e5n Vatry-flygplatsen och landade i Stockholm klockan 23.40 visar flygappen flightradar24. Planet fl\u00f6g dock inte \u00f6ver Tyskland. Efter Paris l\u00e5g rutten vidare mot Luxemburg, Belgien, Holland och ut \u00f6ver havet, vidare mot norra Danmark, svenska v\u00e4stkusten f\u00f6r att till slut n\u00e5 Arlanda.<\/p>\n<p>Planet fl\u00f6g p\u00e5 l\u00e4gre h\u00f6jd \u00e4n normalt, 20.000 fot, och med l\u00e4gre hastighet.<\/p>\n","protected":false},"excerpt":{"rendered":"<p>Den Boeing 737 Max 8 tillh\u00f6rande Norwegian som var p\u00e5 v\u00e4g fr\u00e5n M\u00e1laga till Stockholm och som fick landa i Paris efter att tyska luftfartsmyndigheter inte gett planet tillst\u00e5nd att passera genom luftrummet har till slut n\u00e5tt fram till Stockholm. Svenska Magasinet ber\u00e4ttade den 13 juni om hur planet fick landa p\u00e5 Vatry-flygplatsen n\u00e4ra Paris. [&hellip;]<\/p>\n","protected":false},"author":8,"featured_media":16292,"comment_status":"open","ping_status":"open","sticky":false,"template":"","format":"standard","meta":{"_et_pb_use_builder":"","_et_pb_old_content":"","_et_gb_content_width":"","footnotes":""},"categories":[395,3],"tags":[],"class_list":["post-16290","post","type-post","status-publish","format-standard","has-post-thumbnail","hentry","category-arkiv-nyheter","category-nyheter"],"yoast_head":"<!-- This site is optimized with the Yoast SEO Premium plugin v26.2 (Yoast SEO v27.5) - https:\/\/yoast.com\/product\/yoast-seo-premium-wordpress\/ -->\n<title>Nio dagar f\u00f6rsenad landade Norwegianplan i Stockholm - Svenska Magasinet<\/title>\n<meta name=\"robots\" content=\"noindex, follow, max-snippet:-1, max-image-preview:large, max-video-preview:-1\" \/>\n<meta property=\"og:locale\" content=\"sv_SE\" \/>\n<meta property=\"og:type\" content=\"article\" \/>\n<meta property=\"og:title\" content=\"Nio dagar f\u00f6rsenad landade Norwegianplan i Stockholm\" \/>\n<meta property=\"og:description\" content=\"Den Boeing 737 Max 8 tillh\u00f6rande Norwegian som var p\u00e5 v\u00e4g fr\u00e5n M\u00e1laga till Stockholm och som fick landa i Paris efter att tyska luftfartsmyndigheter inte gett planet tillst\u00e5nd att passera genom luftrummet har till slut n\u00e5tt fram till Stockholm. Svenska Magasinet ber\u00e4ttade den 13 juni om hur planet fick landa p\u00e5 Vatry-flygplatsen n\u00e4ra Paris. [&hellip;]\" \/>\n<meta property=\"og:url\" content=\"https:\/\/lightweb.dev\/l\/svm-temp\/nyheter\/nio-dagar-forsenad-landade-norwegianplan-i-stockholm\/\" \/>\n<meta property=\"og:site_name\" content=\"Svenska Magasinet\" \/>\n<meta property=\"article:publisher\" content=\"https:\/\/www.facebook.com\/svenskamagasinet\" \/>\n<meta property=\"article:published_time\" content=\"2019-06-24T22:00:00+00:00\" \/>\n<meta property=\"og:image\" content=\"https:\/\/lightweb.dev\/l\/svm-temp\/wp-content\/uploads\/2022\/06\/nio-dagar-forsenad-landade-norwegianplan-i-stockholm.png\" \/>\n\t<meta property=\"og:image:width\" content=\"700\" \/>\n\t<meta property=\"og:image:height\" content=\"421\" \/>\n\t<meta property=\"og:image:type\" content=\"image\/png\" \/>\n<meta name=\"author\" content=\"Redaktionen SvM\" \/>\n<meta name=\"twitter:card\" content=\"summary_large_image\" \/>\n<meta name=\"twitter:creator\" content=\"@SvenskaMagasine\" \/>\n<meta name=\"twitter:site\" content=\"@SvenskaMagasine\" \/>\n<script type=\"application\/ld+json\" class=\"yoast-schema-graph\">{\"@context\":\"https:\\\/\\\/schema.org\",\"@graph\":[{\"@type\":\"Article\",\"@id\":\"https:\\\/\\\/lightweb.dev\\\/l\\\/svm-temp\\\/nyheter\\\/nio-dagar-forsenad-landade-norwegianplan-i-stockholm\\\/#article\",\"isPartOf\":{\"@id\":\"https:\\\/\\\/lightweb.dev\\\/l\\\/svm-temp\\\/nyheter\\\/nio-dagar-forsenad-landade-norwegianplan-i-stockholm\\\/\"},\"author\":{\"name\":\"Redaktionen SvM\",\"@id\":\"https:\\\/\\\/lightweb.dev\\\/l\\\/svm-temp\\\/#\\\/schema\\\/person\\\/206a3bda5b607b0c25e1749191e4d837\"},\"headline\":\"Nio dagar f\u00f6rsenad landade Norwegianplan i Stockholm\",\"datePublished\":\"2019-06-24T22:00:00+00:00\",\"mainEntityOfPage\":{\"@id\":\"https:\\\/\\\/lightweb.dev\\\/l\\\/svm-temp\\\/nyheter\\\/nio-dagar-forsenad-landade-norwegianplan-i-stockholm\\\/\"},\"wordCount\":251,\"commentCount\":0,\"publisher\":{\"@id\":\"https:\\\/\\\/lightweb.dev\\\/l\\\/svm-temp\\\/#organization\"},\"image\":{\"@id\":\"https:\\\/\\\/lightweb.dev\\\/l\\\/svm-temp\\\/nyheter\\\/nio-dagar-forsenad-landade-norwegianplan-i-stockholm\\\/#primaryimage\"},\"thumbnailUrl\":\"https:\\\/\\\/lightweb.dev\\\/l\\\/svm-temp\\\/wp-content\\\/uploads\\\/2022\\\/06\\\/nio-dagar-forsenad-landade-norwegianplan-i-stockholm.png\",\"articleSection\":[\"Arkiv\",\"Nyheter\"],\"inLanguage\":\"sv-SE\"},{\"@type\":\"WebPage\",\"@id\":\"https:\\\/\\\/lightweb.dev\\\/l\\\/svm-temp\\\/nyheter\\\/nio-dagar-forsenad-landade-norwegianplan-i-stockholm\\\/\",\"url\":\"https:\\\/\\\/lightweb.dev\\\/l\\\/svm-temp\\\/nyheter\\\/nio-dagar-forsenad-landade-norwegianplan-i-stockholm\\\/\",\"name\":\"Nio dagar f\u00f6rsenad landade Norwegianplan i Stockholm - Svenska Magasinet\",\"isPartOf\":{\"@id\":\"https:\\\/\\\/lightweb.dev\\\/l\\\/svm-temp\\\/#website\"},\"primaryImageOfPage\":{\"@id\":\"https:\\\/\\\/lightweb.dev\\\/l\\\/svm-temp\\\/nyheter\\\/nio-dagar-forsenad-landade-norwegianplan-i-stockholm\\\/#primaryimage\"},\"image\":{\"@id\":\"https:\\\/\\\/lightweb.dev\\\/l\\\/svm-temp\\\/nyheter\\\/nio-dagar-forsenad-landade-norwegianplan-i-stockholm\\\/#primaryimage\"},\"thumbnailUrl\":\"https:\\\/\\\/lightweb.dev\\\/l\\\/svm-temp\\\/wp-content\\\/uploads\\\/2022\\\/06\\\/nio-dagar-forsenad-landade-norwegianplan-i-stockholm.png\",\"datePublished\":\"2019-06-24T22:00:00+00:00\",\"breadcrumb\":{\"@id\":\"https:\\\/\\\/lightweb.dev\\\/l\\\/svm-temp\\\/nyheter\\\/nio-dagar-forsenad-landade-norwegianplan-i-stockholm\\\/#breadcrumb\"},\"inLanguage\":\"sv-SE\",\"potentialAction\":[{\"@type\":\"ReadAction\",\"target\":[\"https:\\\/\\\/lightweb.dev\\\/l\\\/svm-temp\\\/nyheter\\\/nio-dagar-forsenad-landade-norwegianplan-i-stockholm\\\/\"]}]},{\"@type\":\"ImageObject\",\"inLanguage\":\"sv-SE\",\"@id\":\"https:\\\/\\\/lightweb.dev\\\/l\\\/svm-temp\\\/nyheter\\\/nio-dagar-forsenad-landade-norwegianplan-i-stockholm\\\/#primaryimage\",\"url\":\"https:\\\/\\\/lightweb.dev\\\/l\\\/svm-temp\\\/wp-content\\\/uploads\\\/2022\\\/06\\\/nio-dagar-forsenad-landade-norwegianplan-i-stockholm.png\",\"contentUrl\":\"https:\\\/\\\/lightweb.dev\\\/l\\\/svm-temp\\\/wp-content\\\/uploads\\\/2022\\\/06\\\/nio-dagar-forsenad-landade-norwegianplan-i-stockholm.png\",\"width\":700,\"height\":421},{\"@type\":\"BreadcrumbList\",\"@id\":\"https:\\\/\\\/lightweb.dev\\\/l\\\/svm-temp\\\/nyheter\\\/nio-dagar-forsenad-landade-norwegianplan-i-stockholm\\\/#breadcrumb\",\"itemListElement\":[{\"@type\":\"ListItem\",\"position\":1,\"name\":\"Hem\",\"item\":\"https:\\\/\\\/lightweb.dev\\\/l\\\/svm-temp\\\/\"},{\"@type\":\"ListItem\",\"position\":2,\"name\":\"Nio dagar f\u00f6rsenad landade Norwegianplan i Stockholm\"}]},{\"@type\":\"WebSite\",\"@id\":\"https:\\\/\\\/lightweb.dev\\\/l\\\/svm-temp\\\/#website\",\"url\":\"https:\\\/\\\/lightweb.dev\\\/l\\\/svm-temp\\\/\",\"name\":\"Svenska Magasinet\",\"description\":\"Dina Spanska nyheter p&aring; Svenska\",\"publisher\":{\"@id\":\"https:\\\/\\\/lightweb.dev\\\/l\\\/svm-temp\\\/#organization\"},\"potentialAction\":[{\"@type\":\"SearchAction\",\"target\":{\"@type\":\"EntryPoint\",\"urlTemplate\":\"https:\\\/\\\/lightweb.dev\\\/l\\\/svm-temp\\\/?s={search_term_string}\"},\"query-input\":{\"@type\":\"PropertyValueSpecification\",\"valueRequired\":true,\"valueName\":\"search_term_string\"}}],\"inLanguage\":\"sv-SE\"},{\"@type\":\"Organization\",\"@id\":\"https:\\\/\\\/lightweb.dev\\\/l\\\/svm-temp\\\/#organization\",\"name\":\"Melkerson y Nott SL\",\"alternateName\":\"Svenska Magasinet\",\"url\":\"https:\\\/\\\/lightweb.dev\\\/l\\\/svm-temp\\\/\",\"logo\":{\"@type\":\"ImageObject\",\"inLanguage\":\"sv-SE\",\"@id\":\"https:\\\/\\\/lightweb.dev\\\/l\\\/svm-temp\\\/#\\\/schema\\\/logo\\\/image\\\/\",\"url\":\"https:\\\/\\\/lightweb.dev\\\/l\\\/svm-temp\\\/wp-content\\\/uploads\\\/2025\\\/02\\\/SvM-logo-Xtra-Centrerad-SVART.png\",\"contentUrl\":\"https:\\\/\\\/lightweb.dev\\\/l\\\/svm-temp\\\/wp-content\\\/uploads\\\/2025\\\/02\\\/SvM-logo-Xtra-Centrerad-SVART.png\",\"width\":300,\"height\":99,\"caption\":\"Melkerson y Nott SL\"},\"image\":{\"@id\":\"https:\\\/\\\/lightweb.dev\\\/l\\\/svm-temp\\\/#\\\/schema\\\/logo\\\/image\\\/\"},\"sameAs\":[\"https:\\\/\\\/www.facebook.com\\\/svenskamagasinet\",\"https:\\\/\\\/x.com\\\/SvenskaMagasine\"]},{\"@type\":\"Person\",\"@id\":\"https:\\\/\\\/lightweb.dev\\\/l\\\/svm-temp\\\/#\\\/schema\\\/person\\\/206a3bda5b607b0c25e1749191e4d837\",\"name\":\"Redaktionen SvM\",\"description\":\"Redaktionen\",\"sameAs\":[\"https:\\\/\\\/lightweb.dev\\\/l\\\/svm-temp\"],\"url\":\"https:\\\/\\\/lightweb.dev\\\/l\\\/svm-temp\\\/reporter\\\/redaktionen\\\/\"}]}<\/script>\n<!-- \/ Yoast SEO Premium plugin. -->","yoast_head_json":{"title":"Nio dagar f\u00f6rsenad landade Norwegianplan i Stockholm - Svenska Magasinet","robots":{"index":"noindex","follow":"follow","max-snippet":"max-snippet:-1","max-image-preview":"max-image-preview:large","max-video-preview":"max-video-preview:-1"},"og_locale":"sv_SE","og_type":"article","og_title":"Nio dagar f\u00f6rsenad landade Norwegianplan i Stockholm","og_description":"Den Boeing 737 Max 8 tillh\u00f6rande Norwegian som var p\u00e5 v\u00e4g fr\u00e5n M\u00e1laga till Stockholm och som fick landa i Paris efter att tyska luftfartsmyndigheter inte gett planet tillst\u00e5nd att passera genom luftrummet har till slut n\u00e5tt fram till Stockholm. Svenska Magasinet ber\u00e4ttade den 13 juni om hur planet fick landa p\u00e5 Vatry-flygplatsen n\u00e4ra Paris. [&hellip;]","og_url":"https:\/\/lightweb.dev\/l\/svm-temp\/nyheter\/nio-dagar-forsenad-landade-norwegianplan-i-stockholm\/","og_site_name":"Svenska Magasinet","article_publisher":"https:\/\/www.facebook.com\/svenskamagasinet","article_published_time":"2019-06-24T22:00:00+00:00","og_image":[{"width":700,"height":421,"url":"https:\/\/lightweb.dev\/l\/svm-temp\/wp-content\/uploads\/2022\/06\/nio-dagar-forsenad-landade-norwegianplan-i-stockholm.png","type":"image\/png"}],"author":"Redaktionen SvM","twitter_card":"summary_large_image","twitter_creator":"@SvenskaMagasine","twitter_site":"@SvenskaMagasine","schema":{"@context":"https:\/\/schema.org","@graph":[{"@type":"Article","@id":"https:\/\/lightweb.dev\/l\/svm-temp\/nyheter\/nio-dagar-forsenad-landade-norwegianplan-i-stockholm\/#article","isPartOf":{"@id":"https:\/\/lightweb.dev\/l\/svm-temp\/nyheter\/nio-dagar-forsenad-landade-norwegianplan-i-stockholm\/"},"author":{"name":"Redaktionen SvM","@id":"https:\/\/lightweb.dev\/l\/svm-temp\/#\/schema\/person\/206a3bda5b607b0c25e1749191e4d837"},"headline":"Nio dagar f\u00f6rsenad landade Norwegianplan i Stockholm","datePublished":"2019-06-24T22:00:00+00:00","mainEntityOfPage":{"@id":"https:\/\/lightweb.dev\/l\/svm-temp\/nyheter\/nio-dagar-forsenad-landade-norwegianplan-i-stockholm\/"},"wordCount":251,"commentCount":0,"publisher":{"@id":"https:\/\/lightweb.dev\/l\/svm-temp\/#organization"},"image":{"@id":"https:\/\/lightweb.dev\/l\/svm-temp\/nyheter\/nio-dagar-forsenad-landade-norwegianplan-i-stockholm\/#primaryimage"},"thumbnailUrl":"https:\/\/lightweb.dev\/l\/svm-temp\/wp-content\/uploads\/2022\/06\/nio-dagar-forsenad-landade-norwegianplan-i-stockholm.png","articleSection":["Arkiv","Nyheter"],"inLanguage":"sv-SE"},{"@type":"WebPage","@id":"https:\/\/lightweb.dev\/l\/svm-temp\/nyheter\/nio-dagar-forsenad-landade-norwegianplan-i-stockholm\/","url":"https:\/\/lightweb.dev\/l\/svm-temp\/nyheter\/nio-dagar-forsenad-landade-norwegianplan-i-stockholm\/","name":"Nio dagar f\u00f6rsenad landade Norwegianplan i Stockholm - Svenska Magasinet","isPartOf":{"@id":"https:\/\/lightweb.dev\/l\/svm-temp\/#website"},"primaryImageOfPage":{"@id":"https:\/\/lightweb.dev\/l\/svm-temp\/nyheter\/nio-dagar-forsenad-landade-norwegianplan-i-stockholm\/#primaryimage"},"image":{"@id":"https:\/\/lightweb.dev\/l\/svm-temp\/nyheter\/nio-dagar-forsenad-landade-norwegianplan-i-stockholm\/#primaryimage"},"thumbnailUrl":"https:\/\/lightweb.dev\/l\/svm-temp\/wp-content\/uploads\/2022\/06\/nio-dagar-forsenad-landade-norwegianplan-i-stockholm.png","datePublished":"2019-06-24T22:00:00+00:00","breadcrumb":{"@id":"https:\/\/lightweb.dev\/l\/svm-temp\/nyheter\/nio-dagar-forsenad-landade-norwegianplan-i-stockholm\/#breadcrumb"},"inLanguage":"sv-SE","potentialAction":[{"@type":"ReadAction","target":["https:\/\/lightweb.dev\/l\/svm-temp\/nyheter\/nio-dagar-forsenad-landade-norwegianplan-i-stockholm\/"]}]},{"@type":"ImageObject","inLanguage":"sv-SE","@id":"https:\/\/lightweb.dev\/l\/svm-temp\/nyheter\/nio-dagar-forsenad-landade-norwegianplan-i-stockholm\/#primaryimage","url":"https:\/\/lightweb.dev\/l\/svm-temp\/wp-content\/uploads\/2022\/06\/nio-dagar-forsenad-landade-norwegianplan-i-stockholm.png","contentUrl":"https:\/\/lightweb.dev\/l\/svm-temp\/wp-content\/uploads\/2022\/06\/nio-dagar-forsenad-landade-norwegianplan-i-stockholm.png","width":700,"height":421},{"@type":"BreadcrumbList","@id":"https:\/\/lightweb.dev\/l\/svm-temp\/nyheter\/nio-dagar-forsenad-landade-norwegianplan-i-stockholm\/#breadcrumb","itemListElement":[{"@type":"ListItem","position":1,"name":"Hem","item":"https:\/\/lightweb.dev\/l\/svm-temp\/"},{"@type":"ListItem","position":2,"name":"Nio dagar f\u00f6rsenad landade Norwegianplan i Stockholm"}]},{"@type":"WebSite","@id":"https:\/\/lightweb.dev\/l\/svm-temp\/#website","url":"https:\/\/lightweb.dev\/l\/svm-temp\/","name":"Svenska Magasinet","description":"Dina Spanska nyheter p&aring; Svenska","publisher":{"@id":"https:\/\/lightweb.dev\/l\/svm-temp\/#organization"},"potentialAction":[{"@type":"SearchAction","target":{"@type":"EntryPoint","urlTemplate":"https:\/\/lightweb.dev\/l\/svm-temp\/?s={search_term_string}"},"query-input":{"@type":"PropertyValueSpecification","valueRequired":true,"valueName":"search_term_string"}}],"inLanguage":"sv-SE"},{"@type":"Organization","@id":"https:\/\/lightweb.dev\/l\/svm-temp\/#organization","name":"Melkerson y Nott SL","alternateName":"Svenska Magasinet","url":"https:\/\/lightweb.dev\/l\/svm-temp\/","logo":{"@type":"ImageObject","inLanguage":"sv-SE","@id":"https:\/\/lightweb.dev\/l\/svm-temp\/#\/schema\/logo\/image\/","url":"https:\/\/lightweb.dev\/l\/svm-temp\/wp-content\/uploads\/2025\/02\/SvM-logo-Xtra-Centrerad-SVART.png","contentUrl":"https:\/\/lightweb.dev\/l\/svm-temp\/wp-content\/uploads\/2025\/02\/SvM-logo-Xtra-Centrerad-SVART.png","width":300,"height":99,"caption":"Melkerson y Nott SL"},"image":{"@id":"https:\/\/lightweb.dev\/l\/svm-temp\/#\/schema\/logo\/image\/"},"sameAs":["https:\/\/www.facebook.com\/svenskamagasinet","https:\/\/x.com\/SvenskaMagasine"]},{"@type":"Person","@id":"https:\/\/lightweb.dev\/l\/svm-temp\/#\/schema\/person\/206a3bda5b607b0c25e1749191e4d837","name":"Redaktionen SvM","description":"Redaktionen","sameAs":["https:\/\/lightweb.dev\/l\/svm-temp"],"url":"https:\/\/lightweb.dev\/l\/svm-temp\/reporter\/redaktionen\/"}]}},"_links":{"self":[{"href":"https:\/\/lightweb.dev\/l\/svm-temp\/wp-json\/wp\/v2\/posts\/16290","targetHints":{"allow":["GET"]}}],"collection":[{"href":"https:\/\/lightweb.dev\/l\/svm-temp\/wp-json\/wp\/v2\/posts"}],"about":[{"href":"https:\/\/lightweb.dev\/l\/svm-temp\/wp-json\/wp\/v2\/types\/post"}],"author":[{"embeddable":true,"href":"https:\/\/lightweb.dev\/l\/svm-temp\/wp-json\/wp\/v2\/users\/8"}],"replies":[{"embeddable":true,"href":"https:\/\/lightweb.dev\/l\/svm-temp\/wp-json\/wp\/v2\/comments?post=16290"}],"version-history":[{"count":0,"href":"https:\/\/lightweb.dev\/l\/svm-temp\/wp-json\/wp\/v2\/posts\/16290\/revisions"}],"wp:featuredmedia":[{"embeddable":true,"href":"https:\/\/lightweb.dev\/l\/svm-temp\/wp-json\/wp\/v2\/media\/16292"}],"wp:attachment":[{"href":"https:\/\/lightweb.dev\/l\/svm-temp\/wp-json\/wp\/v2\/media?parent=16290"}],"wp:term":[{"taxonomy":"category","embeddable":true,"href":"https:\/\/lightweb.dev\/l\/svm-temp\/wp-json\/wp\/v2\/categories?post=16290"},{"taxonomy":"post_tag","embeddable":true,"href":"https:\/\/lightweb.dev\/l\/svm-temp\/wp-json\/wp\/v2\/tags?post=16290"}],"curies":[{"name":"wp","href":"https:\/\/api.w.org\/{rel}","templated":true}]}}