{"id":16303,"date":"2019-06-24T00:00:00","date_gmt":"2019-06-23T22:00:00","guid":{"rendered":"https:\/\/lightweb.dev\/l\/svm-temp\/nyheter\/alltfler-ensamkommande-minderariga\/"},"modified":"2019-06-24T00:00:00","modified_gmt":"2019-06-23T22:00:00","slug":"alltfler-ensamkommande-minderariga","status":"publish","type":"post","link":"https:\/\/lightweb.dev\/l\/svm-temp\/nyheter\/alltfler-ensamkommande-minderariga\/","title":{"rendered":"Alltfler ensamkommande minder\u00e5riga"},"content":{"rendered":"<p> Roc\u00edo Ruiz vid Andalusiens regionalregering med ansvar f\u00f6r j\u00e4mst\u00e4lldhet vill att EU-kommissionen och centralregeringen i Spanien tar tag i problemet med allt fler ensamkommande minder\u00e5riga som tar sig in i Spanien. Enbart under \u00e5rets f\u00f6rsta fyra m\u00e5nader ankom 1.257 minder\u00e5riga vilket \u00e4r en \u00f6kning med 60 procent j\u00e4mf\u00f6rt med samma period ifjol d\u00e5 siffran var 781.<\/p>\n<p>Ensamkommande minder\u00e5riga som g\u00e5r under beteckningen MENA har blivit ett allt st\u00f6rre problem f\u00f6r Andalusien. Nyligen bes\u00f6kte Andalusiens regionpresident Juanma Morena grannlandet Marocko f\u00f6r att framf\u00f6ra sitt bekymmer om att alltfler marockanska minder\u00e5riga tar sig in i Spanien. Marocko och l\u00e4nderna s\u00f6der om Sahara m\u00e5ste ta tag i problemet var budskapet.<\/p>\n<p>Roc\u00edo Ruiz i den andalusiska regionalregeringen f\u00f6rd\u00f6mer situationen med att s\u00e5 m\u00e5nga minder\u00e5riga tar sig in i Spanien och beskriver situationen som \u201doh\u00e5llbar\u201d. Problemet m\u00e5ste l\u00f6sas lyder uppmaningen till EU-kommissionen och centralregeringen i Madrid.<\/p>\n<p>Enligt lagen ska de autonoma regionerna hj\u00e4lpa och ta ansvar f\u00f6r minder\u00e5riga. Men det handlar inte bara om bristande finansiering, det finns \u00e4ven en begr\u00e4nsad kapacitet i att ge dem bostad, utbildning och mat.<\/p>\n<p>Enligt Ruiz \u00e4r det sv\u00e5rt att l\u00f6sa problemet om det inte finns n\u00e5got samarbetsavtal med ursprungslandet varifr\u00e5n de minder\u00e5riga kommer. Marocko har samarbetat i detta avseende men inte l\u00e4nderna s\u00f6der om Sahara.<\/p>\n<p>M\u00e5nga minder\u00e5riga kan ordna situationen sj\u00e4lva om de har sl\u00e4ktingar i Spanien eller Europa. Det finns \u00e5 andra sidan minder\u00e5riga som blir kvar i Europa eftersom deras familjer inte anm\u00e4ler dem f\u00f6rsvunna till polisen i ursprungslandet. Det r\u00e5der en slags tystnadskultur i \u00e4rendet.<\/p>\n<p>Andalusiens regionalregering vill se ett samarbetsprogram i norra Marocko som syftar till att utbilda ungdomar p\u00e5 plats. I onsdags bes\u00f6kte Moreno och Ruiz Tanger i samband med att 30 l\u00e4rare fick sina examensbevis inom utbildning f\u00f6r ungdomar. Andalusien hj\u00e4lper till att bygga ut skolor f\u00f6r undervisning i norra Marocko.<\/p>\n<p>Enligt de marockanska myndigheterna har Bryssel sk\u00e4mt bort Turkiet med en st\u00f6rre budget f\u00f6r att kunna ta tag i situationen med migrationen fr\u00e5n Mellersta \u00f6stern. Marocko har f\u00e5tt betydligt f\u00e4rre pengar f\u00f6r att l\u00f6sa problemen med migration fr\u00e5n l\u00e4nderna s\u00f6der om Sahara.<\/p>\n","protected":false},"excerpt":{"rendered":"<p>Roc\u00edo Ruiz vid Andalusiens regionalregering med ansvar f\u00f6r j\u00e4mst\u00e4lldhet vill att EU-kommissionen och centralregeringen i Spanien tar tag i problemet med allt fler ensamkommande minder\u00e5riga som tar sig in i Spanien. Enbart under \u00e5rets f\u00f6rsta fyra m\u00e5nader ankom 1.257 minder\u00e5riga vilket \u00e4r en \u00f6kning med 60 procent j\u00e4mf\u00f6rt med samma period ifjol d\u00e5 siffran var [&hellip;]<\/p>\n","protected":false},"author":8,"featured_media":16305,"comment_status":"open","ping_status":"open","sticky":false,"template":"","format":"standard","meta":{"_et_pb_use_builder":"","_et_pb_old_content":"","_et_gb_content_width":"","footnotes":""},"categories":[395,3],"tags":[],"class_list":["post-16303","post","type-post","status-publish","format-standard","has-post-thumbnail","hentry","category-arkiv-nyheter","category-nyheter"],"yoast_head":"<!-- This site is optimized with the Yoast SEO Premium plugin v26.2 (Yoast SEO v27.5) - https:\/\/yoast.com\/product\/yoast-seo-premium-wordpress\/ -->\n<title>Alltfler ensamkommande minder\u00e5riga - Svenska Magasinet<\/title>\n<meta name=\"robots\" content=\"noindex, follow, max-snippet:-1, max-image-preview:large, max-video-preview:-1\" \/>\n<meta property=\"og:locale\" content=\"sv_SE\" \/>\n<meta property=\"og:type\" content=\"article\" \/>\n<meta property=\"og:title\" content=\"Alltfler ensamkommande minder\u00e5riga\" \/>\n<meta property=\"og:description\" content=\"Roc\u00edo Ruiz vid Andalusiens regionalregering med ansvar f\u00f6r j\u00e4mst\u00e4lldhet vill att EU-kommissionen och centralregeringen i Spanien tar tag i problemet med allt fler ensamkommande minder\u00e5riga som tar sig in i Spanien. Enbart under \u00e5rets f\u00f6rsta fyra m\u00e5nader ankom 1.257 minder\u00e5riga vilket \u00e4r en \u00f6kning med 60 procent j\u00e4mf\u00f6rt med samma period ifjol d\u00e5 siffran var [&hellip;]\" \/>\n<meta property=\"og:url\" content=\"https:\/\/lightweb.dev\/l\/svm-temp\/nyheter\/alltfler-ensamkommande-minderariga\/\" \/>\n<meta property=\"og:site_name\" content=\"Svenska Magasinet\" \/>\n<meta property=\"article:publisher\" content=\"https:\/\/www.facebook.com\/svenskamagasinet\" \/>\n<meta property=\"article:published_time\" content=\"2019-06-23T22:00:00+00:00\" \/>\n<meta property=\"og:image\" content=\"https:\/\/lightweb.dev\/l\/svm-temp\/wp-content\/uploads\/2022\/06\/alltfler-ensamkommande-minderariga.png\" \/>\n\t<meta property=\"og:image:width\" content=\"700\" \/>\n\t<meta property=\"og:image:height\" content=\"420\" \/>\n\t<meta property=\"og:image:type\" content=\"image\/png\" \/>\n<meta name=\"author\" content=\"Redaktionen SvM\" \/>\n<meta name=\"twitter:card\" content=\"summary_large_image\" \/>\n<meta name=\"twitter:creator\" content=\"@SvenskaMagasine\" \/>\n<meta name=\"twitter:site\" content=\"@SvenskaMagasine\" \/>\n<script type=\"application\/ld+json\" class=\"yoast-schema-graph\">{\"@context\":\"https:\\\/\\\/schema.org\",\"@graph\":[{\"@type\":\"Article\",\"@id\":\"https:\\\/\\\/lightweb.dev\\\/l\\\/svm-temp\\\/nyheter\\\/alltfler-ensamkommande-minderariga\\\/#article\",\"isPartOf\":{\"@id\":\"https:\\\/\\\/lightweb.dev\\\/l\\\/svm-temp\\\/nyheter\\\/alltfler-ensamkommande-minderariga\\\/\"},\"author\":{\"name\":\"Redaktionen SvM\",\"@id\":\"https:\\\/\\\/lightweb.dev\\\/l\\\/svm-temp\\\/#\\\/schema\\\/person\\\/206a3bda5b607b0c25e1749191e4d837\"},\"headline\":\"Alltfler ensamkommande minder\u00e5riga\",\"datePublished\":\"2019-06-23T22:00:00+00:00\",\"mainEntityOfPage\":{\"@id\":\"https:\\\/\\\/lightweb.dev\\\/l\\\/svm-temp\\\/nyheter\\\/alltfler-ensamkommande-minderariga\\\/\"},\"wordCount\":404,\"commentCount\":0,\"publisher\":{\"@id\":\"https:\\\/\\\/lightweb.dev\\\/l\\\/svm-temp\\\/#organization\"},\"image\":{\"@id\":\"https:\\\/\\\/lightweb.dev\\\/l\\\/svm-temp\\\/nyheter\\\/alltfler-ensamkommande-minderariga\\\/#primaryimage\"},\"thumbnailUrl\":\"https:\\\/\\\/lightweb.dev\\\/l\\\/svm-temp\\\/wp-content\\\/uploads\\\/2022\\\/06\\\/alltfler-ensamkommande-minderariga.png\",\"articleSection\":[\"Arkiv\",\"Nyheter\"],\"inLanguage\":\"sv-SE\"},{\"@type\":\"WebPage\",\"@id\":\"https:\\\/\\\/lightweb.dev\\\/l\\\/svm-temp\\\/nyheter\\\/alltfler-ensamkommande-minderariga\\\/\",\"url\":\"https:\\\/\\\/lightweb.dev\\\/l\\\/svm-temp\\\/nyheter\\\/alltfler-ensamkommande-minderariga\\\/\",\"name\":\"Alltfler ensamkommande minder\u00e5riga - Svenska Magasinet\",\"isPartOf\":{\"@id\":\"https:\\\/\\\/lightweb.dev\\\/l\\\/svm-temp\\\/#website\"},\"primaryImageOfPage\":{\"@id\":\"https:\\\/\\\/lightweb.dev\\\/l\\\/svm-temp\\\/nyheter\\\/alltfler-ensamkommande-minderariga\\\/#primaryimage\"},\"image\":{\"@id\":\"https:\\\/\\\/lightweb.dev\\\/l\\\/svm-temp\\\/nyheter\\\/alltfler-ensamkommande-minderariga\\\/#primaryimage\"},\"thumbnailUrl\":\"https:\\\/\\\/lightweb.dev\\\/l\\\/svm-temp\\\/wp-content\\\/uploads\\\/2022\\\/06\\\/alltfler-ensamkommande-minderariga.png\",\"datePublished\":\"2019-06-23T22:00:00+00:00\",\"breadcrumb\":{\"@id\":\"https:\\\/\\\/lightweb.dev\\\/l\\\/svm-temp\\\/nyheter\\\/alltfler-ensamkommande-minderariga\\\/#breadcrumb\"},\"inLanguage\":\"sv-SE\",\"potentialAction\":[{\"@type\":\"ReadAction\",\"target\":[\"https:\\\/\\\/lightweb.dev\\\/l\\\/svm-temp\\\/nyheter\\\/alltfler-ensamkommande-minderariga\\\/\"]}]},{\"@type\":\"ImageObject\",\"inLanguage\":\"sv-SE\",\"@id\":\"https:\\\/\\\/lightweb.dev\\\/l\\\/svm-temp\\\/nyheter\\\/alltfler-ensamkommande-minderariga\\\/#primaryimage\",\"url\":\"https:\\\/\\\/lightweb.dev\\\/l\\\/svm-temp\\\/wp-content\\\/uploads\\\/2022\\\/06\\\/alltfler-ensamkommande-minderariga.png\",\"contentUrl\":\"https:\\\/\\\/lightweb.dev\\\/l\\\/svm-temp\\\/wp-content\\\/uploads\\\/2022\\\/06\\\/alltfler-ensamkommande-minderariga.png\",\"width\":700,\"height\":420},{\"@type\":\"BreadcrumbList\",\"@id\":\"https:\\\/\\\/lightweb.dev\\\/l\\\/svm-temp\\\/nyheter\\\/alltfler-ensamkommande-minderariga\\\/#breadcrumb\",\"itemListElement\":[{\"@type\":\"ListItem\",\"position\":1,\"name\":\"Hem\",\"item\":\"https:\\\/\\\/lightweb.dev\\\/l\\\/svm-temp\\\/\"},{\"@type\":\"ListItem\",\"position\":2,\"name\":\"Alltfler ensamkommande minder\u00e5riga\"}]},{\"@type\":\"WebSite\",\"@id\":\"https:\\\/\\\/lightweb.dev\\\/l\\\/svm-temp\\\/#website\",\"url\":\"https:\\\/\\\/lightweb.dev\\\/l\\\/svm-temp\\\/\",\"name\":\"Svenska Magasinet\",\"description\":\"Dina Spanska nyheter p&aring; Svenska\",\"publisher\":{\"@id\":\"https:\\\/\\\/lightweb.dev\\\/l\\\/svm-temp\\\/#organization\"},\"potentialAction\":[{\"@type\":\"SearchAction\",\"target\":{\"@type\":\"EntryPoint\",\"urlTemplate\":\"https:\\\/\\\/lightweb.dev\\\/l\\\/svm-temp\\\/?s={search_term_string}\"},\"query-input\":{\"@type\":\"PropertyValueSpecification\",\"valueRequired\":true,\"valueName\":\"search_term_string\"}}],\"inLanguage\":\"sv-SE\"},{\"@type\":\"Organization\",\"@id\":\"https:\\\/\\\/lightweb.dev\\\/l\\\/svm-temp\\\/#organization\",\"name\":\"Melkerson y Nott SL\",\"alternateName\":\"Svenska Magasinet\",\"url\":\"https:\\\/\\\/lightweb.dev\\\/l\\\/svm-temp\\\/\",\"logo\":{\"@type\":\"ImageObject\",\"inLanguage\":\"sv-SE\",\"@id\":\"https:\\\/\\\/lightweb.dev\\\/l\\\/svm-temp\\\/#\\\/schema\\\/logo\\\/image\\\/\",\"url\":\"https:\\\/\\\/lightweb.dev\\\/l\\\/svm-temp\\\/wp-content\\\/uploads\\\/2025\\\/02\\\/SvM-logo-Xtra-Centrerad-SVART.png\",\"contentUrl\":\"https:\\\/\\\/lightweb.dev\\\/l\\\/svm-temp\\\/wp-content\\\/uploads\\\/2025\\\/02\\\/SvM-logo-Xtra-Centrerad-SVART.png\",\"width\":300,\"height\":99,\"caption\":\"Melkerson y Nott SL\"},\"image\":{\"@id\":\"https:\\\/\\\/lightweb.dev\\\/l\\\/svm-temp\\\/#\\\/schema\\\/logo\\\/image\\\/\"},\"sameAs\":[\"https:\\\/\\\/www.facebook.com\\\/svenskamagasinet\",\"https:\\\/\\\/x.com\\\/SvenskaMagasine\"]},{\"@type\":\"Person\",\"@id\":\"https:\\\/\\\/lightweb.dev\\\/l\\\/svm-temp\\\/#\\\/schema\\\/person\\\/206a3bda5b607b0c25e1749191e4d837\",\"name\":\"Redaktionen SvM\",\"description\":\"Redaktionen\",\"sameAs\":[\"https:\\\/\\\/lightweb.dev\\\/l\\\/svm-temp\"],\"url\":\"https:\\\/\\\/lightweb.dev\\\/l\\\/svm-temp\\\/reporter\\\/redaktionen\\\/\"}]}<\/script>\n<!-- \/ Yoast SEO Premium plugin. -->","yoast_head_json":{"title":"Alltfler ensamkommande minder\u00e5riga - Svenska Magasinet","robots":{"index":"noindex","follow":"follow","max-snippet":"max-snippet:-1","max-image-preview":"max-image-preview:large","max-video-preview":"max-video-preview:-1"},"og_locale":"sv_SE","og_type":"article","og_title":"Alltfler ensamkommande minder\u00e5riga","og_description":"Roc\u00edo Ruiz vid Andalusiens regionalregering med ansvar f\u00f6r j\u00e4mst\u00e4lldhet vill att EU-kommissionen och centralregeringen i Spanien tar tag i problemet med allt fler ensamkommande minder\u00e5riga som tar sig in i Spanien. Enbart under \u00e5rets f\u00f6rsta fyra m\u00e5nader ankom 1.257 minder\u00e5riga vilket \u00e4r en \u00f6kning med 60 procent j\u00e4mf\u00f6rt med samma period ifjol d\u00e5 siffran var [&hellip;]","og_url":"https:\/\/lightweb.dev\/l\/svm-temp\/nyheter\/alltfler-ensamkommande-minderariga\/","og_site_name":"Svenska Magasinet","article_publisher":"https:\/\/www.facebook.com\/svenskamagasinet","article_published_time":"2019-06-23T22:00:00+00:00","og_image":[{"width":700,"height":420,"url":"https:\/\/lightweb.dev\/l\/svm-temp\/wp-content\/uploads\/2022\/06\/alltfler-ensamkommande-minderariga.png","type":"image\/png"}],"author":"Redaktionen SvM","twitter_card":"summary_large_image","twitter_creator":"@SvenskaMagasine","twitter_site":"@SvenskaMagasine","schema":{"@context":"https:\/\/schema.org","@graph":[{"@type":"Article","@id":"https:\/\/lightweb.dev\/l\/svm-temp\/nyheter\/alltfler-ensamkommande-minderariga\/#article","isPartOf":{"@id":"https:\/\/lightweb.dev\/l\/svm-temp\/nyheter\/alltfler-ensamkommande-minderariga\/"},"author":{"name":"Redaktionen SvM","@id":"https:\/\/lightweb.dev\/l\/svm-temp\/#\/schema\/person\/206a3bda5b607b0c25e1749191e4d837"},"headline":"Alltfler ensamkommande minder\u00e5riga","datePublished":"2019-06-23T22:00:00+00:00","mainEntityOfPage":{"@id":"https:\/\/lightweb.dev\/l\/svm-temp\/nyheter\/alltfler-ensamkommande-minderariga\/"},"wordCount":404,"commentCount":0,"publisher":{"@id":"https:\/\/lightweb.dev\/l\/svm-temp\/#organization"},"image":{"@id":"https:\/\/lightweb.dev\/l\/svm-temp\/nyheter\/alltfler-ensamkommande-minderariga\/#primaryimage"},"thumbnailUrl":"https:\/\/lightweb.dev\/l\/svm-temp\/wp-content\/uploads\/2022\/06\/alltfler-ensamkommande-minderariga.png","articleSection":["Arkiv","Nyheter"],"inLanguage":"sv-SE"},{"@type":"WebPage","@id":"https:\/\/lightweb.dev\/l\/svm-temp\/nyheter\/alltfler-ensamkommande-minderariga\/","url":"https:\/\/lightweb.dev\/l\/svm-temp\/nyheter\/alltfler-ensamkommande-minderariga\/","name":"Alltfler ensamkommande minder\u00e5riga - Svenska Magasinet","isPartOf":{"@id":"https:\/\/lightweb.dev\/l\/svm-temp\/#website"},"primaryImageOfPage":{"@id":"https:\/\/lightweb.dev\/l\/svm-temp\/nyheter\/alltfler-ensamkommande-minderariga\/#primaryimage"},"image":{"@id":"https:\/\/lightweb.dev\/l\/svm-temp\/nyheter\/alltfler-ensamkommande-minderariga\/#primaryimage"},"thumbnailUrl":"https:\/\/lightweb.dev\/l\/svm-temp\/wp-content\/uploads\/2022\/06\/alltfler-ensamkommande-minderariga.png","datePublished":"2019-06-23T22:00:00+00:00","breadcrumb":{"@id":"https:\/\/lightweb.dev\/l\/svm-temp\/nyheter\/alltfler-ensamkommande-minderariga\/#breadcrumb"},"inLanguage":"sv-SE","potentialAction":[{"@type":"ReadAction","target":["https:\/\/lightweb.dev\/l\/svm-temp\/nyheter\/alltfler-ensamkommande-minderariga\/"]}]},{"@type":"ImageObject","inLanguage":"sv-SE","@id":"https:\/\/lightweb.dev\/l\/svm-temp\/nyheter\/alltfler-ensamkommande-minderariga\/#primaryimage","url":"https:\/\/lightweb.dev\/l\/svm-temp\/wp-content\/uploads\/2022\/06\/alltfler-ensamkommande-minderariga.png","contentUrl":"https:\/\/lightweb.dev\/l\/svm-temp\/wp-content\/uploads\/2022\/06\/alltfler-ensamkommande-minderariga.png","width":700,"height":420},{"@type":"BreadcrumbList","@id":"https:\/\/lightweb.dev\/l\/svm-temp\/nyheter\/alltfler-ensamkommande-minderariga\/#breadcrumb","itemListElement":[{"@type":"ListItem","position":1,"name":"Hem","item":"https:\/\/lightweb.dev\/l\/svm-temp\/"},{"@type":"ListItem","position":2,"name":"Alltfler ensamkommande minder\u00e5riga"}]},{"@type":"WebSite","@id":"https:\/\/lightweb.dev\/l\/svm-temp\/#website","url":"https:\/\/lightweb.dev\/l\/svm-temp\/","name":"Svenska Magasinet","description":"Dina Spanska nyheter p&aring; Svenska","publisher":{"@id":"https:\/\/lightweb.dev\/l\/svm-temp\/#organization"},"potentialAction":[{"@type":"SearchAction","target":{"@type":"EntryPoint","urlTemplate":"https:\/\/lightweb.dev\/l\/svm-temp\/?s={search_term_string}"},"query-input":{"@type":"PropertyValueSpecification","valueRequired":true,"valueName":"search_term_string"}}],"inLanguage":"sv-SE"},{"@type":"Organization","@id":"https:\/\/lightweb.dev\/l\/svm-temp\/#organization","name":"Melkerson y Nott SL","alternateName":"Svenska Magasinet","url":"https:\/\/lightweb.dev\/l\/svm-temp\/","logo":{"@type":"ImageObject","inLanguage":"sv-SE","@id":"https:\/\/lightweb.dev\/l\/svm-temp\/#\/schema\/logo\/image\/","url":"https:\/\/lightweb.dev\/l\/svm-temp\/wp-content\/uploads\/2025\/02\/SvM-logo-Xtra-Centrerad-SVART.png","contentUrl":"https:\/\/lightweb.dev\/l\/svm-temp\/wp-content\/uploads\/2025\/02\/SvM-logo-Xtra-Centrerad-SVART.png","width":300,"height":99,"caption":"Melkerson y Nott SL"},"image":{"@id":"https:\/\/lightweb.dev\/l\/svm-temp\/#\/schema\/logo\/image\/"},"sameAs":["https:\/\/www.facebook.com\/svenskamagasinet","https:\/\/x.com\/SvenskaMagasine"]},{"@type":"Person","@id":"https:\/\/lightweb.dev\/l\/svm-temp\/#\/schema\/person\/206a3bda5b607b0c25e1749191e4d837","name":"Redaktionen SvM","description":"Redaktionen","sameAs":["https:\/\/lightweb.dev\/l\/svm-temp"],"url":"https:\/\/lightweb.dev\/l\/svm-temp\/reporter\/redaktionen\/"}]}},"_links":{"self":[{"href":"https:\/\/lightweb.dev\/l\/svm-temp\/wp-json\/wp\/v2\/posts\/16303","targetHints":{"allow":["GET"]}}],"collection":[{"href":"https:\/\/lightweb.dev\/l\/svm-temp\/wp-json\/wp\/v2\/posts"}],"about":[{"href":"https:\/\/lightweb.dev\/l\/svm-temp\/wp-json\/wp\/v2\/types\/post"}],"author":[{"embeddable":true,"href":"https:\/\/lightweb.dev\/l\/svm-temp\/wp-json\/wp\/v2\/users\/8"}],"replies":[{"embeddable":true,"href":"https:\/\/lightweb.dev\/l\/svm-temp\/wp-json\/wp\/v2\/comments?post=16303"}],"version-history":[{"count":0,"href":"https:\/\/lightweb.dev\/l\/svm-temp\/wp-json\/wp\/v2\/posts\/16303\/revisions"}],"wp:featuredmedia":[{"embeddable":true,"href":"https:\/\/lightweb.dev\/l\/svm-temp\/wp-json\/wp\/v2\/media\/16305"}],"wp:attachment":[{"href":"https:\/\/lightweb.dev\/l\/svm-temp\/wp-json\/wp\/v2\/media?parent=16303"}],"wp:term":[{"taxonomy":"category","embeddable":true,"href":"https:\/\/lightweb.dev\/l\/svm-temp\/wp-json\/wp\/v2\/categories?post=16303"},{"taxonomy":"post_tag","embeddable":true,"href":"https:\/\/lightweb.dev\/l\/svm-temp\/wp-json\/wp\/v2\/tags?post=16303"}],"curies":[{"name":"wp","href":"https:\/\/api.w.org\/{rel}","templated":true}]}}