{"id":16325,"date":"2019-06-19T00:00:00","date_gmt":"2019-06-18T22:00:00","guid":{"rendered":"https:\/\/lightweb.dev\/l\/svm-temp\/nyheter\/bidrag-pa-5-500-euro-vid-elbilskop-fran-idag\/"},"modified":"2019-06-19T00:00:00","modified_gmt":"2019-06-18T22:00:00","slug":"bidrag-pa-5-500-euro-vid-elbilskop-fran-idag","status":"publish","type":"post","link":"https:\/\/lightweb.dev\/l\/svm-temp\/nyheter\/bidrag-pa-5-500-euro-vid-elbilskop-fran-idag\/","title":{"rendered":"Bidrag p\u00e5 5.500 euro vid elbilsk\u00f6p fr\u00e5n idag"},"content":{"rendered":"<p> Fr\u00e5n idag onsdag g\u00e4ller ett bidrag p\u00e5 5.500 euro om du v\u00e4ljer att k\u00f6pa elbil. Bidrag g\u00e4ller \u00e4ven om du k\u00f6per hybridbilar, motorcyklar drivna p\u00e5 elbatterier och bilar som g\u00e5r p\u00e5 alternativa br\u00e4nslen och mindre lastbilar som g\u00e5r p\u00e5 gas. Det nya elbilsbidraget samordnas av den andalusiska energimyndigheten, Agencia andaluza de la Energ\u00eda, och st\u00f6ttas av den fond som centralregeringen i Madrid har avsatt.<\/p>\n<p>Listan omfattar \u00e4ven bilar drivna p\u00e5 v\u00e4te trots bristen p\u00e5 modeller av denna typ p\u00e5 marknaden.<\/p>\n<p>Och bilf\u00f6rs\u00e4ljarna i provinsen M\u00e1laga har legat i startgroparna tidigt och f\u00f6rberett f\u00f6r elbilsbidraget. Bilk\u00f6pare har sedan tidigare registrerat sig och reserverat elbilar. Det \u00e4r en lista som kommer att b\u00f6rja bearbetas fr\u00e5n idag d\u00e5 ans\u00f6kan om bidraget tr\u00e4der i kraft.<\/p>\n<p>Det g\u00e4ller inte minst vid Nissan Safamotor vars elbilsmodell Leaf \u00e4r bland de mest s\u00e5lda elbilarna. Med rabatten p\u00e5 5.500 euro kostar en Nissan Leaf 27.690 euro.<\/p>\n<p>H\u00e4r \u00e4r samtliga bidrag:<br \/>\n5.500 euro f\u00f6r ink\u00f6p av 100% elbilar (utan f\u00f6rbr\u00e4nningsmotor).<br \/>\n2600 euro f\u00f6r hybridbilar med r\u00e4ckvidd 32 till 72 kilometer.<br \/>\n1300 euro f\u00f6r hybridbilar med r\u00e4ckvidd 12 till 32 kilometer.<br \/>\n750 euro f\u00f6r elmotorcyklar. 600 till 800 euro f\u00f6r fyrhjulingar.<br \/>\n500 euro extra till flerbarnsfamilj som k\u00f6per elbil.<br \/>\n750 euro extra till person med nedsatt r\u00f6rlighet.<\/p>\n","protected":false},"excerpt":{"rendered":"<p>Fr\u00e5n idag onsdag g\u00e4ller ett bidrag p\u00e5 5.500 euro om du v\u00e4ljer att k\u00f6pa elbil. Bidrag g\u00e4ller \u00e4ven om du k\u00f6per hybridbilar, motorcyklar drivna p\u00e5 elbatterier och bilar som g\u00e5r p\u00e5 alternativa br\u00e4nslen och mindre lastbilar som g\u00e5r p\u00e5 gas. Det nya elbilsbidraget samordnas av den andalusiska energimyndigheten, Agencia andaluza de la Energ\u00eda, och st\u00f6ttas [&hellip;]<\/p>\n","protected":false},"author":8,"featured_media":16326,"comment_status":"open","ping_status":"open","sticky":false,"template":"","format":"standard","meta":{"_et_pb_use_builder":"","_et_pb_old_content":"","_et_gb_content_width":"","footnotes":""},"categories":[395,3],"tags":[],"class_list":["post-16325","post","type-post","status-publish","format-standard","has-post-thumbnail","hentry","category-arkiv-nyheter","category-nyheter"],"yoast_head":"<!-- This site is optimized with the Yoast SEO Premium plugin v26.2 (Yoast SEO v27.5) - https:\/\/yoast.com\/product\/yoast-seo-premium-wordpress\/ -->\n<title>Bidrag p\u00e5 5.500 euro vid elbilsk\u00f6p fr\u00e5n idag - Svenska Magasinet<\/title>\n<meta name=\"robots\" content=\"noindex, follow, max-snippet:-1, max-image-preview:large, max-video-preview:-1\" \/>\n<meta property=\"og:locale\" content=\"sv_SE\" \/>\n<meta property=\"og:type\" content=\"article\" \/>\n<meta property=\"og:title\" content=\"Bidrag p\u00e5 5.500 euro vid elbilsk\u00f6p fr\u00e5n idag\" \/>\n<meta property=\"og:description\" content=\"Fr\u00e5n idag onsdag g\u00e4ller ett bidrag p\u00e5 5.500 euro om du v\u00e4ljer att k\u00f6pa elbil. Bidrag g\u00e4ller \u00e4ven om du k\u00f6per hybridbilar, motorcyklar drivna p\u00e5 elbatterier och bilar som g\u00e5r p\u00e5 alternativa br\u00e4nslen och mindre lastbilar som g\u00e5r p\u00e5 gas. Det nya elbilsbidraget samordnas av den andalusiska energimyndigheten, Agencia andaluza de la Energ\u00eda, och st\u00f6ttas [&hellip;]\" \/>\n<meta property=\"og:url\" content=\"https:\/\/lightweb.dev\/l\/svm-temp\/nyheter\/bidrag-pa-5-500-euro-vid-elbilskop-fran-idag\/\" \/>\n<meta property=\"og:site_name\" content=\"Svenska Magasinet\" \/>\n<meta property=\"article:publisher\" content=\"https:\/\/www.facebook.com\/svenskamagasinet\" \/>\n<meta property=\"article:published_time\" content=\"2019-06-18T22:00:00+00:00\" \/>\n<meta property=\"og:image\" content=\"https:\/\/lightweb.dev\/l\/svm-temp\/wp-content\/uploads\/2022\/06\/bidrag-pa-5500-euro-vid-elbilskop-fran-idag.png\" \/>\n\t<meta property=\"og:image:width\" content=\"700\" \/>\n\t<meta property=\"og:image:height\" content=\"421\" \/>\n\t<meta property=\"og:image:type\" content=\"image\/png\" \/>\n<meta name=\"author\" content=\"Redaktionen SvM\" \/>\n<meta name=\"twitter:card\" content=\"summary_large_image\" \/>\n<meta name=\"twitter:creator\" content=\"@SvenskaMagasine\" \/>\n<meta name=\"twitter:site\" content=\"@SvenskaMagasine\" \/>\n<script type=\"application\/ld+json\" class=\"yoast-schema-graph\">{\"@context\":\"https:\\\/\\\/schema.org\",\"@graph\":[{\"@type\":\"Article\",\"@id\":\"https:\\\/\\\/lightweb.dev\\\/l\\\/svm-temp\\\/nyheter\\\/bidrag-pa-5-500-euro-vid-elbilskop-fran-idag\\\/#article\",\"isPartOf\":{\"@id\":\"https:\\\/\\\/lightweb.dev\\\/l\\\/svm-temp\\\/nyheter\\\/bidrag-pa-5-500-euro-vid-elbilskop-fran-idag\\\/\"},\"author\":{\"name\":\"Redaktionen SvM\",\"@id\":\"https:\\\/\\\/lightweb.dev\\\/l\\\/svm-temp\\\/#\\\/schema\\\/person\\\/206a3bda5b607b0c25e1749191e4d837\"},\"headline\":\"Bidrag p\u00e5 5.500 euro vid elbilsk\u00f6p fr\u00e5n idag\",\"datePublished\":\"2019-06-18T22:00:00+00:00\",\"mainEntityOfPage\":{\"@id\":\"https:\\\/\\\/lightweb.dev\\\/l\\\/svm-temp\\\/nyheter\\\/bidrag-pa-5-500-euro-vid-elbilskop-fran-idag\\\/\"},\"wordCount\":237,\"commentCount\":0,\"publisher\":{\"@id\":\"https:\\\/\\\/lightweb.dev\\\/l\\\/svm-temp\\\/#organization\"},\"image\":{\"@id\":\"https:\\\/\\\/lightweb.dev\\\/l\\\/svm-temp\\\/nyheter\\\/bidrag-pa-5-500-euro-vid-elbilskop-fran-idag\\\/#primaryimage\"},\"thumbnailUrl\":\"https:\\\/\\\/lightweb.dev\\\/l\\\/svm-temp\\\/wp-content\\\/uploads\\\/2022\\\/06\\\/bidrag-pa-5500-euro-vid-elbilskop-fran-idag.png\",\"articleSection\":[\"Arkiv\",\"Nyheter\"],\"inLanguage\":\"sv-SE\"},{\"@type\":\"WebPage\",\"@id\":\"https:\\\/\\\/lightweb.dev\\\/l\\\/svm-temp\\\/nyheter\\\/bidrag-pa-5-500-euro-vid-elbilskop-fran-idag\\\/\",\"url\":\"https:\\\/\\\/lightweb.dev\\\/l\\\/svm-temp\\\/nyheter\\\/bidrag-pa-5-500-euro-vid-elbilskop-fran-idag\\\/\",\"name\":\"Bidrag p\u00e5 5.500 euro vid elbilsk\u00f6p fr\u00e5n idag - Svenska Magasinet\",\"isPartOf\":{\"@id\":\"https:\\\/\\\/lightweb.dev\\\/l\\\/svm-temp\\\/#website\"},\"primaryImageOfPage\":{\"@id\":\"https:\\\/\\\/lightweb.dev\\\/l\\\/svm-temp\\\/nyheter\\\/bidrag-pa-5-500-euro-vid-elbilskop-fran-idag\\\/#primaryimage\"},\"image\":{\"@id\":\"https:\\\/\\\/lightweb.dev\\\/l\\\/svm-temp\\\/nyheter\\\/bidrag-pa-5-500-euro-vid-elbilskop-fran-idag\\\/#primaryimage\"},\"thumbnailUrl\":\"https:\\\/\\\/lightweb.dev\\\/l\\\/svm-temp\\\/wp-content\\\/uploads\\\/2022\\\/06\\\/bidrag-pa-5500-euro-vid-elbilskop-fran-idag.png\",\"datePublished\":\"2019-06-18T22:00:00+00:00\",\"breadcrumb\":{\"@id\":\"https:\\\/\\\/lightweb.dev\\\/l\\\/svm-temp\\\/nyheter\\\/bidrag-pa-5-500-euro-vid-elbilskop-fran-idag\\\/#breadcrumb\"},\"inLanguage\":\"sv-SE\",\"potentialAction\":[{\"@type\":\"ReadAction\",\"target\":[\"https:\\\/\\\/lightweb.dev\\\/l\\\/svm-temp\\\/nyheter\\\/bidrag-pa-5-500-euro-vid-elbilskop-fran-idag\\\/\"]}]},{\"@type\":\"ImageObject\",\"inLanguage\":\"sv-SE\",\"@id\":\"https:\\\/\\\/lightweb.dev\\\/l\\\/svm-temp\\\/nyheter\\\/bidrag-pa-5-500-euro-vid-elbilskop-fran-idag\\\/#primaryimage\",\"url\":\"https:\\\/\\\/lightweb.dev\\\/l\\\/svm-temp\\\/wp-content\\\/uploads\\\/2022\\\/06\\\/bidrag-pa-5500-euro-vid-elbilskop-fran-idag.png\",\"contentUrl\":\"https:\\\/\\\/lightweb.dev\\\/l\\\/svm-temp\\\/wp-content\\\/uploads\\\/2022\\\/06\\\/bidrag-pa-5500-euro-vid-elbilskop-fran-idag.png\",\"width\":700,\"height\":421},{\"@type\":\"BreadcrumbList\",\"@id\":\"https:\\\/\\\/lightweb.dev\\\/l\\\/svm-temp\\\/nyheter\\\/bidrag-pa-5-500-euro-vid-elbilskop-fran-idag\\\/#breadcrumb\",\"itemListElement\":[{\"@type\":\"ListItem\",\"position\":1,\"name\":\"Hem\",\"item\":\"https:\\\/\\\/lightweb.dev\\\/l\\\/svm-temp\\\/\"},{\"@type\":\"ListItem\",\"position\":2,\"name\":\"Bidrag p\u00e5 5.500 euro vid elbilsk\u00f6p fr\u00e5n idag\"}]},{\"@type\":\"WebSite\",\"@id\":\"https:\\\/\\\/lightweb.dev\\\/l\\\/svm-temp\\\/#website\",\"url\":\"https:\\\/\\\/lightweb.dev\\\/l\\\/svm-temp\\\/\",\"name\":\"Svenska Magasinet\",\"description\":\"Dina Spanska nyheter p&aring; Svenska\",\"publisher\":{\"@id\":\"https:\\\/\\\/lightweb.dev\\\/l\\\/svm-temp\\\/#organization\"},\"potentialAction\":[{\"@type\":\"SearchAction\",\"target\":{\"@type\":\"EntryPoint\",\"urlTemplate\":\"https:\\\/\\\/lightweb.dev\\\/l\\\/svm-temp\\\/?s={search_term_string}\"},\"query-input\":{\"@type\":\"PropertyValueSpecification\",\"valueRequired\":true,\"valueName\":\"search_term_string\"}}],\"inLanguage\":\"sv-SE\"},{\"@type\":\"Organization\",\"@id\":\"https:\\\/\\\/lightweb.dev\\\/l\\\/svm-temp\\\/#organization\",\"name\":\"Melkerson y Nott SL\",\"alternateName\":\"Svenska Magasinet\",\"url\":\"https:\\\/\\\/lightweb.dev\\\/l\\\/svm-temp\\\/\",\"logo\":{\"@type\":\"ImageObject\",\"inLanguage\":\"sv-SE\",\"@id\":\"https:\\\/\\\/lightweb.dev\\\/l\\\/svm-temp\\\/#\\\/schema\\\/logo\\\/image\\\/\",\"url\":\"https:\\\/\\\/lightweb.dev\\\/l\\\/svm-temp\\\/wp-content\\\/uploads\\\/2025\\\/02\\\/SvM-logo-Xtra-Centrerad-SVART.png\",\"contentUrl\":\"https:\\\/\\\/lightweb.dev\\\/l\\\/svm-temp\\\/wp-content\\\/uploads\\\/2025\\\/02\\\/SvM-logo-Xtra-Centrerad-SVART.png\",\"width\":300,\"height\":99,\"caption\":\"Melkerson y Nott SL\"},\"image\":{\"@id\":\"https:\\\/\\\/lightweb.dev\\\/l\\\/svm-temp\\\/#\\\/schema\\\/logo\\\/image\\\/\"},\"sameAs\":[\"https:\\\/\\\/www.facebook.com\\\/svenskamagasinet\",\"https:\\\/\\\/x.com\\\/SvenskaMagasine\"]},{\"@type\":\"Person\",\"@id\":\"https:\\\/\\\/lightweb.dev\\\/l\\\/svm-temp\\\/#\\\/schema\\\/person\\\/206a3bda5b607b0c25e1749191e4d837\",\"name\":\"Redaktionen SvM\",\"description\":\"Redaktionen\",\"sameAs\":[\"https:\\\/\\\/lightweb.dev\\\/l\\\/svm-temp\"],\"url\":\"https:\\\/\\\/lightweb.dev\\\/l\\\/svm-temp\\\/reporter\\\/redaktionen\\\/\"}]}<\/script>\n<!-- \/ Yoast SEO Premium plugin. -->","yoast_head_json":{"title":"Bidrag p\u00e5 5.500 euro vid elbilsk\u00f6p fr\u00e5n idag - Svenska Magasinet","robots":{"index":"noindex","follow":"follow","max-snippet":"max-snippet:-1","max-image-preview":"max-image-preview:large","max-video-preview":"max-video-preview:-1"},"og_locale":"sv_SE","og_type":"article","og_title":"Bidrag p\u00e5 5.500 euro vid elbilsk\u00f6p fr\u00e5n idag","og_description":"Fr\u00e5n idag onsdag g\u00e4ller ett bidrag p\u00e5 5.500 euro om du v\u00e4ljer att k\u00f6pa elbil. Bidrag g\u00e4ller \u00e4ven om du k\u00f6per hybridbilar, motorcyklar drivna p\u00e5 elbatterier och bilar som g\u00e5r p\u00e5 alternativa br\u00e4nslen och mindre lastbilar som g\u00e5r p\u00e5 gas. Det nya elbilsbidraget samordnas av den andalusiska energimyndigheten, Agencia andaluza de la Energ\u00eda, och st\u00f6ttas [&hellip;]","og_url":"https:\/\/lightweb.dev\/l\/svm-temp\/nyheter\/bidrag-pa-5-500-euro-vid-elbilskop-fran-idag\/","og_site_name":"Svenska Magasinet","article_publisher":"https:\/\/www.facebook.com\/svenskamagasinet","article_published_time":"2019-06-18T22:00:00+00:00","og_image":[{"width":700,"height":421,"url":"https:\/\/lightweb.dev\/l\/svm-temp\/wp-content\/uploads\/2022\/06\/bidrag-pa-5500-euro-vid-elbilskop-fran-idag.png","type":"image\/png"}],"author":"Redaktionen SvM","twitter_card":"summary_large_image","twitter_creator":"@SvenskaMagasine","twitter_site":"@SvenskaMagasine","schema":{"@context":"https:\/\/schema.org","@graph":[{"@type":"Article","@id":"https:\/\/lightweb.dev\/l\/svm-temp\/nyheter\/bidrag-pa-5-500-euro-vid-elbilskop-fran-idag\/#article","isPartOf":{"@id":"https:\/\/lightweb.dev\/l\/svm-temp\/nyheter\/bidrag-pa-5-500-euro-vid-elbilskop-fran-idag\/"},"author":{"name":"Redaktionen SvM","@id":"https:\/\/lightweb.dev\/l\/svm-temp\/#\/schema\/person\/206a3bda5b607b0c25e1749191e4d837"},"headline":"Bidrag p\u00e5 5.500 euro vid elbilsk\u00f6p fr\u00e5n idag","datePublished":"2019-06-18T22:00:00+00:00","mainEntityOfPage":{"@id":"https:\/\/lightweb.dev\/l\/svm-temp\/nyheter\/bidrag-pa-5-500-euro-vid-elbilskop-fran-idag\/"},"wordCount":237,"commentCount":0,"publisher":{"@id":"https:\/\/lightweb.dev\/l\/svm-temp\/#organization"},"image":{"@id":"https:\/\/lightweb.dev\/l\/svm-temp\/nyheter\/bidrag-pa-5-500-euro-vid-elbilskop-fran-idag\/#primaryimage"},"thumbnailUrl":"https:\/\/lightweb.dev\/l\/svm-temp\/wp-content\/uploads\/2022\/06\/bidrag-pa-5500-euro-vid-elbilskop-fran-idag.png","articleSection":["Arkiv","Nyheter"],"inLanguage":"sv-SE"},{"@type":"WebPage","@id":"https:\/\/lightweb.dev\/l\/svm-temp\/nyheter\/bidrag-pa-5-500-euro-vid-elbilskop-fran-idag\/","url":"https:\/\/lightweb.dev\/l\/svm-temp\/nyheter\/bidrag-pa-5-500-euro-vid-elbilskop-fran-idag\/","name":"Bidrag p\u00e5 5.500 euro vid elbilsk\u00f6p fr\u00e5n idag - Svenska Magasinet","isPartOf":{"@id":"https:\/\/lightweb.dev\/l\/svm-temp\/#website"},"primaryImageOfPage":{"@id":"https:\/\/lightweb.dev\/l\/svm-temp\/nyheter\/bidrag-pa-5-500-euro-vid-elbilskop-fran-idag\/#primaryimage"},"image":{"@id":"https:\/\/lightweb.dev\/l\/svm-temp\/nyheter\/bidrag-pa-5-500-euro-vid-elbilskop-fran-idag\/#primaryimage"},"thumbnailUrl":"https:\/\/lightweb.dev\/l\/svm-temp\/wp-content\/uploads\/2022\/06\/bidrag-pa-5500-euro-vid-elbilskop-fran-idag.png","datePublished":"2019-06-18T22:00:00+00:00","breadcrumb":{"@id":"https:\/\/lightweb.dev\/l\/svm-temp\/nyheter\/bidrag-pa-5-500-euro-vid-elbilskop-fran-idag\/#breadcrumb"},"inLanguage":"sv-SE","potentialAction":[{"@type":"ReadAction","target":["https:\/\/lightweb.dev\/l\/svm-temp\/nyheter\/bidrag-pa-5-500-euro-vid-elbilskop-fran-idag\/"]}]},{"@type":"ImageObject","inLanguage":"sv-SE","@id":"https:\/\/lightweb.dev\/l\/svm-temp\/nyheter\/bidrag-pa-5-500-euro-vid-elbilskop-fran-idag\/#primaryimage","url":"https:\/\/lightweb.dev\/l\/svm-temp\/wp-content\/uploads\/2022\/06\/bidrag-pa-5500-euro-vid-elbilskop-fran-idag.png","contentUrl":"https:\/\/lightweb.dev\/l\/svm-temp\/wp-content\/uploads\/2022\/06\/bidrag-pa-5500-euro-vid-elbilskop-fran-idag.png","width":700,"height":421},{"@type":"BreadcrumbList","@id":"https:\/\/lightweb.dev\/l\/svm-temp\/nyheter\/bidrag-pa-5-500-euro-vid-elbilskop-fran-idag\/#breadcrumb","itemListElement":[{"@type":"ListItem","position":1,"name":"Hem","item":"https:\/\/lightweb.dev\/l\/svm-temp\/"},{"@type":"ListItem","position":2,"name":"Bidrag p\u00e5 5.500 euro vid elbilsk\u00f6p fr\u00e5n idag"}]},{"@type":"WebSite","@id":"https:\/\/lightweb.dev\/l\/svm-temp\/#website","url":"https:\/\/lightweb.dev\/l\/svm-temp\/","name":"Svenska Magasinet","description":"Dina Spanska nyheter p&aring; Svenska","publisher":{"@id":"https:\/\/lightweb.dev\/l\/svm-temp\/#organization"},"potentialAction":[{"@type":"SearchAction","target":{"@type":"EntryPoint","urlTemplate":"https:\/\/lightweb.dev\/l\/svm-temp\/?s={search_term_string}"},"query-input":{"@type":"PropertyValueSpecification","valueRequired":true,"valueName":"search_term_string"}}],"inLanguage":"sv-SE"},{"@type":"Organization","@id":"https:\/\/lightweb.dev\/l\/svm-temp\/#organization","name":"Melkerson y Nott SL","alternateName":"Svenska Magasinet","url":"https:\/\/lightweb.dev\/l\/svm-temp\/","logo":{"@type":"ImageObject","inLanguage":"sv-SE","@id":"https:\/\/lightweb.dev\/l\/svm-temp\/#\/schema\/logo\/image\/","url":"https:\/\/lightweb.dev\/l\/svm-temp\/wp-content\/uploads\/2025\/02\/SvM-logo-Xtra-Centrerad-SVART.png","contentUrl":"https:\/\/lightweb.dev\/l\/svm-temp\/wp-content\/uploads\/2025\/02\/SvM-logo-Xtra-Centrerad-SVART.png","width":300,"height":99,"caption":"Melkerson y Nott SL"},"image":{"@id":"https:\/\/lightweb.dev\/l\/svm-temp\/#\/schema\/logo\/image\/"},"sameAs":["https:\/\/www.facebook.com\/svenskamagasinet","https:\/\/x.com\/SvenskaMagasine"]},{"@type":"Person","@id":"https:\/\/lightweb.dev\/l\/svm-temp\/#\/schema\/person\/206a3bda5b607b0c25e1749191e4d837","name":"Redaktionen SvM","description":"Redaktionen","sameAs":["https:\/\/lightweb.dev\/l\/svm-temp"],"url":"https:\/\/lightweb.dev\/l\/svm-temp\/reporter\/redaktionen\/"}]}},"_links":{"self":[{"href":"https:\/\/lightweb.dev\/l\/svm-temp\/wp-json\/wp\/v2\/posts\/16325","targetHints":{"allow":["GET"]}}],"collection":[{"href":"https:\/\/lightweb.dev\/l\/svm-temp\/wp-json\/wp\/v2\/posts"}],"about":[{"href":"https:\/\/lightweb.dev\/l\/svm-temp\/wp-json\/wp\/v2\/types\/post"}],"author":[{"embeddable":true,"href":"https:\/\/lightweb.dev\/l\/svm-temp\/wp-json\/wp\/v2\/users\/8"}],"replies":[{"embeddable":true,"href":"https:\/\/lightweb.dev\/l\/svm-temp\/wp-json\/wp\/v2\/comments?post=16325"}],"version-history":[{"count":0,"href":"https:\/\/lightweb.dev\/l\/svm-temp\/wp-json\/wp\/v2\/posts\/16325\/revisions"}],"wp:featuredmedia":[{"embeddable":true,"href":"https:\/\/lightweb.dev\/l\/svm-temp\/wp-json\/wp\/v2\/media\/16326"}],"wp:attachment":[{"href":"https:\/\/lightweb.dev\/l\/svm-temp\/wp-json\/wp\/v2\/media?parent=16325"}],"wp:term":[{"taxonomy":"category","embeddable":true,"href":"https:\/\/lightweb.dev\/l\/svm-temp\/wp-json\/wp\/v2\/categories?post=16325"},{"taxonomy":"post_tag","embeddable":true,"href":"https:\/\/lightweb.dev\/l\/svm-temp\/wp-json\/wp\/v2\/tags?post=16325"}],"curies":[{"name":"wp","href":"https:\/\/api.w.org\/{rel}","templated":true}]}}