{"id":16336,"date":"2019-06-18T00:00:00","date_gmt":"2019-06-17T22:00:00","guid":{"rendered":"https:\/\/lightweb.dev\/l\/svm-temp\/nyheter\/tio-jihadister-gripna-for-finansiering-av-terrorsekten-daesh\/"},"modified":"2019-06-18T00:00:00","modified_gmt":"2019-06-17T22:00:00","slug":"tio-jihadister-gripna-for-finansiering-av-terrorsekten-daesh","status":"publish","type":"post","link":"https:\/\/lightweb.dev\/l\/svm-temp\/nyheter\/tio-jihadister-gripna-for-finansiering-av-terrorsekten-daesh\/","title":{"rendered":"Tio jihadister gripna f\u00f6r finansiering av terrorsekten Daesh"},"content":{"rendered":"<p> Spansk nationalpolis har under f\u00f6rmiddagen gjort ett tillslag mot ett n\u00e4tverk i Madrid best\u00e5ende av syrier som samlat in pengar till finansiering av terrorsekten Daesh. Minst tio personer, samtliga syrier, har gripits och ytterligare gripanden kan komma.<\/p>\n<p>Enligt k\u00e4llor till den spanska dagstidningen ABC ska de gripna samlat in betydande belopp som skickats till Daesh f\u00f6r att finansiera hemresor f\u00f6r de som medverkade i kriget i Syrien. De har anv\u00e4nt sig av det informella banksystemet Hawala utan kvitton, redovisning och bokf\u00f6ring.<\/p>\n<p>Verksamheten beskrivs som ett allvarligt hot mot den nationella s\u00e4kerheten. Efter f\u00f6rlusten av sitt territorium i Syrien \u00e5terv\u00e4nder m\u00e5nga Daesh-sympatis\u00f6rer till sina tidigare l\u00e4nder. De har svurit sin lydnad till jihad och att utf\u00f6ra attentat. Utredarna har arbetat med att nysta upp n\u00e4tverket i flera m\u00e5nader.<\/p>\n<p>Dessa \u00e5terv\u00e4ndare prioriteras av underr\u00e4ttelsetj\u00e4nster runt om i v\u00e4rlden. Den spanska antiterroriststyrkan och underr\u00e4ttelsetj\u00e4nsten tar det p\u00e5 fullaste allvar.<\/p>\n<p>I nul\u00e4get \u00e4r informationen knapph\u00e4ndig om f\u00f6rmiddagens insats som fortsatt beskrivs som \u00f6ppen och inte avslutad.<\/p>\n<p>Tidigare i \u00e5r greps en 43-\u00e5rig man i Vallecas i Madrid f\u00f6r att samarbete med ett n\u00e4tverk som finansierade terrorsekten Daesh via Hawala. Den mannen hade kommit som flykting till Spanien fr\u00e5n Aleppo i Syrien med sin fru och minder\u00e5riga barn.<\/p>\n<p>(Arkivbild)<\/p>\n","protected":false},"excerpt":{"rendered":"<p>Spansk nationalpolis har under f\u00f6rmiddagen gjort ett tillslag mot ett n\u00e4tverk i Madrid best\u00e5ende av syrier som samlat in pengar till finansiering av terrorsekten Daesh. Minst tio personer, samtliga syrier, har gripits och ytterligare gripanden kan komma. Enligt k\u00e4llor till den spanska dagstidningen ABC ska de gripna samlat in betydande belopp som skickats till Daesh [&hellip;]<\/p>\n","protected":false},"author":8,"featured_media":16338,"comment_status":"open","ping_status":"open","sticky":false,"template":"","format":"standard","meta":{"_et_pb_use_builder":"","_et_pb_old_content":"","_et_gb_content_width":"","footnotes":""},"categories":[395,3],"tags":[],"class_list":["post-16336","post","type-post","status-publish","format-standard","has-post-thumbnail","hentry","category-arkiv-nyheter","category-nyheter"],"yoast_head":"<!-- This site is optimized with the Yoast SEO Premium plugin v26.2 (Yoast SEO v27.5) - https:\/\/yoast.com\/product\/yoast-seo-premium-wordpress\/ -->\n<title>Tio jihadister gripna f\u00f6r finansiering av terrorsekten Daesh - Svenska Magasinet<\/title>\n<meta name=\"robots\" content=\"noindex, follow, max-snippet:-1, max-image-preview:large, max-video-preview:-1\" \/>\n<meta property=\"og:locale\" content=\"sv_SE\" \/>\n<meta property=\"og:type\" content=\"article\" \/>\n<meta property=\"og:title\" content=\"Tio jihadister gripna f\u00f6r finansiering av terrorsekten Daesh\" \/>\n<meta property=\"og:description\" content=\"Spansk nationalpolis har under f\u00f6rmiddagen gjort ett tillslag mot ett n\u00e4tverk i Madrid best\u00e5ende av syrier som samlat in pengar till finansiering av terrorsekten Daesh. Minst tio personer, samtliga syrier, har gripits och ytterligare gripanden kan komma. Enligt k\u00e4llor till den spanska dagstidningen ABC ska de gripna samlat in betydande belopp som skickats till Daesh [&hellip;]\" \/>\n<meta property=\"og:url\" content=\"https:\/\/lightweb.dev\/l\/svm-temp\/nyheter\/tio-jihadister-gripna-for-finansiering-av-terrorsekten-daesh\/\" \/>\n<meta property=\"og:site_name\" content=\"Svenska Magasinet\" \/>\n<meta property=\"article:publisher\" content=\"https:\/\/www.facebook.com\/svenskamagasinet\" \/>\n<meta property=\"article:published_time\" content=\"2019-06-17T22:00:00+00:00\" \/>\n<meta property=\"og:image\" content=\"https:\/\/lightweb.dev\/l\/svm-temp\/wp-content\/uploads\/2022\/06\/tio-jihadister-gripna-for-finansiering-av-terrorsekten-daesh.png\" \/>\n\t<meta property=\"og:image:width\" content=\"700\" \/>\n\t<meta property=\"og:image:height\" content=\"420\" \/>\n\t<meta property=\"og:image:type\" content=\"image\/png\" \/>\n<meta name=\"author\" content=\"Redaktionen SvM\" \/>\n<meta name=\"twitter:card\" content=\"summary_large_image\" \/>\n<meta name=\"twitter:creator\" content=\"@SvenskaMagasine\" \/>\n<meta name=\"twitter:site\" content=\"@SvenskaMagasine\" \/>\n<script type=\"application\/ld+json\" class=\"yoast-schema-graph\">{\"@context\":\"https:\\\/\\\/schema.org\",\"@graph\":[{\"@type\":\"Article\",\"@id\":\"https:\\\/\\\/lightweb.dev\\\/l\\\/svm-temp\\\/nyheter\\\/tio-jihadister-gripna-for-finansiering-av-terrorsekten-daesh\\\/#article\",\"isPartOf\":{\"@id\":\"https:\\\/\\\/lightweb.dev\\\/l\\\/svm-temp\\\/nyheter\\\/tio-jihadister-gripna-for-finansiering-av-terrorsekten-daesh\\\/\"},\"author\":{\"name\":\"Redaktionen SvM\",\"@id\":\"https:\\\/\\\/lightweb.dev\\\/l\\\/svm-temp\\\/#\\\/schema\\\/person\\\/206a3bda5b607b0c25e1749191e4d837\"},\"headline\":\"Tio jihadister gripna f\u00f6r finansiering av terrorsekten Daesh\",\"datePublished\":\"2019-06-17T22:00:00+00:00\",\"mainEntityOfPage\":{\"@id\":\"https:\\\/\\\/lightweb.dev\\\/l\\\/svm-temp\\\/nyheter\\\/tio-jihadister-gripna-for-finansiering-av-terrorsekten-daesh\\\/\"},\"wordCount\":244,\"commentCount\":0,\"publisher\":{\"@id\":\"https:\\\/\\\/lightweb.dev\\\/l\\\/svm-temp\\\/#organization\"},\"image\":{\"@id\":\"https:\\\/\\\/lightweb.dev\\\/l\\\/svm-temp\\\/nyheter\\\/tio-jihadister-gripna-for-finansiering-av-terrorsekten-daesh\\\/#primaryimage\"},\"thumbnailUrl\":\"https:\\\/\\\/lightweb.dev\\\/l\\\/svm-temp\\\/wp-content\\\/uploads\\\/2022\\\/06\\\/tio-jihadister-gripna-for-finansiering-av-terrorsekten-daesh.png\",\"articleSection\":[\"Arkiv\",\"Nyheter\"],\"inLanguage\":\"sv-SE\"},{\"@type\":\"WebPage\",\"@id\":\"https:\\\/\\\/lightweb.dev\\\/l\\\/svm-temp\\\/nyheter\\\/tio-jihadister-gripna-for-finansiering-av-terrorsekten-daesh\\\/\",\"url\":\"https:\\\/\\\/lightweb.dev\\\/l\\\/svm-temp\\\/nyheter\\\/tio-jihadister-gripna-for-finansiering-av-terrorsekten-daesh\\\/\",\"name\":\"Tio jihadister gripna f\u00f6r finansiering av terrorsekten Daesh - Svenska Magasinet\",\"isPartOf\":{\"@id\":\"https:\\\/\\\/lightweb.dev\\\/l\\\/svm-temp\\\/#website\"},\"primaryImageOfPage\":{\"@id\":\"https:\\\/\\\/lightweb.dev\\\/l\\\/svm-temp\\\/nyheter\\\/tio-jihadister-gripna-for-finansiering-av-terrorsekten-daesh\\\/#primaryimage\"},\"image\":{\"@id\":\"https:\\\/\\\/lightweb.dev\\\/l\\\/svm-temp\\\/nyheter\\\/tio-jihadister-gripna-for-finansiering-av-terrorsekten-daesh\\\/#primaryimage\"},\"thumbnailUrl\":\"https:\\\/\\\/lightweb.dev\\\/l\\\/svm-temp\\\/wp-content\\\/uploads\\\/2022\\\/06\\\/tio-jihadister-gripna-for-finansiering-av-terrorsekten-daesh.png\",\"datePublished\":\"2019-06-17T22:00:00+00:00\",\"breadcrumb\":{\"@id\":\"https:\\\/\\\/lightweb.dev\\\/l\\\/svm-temp\\\/nyheter\\\/tio-jihadister-gripna-for-finansiering-av-terrorsekten-daesh\\\/#breadcrumb\"},\"inLanguage\":\"sv-SE\",\"potentialAction\":[{\"@type\":\"ReadAction\",\"target\":[\"https:\\\/\\\/lightweb.dev\\\/l\\\/svm-temp\\\/nyheter\\\/tio-jihadister-gripna-for-finansiering-av-terrorsekten-daesh\\\/\"]}]},{\"@type\":\"ImageObject\",\"inLanguage\":\"sv-SE\",\"@id\":\"https:\\\/\\\/lightweb.dev\\\/l\\\/svm-temp\\\/nyheter\\\/tio-jihadister-gripna-for-finansiering-av-terrorsekten-daesh\\\/#primaryimage\",\"url\":\"https:\\\/\\\/lightweb.dev\\\/l\\\/svm-temp\\\/wp-content\\\/uploads\\\/2022\\\/06\\\/tio-jihadister-gripna-for-finansiering-av-terrorsekten-daesh.png\",\"contentUrl\":\"https:\\\/\\\/lightweb.dev\\\/l\\\/svm-temp\\\/wp-content\\\/uploads\\\/2022\\\/06\\\/tio-jihadister-gripna-for-finansiering-av-terrorsekten-daesh.png\",\"width\":700,\"height\":420},{\"@type\":\"BreadcrumbList\",\"@id\":\"https:\\\/\\\/lightweb.dev\\\/l\\\/svm-temp\\\/nyheter\\\/tio-jihadister-gripna-for-finansiering-av-terrorsekten-daesh\\\/#breadcrumb\",\"itemListElement\":[{\"@type\":\"ListItem\",\"position\":1,\"name\":\"Hem\",\"item\":\"https:\\\/\\\/lightweb.dev\\\/l\\\/svm-temp\\\/\"},{\"@type\":\"ListItem\",\"position\":2,\"name\":\"Tio jihadister gripna f\u00f6r finansiering av terrorsekten Daesh\"}]},{\"@type\":\"WebSite\",\"@id\":\"https:\\\/\\\/lightweb.dev\\\/l\\\/svm-temp\\\/#website\",\"url\":\"https:\\\/\\\/lightweb.dev\\\/l\\\/svm-temp\\\/\",\"name\":\"Svenska Magasinet\",\"description\":\"Dina Spanska nyheter p&aring; Svenska\",\"publisher\":{\"@id\":\"https:\\\/\\\/lightweb.dev\\\/l\\\/svm-temp\\\/#organization\"},\"potentialAction\":[{\"@type\":\"SearchAction\",\"target\":{\"@type\":\"EntryPoint\",\"urlTemplate\":\"https:\\\/\\\/lightweb.dev\\\/l\\\/svm-temp\\\/?s={search_term_string}\"},\"query-input\":{\"@type\":\"PropertyValueSpecification\",\"valueRequired\":true,\"valueName\":\"search_term_string\"}}],\"inLanguage\":\"sv-SE\"},{\"@type\":\"Organization\",\"@id\":\"https:\\\/\\\/lightweb.dev\\\/l\\\/svm-temp\\\/#organization\",\"name\":\"Melkerson y Nott SL\",\"alternateName\":\"Svenska Magasinet\",\"url\":\"https:\\\/\\\/lightweb.dev\\\/l\\\/svm-temp\\\/\",\"logo\":{\"@type\":\"ImageObject\",\"inLanguage\":\"sv-SE\",\"@id\":\"https:\\\/\\\/lightweb.dev\\\/l\\\/svm-temp\\\/#\\\/schema\\\/logo\\\/image\\\/\",\"url\":\"https:\\\/\\\/lightweb.dev\\\/l\\\/svm-temp\\\/wp-content\\\/uploads\\\/2025\\\/02\\\/SvM-logo-Xtra-Centrerad-SVART.png\",\"contentUrl\":\"https:\\\/\\\/lightweb.dev\\\/l\\\/svm-temp\\\/wp-content\\\/uploads\\\/2025\\\/02\\\/SvM-logo-Xtra-Centrerad-SVART.png\",\"width\":300,\"height\":99,\"caption\":\"Melkerson y Nott SL\"},\"image\":{\"@id\":\"https:\\\/\\\/lightweb.dev\\\/l\\\/svm-temp\\\/#\\\/schema\\\/logo\\\/image\\\/\"},\"sameAs\":[\"https:\\\/\\\/www.facebook.com\\\/svenskamagasinet\",\"https:\\\/\\\/x.com\\\/SvenskaMagasine\"]},{\"@type\":\"Person\",\"@id\":\"https:\\\/\\\/lightweb.dev\\\/l\\\/svm-temp\\\/#\\\/schema\\\/person\\\/206a3bda5b607b0c25e1749191e4d837\",\"name\":\"Redaktionen SvM\",\"description\":\"Redaktionen\",\"sameAs\":[\"https:\\\/\\\/lightweb.dev\\\/l\\\/svm-temp\"],\"url\":\"https:\\\/\\\/lightweb.dev\\\/l\\\/svm-temp\\\/reporter\\\/redaktionen\\\/\"}]}<\/script>\n<!-- \/ Yoast SEO Premium plugin. -->","yoast_head_json":{"title":"Tio jihadister gripna f\u00f6r finansiering av terrorsekten Daesh - Svenska Magasinet","robots":{"index":"noindex","follow":"follow","max-snippet":"max-snippet:-1","max-image-preview":"max-image-preview:large","max-video-preview":"max-video-preview:-1"},"og_locale":"sv_SE","og_type":"article","og_title":"Tio jihadister gripna f\u00f6r finansiering av terrorsekten Daesh","og_description":"Spansk nationalpolis har under f\u00f6rmiddagen gjort ett tillslag mot ett n\u00e4tverk i Madrid best\u00e5ende av syrier som samlat in pengar till finansiering av terrorsekten Daesh. Minst tio personer, samtliga syrier, har gripits och ytterligare gripanden kan komma. Enligt k\u00e4llor till den spanska dagstidningen ABC ska de gripna samlat in betydande belopp som skickats till Daesh [&hellip;]","og_url":"https:\/\/lightweb.dev\/l\/svm-temp\/nyheter\/tio-jihadister-gripna-for-finansiering-av-terrorsekten-daesh\/","og_site_name":"Svenska Magasinet","article_publisher":"https:\/\/www.facebook.com\/svenskamagasinet","article_published_time":"2019-06-17T22:00:00+00:00","og_image":[{"width":700,"height":420,"url":"https:\/\/lightweb.dev\/l\/svm-temp\/wp-content\/uploads\/2022\/06\/tio-jihadister-gripna-for-finansiering-av-terrorsekten-daesh.png","type":"image\/png"}],"author":"Redaktionen SvM","twitter_card":"summary_large_image","twitter_creator":"@SvenskaMagasine","twitter_site":"@SvenskaMagasine","schema":{"@context":"https:\/\/schema.org","@graph":[{"@type":"Article","@id":"https:\/\/lightweb.dev\/l\/svm-temp\/nyheter\/tio-jihadister-gripna-for-finansiering-av-terrorsekten-daesh\/#article","isPartOf":{"@id":"https:\/\/lightweb.dev\/l\/svm-temp\/nyheter\/tio-jihadister-gripna-for-finansiering-av-terrorsekten-daesh\/"},"author":{"name":"Redaktionen SvM","@id":"https:\/\/lightweb.dev\/l\/svm-temp\/#\/schema\/person\/206a3bda5b607b0c25e1749191e4d837"},"headline":"Tio jihadister gripna f\u00f6r finansiering av terrorsekten Daesh","datePublished":"2019-06-17T22:00:00+00:00","mainEntityOfPage":{"@id":"https:\/\/lightweb.dev\/l\/svm-temp\/nyheter\/tio-jihadister-gripna-for-finansiering-av-terrorsekten-daesh\/"},"wordCount":244,"commentCount":0,"publisher":{"@id":"https:\/\/lightweb.dev\/l\/svm-temp\/#organization"},"image":{"@id":"https:\/\/lightweb.dev\/l\/svm-temp\/nyheter\/tio-jihadister-gripna-for-finansiering-av-terrorsekten-daesh\/#primaryimage"},"thumbnailUrl":"https:\/\/lightweb.dev\/l\/svm-temp\/wp-content\/uploads\/2022\/06\/tio-jihadister-gripna-for-finansiering-av-terrorsekten-daesh.png","articleSection":["Arkiv","Nyheter"],"inLanguage":"sv-SE"},{"@type":"WebPage","@id":"https:\/\/lightweb.dev\/l\/svm-temp\/nyheter\/tio-jihadister-gripna-for-finansiering-av-terrorsekten-daesh\/","url":"https:\/\/lightweb.dev\/l\/svm-temp\/nyheter\/tio-jihadister-gripna-for-finansiering-av-terrorsekten-daesh\/","name":"Tio jihadister gripna f\u00f6r finansiering av terrorsekten Daesh - Svenska Magasinet","isPartOf":{"@id":"https:\/\/lightweb.dev\/l\/svm-temp\/#website"},"primaryImageOfPage":{"@id":"https:\/\/lightweb.dev\/l\/svm-temp\/nyheter\/tio-jihadister-gripna-for-finansiering-av-terrorsekten-daesh\/#primaryimage"},"image":{"@id":"https:\/\/lightweb.dev\/l\/svm-temp\/nyheter\/tio-jihadister-gripna-for-finansiering-av-terrorsekten-daesh\/#primaryimage"},"thumbnailUrl":"https:\/\/lightweb.dev\/l\/svm-temp\/wp-content\/uploads\/2022\/06\/tio-jihadister-gripna-for-finansiering-av-terrorsekten-daesh.png","datePublished":"2019-06-17T22:00:00+00:00","breadcrumb":{"@id":"https:\/\/lightweb.dev\/l\/svm-temp\/nyheter\/tio-jihadister-gripna-for-finansiering-av-terrorsekten-daesh\/#breadcrumb"},"inLanguage":"sv-SE","potentialAction":[{"@type":"ReadAction","target":["https:\/\/lightweb.dev\/l\/svm-temp\/nyheter\/tio-jihadister-gripna-for-finansiering-av-terrorsekten-daesh\/"]}]},{"@type":"ImageObject","inLanguage":"sv-SE","@id":"https:\/\/lightweb.dev\/l\/svm-temp\/nyheter\/tio-jihadister-gripna-for-finansiering-av-terrorsekten-daesh\/#primaryimage","url":"https:\/\/lightweb.dev\/l\/svm-temp\/wp-content\/uploads\/2022\/06\/tio-jihadister-gripna-for-finansiering-av-terrorsekten-daesh.png","contentUrl":"https:\/\/lightweb.dev\/l\/svm-temp\/wp-content\/uploads\/2022\/06\/tio-jihadister-gripna-for-finansiering-av-terrorsekten-daesh.png","width":700,"height":420},{"@type":"BreadcrumbList","@id":"https:\/\/lightweb.dev\/l\/svm-temp\/nyheter\/tio-jihadister-gripna-for-finansiering-av-terrorsekten-daesh\/#breadcrumb","itemListElement":[{"@type":"ListItem","position":1,"name":"Hem","item":"https:\/\/lightweb.dev\/l\/svm-temp\/"},{"@type":"ListItem","position":2,"name":"Tio jihadister gripna f\u00f6r finansiering av terrorsekten Daesh"}]},{"@type":"WebSite","@id":"https:\/\/lightweb.dev\/l\/svm-temp\/#website","url":"https:\/\/lightweb.dev\/l\/svm-temp\/","name":"Svenska Magasinet","description":"Dina Spanska nyheter p&aring; Svenska","publisher":{"@id":"https:\/\/lightweb.dev\/l\/svm-temp\/#organization"},"potentialAction":[{"@type":"SearchAction","target":{"@type":"EntryPoint","urlTemplate":"https:\/\/lightweb.dev\/l\/svm-temp\/?s={search_term_string}"},"query-input":{"@type":"PropertyValueSpecification","valueRequired":true,"valueName":"search_term_string"}}],"inLanguage":"sv-SE"},{"@type":"Organization","@id":"https:\/\/lightweb.dev\/l\/svm-temp\/#organization","name":"Melkerson y Nott SL","alternateName":"Svenska Magasinet","url":"https:\/\/lightweb.dev\/l\/svm-temp\/","logo":{"@type":"ImageObject","inLanguage":"sv-SE","@id":"https:\/\/lightweb.dev\/l\/svm-temp\/#\/schema\/logo\/image\/","url":"https:\/\/lightweb.dev\/l\/svm-temp\/wp-content\/uploads\/2025\/02\/SvM-logo-Xtra-Centrerad-SVART.png","contentUrl":"https:\/\/lightweb.dev\/l\/svm-temp\/wp-content\/uploads\/2025\/02\/SvM-logo-Xtra-Centrerad-SVART.png","width":300,"height":99,"caption":"Melkerson y Nott SL"},"image":{"@id":"https:\/\/lightweb.dev\/l\/svm-temp\/#\/schema\/logo\/image\/"},"sameAs":["https:\/\/www.facebook.com\/svenskamagasinet","https:\/\/x.com\/SvenskaMagasine"]},{"@type":"Person","@id":"https:\/\/lightweb.dev\/l\/svm-temp\/#\/schema\/person\/206a3bda5b607b0c25e1749191e4d837","name":"Redaktionen SvM","description":"Redaktionen","sameAs":["https:\/\/lightweb.dev\/l\/svm-temp"],"url":"https:\/\/lightweb.dev\/l\/svm-temp\/reporter\/redaktionen\/"}]}},"_links":{"self":[{"href":"https:\/\/lightweb.dev\/l\/svm-temp\/wp-json\/wp\/v2\/posts\/16336","targetHints":{"allow":["GET"]}}],"collection":[{"href":"https:\/\/lightweb.dev\/l\/svm-temp\/wp-json\/wp\/v2\/posts"}],"about":[{"href":"https:\/\/lightweb.dev\/l\/svm-temp\/wp-json\/wp\/v2\/types\/post"}],"author":[{"embeddable":true,"href":"https:\/\/lightweb.dev\/l\/svm-temp\/wp-json\/wp\/v2\/users\/8"}],"replies":[{"embeddable":true,"href":"https:\/\/lightweb.dev\/l\/svm-temp\/wp-json\/wp\/v2\/comments?post=16336"}],"version-history":[{"count":0,"href":"https:\/\/lightweb.dev\/l\/svm-temp\/wp-json\/wp\/v2\/posts\/16336\/revisions"}],"wp:featuredmedia":[{"embeddable":true,"href":"https:\/\/lightweb.dev\/l\/svm-temp\/wp-json\/wp\/v2\/media\/16338"}],"wp:attachment":[{"href":"https:\/\/lightweb.dev\/l\/svm-temp\/wp-json\/wp\/v2\/media?parent=16336"}],"wp:term":[{"taxonomy":"category","embeddable":true,"href":"https:\/\/lightweb.dev\/l\/svm-temp\/wp-json\/wp\/v2\/categories?post=16336"},{"taxonomy":"post_tag","embeddable":true,"href":"https:\/\/lightweb.dev\/l\/svm-temp\/wp-json\/wp\/v2\/tags?post=16336"}],"curies":[{"name":"wp","href":"https:\/\/api.w.org\/{rel}","templated":true}]}}