{"id":16339,"date":"2019-06-17T00:00:00","date_gmt":"2019-06-16T22:00:00","guid":{"rendered":"https:\/\/lightweb.dev\/l\/svm-temp\/nyheter\/turister-pa-costa-blanca-blev-sjuka-efter-myggstick\/"},"modified":"2019-06-17T00:00:00","modified_gmt":"2019-06-16T22:00:00","slug":"turister-pa-costa-blanca-blev-sjuka-efter-myggstick","status":"publish","type":"post","link":"https:\/\/lightweb.dev\/l\/svm-temp\/nyheter\/turister-pa-costa-blanca-blev-sjuka-efter-myggstick\/","title":{"rendered":"Turister p\u00e5 Costa Blanca blev sjuka efter myggstick"},"content":{"rendered":"<p> De har blivit smittade av den tropiska virussjukdomen chikungunyafeber efter ett bes\u00f6k i Alicanteprovinsen i slutet av maj.<\/p>\n<p>Det \u00e4r tre isl\u00e4ndska turister som h\u00f6r till samma familj, en 37-\u00e5rig kvinna blev d\u00e5lig den 1 juni och fick diagnosen sju dagar senare. D\u00e4refter blev hennes syster och en 5-\u00e5rig son sjuka, med samma symptom. Samtliga har f\u00e5tt bekr\u00e4ftat att det handlar om chikungunyafeber, en fj\u00e4rde familjemedlem, en syster som bor i Norge testas ocks\u00e5.<\/p>\n<p>H\u00e4lsov\u00e5rdsmyndigheterna i Valencia ser allvarligt p\u00e5 saken d\u00e5 det \u00e4r f\u00f6rsta g\u00e5ngen som denna virussjukdomen har upptr\u00e4tt i Spanien.  Viruset \u00f6verf\u00f6rs huvudsakligen av de asiatiska och egyptiska tigermyggorna (Aedes albopictus och Aedes aegypti) som Svenska Magasinet skrev om i fredags.<br \/>\nChikungunyafeber har en inkubationstid p\u00e5 mellan 3 och 12 dagar och \u00e4r f\u00f6rknippad med influensaliknande symtom som h\u00f6g feber, huvudv\u00e4rk och sm\u00e4rta muskler och i lederna samt ibland \u00e4ven hudutslag. De flesta infekterade personerna \u00e5terh\u00e4mtar sig helt, ofta efter en vecka. Men det \u00e4r r\u00e4tt vanligt med efterverkningar i flera m\u00e5nader och ledsm\u00e4rtorna kan i vissa fall bli kroniska. Mer farligt \u00e4r viruset f\u00f6r kroniskt sjuka s\u00e5v\u00e4l som f\u00f6r gravida kvinnor och sp\u00e4dbarn. Virusinfektion hos dessa grupper kan orsaka allvarliga symtom som inflammation i hj\u00e4rna, hj\u00e4rta och lever, kardiovaskul\u00e4ra och respiratoriska rubbningar samt njursvikt. D\u00f6dsfall \u00e4r extremt s\u00e4llsynta, men under 2005 och 2006 utbr\u00f6t en stor epidemi p\u00e5 \u00f6n R\u00e9union i indiska oceanen varvid 77 personer miste livet. Det finns inget vaccin eller verksam medicin utan terapin f\u00e5r inriktas p\u00e5 att lindra patientens sm\u00e4rtor, framf\u00f6rallt fr\u00e5n lederna. Sjukdomen sprids normalt inte fr\u00e5n m\u00e4nniska till m\u00e4nniska, den kan d\u00e4remot spridas med blodtransfusioner eller organdonationer.<\/p>\n<p>Enligt det europeiska centrumet f\u00f6r f\u00f6rebyggande och kontroll av sjukdomar (ECDC) finns viruset i m\u00e5nga afrikanska l\u00e4nder och i s\u00f6dra och syd\u00f6stra Asien. Efter en snabb spridning i Central- och Sydamerika har det ibland ocks\u00e5 drabbat Europa de senaste \u00e5ren, enligt ECDC f\u00f6r f\u00f6rsta g\u00e5ngen 2007 i norra Italien, senare \u00e4ven i Frankrike.<\/p>\n<p>Myggorna ifr\u00e5ga \u00e4r till skillnad fr\u00e5n de flesta andra myggor dagaktiva, framf\u00f6rallt \u00e4r de mest aktiva p\u00e5 kv\u00e4llarna. Man kan skydda sig med myggmedel och l\u00e5ng\u00e4rmat, d\u00e4remot \u00e4r myggn\u00e4t p\u00e5 natten mer tveksamt eftersom det handlar om dagaktiva myggor.<\/p>\n<p>Relaterad artikel: Tigermyggor p\u00e5 Costa Blanca.<\/p>\n","protected":false},"excerpt":{"rendered":"<p>De har blivit smittade av den tropiska virussjukdomen chikungunyafeber efter ett bes\u00f6k i Alicanteprovinsen i slutet av maj. Det \u00e4r tre isl\u00e4ndska turister som h\u00f6r till samma familj, en 37-\u00e5rig kvinna blev d\u00e5lig den 1 juni och fick diagnosen sju dagar senare. D\u00e4refter blev hennes syster och en 5-\u00e5rig son sjuka, med samma symptom. Samtliga [&hellip;]<\/p>\n","protected":false},"author":8,"featured_media":16340,"comment_status":"open","ping_status":"open","sticky":false,"template":"","format":"standard","meta":{"_et_pb_use_builder":"","_et_pb_old_content":"","_et_gb_content_width":"","footnotes":""},"categories":[395,3],"tags":[],"class_list":["post-16339","post","type-post","status-publish","format-standard","has-post-thumbnail","hentry","category-arkiv-nyheter","category-nyheter"],"yoast_head":"<!-- This site is optimized with the Yoast SEO Premium plugin v26.2 (Yoast SEO v27.5) - https:\/\/yoast.com\/product\/yoast-seo-premium-wordpress\/ -->\n<title>Turister p\u00e5 Costa Blanca blev sjuka efter myggstick - Svenska Magasinet<\/title>\n<meta name=\"robots\" content=\"noindex, follow, max-snippet:-1, max-image-preview:large, max-video-preview:-1\" \/>\n<meta property=\"og:locale\" content=\"sv_SE\" \/>\n<meta property=\"og:type\" content=\"article\" \/>\n<meta property=\"og:title\" content=\"Turister p\u00e5 Costa Blanca blev sjuka efter myggstick\" \/>\n<meta property=\"og:description\" content=\"De har blivit smittade av den tropiska virussjukdomen chikungunyafeber efter ett bes\u00f6k i Alicanteprovinsen i slutet av maj. Det \u00e4r tre isl\u00e4ndska turister som h\u00f6r till samma familj, en 37-\u00e5rig kvinna blev d\u00e5lig den 1 juni och fick diagnosen sju dagar senare. D\u00e4refter blev hennes syster och en 5-\u00e5rig son sjuka, med samma symptom. Samtliga [&hellip;]\" \/>\n<meta property=\"og:url\" content=\"https:\/\/lightweb.dev\/l\/svm-temp\/nyheter\/turister-pa-costa-blanca-blev-sjuka-efter-myggstick\/\" \/>\n<meta property=\"og:site_name\" content=\"Svenska Magasinet\" \/>\n<meta property=\"article:publisher\" content=\"https:\/\/www.facebook.com\/svenskamagasinet\" \/>\n<meta property=\"article:published_time\" content=\"2019-06-16T22:00:00+00:00\" \/>\n<meta property=\"og:image\" content=\"https:\/\/lightweb.dev\/l\/svm-temp\/wp-content\/uploads\/2022\/06\/turister-pa-costa-blanca-blev-sjuka-efter-myggstick.png\" \/>\n\t<meta property=\"og:image:width\" content=\"700\" \/>\n\t<meta property=\"og:image:height\" content=\"420\" \/>\n\t<meta property=\"og:image:type\" content=\"image\/png\" \/>\n<meta name=\"author\" content=\"Redaktionen SvM\" \/>\n<meta name=\"twitter:card\" content=\"summary_large_image\" \/>\n<meta name=\"twitter:creator\" content=\"@SvenskaMagasine\" \/>\n<meta name=\"twitter:site\" content=\"@SvenskaMagasine\" \/>\n<script type=\"application\/ld+json\" class=\"yoast-schema-graph\">{\"@context\":\"https:\\\/\\\/schema.org\",\"@graph\":[{\"@type\":\"Article\",\"@id\":\"https:\\\/\\\/lightweb.dev\\\/l\\\/svm-temp\\\/nyheter\\\/turister-pa-costa-blanca-blev-sjuka-efter-myggstick\\\/#article\",\"isPartOf\":{\"@id\":\"https:\\\/\\\/lightweb.dev\\\/l\\\/svm-temp\\\/nyheter\\\/turister-pa-costa-blanca-blev-sjuka-efter-myggstick\\\/\"},\"author\":{\"name\":\"Redaktionen SvM\",\"@id\":\"https:\\\/\\\/lightweb.dev\\\/l\\\/svm-temp\\\/#\\\/schema\\\/person\\\/206a3bda5b607b0c25e1749191e4d837\"},\"headline\":\"Turister p\u00e5 Costa Blanca blev sjuka efter myggstick\",\"datePublished\":\"2019-06-16T22:00:00+00:00\",\"mainEntityOfPage\":{\"@id\":\"https:\\\/\\\/lightweb.dev\\\/l\\\/svm-temp\\\/nyheter\\\/turister-pa-costa-blanca-blev-sjuka-efter-myggstick\\\/\"},\"wordCount\":427,\"commentCount\":0,\"publisher\":{\"@id\":\"https:\\\/\\\/lightweb.dev\\\/l\\\/svm-temp\\\/#organization\"},\"image\":{\"@id\":\"https:\\\/\\\/lightweb.dev\\\/l\\\/svm-temp\\\/nyheter\\\/turister-pa-costa-blanca-blev-sjuka-efter-myggstick\\\/#primaryimage\"},\"thumbnailUrl\":\"https:\\\/\\\/lightweb.dev\\\/l\\\/svm-temp\\\/wp-content\\\/uploads\\\/2022\\\/06\\\/turister-pa-costa-blanca-blev-sjuka-efter-myggstick.png\",\"articleSection\":[\"Arkiv\",\"Nyheter\"],\"inLanguage\":\"sv-SE\"},{\"@type\":\"WebPage\",\"@id\":\"https:\\\/\\\/lightweb.dev\\\/l\\\/svm-temp\\\/nyheter\\\/turister-pa-costa-blanca-blev-sjuka-efter-myggstick\\\/\",\"url\":\"https:\\\/\\\/lightweb.dev\\\/l\\\/svm-temp\\\/nyheter\\\/turister-pa-costa-blanca-blev-sjuka-efter-myggstick\\\/\",\"name\":\"Turister p\u00e5 Costa Blanca blev sjuka efter myggstick - Svenska Magasinet\",\"isPartOf\":{\"@id\":\"https:\\\/\\\/lightweb.dev\\\/l\\\/svm-temp\\\/#website\"},\"primaryImageOfPage\":{\"@id\":\"https:\\\/\\\/lightweb.dev\\\/l\\\/svm-temp\\\/nyheter\\\/turister-pa-costa-blanca-blev-sjuka-efter-myggstick\\\/#primaryimage\"},\"image\":{\"@id\":\"https:\\\/\\\/lightweb.dev\\\/l\\\/svm-temp\\\/nyheter\\\/turister-pa-costa-blanca-blev-sjuka-efter-myggstick\\\/#primaryimage\"},\"thumbnailUrl\":\"https:\\\/\\\/lightweb.dev\\\/l\\\/svm-temp\\\/wp-content\\\/uploads\\\/2022\\\/06\\\/turister-pa-costa-blanca-blev-sjuka-efter-myggstick.png\",\"datePublished\":\"2019-06-16T22:00:00+00:00\",\"breadcrumb\":{\"@id\":\"https:\\\/\\\/lightweb.dev\\\/l\\\/svm-temp\\\/nyheter\\\/turister-pa-costa-blanca-blev-sjuka-efter-myggstick\\\/#breadcrumb\"},\"inLanguage\":\"sv-SE\",\"potentialAction\":[{\"@type\":\"ReadAction\",\"target\":[\"https:\\\/\\\/lightweb.dev\\\/l\\\/svm-temp\\\/nyheter\\\/turister-pa-costa-blanca-blev-sjuka-efter-myggstick\\\/\"]}]},{\"@type\":\"ImageObject\",\"inLanguage\":\"sv-SE\",\"@id\":\"https:\\\/\\\/lightweb.dev\\\/l\\\/svm-temp\\\/nyheter\\\/turister-pa-costa-blanca-blev-sjuka-efter-myggstick\\\/#primaryimage\",\"url\":\"https:\\\/\\\/lightweb.dev\\\/l\\\/svm-temp\\\/wp-content\\\/uploads\\\/2022\\\/06\\\/turister-pa-costa-blanca-blev-sjuka-efter-myggstick.png\",\"contentUrl\":\"https:\\\/\\\/lightweb.dev\\\/l\\\/svm-temp\\\/wp-content\\\/uploads\\\/2022\\\/06\\\/turister-pa-costa-blanca-blev-sjuka-efter-myggstick.png\",\"width\":700,\"height\":420},{\"@type\":\"BreadcrumbList\",\"@id\":\"https:\\\/\\\/lightweb.dev\\\/l\\\/svm-temp\\\/nyheter\\\/turister-pa-costa-blanca-blev-sjuka-efter-myggstick\\\/#breadcrumb\",\"itemListElement\":[{\"@type\":\"ListItem\",\"position\":1,\"name\":\"Hem\",\"item\":\"https:\\\/\\\/lightweb.dev\\\/l\\\/svm-temp\\\/\"},{\"@type\":\"ListItem\",\"position\":2,\"name\":\"Turister p\u00e5 Costa Blanca blev sjuka efter myggstick\"}]},{\"@type\":\"WebSite\",\"@id\":\"https:\\\/\\\/lightweb.dev\\\/l\\\/svm-temp\\\/#website\",\"url\":\"https:\\\/\\\/lightweb.dev\\\/l\\\/svm-temp\\\/\",\"name\":\"Svenska Magasinet\",\"description\":\"Dina Spanska nyheter p&aring; Svenska\",\"publisher\":{\"@id\":\"https:\\\/\\\/lightweb.dev\\\/l\\\/svm-temp\\\/#organization\"},\"potentialAction\":[{\"@type\":\"SearchAction\",\"target\":{\"@type\":\"EntryPoint\",\"urlTemplate\":\"https:\\\/\\\/lightweb.dev\\\/l\\\/svm-temp\\\/?s={search_term_string}\"},\"query-input\":{\"@type\":\"PropertyValueSpecification\",\"valueRequired\":true,\"valueName\":\"search_term_string\"}}],\"inLanguage\":\"sv-SE\"},{\"@type\":\"Organization\",\"@id\":\"https:\\\/\\\/lightweb.dev\\\/l\\\/svm-temp\\\/#organization\",\"name\":\"Melkerson y Nott SL\",\"alternateName\":\"Svenska Magasinet\",\"url\":\"https:\\\/\\\/lightweb.dev\\\/l\\\/svm-temp\\\/\",\"logo\":{\"@type\":\"ImageObject\",\"inLanguage\":\"sv-SE\",\"@id\":\"https:\\\/\\\/lightweb.dev\\\/l\\\/svm-temp\\\/#\\\/schema\\\/logo\\\/image\\\/\",\"url\":\"https:\\\/\\\/lightweb.dev\\\/l\\\/svm-temp\\\/wp-content\\\/uploads\\\/2025\\\/02\\\/SvM-logo-Xtra-Centrerad-SVART.png\",\"contentUrl\":\"https:\\\/\\\/lightweb.dev\\\/l\\\/svm-temp\\\/wp-content\\\/uploads\\\/2025\\\/02\\\/SvM-logo-Xtra-Centrerad-SVART.png\",\"width\":300,\"height\":99,\"caption\":\"Melkerson y Nott SL\"},\"image\":{\"@id\":\"https:\\\/\\\/lightweb.dev\\\/l\\\/svm-temp\\\/#\\\/schema\\\/logo\\\/image\\\/\"},\"sameAs\":[\"https:\\\/\\\/www.facebook.com\\\/svenskamagasinet\",\"https:\\\/\\\/x.com\\\/SvenskaMagasine\"]},{\"@type\":\"Person\",\"@id\":\"https:\\\/\\\/lightweb.dev\\\/l\\\/svm-temp\\\/#\\\/schema\\\/person\\\/206a3bda5b607b0c25e1749191e4d837\",\"name\":\"Redaktionen SvM\",\"description\":\"Redaktionen\",\"sameAs\":[\"https:\\\/\\\/lightweb.dev\\\/l\\\/svm-temp\"],\"url\":\"https:\\\/\\\/lightweb.dev\\\/l\\\/svm-temp\\\/reporter\\\/redaktionen\\\/\"}]}<\/script>\n<!-- \/ Yoast SEO Premium plugin. -->","yoast_head_json":{"title":"Turister p\u00e5 Costa Blanca blev sjuka efter myggstick - Svenska Magasinet","robots":{"index":"noindex","follow":"follow","max-snippet":"max-snippet:-1","max-image-preview":"max-image-preview:large","max-video-preview":"max-video-preview:-1"},"og_locale":"sv_SE","og_type":"article","og_title":"Turister p\u00e5 Costa Blanca blev sjuka efter myggstick","og_description":"De har blivit smittade av den tropiska virussjukdomen chikungunyafeber efter ett bes\u00f6k i Alicanteprovinsen i slutet av maj. Det \u00e4r tre isl\u00e4ndska turister som h\u00f6r till samma familj, en 37-\u00e5rig kvinna blev d\u00e5lig den 1 juni och fick diagnosen sju dagar senare. D\u00e4refter blev hennes syster och en 5-\u00e5rig son sjuka, med samma symptom. Samtliga [&hellip;]","og_url":"https:\/\/lightweb.dev\/l\/svm-temp\/nyheter\/turister-pa-costa-blanca-blev-sjuka-efter-myggstick\/","og_site_name":"Svenska Magasinet","article_publisher":"https:\/\/www.facebook.com\/svenskamagasinet","article_published_time":"2019-06-16T22:00:00+00:00","og_image":[{"width":700,"height":420,"url":"https:\/\/lightweb.dev\/l\/svm-temp\/wp-content\/uploads\/2022\/06\/turister-pa-costa-blanca-blev-sjuka-efter-myggstick.png","type":"image\/png"}],"author":"Redaktionen SvM","twitter_card":"summary_large_image","twitter_creator":"@SvenskaMagasine","twitter_site":"@SvenskaMagasine","schema":{"@context":"https:\/\/schema.org","@graph":[{"@type":"Article","@id":"https:\/\/lightweb.dev\/l\/svm-temp\/nyheter\/turister-pa-costa-blanca-blev-sjuka-efter-myggstick\/#article","isPartOf":{"@id":"https:\/\/lightweb.dev\/l\/svm-temp\/nyheter\/turister-pa-costa-blanca-blev-sjuka-efter-myggstick\/"},"author":{"name":"Redaktionen SvM","@id":"https:\/\/lightweb.dev\/l\/svm-temp\/#\/schema\/person\/206a3bda5b607b0c25e1749191e4d837"},"headline":"Turister p\u00e5 Costa Blanca blev sjuka efter myggstick","datePublished":"2019-06-16T22:00:00+00:00","mainEntityOfPage":{"@id":"https:\/\/lightweb.dev\/l\/svm-temp\/nyheter\/turister-pa-costa-blanca-blev-sjuka-efter-myggstick\/"},"wordCount":427,"commentCount":0,"publisher":{"@id":"https:\/\/lightweb.dev\/l\/svm-temp\/#organization"},"image":{"@id":"https:\/\/lightweb.dev\/l\/svm-temp\/nyheter\/turister-pa-costa-blanca-blev-sjuka-efter-myggstick\/#primaryimage"},"thumbnailUrl":"https:\/\/lightweb.dev\/l\/svm-temp\/wp-content\/uploads\/2022\/06\/turister-pa-costa-blanca-blev-sjuka-efter-myggstick.png","articleSection":["Arkiv","Nyheter"],"inLanguage":"sv-SE"},{"@type":"WebPage","@id":"https:\/\/lightweb.dev\/l\/svm-temp\/nyheter\/turister-pa-costa-blanca-blev-sjuka-efter-myggstick\/","url":"https:\/\/lightweb.dev\/l\/svm-temp\/nyheter\/turister-pa-costa-blanca-blev-sjuka-efter-myggstick\/","name":"Turister p\u00e5 Costa Blanca blev sjuka efter myggstick - Svenska Magasinet","isPartOf":{"@id":"https:\/\/lightweb.dev\/l\/svm-temp\/#website"},"primaryImageOfPage":{"@id":"https:\/\/lightweb.dev\/l\/svm-temp\/nyheter\/turister-pa-costa-blanca-blev-sjuka-efter-myggstick\/#primaryimage"},"image":{"@id":"https:\/\/lightweb.dev\/l\/svm-temp\/nyheter\/turister-pa-costa-blanca-blev-sjuka-efter-myggstick\/#primaryimage"},"thumbnailUrl":"https:\/\/lightweb.dev\/l\/svm-temp\/wp-content\/uploads\/2022\/06\/turister-pa-costa-blanca-blev-sjuka-efter-myggstick.png","datePublished":"2019-06-16T22:00:00+00:00","breadcrumb":{"@id":"https:\/\/lightweb.dev\/l\/svm-temp\/nyheter\/turister-pa-costa-blanca-blev-sjuka-efter-myggstick\/#breadcrumb"},"inLanguage":"sv-SE","potentialAction":[{"@type":"ReadAction","target":["https:\/\/lightweb.dev\/l\/svm-temp\/nyheter\/turister-pa-costa-blanca-blev-sjuka-efter-myggstick\/"]}]},{"@type":"ImageObject","inLanguage":"sv-SE","@id":"https:\/\/lightweb.dev\/l\/svm-temp\/nyheter\/turister-pa-costa-blanca-blev-sjuka-efter-myggstick\/#primaryimage","url":"https:\/\/lightweb.dev\/l\/svm-temp\/wp-content\/uploads\/2022\/06\/turister-pa-costa-blanca-blev-sjuka-efter-myggstick.png","contentUrl":"https:\/\/lightweb.dev\/l\/svm-temp\/wp-content\/uploads\/2022\/06\/turister-pa-costa-blanca-blev-sjuka-efter-myggstick.png","width":700,"height":420},{"@type":"BreadcrumbList","@id":"https:\/\/lightweb.dev\/l\/svm-temp\/nyheter\/turister-pa-costa-blanca-blev-sjuka-efter-myggstick\/#breadcrumb","itemListElement":[{"@type":"ListItem","position":1,"name":"Hem","item":"https:\/\/lightweb.dev\/l\/svm-temp\/"},{"@type":"ListItem","position":2,"name":"Turister p\u00e5 Costa Blanca blev sjuka efter myggstick"}]},{"@type":"WebSite","@id":"https:\/\/lightweb.dev\/l\/svm-temp\/#website","url":"https:\/\/lightweb.dev\/l\/svm-temp\/","name":"Svenska Magasinet","description":"Dina Spanska nyheter p&aring; Svenska","publisher":{"@id":"https:\/\/lightweb.dev\/l\/svm-temp\/#organization"},"potentialAction":[{"@type":"SearchAction","target":{"@type":"EntryPoint","urlTemplate":"https:\/\/lightweb.dev\/l\/svm-temp\/?s={search_term_string}"},"query-input":{"@type":"PropertyValueSpecification","valueRequired":true,"valueName":"search_term_string"}}],"inLanguage":"sv-SE"},{"@type":"Organization","@id":"https:\/\/lightweb.dev\/l\/svm-temp\/#organization","name":"Melkerson y Nott SL","alternateName":"Svenska Magasinet","url":"https:\/\/lightweb.dev\/l\/svm-temp\/","logo":{"@type":"ImageObject","inLanguage":"sv-SE","@id":"https:\/\/lightweb.dev\/l\/svm-temp\/#\/schema\/logo\/image\/","url":"https:\/\/lightweb.dev\/l\/svm-temp\/wp-content\/uploads\/2025\/02\/SvM-logo-Xtra-Centrerad-SVART.png","contentUrl":"https:\/\/lightweb.dev\/l\/svm-temp\/wp-content\/uploads\/2025\/02\/SvM-logo-Xtra-Centrerad-SVART.png","width":300,"height":99,"caption":"Melkerson y Nott SL"},"image":{"@id":"https:\/\/lightweb.dev\/l\/svm-temp\/#\/schema\/logo\/image\/"},"sameAs":["https:\/\/www.facebook.com\/svenskamagasinet","https:\/\/x.com\/SvenskaMagasine"]},{"@type":"Person","@id":"https:\/\/lightweb.dev\/l\/svm-temp\/#\/schema\/person\/206a3bda5b607b0c25e1749191e4d837","name":"Redaktionen SvM","description":"Redaktionen","sameAs":["https:\/\/lightweb.dev\/l\/svm-temp"],"url":"https:\/\/lightweb.dev\/l\/svm-temp\/reporter\/redaktionen\/"}]}},"_links":{"self":[{"href":"https:\/\/lightweb.dev\/l\/svm-temp\/wp-json\/wp\/v2\/posts\/16339","targetHints":{"allow":["GET"]}}],"collection":[{"href":"https:\/\/lightweb.dev\/l\/svm-temp\/wp-json\/wp\/v2\/posts"}],"about":[{"href":"https:\/\/lightweb.dev\/l\/svm-temp\/wp-json\/wp\/v2\/types\/post"}],"author":[{"embeddable":true,"href":"https:\/\/lightweb.dev\/l\/svm-temp\/wp-json\/wp\/v2\/users\/8"}],"replies":[{"embeddable":true,"href":"https:\/\/lightweb.dev\/l\/svm-temp\/wp-json\/wp\/v2\/comments?post=16339"}],"version-history":[{"count":0,"href":"https:\/\/lightweb.dev\/l\/svm-temp\/wp-json\/wp\/v2\/posts\/16339\/revisions"}],"wp:featuredmedia":[{"embeddable":true,"href":"https:\/\/lightweb.dev\/l\/svm-temp\/wp-json\/wp\/v2\/media\/16340"}],"wp:attachment":[{"href":"https:\/\/lightweb.dev\/l\/svm-temp\/wp-json\/wp\/v2\/media?parent=16339"}],"wp:term":[{"taxonomy":"category","embeddable":true,"href":"https:\/\/lightweb.dev\/l\/svm-temp\/wp-json\/wp\/v2\/categories?post=16339"},{"taxonomy":"post_tag","embeddable":true,"href":"https:\/\/lightweb.dev\/l\/svm-temp\/wp-json\/wp\/v2\/tags?post=16339"}],"curies":[{"name":"wp","href":"https:\/\/api.w.org\/{rel}","templated":true}]}}