{"id":16353,"date":"2019-06-13T00:00:00","date_gmt":"2019-06-12T22:00:00","guid":{"rendered":"https:\/\/lightweb.dev\/l\/svm-temp\/nyheter\/tv-antenn-och-faglar-forsvarar-anvandning-av-rullbana\/"},"modified":"2019-06-13T00:00:00","modified_gmt":"2019-06-12T22:00:00","slug":"tv-antenn-och-faglar-forsvarar-anvandning-av-rullbana","status":"publish","type":"post","link":"https:\/\/lightweb.dev\/l\/svm-temp\/nyheter\/tv-antenn-och-faglar-forsvarar-anvandning-av-rullbana\/","title":{"rendered":"Tv-antenn och f\u00e5glar f\u00f6rsv\u00e5rar anv\u00e4ndning av rullbana"},"content":{"rendered":"<p> En tv-antenn f\u00f6r Canal Sur ska s\u00e4nkas fr\u00e5n 42,37 meter till 17,7 meter s\u00e5 att M\u00e1laga flygplats andra rullbana som stod klar i juni 2012 i framtiden kan anv\u00e4ndas f\u00f6r flyg som landar s\u00f6derifr\u00e5n eller lyfter s\u00f6derut. Hittills har den andra rullbanan bara kunnat anv\u00e4ndas f\u00f6r flygplan som landar norrifr\u00e5n eller lyfter norrut.<\/p>\n<p>Det \u00e4r en antenn som tillh\u00f6r Radio Televisi\u00f3n de Andaluc\u00eda som m\u00e4ter 42,37 meter som inom kort ska s\u00e4nkas till 17,7 meter. S\u00e4nkningen kommer inte att inverka p\u00e5 tv-s\u00e4ndningar i omr\u00e5det.<\/p>\n<p>S\u00e4nkningen g\u00f6rs f\u00f6r att den andra rullbanan \u00e4ven ska kunna ta emot flygplan som landar fr\u00e5n havssidan eller lyfter ut mot havet.<\/p>\n<p>Det \u00e4r dagstidningen Diario SUR som i ett antal artiklar ber\u00e4ttat om de hinder som finns och som g\u00f6r att inte den andra rullbanan vid M\u00e1laga flygplats och som stod klar 2012 inte kan anv\u00e4ndas fullt ut. N\u00e4r banan byggdes handlade det om en investering p\u00e5 624 miljoner euro.<\/p>\n<p>Den h\u00f6ga antennen \u00e4r dock inte det enda hindret.<\/p>\n<p>Redan 2006 n\u00e4r projektet med en andra rullbana tog fart varnade milj\u00f6departementet f\u00f6r faran med flygplan som passerar ovan flodmynningen av Guadalhorce som \u00e4r ett stort naturreservat med mycket f\u00e5glar.<\/p>\n<p>I omr\u00e5det finns det en h\u00f6g koncentration av f\u00e5glar som vid vissa tider p\u00e5 \u00e5ret kan uppg\u00e5 till flera tusen exemplar. Det \u00e4r \u00e4ven en korridor f\u00f6r flyttf\u00e5glar vilket inneb\u00e4r en potentiell fara f\u00f6r flygtrafiken.<\/p>\n<p>F\u00f6rutom att f\u00e5glar \u00e4r en fara f\u00f6r flygplanens motorer finns det \u00e4ven en uppenbar risk med att flygtrafiken kan p\u00e5verka f\u00e5gellivet och faunan vid flodmynningen.<\/p>\n<p>Den andra rullbanan m\u00e4ter 2.759 meter och kan hantera upp till 27 flyg i timmen.<\/p>\n","protected":false},"excerpt":{"rendered":"<p>En tv-antenn f\u00f6r Canal Sur ska s\u00e4nkas fr\u00e5n 42,37 meter till 17,7 meter s\u00e5 att M\u00e1laga flygplats andra rullbana som stod klar i juni 2012 i framtiden kan anv\u00e4ndas f\u00f6r flyg som landar s\u00f6derifr\u00e5n eller lyfter s\u00f6derut. Hittills har den andra rullbanan bara kunnat anv\u00e4ndas f\u00f6r flygplan som landar norrifr\u00e5n eller lyfter norrut. Det \u00e4r [&hellip;]<\/p>\n","protected":false},"author":8,"featured_media":16355,"comment_status":"open","ping_status":"open","sticky":false,"template":"","format":"standard","meta":{"_et_pb_use_builder":"","_et_pb_old_content":"","_et_gb_content_width":"","footnotes":""},"categories":[395,3],"tags":[],"class_list":["post-16353","post","type-post","status-publish","format-standard","has-post-thumbnail","hentry","category-arkiv-nyheter","category-nyheter"],"yoast_head":"<!-- This site is optimized with the Yoast SEO Premium plugin v26.2 (Yoast SEO v27.5) - https:\/\/yoast.com\/product\/yoast-seo-premium-wordpress\/ -->\n<title>Tv-antenn och f\u00e5glar f\u00f6rsv\u00e5rar anv\u00e4ndning av rullbana - Svenska Magasinet<\/title>\n<meta name=\"robots\" content=\"noindex, follow, max-snippet:-1, max-image-preview:large, max-video-preview:-1\" \/>\n<meta property=\"og:locale\" content=\"sv_SE\" \/>\n<meta property=\"og:type\" content=\"article\" \/>\n<meta property=\"og:title\" content=\"Tv-antenn och f\u00e5glar f\u00f6rsv\u00e5rar anv\u00e4ndning av rullbana\" \/>\n<meta property=\"og:description\" content=\"En tv-antenn f\u00f6r Canal Sur ska s\u00e4nkas fr\u00e5n 42,37 meter till 17,7 meter s\u00e5 att M\u00e1laga flygplats andra rullbana som stod klar i juni 2012 i framtiden kan anv\u00e4ndas f\u00f6r flyg som landar s\u00f6derifr\u00e5n eller lyfter s\u00f6derut. Hittills har den andra rullbanan bara kunnat anv\u00e4ndas f\u00f6r flygplan som landar norrifr\u00e5n eller lyfter norrut. Det \u00e4r [&hellip;]\" \/>\n<meta property=\"og:url\" content=\"https:\/\/lightweb.dev\/l\/svm-temp\/nyheter\/tv-antenn-och-faglar-forsvarar-anvandning-av-rullbana\/\" \/>\n<meta property=\"og:site_name\" content=\"Svenska Magasinet\" \/>\n<meta property=\"article:publisher\" content=\"https:\/\/www.facebook.com\/svenskamagasinet\" \/>\n<meta property=\"article:published_time\" content=\"2019-06-12T22:00:00+00:00\" \/>\n<meta property=\"og:image\" content=\"https:\/\/lightweb.dev\/l\/svm-temp\/wp-content\/uploads\/2022\/06\/tvantenn-och-faglar-forsvarar-anvandning-av-rullbana.png\" \/>\n\t<meta property=\"og:image:width\" content=\"700\" \/>\n\t<meta property=\"og:image:height\" content=\"420\" \/>\n\t<meta property=\"og:image:type\" content=\"image\/png\" \/>\n<meta name=\"author\" content=\"Redaktionen SvM\" \/>\n<meta name=\"twitter:card\" content=\"summary_large_image\" \/>\n<meta name=\"twitter:creator\" content=\"@SvenskaMagasine\" \/>\n<meta name=\"twitter:site\" content=\"@SvenskaMagasine\" \/>\n<script type=\"application\/ld+json\" class=\"yoast-schema-graph\">{\"@context\":\"https:\\\/\\\/schema.org\",\"@graph\":[{\"@type\":\"Article\",\"@id\":\"https:\\\/\\\/lightweb.dev\\\/l\\\/svm-temp\\\/nyheter\\\/tv-antenn-och-faglar-forsvarar-anvandning-av-rullbana\\\/#article\",\"isPartOf\":{\"@id\":\"https:\\\/\\\/lightweb.dev\\\/l\\\/svm-temp\\\/nyheter\\\/tv-antenn-och-faglar-forsvarar-anvandning-av-rullbana\\\/\"},\"author\":{\"name\":\"Redaktionen SvM\",\"@id\":\"https:\\\/\\\/lightweb.dev\\\/l\\\/svm-temp\\\/#\\\/schema\\\/person\\\/206a3bda5b607b0c25e1749191e4d837\"},\"headline\":\"Tv-antenn och f\u00e5glar f\u00f6rsv\u00e5rar anv\u00e4ndning av rullbana\",\"datePublished\":\"2019-06-12T22:00:00+00:00\",\"mainEntityOfPage\":{\"@id\":\"https:\\\/\\\/lightweb.dev\\\/l\\\/svm-temp\\\/nyheter\\\/tv-antenn-och-faglar-forsvarar-anvandning-av-rullbana\\\/\"},\"wordCount\":317,\"commentCount\":0,\"publisher\":{\"@id\":\"https:\\\/\\\/lightweb.dev\\\/l\\\/svm-temp\\\/#organization\"},\"image\":{\"@id\":\"https:\\\/\\\/lightweb.dev\\\/l\\\/svm-temp\\\/nyheter\\\/tv-antenn-och-faglar-forsvarar-anvandning-av-rullbana\\\/#primaryimage\"},\"thumbnailUrl\":\"https:\\\/\\\/lightweb.dev\\\/l\\\/svm-temp\\\/wp-content\\\/uploads\\\/2022\\\/06\\\/tvantenn-och-faglar-forsvarar-anvandning-av-rullbana.png\",\"articleSection\":[\"Arkiv\",\"Nyheter\"],\"inLanguage\":\"sv-SE\"},{\"@type\":\"WebPage\",\"@id\":\"https:\\\/\\\/lightweb.dev\\\/l\\\/svm-temp\\\/nyheter\\\/tv-antenn-och-faglar-forsvarar-anvandning-av-rullbana\\\/\",\"url\":\"https:\\\/\\\/lightweb.dev\\\/l\\\/svm-temp\\\/nyheter\\\/tv-antenn-och-faglar-forsvarar-anvandning-av-rullbana\\\/\",\"name\":\"Tv-antenn och f\u00e5glar f\u00f6rsv\u00e5rar anv\u00e4ndning av rullbana - Svenska Magasinet\",\"isPartOf\":{\"@id\":\"https:\\\/\\\/lightweb.dev\\\/l\\\/svm-temp\\\/#website\"},\"primaryImageOfPage\":{\"@id\":\"https:\\\/\\\/lightweb.dev\\\/l\\\/svm-temp\\\/nyheter\\\/tv-antenn-och-faglar-forsvarar-anvandning-av-rullbana\\\/#primaryimage\"},\"image\":{\"@id\":\"https:\\\/\\\/lightweb.dev\\\/l\\\/svm-temp\\\/nyheter\\\/tv-antenn-och-faglar-forsvarar-anvandning-av-rullbana\\\/#primaryimage\"},\"thumbnailUrl\":\"https:\\\/\\\/lightweb.dev\\\/l\\\/svm-temp\\\/wp-content\\\/uploads\\\/2022\\\/06\\\/tvantenn-och-faglar-forsvarar-anvandning-av-rullbana.png\",\"datePublished\":\"2019-06-12T22:00:00+00:00\",\"breadcrumb\":{\"@id\":\"https:\\\/\\\/lightweb.dev\\\/l\\\/svm-temp\\\/nyheter\\\/tv-antenn-och-faglar-forsvarar-anvandning-av-rullbana\\\/#breadcrumb\"},\"inLanguage\":\"sv-SE\",\"potentialAction\":[{\"@type\":\"ReadAction\",\"target\":[\"https:\\\/\\\/lightweb.dev\\\/l\\\/svm-temp\\\/nyheter\\\/tv-antenn-och-faglar-forsvarar-anvandning-av-rullbana\\\/\"]}]},{\"@type\":\"ImageObject\",\"inLanguage\":\"sv-SE\",\"@id\":\"https:\\\/\\\/lightweb.dev\\\/l\\\/svm-temp\\\/nyheter\\\/tv-antenn-och-faglar-forsvarar-anvandning-av-rullbana\\\/#primaryimage\",\"url\":\"https:\\\/\\\/lightweb.dev\\\/l\\\/svm-temp\\\/wp-content\\\/uploads\\\/2022\\\/06\\\/tvantenn-och-faglar-forsvarar-anvandning-av-rullbana.png\",\"contentUrl\":\"https:\\\/\\\/lightweb.dev\\\/l\\\/svm-temp\\\/wp-content\\\/uploads\\\/2022\\\/06\\\/tvantenn-och-faglar-forsvarar-anvandning-av-rullbana.png\",\"width\":700,\"height\":420},{\"@type\":\"BreadcrumbList\",\"@id\":\"https:\\\/\\\/lightweb.dev\\\/l\\\/svm-temp\\\/nyheter\\\/tv-antenn-och-faglar-forsvarar-anvandning-av-rullbana\\\/#breadcrumb\",\"itemListElement\":[{\"@type\":\"ListItem\",\"position\":1,\"name\":\"Hem\",\"item\":\"https:\\\/\\\/lightweb.dev\\\/l\\\/svm-temp\\\/\"},{\"@type\":\"ListItem\",\"position\":2,\"name\":\"Tv-antenn och f\u00e5glar f\u00f6rsv\u00e5rar anv\u00e4ndning av rullbana\"}]},{\"@type\":\"WebSite\",\"@id\":\"https:\\\/\\\/lightweb.dev\\\/l\\\/svm-temp\\\/#website\",\"url\":\"https:\\\/\\\/lightweb.dev\\\/l\\\/svm-temp\\\/\",\"name\":\"Svenska Magasinet\",\"description\":\"Dina Spanska nyheter p&aring; Svenska\",\"publisher\":{\"@id\":\"https:\\\/\\\/lightweb.dev\\\/l\\\/svm-temp\\\/#organization\"},\"potentialAction\":[{\"@type\":\"SearchAction\",\"target\":{\"@type\":\"EntryPoint\",\"urlTemplate\":\"https:\\\/\\\/lightweb.dev\\\/l\\\/svm-temp\\\/?s={search_term_string}\"},\"query-input\":{\"@type\":\"PropertyValueSpecification\",\"valueRequired\":true,\"valueName\":\"search_term_string\"}}],\"inLanguage\":\"sv-SE\"},{\"@type\":\"Organization\",\"@id\":\"https:\\\/\\\/lightweb.dev\\\/l\\\/svm-temp\\\/#organization\",\"name\":\"Melkerson y Nott SL\",\"alternateName\":\"Svenska Magasinet\",\"url\":\"https:\\\/\\\/lightweb.dev\\\/l\\\/svm-temp\\\/\",\"logo\":{\"@type\":\"ImageObject\",\"inLanguage\":\"sv-SE\",\"@id\":\"https:\\\/\\\/lightweb.dev\\\/l\\\/svm-temp\\\/#\\\/schema\\\/logo\\\/image\\\/\",\"url\":\"https:\\\/\\\/lightweb.dev\\\/l\\\/svm-temp\\\/wp-content\\\/uploads\\\/2025\\\/02\\\/SvM-logo-Xtra-Centrerad-SVART.png\",\"contentUrl\":\"https:\\\/\\\/lightweb.dev\\\/l\\\/svm-temp\\\/wp-content\\\/uploads\\\/2025\\\/02\\\/SvM-logo-Xtra-Centrerad-SVART.png\",\"width\":300,\"height\":99,\"caption\":\"Melkerson y Nott SL\"},\"image\":{\"@id\":\"https:\\\/\\\/lightweb.dev\\\/l\\\/svm-temp\\\/#\\\/schema\\\/logo\\\/image\\\/\"},\"sameAs\":[\"https:\\\/\\\/www.facebook.com\\\/svenskamagasinet\",\"https:\\\/\\\/x.com\\\/SvenskaMagasine\"]},{\"@type\":\"Person\",\"@id\":\"https:\\\/\\\/lightweb.dev\\\/l\\\/svm-temp\\\/#\\\/schema\\\/person\\\/206a3bda5b607b0c25e1749191e4d837\",\"name\":\"Redaktionen SvM\",\"description\":\"Redaktionen\",\"sameAs\":[\"https:\\\/\\\/lightweb.dev\\\/l\\\/svm-temp\"],\"url\":\"https:\\\/\\\/lightweb.dev\\\/l\\\/svm-temp\\\/reporter\\\/redaktionen\\\/\"}]}<\/script>\n<!-- \/ Yoast SEO Premium plugin. -->","yoast_head_json":{"title":"Tv-antenn och f\u00e5glar f\u00f6rsv\u00e5rar anv\u00e4ndning av rullbana - Svenska Magasinet","robots":{"index":"noindex","follow":"follow","max-snippet":"max-snippet:-1","max-image-preview":"max-image-preview:large","max-video-preview":"max-video-preview:-1"},"og_locale":"sv_SE","og_type":"article","og_title":"Tv-antenn och f\u00e5glar f\u00f6rsv\u00e5rar anv\u00e4ndning av rullbana","og_description":"En tv-antenn f\u00f6r Canal Sur ska s\u00e4nkas fr\u00e5n 42,37 meter till 17,7 meter s\u00e5 att M\u00e1laga flygplats andra rullbana som stod klar i juni 2012 i framtiden kan anv\u00e4ndas f\u00f6r flyg som landar s\u00f6derifr\u00e5n eller lyfter s\u00f6derut. Hittills har den andra rullbanan bara kunnat anv\u00e4ndas f\u00f6r flygplan som landar norrifr\u00e5n eller lyfter norrut. Det \u00e4r [&hellip;]","og_url":"https:\/\/lightweb.dev\/l\/svm-temp\/nyheter\/tv-antenn-och-faglar-forsvarar-anvandning-av-rullbana\/","og_site_name":"Svenska Magasinet","article_publisher":"https:\/\/www.facebook.com\/svenskamagasinet","article_published_time":"2019-06-12T22:00:00+00:00","og_image":[{"width":700,"height":420,"url":"https:\/\/lightweb.dev\/l\/svm-temp\/wp-content\/uploads\/2022\/06\/tvantenn-och-faglar-forsvarar-anvandning-av-rullbana.png","type":"image\/png"}],"author":"Redaktionen SvM","twitter_card":"summary_large_image","twitter_creator":"@SvenskaMagasine","twitter_site":"@SvenskaMagasine","schema":{"@context":"https:\/\/schema.org","@graph":[{"@type":"Article","@id":"https:\/\/lightweb.dev\/l\/svm-temp\/nyheter\/tv-antenn-och-faglar-forsvarar-anvandning-av-rullbana\/#article","isPartOf":{"@id":"https:\/\/lightweb.dev\/l\/svm-temp\/nyheter\/tv-antenn-och-faglar-forsvarar-anvandning-av-rullbana\/"},"author":{"name":"Redaktionen SvM","@id":"https:\/\/lightweb.dev\/l\/svm-temp\/#\/schema\/person\/206a3bda5b607b0c25e1749191e4d837"},"headline":"Tv-antenn och f\u00e5glar f\u00f6rsv\u00e5rar anv\u00e4ndning av rullbana","datePublished":"2019-06-12T22:00:00+00:00","mainEntityOfPage":{"@id":"https:\/\/lightweb.dev\/l\/svm-temp\/nyheter\/tv-antenn-och-faglar-forsvarar-anvandning-av-rullbana\/"},"wordCount":317,"commentCount":0,"publisher":{"@id":"https:\/\/lightweb.dev\/l\/svm-temp\/#organization"},"image":{"@id":"https:\/\/lightweb.dev\/l\/svm-temp\/nyheter\/tv-antenn-och-faglar-forsvarar-anvandning-av-rullbana\/#primaryimage"},"thumbnailUrl":"https:\/\/lightweb.dev\/l\/svm-temp\/wp-content\/uploads\/2022\/06\/tvantenn-och-faglar-forsvarar-anvandning-av-rullbana.png","articleSection":["Arkiv","Nyheter"],"inLanguage":"sv-SE"},{"@type":"WebPage","@id":"https:\/\/lightweb.dev\/l\/svm-temp\/nyheter\/tv-antenn-och-faglar-forsvarar-anvandning-av-rullbana\/","url":"https:\/\/lightweb.dev\/l\/svm-temp\/nyheter\/tv-antenn-och-faglar-forsvarar-anvandning-av-rullbana\/","name":"Tv-antenn och f\u00e5glar f\u00f6rsv\u00e5rar anv\u00e4ndning av rullbana - Svenska Magasinet","isPartOf":{"@id":"https:\/\/lightweb.dev\/l\/svm-temp\/#website"},"primaryImageOfPage":{"@id":"https:\/\/lightweb.dev\/l\/svm-temp\/nyheter\/tv-antenn-och-faglar-forsvarar-anvandning-av-rullbana\/#primaryimage"},"image":{"@id":"https:\/\/lightweb.dev\/l\/svm-temp\/nyheter\/tv-antenn-och-faglar-forsvarar-anvandning-av-rullbana\/#primaryimage"},"thumbnailUrl":"https:\/\/lightweb.dev\/l\/svm-temp\/wp-content\/uploads\/2022\/06\/tvantenn-och-faglar-forsvarar-anvandning-av-rullbana.png","datePublished":"2019-06-12T22:00:00+00:00","breadcrumb":{"@id":"https:\/\/lightweb.dev\/l\/svm-temp\/nyheter\/tv-antenn-och-faglar-forsvarar-anvandning-av-rullbana\/#breadcrumb"},"inLanguage":"sv-SE","potentialAction":[{"@type":"ReadAction","target":["https:\/\/lightweb.dev\/l\/svm-temp\/nyheter\/tv-antenn-och-faglar-forsvarar-anvandning-av-rullbana\/"]}]},{"@type":"ImageObject","inLanguage":"sv-SE","@id":"https:\/\/lightweb.dev\/l\/svm-temp\/nyheter\/tv-antenn-och-faglar-forsvarar-anvandning-av-rullbana\/#primaryimage","url":"https:\/\/lightweb.dev\/l\/svm-temp\/wp-content\/uploads\/2022\/06\/tvantenn-och-faglar-forsvarar-anvandning-av-rullbana.png","contentUrl":"https:\/\/lightweb.dev\/l\/svm-temp\/wp-content\/uploads\/2022\/06\/tvantenn-och-faglar-forsvarar-anvandning-av-rullbana.png","width":700,"height":420},{"@type":"BreadcrumbList","@id":"https:\/\/lightweb.dev\/l\/svm-temp\/nyheter\/tv-antenn-och-faglar-forsvarar-anvandning-av-rullbana\/#breadcrumb","itemListElement":[{"@type":"ListItem","position":1,"name":"Hem","item":"https:\/\/lightweb.dev\/l\/svm-temp\/"},{"@type":"ListItem","position":2,"name":"Tv-antenn och f\u00e5glar f\u00f6rsv\u00e5rar anv\u00e4ndning av rullbana"}]},{"@type":"WebSite","@id":"https:\/\/lightweb.dev\/l\/svm-temp\/#website","url":"https:\/\/lightweb.dev\/l\/svm-temp\/","name":"Svenska Magasinet","description":"Dina Spanska nyheter p&aring; Svenska","publisher":{"@id":"https:\/\/lightweb.dev\/l\/svm-temp\/#organization"},"potentialAction":[{"@type":"SearchAction","target":{"@type":"EntryPoint","urlTemplate":"https:\/\/lightweb.dev\/l\/svm-temp\/?s={search_term_string}"},"query-input":{"@type":"PropertyValueSpecification","valueRequired":true,"valueName":"search_term_string"}}],"inLanguage":"sv-SE"},{"@type":"Organization","@id":"https:\/\/lightweb.dev\/l\/svm-temp\/#organization","name":"Melkerson y Nott SL","alternateName":"Svenska Magasinet","url":"https:\/\/lightweb.dev\/l\/svm-temp\/","logo":{"@type":"ImageObject","inLanguage":"sv-SE","@id":"https:\/\/lightweb.dev\/l\/svm-temp\/#\/schema\/logo\/image\/","url":"https:\/\/lightweb.dev\/l\/svm-temp\/wp-content\/uploads\/2025\/02\/SvM-logo-Xtra-Centrerad-SVART.png","contentUrl":"https:\/\/lightweb.dev\/l\/svm-temp\/wp-content\/uploads\/2025\/02\/SvM-logo-Xtra-Centrerad-SVART.png","width":300,"height":99,"caption":"Melkerson y Nott SL"},"image":{"@id":"https:\/\/lightweb.dev\/l\/svm-temp\/#\/schema\/logo\/image\/"},"sameAs":["https:\/\/www.facebook.com\/svenskamagasinet","https:\/\/x.com\/SvenskaMagasine"]},{"@type":"Person","@id":"https:\/\/lightweb.dev\/l\/svm-temp\/#\/schema\/person\/206a3bda5b607b0c25e1749191e4d837","name":"Redaktionen SvM","description":"Redaktionen","sameAs":["https:\/\/lightweb.dev\/l\/svm-temp"],"url":"https:\/\/lightweb.dev\/l\/svm-temp\/reporter\/redaktionen\/"}]}},"_links":{"self":[{"href":"https:\/\/lightweb.dev\/l\/svm-temp\/wp-json\/wp\/v2\/posts\/16353","targetHints":{"allow":["GET"]}}],"collection":[{"href":"https:\/\/lightweb.dev\/l\/svm-temp\/wp-json\/wp\/v2\/posts"}],"about":[{"href":"https:\/\/lightweb.dev\/l\/svm-temp\/wp-json\/wp\/v2\/types\/post"}],"author":[{"embeddable":true,"href":"https:\/\/lightweb.dev\/l\/svm-temp\/wp-json\/wp\/v2\/users\/8"}],"replies":[{"embeddable":true,"href":"https:\/\/lightweb.dev\/l\/svm-temp\/wp-json\/wp\/v2\/comments?post=16353"}],"version-history":[{"count":0,"href":"https:\/\/lightweb.dev\/l\/svm-temp\/wp-json\/wp\/v2\/posts\/16353\/revisions"}],"wp:featuredmedia":[{"embeddable":true,"href":"https:\/\/lightweb.dev\/l\/svm-temp\/wp-json\/wp\/v2\/media\/16355"}],"wp:attachment":[{"href":"https:\/\/lightweb.dev\/l\/svm-temp\/wp-json\/wp\/v2\/media?parent=16353"}],"wp:term":[{"taxonomy":"category","embeddable":true,"href":"https:\/\/lightweb.dev\/l\/svm-temp\/wp-json\/wp\/v2\/categories?post=16353"},{"taxonomy":"post_tag","embeddable":true,"href":"https:\/\/lightweb.dev\/l\/svm-temp\/wp-json\/wp\/v2\/tags?post=16353"}],"curies":[{"name":"wp","href":"https:\/\/api.w.org\/{rel}","templated":true}]}}