{"id":16373,"date":"2019-06-11T00:00:00","date_gmt":"2019-06-10T22:00:00","guid":{"rendered":"https:\/\/lightweb.dev\/l\/svm-temp\/nyheter\/sanchez-hotar-med-nyval-om-han-inte-far-sin-vilja-igenom\/"},"modified":"2019-06-11T00:00:00","modified_gmt":"2019-06-10T22:00:00","slug":"sanchez-hotar-med-nyval-om-han-inte-far-sin-vilja-igenom","status":"publish","type":"post","link":"https:\/\/lightweb.dev\/l\/svm-temp\/nyheter\/sanchez-hotar-med-nyval-om-han-inte-far-sin-vilja-igenom\/","title":{"rendered":"S\u00e1nchez hotar med nyval om han inte f\u00e5r sin vilja igenom"},"content":{"rendered":"<p> Socialistpartiet och Pedro S\u00e1nchez vann det allm\u00e4nna valet 28 april men saknar majoritet. S\u00e1nchez plan \u00e4r att styra Spanien under de kommande fyra \u00e5ren med en minoritetsregering. Han hoppas att de \u00f6vriga partierna l\u00e4gger ner sina r\u00f6ster och sl\u00e4pper fram en PSOE-regering.<\/p>\n<p>Nu meddelar Pedro S\u00e1nchez att sl\u00e4pper inte de \u00f6vriga partierna fram honom s\u00e5 v\u00e4ntar nyval. Och det vill ingen ha visar unders\u00f6kningar. S\u00e1nchez spelar ett h\u00f6gt spel n\u00e4r han under tisdagen m\u00f6ter de \u00f6vriga partiledarna Pablo Iglesias, Albert Rivera och Pablo Casado i kongressen.<\/p>\n<p>Unidas Podemos partiledare Pablo Iglesias kr\u00e4ver en koalitionsregering om det v\u00e4nsterorienterade missn\u00f6jespartiet ska st\u00f6dja PSOE. Pedro S\u00e1nchez pratar om samarbete med Unidas Podemos.<\/p>\n<p>I politiska kretsar och bland politiska bed\u00f6mare tror man att ett nyval skulle gynna de mer etablerade partierna som PSOE och PP mest medan Ciudadanos, Unidas Podemos och Vox skulle f\u00f6rlora p\u00e5 att v\u00e4ljarna fick g\u00e5 till valurnorna \u00e4nnu en g\u00e5ng.<\/p>\n<p>Spanska folket tycks \u00e5 andra sidan vara tr\u00f6tta p\u00e5 val efter v\u00e5rens allm\u00e4nna, regionala, lokala och EU-val. <\/p>\n<p>Maktpartiet PSOE:s partisekreterare Jos\u00e9 Luis \u00c1balos sa vid en presskonferens under g\u00e5rdagen (bilden) att han r\u00e4knar med att Pablo Iglesias, Albert Rivera och Pablo Casado kommer att agera med ansvar och sl\u00e4ppa fram en socialistisk minoritetsregering.<\/p>\n","protected":false},"excerpt":{"rendered":"<p>Socialistpartiet och Pedro S\u00e1nchez vann det allm\u00e4nna valet 28 april men saknar majoritet. S\u00e1nchez plan \u00e4r att styra Spanien under de kommande fyra \u00e5ren med en minoritetsregering. Han hoppas att de \u00f6vriga partierna l\u00e4gger ner sina r\u00f6ster och sl\u00e4pper fram en PSOE-regering. Nu meddelar Pedro S\u00e1nchez att sl\u00e4pper inte de \u00f6vriga partierna fram honom s\u00e5 [&hellip;]<\/p>\n","protected":false},"author":8,"featured_media":16374,"comment_status":"open","ping_status":"open","sticky":false,"template":"","format":"standard","meta":{"_et_pb_use_builder":"","_et_pb_old_content":"","_et_gb_content_width":"","footnotes":""},"categories":[395,3],"tags":[],"class_list":["post-16373","post","type-post","status-publish","format-standard","has-post-thumbnail","hentry","category-arkiv-nyheter","category-nyheter"],"yoast_head":"<!-- This site is optimized with the Yoast SEO Premium plugin v26.2 (Yoast SEO v27.5) - https:\/\/yoast.com\/product\/yoast-seo-premium-wordpress\/ -->\n<title>S\u00e1nchez hotar med nyval om han inte f\u00e5r sin vilja igenom - Svenska Magasinet<\/title>\n<meta name=\"robots\" content=\"noindex, follow, max-snippet:-1, max-image-preview:large, max-video-preview:-1\" \/>\n<meta property=\"og:locale\" content=\"sv_SE\" \/>\n<meta property=\"og:type\" content=\"article\" \/>\n<meta property=\"og:title\" content=\"S\u00e1nchez hotar med nyval om han inte f\u00e5r sin vilja igenom\" \/>\n<meta property=\"og:description\" content=\"Socialistpartiet och Pedro S\u00e1nchez vann det allm\u00e4nna valet 28 april men saknar majoritet. S\u00e1nchez plan \u00e4r att styra Spanien under de kommande fyra \u00e5ren med en minoritetsregering. Han hoppas att de \u00f6vriga partierna l\u00e4gger ner sina r\u00f6ster och sl\u00e4pper fram en PSOE-regering. Nu meddelar Pedro S\u00e1nchez att sl\u00e4pper inte de \u00f6vriga partierna fram honom s\u00e5 [&hellip;]\" \/>\n<meta property=\"og:url\" content=\"https:\/\/lightweb.dev\/l\/svm-temp\/nyheter\/sanchez-hotar-med-nyval-om-han-inte-far-sin-vilja-igenom\/\" \/>\n<meta property=\"og:site_name\" content=\"Svenska Magasinet\" \/>\n<meta property=\"article:publisher\" content=\"https:\/\/www.facebook.com\/svenskamagasinet\" \/>\n<meta property=\"article:published_time\" content=\"2019-06-10T22:00:00+00:00\" \/>\n<meta property=\"og:image\" content=\"https:\/\/lightweb.dev\/l\/svm-temp\/wp-content\/uploads\/2022\/06\/sanchez-hotar-med-nyval-om-han-inte-far-sin-vilja-igenom.png\" \/>\n\t<meta property=\"og:image:width\" content=\"700\" \/>\n\t<meta property=\"og:image:height\" content=\"420\" \/>\n\t<meta property=\"og:image:type\" content=\"image\/png\" \/>\n<meta name=\"author\" content=\"Redaktionen SvM\" \/>\n<meta name=\"twitter:card\" content=\"summary_large_image\" \/>\n<meta name=\"twitter:creator\" content=\"@SvenskaMagasine\" \/>\n<meta name=\"twitter:site\" content=\"@SvenskaMagasine\" \/>\n<script type=\"application\/ld+json\" class=\"yoast-schema-graph\">{\"@context\":\"https:\\\/\\\/schema.org\",\"@graph\":[{\"@type\":\"Article\",\"@id\":\"https:\\\/\\\/lightweb.dev\\\/l\\\/svm-temp\\\/nyheter\\\/sanchez-hotar-med-nyval-om-han-inte-far-sin-vilja-igenom\\\/#article\",\"isPartOf\":{\"@id\":\"https:\\\/\\\/lightweb.dev\\\/l\\\/svm-temp\\\/nyheter\\\/sanchez-hotar-med-nyval-om-han-inte-far-sin-vilja-igenom\\\/\"},\"author\":{\"name\":\"Redaktionen SvM\",\"@id\":\"https:\\\/\\\/lightweb.dev\\\/l\\\/svm-temp\\\/#\\\/schema\\\/person\\\/206a3bda5b607b0c25e1749191e4d837\"},\"headline\":\"S\u00e1nchez hotar med nyval om han inte f\u00e5r sin vilja igenom\",\"datePublished\":\"2019-06-10T22:00:00+00:00\",\"mainEntityOfPage\":{\"@id\":\"https:\\\/\\\/lightweb.dev\\\/l\\\/svm-temp\\\/nyheter\\\/sanchez-hotar-med-nyval-om-han-inte-far-sin-vilja-igenom\\\/\"},\"wordCount\":244,\"commentCount\":0,\"publisher\":{\"@id\":\"https:\\\/\\\/lightweb.dev\\\/l\\\/svm-temp\\\/#organization\"},\"image\":{\"@id\":\"https:\\\/\\\/lightweb.dev\\\/l\\\/svm-temp\\\/nyheter\\\/sanchez-hotar-med-nyval-om-han-inte-far-sin-vilja-igenom\\\/#primaryimage\"},\"thumbnailUrl\":\"https:\\\/\\\/lightweb.dev\\\/l\\\/svm-temp\\\/wp-content\\\/uploads\\\/2022\\\/06\\\/sanchez-hotar-med-nyval-om-han-inte-far-sin-vilja-igenom.png\",\"articleSection\":[\"Arkiv\",\"Nyheter\"],\"inLanguage\":\"sv-SE\"},{\"@type\":\"WebPage\",\"@id\":\"https:\\\/\\\/lightweb.dev\\\/l\\\/svm-temp\\\/nyheter\\\/sanchez-hotar-med-nyval-om-han-inte-far-sin-vilja-igenom\\\/\",\"url\":\"https:\\\/\\\/lightweb.dev\\\/l\\\/svm-temp\\\/nyheter\\\/sanchez-hotar-med-nyval-om-han-inte-far-sin-vilja-igenom\\\/\",\"name\":\"S\u00e1nchez hotar med nyval om han inte f\u00e5r sin vilja igenom - Svenska Magasinet\",\"isPartOf\":{\"@id\":\"https:\\\/\\\/lightweb.dev\\\/l\\\/svm-temp\\\/#website\"},\"primaryImageOfPage\":{\"@id\":\"https:\\\/\\\/lightweb.dev\\\/l\\\/svm-temp\\\/nyheter\\\/sanchez-hotar-med-nyval-om-han-inte-far-sin-vilja-igenom\\\/#primaryimage\"},\"image\":{\"@id\":\"https:\\\/\\\/lightweb.dev\\\/l\\\/svm-temp\\\/nyheter\\\/sanchez-hotar-med-nyval-om-han-inte-far-sin-vilja-igenom\\\/#primaryimage\"},\"thumbnailUrl\":\"https:\\\/\\\/lightweb.dev\\\/l\\\/svm-temp\\\/wp-content\\\/uploads\\\/2022\\\/06\\\/sanchez-hotar-med-nyval-om-han-inte-far-sin-vilja-igenom.png\",\"datePublished\":\"2019-06-10T22:00:00+00:00\",\"breadcrumb\":{\"@id\":\"https:\\\/\\\/lightweb.dev\\\/l\\\/svm-temp\\\/nyheter\\\/sanchez-hotar-med-nyval-om-han-inte-far-sin-vilja-igenom\\\/#breadcrumb\"},\"inLanguage\":\"sv-SE\",\"potentialAction\":[{\"@type\":\"ReadAction\",\"target\":[\"https:\\\/\\\/lightweb.dev\\\/l\\\/svm-temp\\\/nyheter\\\/sanchez-hotar-med-nyval-om-han-inte-far-sin-vilja-igenom\\\/\"]}]},{\"@type\":\"ImageObject\",\"inLanguage\":\"sv-SE\",\"@id\":\"https:\\\/\\\/lightweb.dev\\\/l\\\/svm-temp\\\/nyheter\\\/sanchez-hotar-med-nyval-om-han-inte-far-sin-vilja-igenom\\\/#primaryimage\",\"url\":\"https:\\\/\\\/lightweb.dev\\\/l\\\/svm-temp\\\/wp-content\\\/uploads\\\/2022\\\/06\\\/sanchez-hotar-med-nyval-om-han-inte-far-sin-vilja-igenom.png\",\"contentUrl\":\"https:\\\/\\\/lightweb.dev\\\/l\\\/svm-temp\\\/wp-content\\\/uploads\\\/2022\\\/06\\\/sanchez-hotar-med-nyval-om-han-inte-far-sin-vilja-igenom.png\",\"width\":700,\"height\":420},{\"@type\":\"BreadcrumbList\",\"@id\":\"https:\\\/\\\/lightweb.dev\\\/l\\\/svm-temp\\\/nyheter\\\/sanchez-hotar-med-nyval-om-han-inte-far-sin-vilja-igenom\\\/#breadcrumb\",\"itemListElement\":[{\"@type\":\"ListItem\",\"position\":1,\"name\":\"Hem\",\"item\":\"https:\\\/\\\/lightweb.dev\\\/l\\\/svm-temp\\\/\"},{\"@type\":\"ListItem\",\"position\":2,\"name\":\"S\u00e1nchez hotar med nyval om han inte f\u00e5r sin vilja igenom\"}]},{\"@type\":\"WebSite\",\"@id\":\"https:\\\/\\\/lightweb.dev\\\/l\\\/svm-temp\\\/#website\",\"url\":\"https:\\\/\\\/lightweb.dev\\\/l\\\/svm-temp\\\/\",\"name\":\"Svenska Magasinet\",\"description\":\"Dina Spanska nyheter p&aring; Svenska\",\"publisher\":{\"@id\":\"https:\\\/\\\/lightweb.dev\\\/l\\\/svm-temp\\\/#organization\"},\"potentialAction\":[{\"@type\":\"SearchAction\",\"target\":{\"@type\":\"EntryPoint\",\"urlTemplate\":\"https:\\\/\\\/lightweb.dev\\\/l\\\/svm-temp\\\/?s={search_term_string}\"},\"query-input\":{\"@type\":\"PropertyValueSpecification\",\"valueRequired\":true,\"valueName\":\"search_term_string\"}}],\"inLanguage\":\"sv-SE\"},{\"@type\":\"Organization\",\"@id\":\"https:\\\/\\\/lightweb.dev\\\/l\\\/svm-temp\\\/#organization\",\"name\":\"Melkerson y Nott SL\",\"alternateName\":\"Svenska Magasinet\",\"url\":\"https:\\\/\\\/lightweb.dev\\\/l\\\/svm-temp\\\/\",\"logo\":{\"@type\":\"ImageObject\",\"inLanguage\":\"sv-SE\",\"@id\":\"https:\\\/\\\/lightweb.dev\\\/l\\\/svm-temp\\\/#\\\/schema\\\/logo\\\/image\\\/\",\"url\":\"https:\\\/\\\/lightweb.dev\\\/l\\\/svm-temp\\\/wp-content\\\/uploads\\\/2025\\\/02\\\/SvM-logo-Xtra-Centrerad-SVART.png\",\"contentUrl\":\"https:\\\/\\\/lightweb.dev\\\/l\\\/svm-temp\\\/wp-content\\\/uploads\\\/2025\\\/02\\\/SvM-logo-Xtra-Centrerad-SVART.png\",\"width\":300,\"height\":99,\"caption\":\"Melkerson y Nott SL\"},\"image\":{\"@id\":\"https:\\\/\\\/lightweb.dev\\\/l\\\/svm-temp\\\/#\\\/schema\\\/logo\\\/image\\\/\"},\"sameAs\":[\"https:\\\/\\\/www.facebook.com\\\/svenskamagasinet\",\"https:\\\/\\\/x.com\\\/SvenskaMagasine\"]},{\"@type\":\"Person\",\"@id\":\"https:\\\/\\\/lightweb.dev\\\/l\\\/svm-temp\\\/#\\\/schema\\\/person\\\/206a3bda5b607b0c25e1749191e4d837\",\"name\":\"Redaktionen SvM\",\"description\":\"Redaktionen\",\"sameAs\":[\"https:\\\/\\\/lightweb.dev\\\/l\\\/svm-temp\"],\"url\":\"https:\\\/\\\/lightweb.dev\\\/l\\\/svm-temp\\\/reporter\\\/redaktionen\\\/\"}]}<\/script>\n<!-- \/ Yoast SEO Premium plugin. -->","yoast_head_json":{"title":"S\u00e1nchez hotar med nyval om han inte f\u00e5r sin vilja igenom - Svenska Magasinet","robots":{"index":"noindex","follow":"follow","max-snippet":"max-snippet:-1","max-image-preview":"max-image-preview:large","max-video-preview":"max-video-preview:-1"},"og_locale":"sv_SE","og_type":"article","og_title":"S\u00e1nchez hotar med nyval om han inte f\u00e5r sin vilja igenom","og_description":"Socialistpartiet och Pedro S\u00e1nchez vann det allm\u00e4nna valet 28 april men saknar majoritet. S\u00e1nchez plan \u00e4r att styra Spanien under de kommande fyra \u00e5ren med en minoritetsregering. Han hoppas att de \u00f6vriga partierna l\u00e4gger ner sina r\u00f6ster och sl\u00e4pper fram en PSOE-regering. Nu meddelar Pedro S\u00e1nchez att sl\u00e4pper inte de \u00f6vriga partierna fram honom s\u00e5 [&hellip;]","og_url":"https:\/\/lightweb.dev\/l\/svm-temp\/nyheter\/sanchez-hotar-med-nyval-om-han-inte-far-sin-vilja-igenom\/","og_site_name":"Svenska Magasinet","article_publisher":"https:\/\/www.facebook.com\/svenskamagasinet","article_published_time":"2019-06-10T22:00:00+00:00","og_image":[{"width":700,"height":420,"url":"https:\/\/lightweb.dev\/l\/svm-temp\/wp-content\/uploads\/2022\/06\/sanchez-hotar-med-nyval-om-han-inte-far-sin-vilja-igenom.png","type":"image\/png"}],"author":"Redaktionen SvM","twitter_card":"summary_large_image","twitter_creator":"@SvenskaMagasine","twitter_site":"@SvenskaMagasine","schema":{"@context":"https:\/\/schema.org","@graph":[{"@type":"Article","@id":"https:\/\/lightweb.dev\/l\/svm-temp\/nyheter\/sanchez-hotar-med-nyval-om-han-inte-far-sin-vilja-igenom\/#article","isPartOf":{"@id":"https:\/\/lightweb.dev\/l\/svm-temp\/nyheter\/sanchez-hotar-med-nyval-om-han-inte-far-sin-vilja-igenom\/"},"author":{"name":"Redaktionen SvM","@id":"https:\/\/lightweb.dev\/l\/svm-temp\/#\/schema\/person\/206a3bda5b607b0c25e1749191e4d837"},"headline":"S\u00e1nchez hotar med nyval om han inte f\u00e5r sin vilja igenom","datePublished":"2019-06-10T22:00:00+00:00","mainEntityOfPage":{"@id":"https:\/\/lightweb.dev\/l\/svm-temp\/nyheter\/sanchez-hotar-med-nyval-om-han-inte-far-sin-vilja-igenom\/"},"wordCount":244,"commentCount":0,"publisher":{"@id":"https:\/\/lightweb.dev\/l\/svm-temp\/#organization"},"image":{"@id":"https:\/\/lightweb.dev\/l\/svm-temp\/nyheter\/sanchez-hotar-med-nyval-om-han-inte-far-sin-vilja-igenom\/#primaryimage"},"thumbnailUrl":"https:\/\/lightweb.dev\/l\/svm-temp\/wp-content\/uploads\/2022\/06\/sanchez-hotar-med-nyval-om-han-inte-far-sin-vilja-igenom.png","articleSection":["Arkiv","Nyheter"],"inLanguage":"sv-SE"},{"@type":"WebPage","@id":"https:\/\/lightweb.dev\/l\/svm-temp\/nyheter\/sanchez-hotar-med-nyval-om-han-inte-far-sin-vilja-igenom\/","url":"https:\/\/lightweb.dev\/l\/svm-temp\/nyheter\/sanchez-hotar-med-nyval-om-han-inte-far-sin-vilja-igenom\/","name":"S\u00e1nchez hotar med nyval om han inte f\u00e5r sin vilja igenom - Svenska Magasinet","isPartOf":{"@id":"https:\/\/lightweb.dev\/l\/svm-temp\/#website"},"primaryImageOfPage":{"@id":"https:\/\/lightweb.dev\/l\/svm-temp\/nyheter\/sanchez-hotar-med-nyval-om-han-inte-far-sin-vilja-igenom\/#primaryimage"},"image":{"@id":"https:\/\/lightweb.dev\/l\/svm-temp\/nyheter\/sanchez-hotar-med-nyval-om-han-inte-far-sin-vilja-igenom\/#primaryimage"},"thumbnailUrl":"https:\/\/lightweb.dev\/l\/svm-temp\/wp-content\/uploads\/2022\/06\/sanchez-hotar-med-nyval-om-han-inte-far-sin-vilja-igenom.png","datePublished":"2019-06-10T22:00:00+00:00","breadcrumb":{"@id":"https:\/\/lightweb.dev\/l\/svm-temp\/nyheter\/sanchez-hotar-med-nyval-om-han-inte-far-sin-vilja-igenom\/#breadcrumb"},"inLanguage":"sv-SE","potentialAction":[{"@type":"ReadAction","target":["https:\/\/lightweb.dev\/l\/svm-temp\/nyheter\/sanchez-hotar-med-nyval-om-han-inte-far-sin-vilja-igenom\/"]}]},{"@type":"ImageObject","inLanguage":"sv-SE","@id":"https:\/\/lightweb.dev\/l\/svm-temp\/nyheter\/sanchez-hotar-med-nyval-om-han-inte-far-sin-vilja-igenom\/#primaryimage","url":"https:\/\/lightweb.dev\/l\/svm-temp\/wp-content\/uploads\/2022\/06\/sanchez-hotar-med-nyval-om-han-inte-far-sin-vilja-igenom.png","contentUrl":"https:\/\/lightweb.dev\/l\/svm-temp\/wp-content\/uploads\/2022\/06\/sanchez-hotar-med-nyval-om-han-inte-far-sin-vilja-igenom.png","width":700,"height":420},{"@type":"BreadcrumbList","@id":"https:\/\/lightweb.dev\/l\/svm-temp\/nyheter\/sanchez-hotar-med-nyval-om-han-inte-far-sin-vilja-igenom\/#breadcrumb","itemListElement":[{"@type":"ListItem","position":1,"name":"Hem","item":"https:\/\/lightweb.dev\/l\/svm-temp\/"},{"@type":"ListItem","position":2,"name":"S\u00e1nchez hotar med nyval om han inte f\u00e5r sin vilja igenom"}]},{"@type":"WebSite","@id":"https:\/\/lightweb.dev\/l\/svm-temp\/#website","url":"https:\/\/lightweb.dev\/l\/svm-temp\/","name":"Svenska Magasinet","description":"Dina Spanska nyheter p&aring; Svenska","publisher":{"@id":"https:\/\/lightweb.dev\/l\/svm-temp\/#organization"},"potentialAction":[{"@type":"SearchAction","target":{"@type":"EntryPoint","urlTemplate":"https:\/\/lightweb.dev\/l\/svm-temp\/?s={search_term_string}"},"query-input":{"@type":"PropertyValueSpecification","valueRequired":true,"valueName":"search_term_string"}}],"inLanguage":"sv-SE"},{"@type":"Organization","@id":"https:\/\/lightweb.dev\/l\/svm-temp\/#organization","name":"Melkerson y Nott SL","alternateName":"Svenska Magasinet","url":"https:\/\/lightweb.dev\/l\/svm-temp\/","logo":{"@type":"ImageObject","inLanguage":"sv-SE","@id":"https:\/\/lightweb.dev\/l\/svm-temp\/#\/schema\/logo\/image\/","url":"https:\/\/lightweb.dev\/l\/svm-temp\/wp-content\/uploads\/2025\/02\/SvM-logo-Xtra-Centrerad-SVART.png","contentUrl":"https:\/\/lightweb.dev\/l\/svm-temp\/wp-content\/uploads\/2025\/02\/SvM-logo-Xtra-Centrerad-SVART.png","width":300,"height":99,"caption":"Melkerson y Nott SL"},"image":{"@id":"https:\/\/lightweb.dev\/l\/svm-temp\/#\/schema\/logo\/image\/"},"sameAs":["https:\/\/www.facebook.com\/svenskamagasinet","https:\/\/x.com\/SvenskaMagasine"]},{"@type":"Person","@id":"https:\/\/lightweb.dev\/l\/svm-temp\/#\/schema\/person\/206a3bda5b607b0c25e1749191e4d837","name":"Redaktionen SvM","description":"Redaktionen","sameAs":["https:\/\/lightweb.dev\/l\/svm-temp"],"url":"https:\/\/lightweb.dev\/l\/svm-temp\/reporter\/redaktionen\/"}]}},"_links":{"self":[{"href":"https:\/\/lightweb.dev\/l\/svm-temp\/wp-json\/wp\/v2\/posts\/16373","targetHints":{"allow":["GET"]}}],"collection":[{"href":"https:\/\/lightweb.dev\/l\/svm-temp\/wp-json\/wp\/v2\/posts"}],"about":[{"href":"https:\/\/lightweb.dev\/l\/svm-temp\/wp-json\/wp\/v2\/types\/post"}],"author":[{"embeddable":true,"href":"https:\/\/lightweb.dev\/l\/svm-temp\/wp-json\/wp\/v2\/users\/8"}],"replies":[{"embeddable":true,"href":"https:\/\/lightweb.dev\/l\/svm-temp\/wp-json\/wp\/v2\/comments?post=16373"}],"version-history":[{"count":0,"href":"https:\/\/lightweb.dev\/l\/svm-temp\/wp-json\/wp\/v2\/posts\/16373\/revisions"}],"wp:featuredmedia":[{"embeddable":true,"href":"https:\/\/lightweb.dev\/l\/svm-temp\/wp-json\/wp\/v2\/media\/16374"}],"wp:attachment":[{"href":"https:\/\/lightweb.dev\/l\/svm-temp\/wp-json\/wp\/v2\/media?parent=16373"}],"wp:term":[{"taxonomy":"category","embeddable":true,"href":"https:\/\/lightweb.dev\/l\/svm-temp\/wp-json\/wp\/v2\/categories?post=16373"},{"taxonomy":"post_tag","embeddable":true,"href":"https:\/\/lightweb.dev\/l\/svm-temp\/wp-json\/wp\/v2\/tags?post=16373"}],"curies":[{"name":"wp","href":"https:\/\/api.w.org\/{rel}","templated":true}]}}