{"id":16377,"date":"2019-06-11T00:00:00","date_gmt":"2019-06-10T22:00:00","guid":{"rendered":"https:\/\/lightweb.dev\/l\/svm-temp\/nyheter\/5g-lanseras-i-spanien-den-15-juni\/"},"modified":"2019-06-11T00:00:00","modified_gmt":"2019-06-10T22:00:00","slug":"5g-lanseras-i-spanien-den-15-juni","status":"publish","type":"post","link":"https:\/\/lightweb.dev\/l\/svm-temp\/nyheter\/5g-lanseras-i-spanien-den-15-juni\/","title":{"rendered":"5G lanseras i Spanien den 15 juni"},"content":{"rendered":"<p> Det \u00e4r operat\u00f6ren Vodafone som erbjuder den nya tekniken i till att b\u00f6rja med 15 spanska st\u00e4der. Det blir heller inga prish\u00f6jningar men kunderna m\u00e5ste acceptera de nya tarifferna f\u00f6r att kunna anv\u00e4nda sig av 5G-n\u00e4tet, f\u00f6r att kunna utnyttja maxhastigheten m\u00e5ste man d\u00e4remot abonnera p\u00e5 n\u00e5got av de dyraste paketen (Vodfone ilimitada Total eller Vodafone One ilimitada Total). <\/p>\n<p>De st\u00e4der som blir f\u00f6rst ut nu p\u00e5 l\u00f6rdagen den 15 juni \u00e4r Madrid, Barcelona, Valencia, Sevilla, M\u00e1laga, Zaragoza, Bilbao, Vitoria, San Sebasti\u00e1n, La Coru\u00f1a, Vigo, Pamplona, Gij\u00f3n, Logro\u00f1o och Santander.<\/p>\n<p>Lanseringen g\u00f6rs p\u00e5 frekvensen 3,7 GHz och ger cirka 50% t\u00e4ckning i de ber\u00f6rda st\u00e4derna, n\u00e5got som kommer att expanderas under \u00e5ret, \u00e4ven antalet st\u00e4der kommer att ut\u00f6kas senare i \u00e5r. Nedladdningshastigheten blir till en b\u00f6rjan 1 Gbps n\u00e5got som kommer att f\u00f6rdubblas till 2 Gbps i slutet av \u00e5ret. D\u00e5 kommer hastigheten att vara 10 g\u00e5nger h\u00f6gre \u00e4n nuvarande 4G. Svarstiden kommer ocks\u00e5 att minskas till 5 millisekunder, vilket inneb\u00e4r en m\u00e4rkbar f\u00f6rb\u00e4ttring av onlinespel.<\/p>\n<p>Vodafone har anlitat fr\u00e4mst Huawei f\u00f6r utbyggnaden av 5G-tekniken, men \u00e4ven Ericsson har varit anlitad f\u00f6r en mindre del av arbetet. Vodafone s\u00e4ljer d\u00e4remot inga Huawei 5G telefoner till sina kunder, utan de erbjuder i nul\u00e4get bara: Samsung Galaxy S10 5G, LG V50 ThinQ5G och Xiaomi Mi MIX 3 5G. <\/p>\n<p>Vodafone tillk\u00e4nnagav ocks\u00e5 ett exklusivt avtal med Hatch, den finska molnspelsplattformen f\u00f6r 5G-n\u00e4tverk, vilket g\u00f6r det m\u00f6jligt f\u00f6r anv\u00e4ndare att spela direkt utan nedladdningar eller meddelanden som avbryter spelet. Hatch-katalogen inneh\u00e5ller idag mer \u00e4n 160 spel p\u00e5 mobilen, n\u00e5gra av dem exklusiva och andra avsedda f\u00f6r barn (Hatch Kids). Premiumanv\u00e4ndare av Hatch kan delta i liveturneringar och t\u00e4vla och chatta med varandra samtidigt. N\u00e5gra av de presenterade titlarna som finns p\u00e5 Hatch Premium \u00e4r: Space Invaders, Sonic Hedgehog, Monument Valley, Hitman GO eller Angry Birds. Vodafonekunderna f\u00e5r ett specialpris p\u00e5 detta fr\u00e5n den 24 juni till och med den 30 september.<br \/>\n Relaterad artikel: 5G lanseras i Spanien till sommaren 2019<\/p>\n","protected":false},"excerpt":{"rendered":"<p>Det \u00e4r operat\u00f6ren Vodafone som erbjuder den nya tekniken i till att b\u00f6rja med 15 spanska st\u00e4der. Det blir heller inga prish\u00f6jningar men kunderna m\u00e5ste acceptera de nya tarifferna f\u00f6r att kunna anv\u00e4nda sig av 5G-n\u00e4tet, f\u00f6r att kunna utnyttja maxhastigheten m\u00e5ste man d\u00e4remot abonnera p\u00e5 n\u00e5got av de dyraste paketen (Vodfone ilimitada Total eller [&hellip;]<\/p>\n","protected":false},"author":8,"featured_media":16379,"comment_status":"open","ping_status":"open","sticky":false,"template":"","format":"standard","meta":{"_et_pb_use_builder":"","_et_pb_old_content":"","_et_gb_content_width":"","footnotes":""},"categories":[395,3],"tags":[],"class_list":["post-16377","post","type-post","status-publish","format-standard","has-post-thumbnail","hentry","category-arkiv-nyheter","category-nyheter"],"yoast_head":"<!-- This site is optimized with the Yoast SEO Premium plugin v26.2 (Yoast SEO v27.5) - https:\/\/yoast.com\/product\/yoast-seo-premium-wordpress\/ -->\n<title>5G lanseras i Spanien den 15 juni - Svenska Magasinet<\/title>\n<meta name=\"robots\" content=\"noindex, follow, max-snippet:-1, max-image-preview:large, max-video-preview:-1\" \/>\n<meta property=\"og:locale\" content=\"sv_SE\" \/>\n<meta property=\"og:type\" content=\"article\" \/>\n<meta property=\"og:title\" content=\"5G lanseras i Spanien den 15 juni\" \/>\n<meta property=\"og:description\" content=\"Det \u00e4r operat\u00f6ren Vodafone som erbjuder den nya tekniken i till att b\u00f6rja med 15 spanska st\u00e4der. Det blir heller inga prish\u00f6jningar men kunderna m\u00e5ste acceptera de nya tarifferna f\u00f6r att kunna anv\u00e4nda sig av 5G-n\u00e4tet, f\u00f6r att kunna utnyttja maxhastigheten m\u00e5ste man d\u00e4remot abonnera p\u00e5 n\u00e5got av de dyraste paketen (Vodfone ilimitada Total eller [&hellip;]\" \/>\n<meta property=\"og:url\" content=\"https:\/\/lightweb.dev\/l\/svm-temp\/nyheter\/5g-lanseras-i-spanien-den-15-juni\/\" \/>\n<meta property=\"og:site_name\" content=\"Svenska Magasinet\" \/>\n<meta property=\"article:publisher\" content=\"https:\/\/www.facebook.com\/svenskamagasinet\" \/>\n<meta property=\"article:published_time\" content=\"2019-06-10T22:00:00+00:00\" \/>\n<meta property=\"og:image\" content=\"https:\/\/lightweb.dev\/l\/svm-temp\/wp-content\/uploads\/2022\/06\/5g-lanseras-i-spanien-den-15-juni.png\" \/>\n\t<meta property=\"og:image:width\" content=\"700\" \/>\n\t<meta property=\"og:image:height\" content=\"420\" \/>\n\t<meta property=\"og:image:type\" content=\"image\/png\" \/>\n<meta name=\"author\" content=\"Redaktionen SvM\" \/>\n<meta name=\"twitter:card\" content=\"summary_large_image\" \/>\n<meta name=\"twitter:creator\" content=\"@SvenskaMagasine\" \/>\n<meta name=\"twitter:site\" content=\"@SvenskaMagasine\" \/>\n<script type=\"application\/ld+json\" class=\"yoast-schema-graph\">{\"@context\":\"https:\\\/\\\/schema.org\",\"@graph\":[{\"@type\":\"Article\",\"@id\":\"https:\\\/\\\/lightweb.dev\\\/l\\\/svm-temp\\\/nyheter\\\/5g-lanseras-i-spanien-den-15-juni\\\/#article\",\"isPartOf\":{\"@id\":\"https:\\\/\\\/lightweb.dev\\\/l\\\/svm-temp\\\/nyheter\\\/5g-lanseras-i-spanien-den-15-juni\\\/\"},\"author\":{\"name\":\"Redaktionen SvM\",\"@id\":\"https:\\\/\\\/lightweb.dev\\\/l\\\/svm-temp\\\/#\\\/schema\\\/person\\\/206a3bda5b607b0c25e1749191e4d837\"},\"headline\":\"5G lanseras i Spanien den 15 juni\",\"datePublished\":\"2019-06-10T22:00:00+00:00\",\"mainEntityOfPage\":{\"@id\":\"https:\\\/\\\/lightweb.dev\\\/l\\\/svm-temp\\\/nyheter\\\/5g-lanseras-i-spanien-den-15-juni\\\/\"},\"wordCount\":377,\"commentCount\":0,\"publisher\":{\"@id\":\"https:\\\/\\\/lightweb.dev\\\/l\\\/svm-temp\\\/#organization\"},\"image\":{\"@id\":\"https:\\\/\\\/lightweb.dev\\\/l\\\/svm-temp\\\/nyheter\\\/5g-lanseras-i-spanien-den-15-juni\\\/#primaryimage\"},\"thumbnailUrl\":\"https:\\\/\\\/lightweb.dev\\\/l\\\/svm-temp\\\/wp-content\\\/uploads\\\/2022\\\/06\\\/5g-lanseras-i-spanien-den-15-juni.png\",\"articleSection\":[\"Arkiv\",\"Nyheter\"],\"inLanguage\":\"sv-SE\"},{\"@type\":\"WebPage\",\"@id\":\"https:\\\/\\\/lightweb.dev\\\/l\\\/svm-temp\\\/nyheter\\\/5g-lanseras-i-spanien-den-15-juni\\\/\",\"url\":\"https:\\\/\\\/lightweb.dev\\\/l\\\/svm-temp\\\/nyheter\\\/5g-lanseras-i-spanien-den-15-juni\\\/\",\"name\":\"5G lanseras i Spanien den 15 juni - Svenska Magasinet\",\"isPartOf\":{\"@id\":\"https:\\\/\\\/lightweb.dev\\\/l\\\/svm-temp\\\/#website\"},\"primaryImageOfPage\":{\"@id\":\"https:\\\/\\\/lightweb.dev\\\/l\\\/svm-temp\\\/nyheter\\\/5g-lanseras-i-spanien-den-15-juni\\\/#primaryimage\"},\"image\":{\"@id\":\"https:\\\/\\\/lightweb.dev\\\/l\\\/svm-temp\\\/nyheter\\\/5g-lanseras-i-spanien-den-15-juni\\\/#primaryimage\"},\"thumbnailUrl\":\"https:\\\/\\\/lightweb.dev\\\/l\\\/svm-temp\\\/wp-content\\\/uploads\\\/2022\\\/06\\\/5g-lanseras-i-spanien-den-15-juni.png\",\"datePublished\":\"2019-06-10T22:00:00+00:00\",\"breadcrumb\":{\"@id\":\"https:\\\/\\\/lightweb.dev\\\/l\\\/svm-temp\\\/nyheter\\\/5g-lanseras-i-spanien-den-15-juni\\\/#breadcrumb\"},\"inLanguage\":\"sv-SE\",\"potentialAction\":[{\"@type\":\"ReadAction\",\"target\":[\"https:\\\/\\\/lightweb.dev\\\/l\\\/svm-temp\\\/nyheter\\\/5g-lanseras-i-spanien-den-15-juni\\\/\"]}]},{\"@type\":\"ImageObject\",\"inLanguage\":\"sv-SE\",\"@id\":\"https:\\\/\\\/lightweb.dev\\\/l\\\/svm-temp\\\/nyheter\\\/5g-lanseras-i-spanien-den-15-juni\\\/#primaryimage\",\"url\":\"https:\\\/\\\/lightweb.dev\\\/l\\\/svm-temp\\\/wp-content\\\/uploads\\\/2022\\\/06\\\/5g-lanseras-i-spanien-den-15-juni.png\",\"contentUrl\":\"https:\\\/\\\/lightweb.dev\\\/l\\\/svm-temp\\\/wp-content\\\/uploads\\\/2022\\\/06\\\/5g-lanseras-i-spanien-den-15-juni.png\",\"width\":700,\"height\":420},{\"@type\":\"BreadcrumbList\",\"@id\":\"https:\\\/\\\/lightweb.dev\\\/l\\\/svm-temp\\\/nyheter\\\/5g-lanseras-i-spanien-den-15-juni\\\/#breadcrumb\",\"itemListElement\":[{\"@type\":\"ListItem\",\"position\":1,\"name\":\"Hem\",\"item\":\"https:\\\/\\\/lightweb.dev\\\/l\\\/svm-temp\\\/\"},{\"@type\":\"ListItem\",\"position\":2,\"name\":\"5G lanseras i Spanien den 15 juni\"}]},{\"@type\":\"WebSite\",\"@id\":\"https:\\\/\\\/lightweb.dev\\\/l\\\/svm-temp\\\/#website\",\"url\":\"https:\\\/\\\/lightweb.dev\\\/l\\\/svm-temp\\\/\",\"name\":\"Svenska Magasinet\",\"description\":\"Dina Spanska nyheter p&aring; Svenska\",\"publisher\":{\"@id\":\"https:\\\/\\\/lightweb.dev\\\/l\\\/svm-temp\\\/#organization\"},\"potentialAction\":[{\"@type\":\"SearchAction\",\"target\":{\"@type\":\"EntryPoint\",\"urlTemplate\":\"https:\\\/\\\/lightweb.dev\\\/l\\\/svm-temp\\\/?s={search_term_string}\"},\"query-input\":{\"@type\":\"PropertyValueSpecification\",\"valueRequired\":true,\"valueName\":\"search_term_string\"}}],\"inLanguage\":\"sv-SE\"},{\"@type\":\"Organization\",\"@id\":\"https:\\\/\\\/lightweb.dev\\\/l\\\/svm-temp\\\/#organization\",\"name\":\"Melkerson y Nott SL\",\"alternateName\":\"Svenska Magasinet\",\"url\":\"https:\\\/\\\/lightweb.dev\\\/l\\\/svm-temp\\\/\",\"logo\":{\"@type\":\"ImageObject\",\"inLanguage\":\"sv-SE\",\"@id\":\"https:\\\/\\\/lightweb.dev\\\/l\\\/svm-temp\\\/#\\\/schema\\\/logo\\\/image\\\/\",\"url\":\"https:\\\/\\\/lightweb.dev\\\/l\\\/svm-temp\\\/wp-content\\\/uploads\\\/2025\\\/02\\\/SvM-logo-Xtra-Centrerad-SVART.png\",\"contentUrl\":\"https:\\\/\\\/lightweb.dev\\\/l\\\/svm-temp\\\/wp-content\\\/uploads\\\/2025\\\/02\\\/SvM-logo-Xtra-Centrerad-SVART.png\",\"width\":300,\"height\":99,\"caption\":\"Melkerson y Nott SL\"},\"image\":{\"@id\":\"https:\\\/\\\/lightweb.dev\\\/l\\\/svm-temp\\\/#\\\/schema\\\/logo\\\/image\\\/\"},\"sameAs\":[\"https:\\\/\\\/www.facebook.com\\\/svenskamagasinet\",\"https:\\\/\\\/x.com\\\/SvenskaMagasine\"]},{\"@type\":\"Person\",\"@id\":\"https:\\\/\\\/lightweb.dev\\\/l\\\/svm-temp\\\/#\\\/schema\\\/person\\\/206a3bda5b607b0c25e1749191e4d837\",\"name\":\"Redaktionen SvM\",\"description\":\"Redaktionen\",\"sameAs\":[\"https:\\\/\\\/lightweb.dev\\\/l\\\/svm-temp\"],\"url\":\"https:\\\/\\\/lightweb.dev\\\/l\\\/svm-temp\\\/reporter\\\/redaktionen\\\/\"}]}<\/script>\n<!-- \/ Yoast SEO Premium plugin. -->","yoast_head_json":{"title":"5G lanseras i Spanien den 15 juni - Svenska Magasinet","robots":{"index":"noindex","follow":"follow","max-snippet":"max-snippet:-1","max-image-preview":"max-image-preview:large","max-video-preview":"max-video-preview:-1"},"og_locale":"sv_SE","og_type":"article","og_title":"5G lanseras i Spanien den 15 juni","og_description":"Det \u00e4r operat\u00f6ren Vodafone som erbjuder den nya tekniken i till att b\u00f6rja med 15 spanska st\u00e4der. Det blir heller inga prish\u00f6jningar men kunderna m\u00e5ste acceptera de nya tarifferna f\u00f6r att kunna anv\u00e4nda sig av 5G-n\u00e4tet, f\u00f6r att kunna utnyttja maxhastigheten m\u00e5ste man d\u00e4remot abonnera p\u00e5 n\u00e5got av de dyraste paketen (Vodfone ilimitada Total eller [&hellip;]","og_url":"https:\/\/lightweb.dev\/l\/svm-temp\/nyheter\/5g-lanseras-i-spanien-den-15-juni\/","og_site_name":"Svenska Magasinet","article_publisher":"https:\/\/www.facebook.com\/svenskamagasinet","article_published_time":"2019-06-10T22:00:00+00:00","og_image":[{"width":700,"height":420,"url":"https:\/\/lightweb.dev\/l\/svm-temp\/wp-content\/uploads\/2022\/06\/5g-lanseras-i-spanien-den-15-juni.png","type":"image\/png"}],"author":"Redaktionen SvM","twitter_card":"summary_large_image","twitter_creator":"@SvenskaMagasine","twitter_site":"@SvenskaMagasine","schema":{"@context":"https:\/\/schema.org","@graph":[{"@type":"Article","@id":"https:\/\/lightweb.dev\/l\/svm-temp\/nyheter\/5g-lanseras-i-spanien-den-15-juni\/#article","isPartOf":{"@id":"https:\/\/lightweb.dev\/l\/svm-temp\/nyheter\/5g-lanseras-i-spanien-den-15-juni\/"},"author":{"name":"Redaktionen SvM","@id":"https:\/\/lightweb.dev\/l\/svm-temp\/#\/schema\/person\/206a3bda5b607b0c25e1749191e4d837"},"headline":"5G lanseras i Spanien den 15 juni","datePublished":"2019-06-10T22:00:00+00:00","mainEntityOfPage":{"@id":"https:\/\/lightweb.dev\/l\/svm-temp\/nyheter\/5g-lanseras-i-spanien-den-15-juni\/"},"wordCount":377,"commentCount":0,"publisher":{"@id":"https:\/\/lightweb.dev\/l\/svm-temp\/#organization"},"image":{"@id":"https:\/\/lightweb.dev\/l\/svm-temp\/nyheter\/5g-lanseras-i-spanien-den-15-juni\/#primaryimage"},"thumbnailUrl":"https:\/\/lightweb.dev\/l\/svm-temp\/wp-content\/uploads\/2022\/06\/5g-lanseras-i-spanien-den-15-juni.png","articleSection":["Arkiv","Nyheter"],"inLanguage":"sv-SE"},{"@type":"WebPage","@id":"https:\/\/lightweb.dev\/l\/svm-temp\/nyheter\/5g-lanseras-i-spanien-den-15-juni\/","url":"https:\/\/lightweb.dev\/l\/svm-temp\/nyheter\/5g-lanseras-i-spanien-den-15-juni\/","name":"5G lanseras i Spanien den 15 juni - Svenska Magasinet","isPartOf":{"@id":"https:\/\/lightweb.dev\/l\/svm-temp\/#website"},"primaryImageOfPage":{"@id":"https:\/\/lightweb.dev\/l\/svm-temp\/nyheter\/5g-lanseras-i-spanien-den-15-juni\/#primaryimage"},"image":{"@id":"https:\/\/lightweb.dev\/l\/svm-temp\/nyheter\/5g-lanseras-i-spanien-den-15-juni\/#primaryimage"},"thumbnailUrl":"https:\/\/lightweb.dev\/l\/svm-temp\/wp-content\/uploads\/2022\/06\/5g-lanseras-i-spanien-den-15-juni.png","datePublished":"2019-06-10T22:00:00+00:00","breadcrumb":{"@id":"https:\/\/lightweb.dev\/l\/svm-temp\/nyheter\/5g-lanseras-i-spanien-den-15-juni\/#breadcrumb"},"inLanguage":"sv-SE","potentialAction":[{"@type":"ReadAction","target":["https:\/\/lightweb.dev\/l\/svm-temp\/nyheter\/5g-lanseras-i-spanien-den-15-juni\/"]}]},{"@type":"ImageObject","inLanguage":"sv-SE","@id":"https:\/\/lightweb.dev\/l\/svm-temp\/nyheter\/5g-lanseras-i-spanien-den-15-juni\/#primaryimage","url":"https:\/\/lightweb.dev\/l\/svm-temp\/wp-content\/uploads\/2022\/06\/5g-lanseras-i-spanien-den-15-juni.png","contentUrl":"https:\/\/lightweb.dev\/l\/svm-temp\/wp-content\/uploads\/2022\/06\/5g-lanseras-i-spanien-den-15-juni.png","width":700,"height":420},{"@type":"BreadcrumbList","@id":"https:\/\/lightweb.dev\/l\/svm-temp\/nyheter\/5g-lanseras-i-spanien-den-15-juni\/#breadcrumb","itemListElement":[{"@type":"ListItem","position":1,"name":"Hem","item":"https:\/\/lightweb.dev\/l\/svm-temp\/"},{"@type":"ListItem","position":2,"name":"5G lanseras i Spanien den 15 juni"}]},{"@type":"WebSite","@id":"https:\/\/lightweb.dev\/l\/svm-temp\/#website","url":"https:\/\/lightweb.dev\/l\/svm-temp\/","name":"Svenska Magasinet","description":"Dina Spanska nyheter p&aring; Svenska","publisher":{"@id":"https:\/\/lightweb.dev\/l\/svm-temp\/#organization"},"potentialAction":[{"@type":"SearchAction","target":{"@type":"EntryPoint","urlTemplate":"https:\/\/lightweb.dev\/l\/svm-temp\/?s={search_term_string}"},"query-input":{"@type":"PropertyValueSpecification","valueRequired":true,"valueName":"search_term_string"}}],"inLanguage":"sv-SE"},{"@type":"Organization","@id":"https:\/\/lightweb.dev\/l\/svm-temp\/#organization","name":"Melkerson y Nott SL","alternateName":"Svenska Magasinet","url":"https:\/\/lightweb.dev\/l\/svm-temp\/","logo":{"@type":"ImageObject","inLanguage":"sv-SE","@id":"https:\/\/lightweb.dev\/l\/svm-temp\/#\/schema\/logo\/image\/","url":"https:\/\/lightweb.dev\/l\/svm-temp\/wp-content\/uploads\/2025\/02\/SvM-logo-Xtra-Centrerad-SVART.png","contentUrl":"https:\/\/lightweb.dev\/l\/svm-temp\/wp-content\/uploads\/2025\/02\/SvM-logo-Xtra-Centrerad-SVART.png","width":300,"height":99,"caption":"Melkerson y Nott SL"},"image":{"@id":"https:\/\/lightweb.dev\/l\/svm-temp\/#\/schema\/logo\/image\/"},"sameAs":["https:\/\/www.facebook.com\/svenskamagasinet","https:\/\/x.com\/SvenskaMagasine"]},{"@type":"Person","@id":"https:\/\/lightweb.dev\/l\/svm-temp\/#\/schema\/person\/206a3bda5b607b0c25e1749191e4d837","name":"Redaktionen SvM","description":"Redaktionen","sameAs":["https:\/\/lightweb.dev\/l\/svm-temp"],"url":"https:\/\/lightweb.dev\/l\/svm-temp\/reporter\/redaktionen\/"}]}},"_links":{"self":[{"href":"https:\/\/lightweb.dev\/l\/svm-temp\/wp-json\/wp\/v2\/posts\/16377","targetHints":{"allow":["GET"]}}],"collection":[{"href":"https:\/\/lightweb.dev\/l\/svm-temp\/wp-json\/wp\/v2\/posts"}],"about":[{"href":"https:\/\/lightweb.dev\/l\/svm-temp\/wp-json\/wp\/v2\/types\/post"}],"author":[{"embeddable":true,"href":"https:\/\/lightweb.dev\/l\/svm-temp\/wp-json\/wp\/v2\/users\/8"}],"replies":[{"embeddable":true,"href":"https:\/\/lightweb.dev\/l\/svm-temp\/wp-json\/wp\/v2\/comments?post=16377"}],"version-history":[{"count":0,"href":"https:\/\/lightweb.dev\/l\/svm-temp\/wp-json\/wp\/v2\/posts\/16377\/revisions"}],"wp:featuredmedia":[{"embeddable":true,"href":"https:\/\/lightweb.dev\/l\/svm-temp\/wp-json\/wp\/v2\/media\/16379"}],"wp:attachment":[{"href":"https:\/\/lightweb.dev\/l\/svm-temp\/wp-json\/wp\/v2\/media?parent=16377"}],"wp:term":[{"taxonomy":"category","embeddable":true,"href":"https:\/\/lightweb.dev\/l\/svm-temp\/wp-json\/wp\/v2\/categories?post=16377"},{"taxonomy":"post_tag","embeddable":true,"href":"https:\/\/lightweb.dev\/l\/svm-temp\/wp-json\/wp\/v2\/tags?post=16377"}],"curies":[{"name":"wp","href":"https:\/\/api.w.org\/{rel}","templated":true}]}}