{"id":16393,"date":"2019-06-07T00:00:00","date_gmt":"2019-06-06T22:00:00","guid":{"rendered":"https:\/\/lightweb.dev\/l\/svm-temp\/nyheter\/polisen-i-spanien-far-nya-avancerade-polisbilar\/"},"modified":"2019-06-07T00:00:00","modified_gmt":"2019-06-06T22:00:00","slug":"polisen-i-spanien-far-nya-avancerade-polisbilar","status":"publish","type":"post","link":"https:\/\/lightweb.dev\/l\/svm-temp\/nyheter\/polisen-i-spanien-far-nya-avancerade-polisbilar\/","title":{"rendered":"Polisen i Spanien f\u00e5r nya avancerade polisbilar"},"content":{"rendered":"<p> Nationalpolisen har tagit i bruk de 10 f\u00f6rsta nya \u201dsuperpolisbilarna\u201d, dessa \u00e4r utrustade med en ultramodern elektronisk utrustning, de \u00e4r f\u00f6rsedda med tre kameror och kan automatiskt kontrollera upp till 400 registreringsskyltar per minut med omedelbar igenk\u00e4nning. Uppt\u00e4cker bilen en stulen bil larmar den omedelbart f\u00f6raren.<\/p>\n<p>Vidare har de ett system f\u00f6r utbyte av information i realtid av meddelanden, fotografier och videor. De \u00e4r ocks\u00e5 utrustade med dokumentskanner och fingeravtrycksl\u00e4sare kopplade till SAID f\u00f6r att kunna kontrollera en persons id eller pass, n\u00e5got som hittills bara kunnat utf\u00f6ras p\u00e5 polisstationerna.<\/p>\n<p>I mittkonsolen har de en 10 tums peksk\u00e4rm f\u00f6r kommunikation med centralen, ett externt tangentbord h\u00f6r \u00e4ven till den utrustningen. Inuti bilarna finns en kamera som \u00f6vervakar s\u00e4tet d\u00e4r de gripna befinner sig. Hela systemet har automatisk inspelning av b\u00e5de ljud och bild fr\u00e5n alla kamerorna, inspelningarna lagras i 30 dagar och kan bara l\u00e4sas p\u00e5 beg\u00e4ran av enheten f\u00f6r telekommunikation.<\/p>\n<p>Bilarna har d\u00f6pts till \u201di-zeta\u201d och \u00e4r specialutrustade Toyota Prius+, de \u00e4r hybridbilar vilket g\u00f6r att de kan smyga n\u00e4st intill ljudl\u00f6st. Hybridtekniken betyder ocks\u00e5 att driftskostnaderna h\u00e5lls l\u00e5ga och att polisens koldioxidavtryck minskas. <\/p>\n<p>De 10 f\u00f6rsta bilarna hamnar i Madrid, Sevilla, Valencia, Zaragoza, M\u00e1laga, Palma de Mallorca och Vigo (Pontevedra). Ytterligare 152 stycken \u00e4r best\u00e4llda och samtliga skall vara levererade 2020. Bildtext: Den omskrivna polisbilen, foto: Polic\u00eda Nacional.<\/p>\n","protected":false},"excerpt":{"rendered":"<p>Nationalpolisen har tagit i bruk de 10 f\u00f6rsta nya \u201dsuperpolisbilarna\u201d, dessa \u00e4r utrustade med en ultramodern elektronisk utrustning, de \u00e4r f\u00f6rsedda med tre kameror och kan automatiskt kontrollera upp till 400 registreringsskyltar per minut med omedelbar igenk\u00e4nning. Uppt\u00e4cker bilen en stulen bil larmar den omedelbart f\u00f6raren. Vidare har de ett system f\u00f6r utbyte av information [&hellip;]<\/p>\n","protected":false},"author":8,"featured_media":16395,"comment_status":"open","ping_status":"open","sticky":false,"template":"","format":"standard","meta":{"_et_pb_use_builder":"","_et_pb_old_content":"","_et_gb_content_width":"","footnotes":""},"categories":[395,3],"tags":[],"class_list":["post-16393","post","type-post","status-publish","format-standard","has-post-thumbnail","hentry","category-arkiv-nyheter","category-nyheter"],"yoast_head":"<!-- This site is optimized with the Yoast SEO Premium plugin v26.2 (Yoast SEO v27.5) - https:\/\/yoast.com\/product\/yoast-seo-premium-wordpress\/ -->\n<title>Polisen i Spanien f\u00e5r nya avancerade polisbilar - Svenska Magasinet<\/title>\n<meta name=\"robots\" content=\"noindex, follow, max-snippet:-1, max-image-preview:large, max-video-preview:-1\" \/>\n<meta property=\"og:locale\" content=\"sv_SE\" \/>\n<meta property=\"og:type\" content=\"article\" \/>\n<meta property=\"og:title\" content=\"Polisen i Spanien f\u00e5r nya avancerade polisbilar\" \/>\n<meta property=\"og:description\" content=\"Nationalpolisen har tagit i bruk de 10 f\u00f6rsta nya \u201dsuperpolisbilarna\u201d, dessa \u00e4r utrustade med en ultramodern elektronisk utrustning, de \u00e4r f\u00f6rsedda med tre kameror och kan automatiskt kontrollera upp till 400 registreringsskyltar per minut med omedelbar igenk\u00e4nning. Uppt\u00e4cker bilen en stulen bil larmar den omedelbart f\u00f6raren. Vidare har de ett system f\u00f6r utbyte av information [&hellip;]\" \/>\n<meta property=\"og:url\" content=\"https:\/\/lightweb.dev\/l\/svm-temp\/nyheter\/polisen-i-spanien-far-nya-avancerade-polisbilar\/\" \/>\n<meta property=\"og:site_name\" content=\"Svenska Magasinet\" \/>\n<meta property=\"article:publisher\" content=\"https:\/\/www.facebook.com\/svenskamagasinet\" \/>\n<meta property=\"article:published_time\" content=\"2019-06-06T22:00:00+00:00\" \/>\n<meta property=\"og:image\" content=\"https:\/\/lightweb.dev\/l\/svm-temp\/wp-content\/uploads\/2022\/06\/polisen-i-spanien-far-nya-avancerade-polisbilar.png\" \/>\n\t<meta property=\"og:image:width\" content=\"700\" \/>\n\t<meta property=\"og:image:height\" content=\"420\" \/>\n\t<meta property=\"og:image:type\" content=\"image\/png\" \/>\n<meta name=\"author\" content=\"Redaktionen SvM\" \/>\n<meta name=\"twitter:card\" content=\"summary_large_image\" \/>\n<meta name=\"twitter:creator\" content=\"@SvenskaMagasine\" \/>\n<meta name=\"twitter:site\" content=\"@SvenskaMagasine\" \/>\n<script type=\"application\/ld+json\" class=\"yoast-schema-graph\">{\"@context\":\"https:\\\/\\\/schema.org\",\"@graph\":[{\"@type\":\"Article\",\"@id\":\"https:\\\/\\\/lightweb.dev\\\/l\\\/svm-temp\\\/nyheter\\\/polisen-i-spanien-far-nya-avancerade-polisbilar\\\/#article\",\"isPartOf\":{\"@id\":\"https:\\\/\\\/lightweb.dev\\\/l\\\/svm-temp\\\/nyheter\\\/polisen-i-spanien-far-nya-avancerade-polisbilar\\\/\"},\"author\":{\"name\":\"Redaktionen SvM\",\"@id\":\"https:\\\/\\\/lightweb.dev\\\/l\\\/svm-temp\\\/#\\\/schema\\\/person\\\/206a3bda5b607b0c25e1749191e4d837\"},\"headline\":\"Polisen i Spanien f\u00e5r nya avancerade polisbilar\",\"datePublished\":\"2019-06-06T22:00:00+00:00\",\"mainEntityOfPage\":{\"@id\":\"https:\\\/\\\/lightweb.dev\\\/l\\\/svm-temp\\\/nyheter\\\/polisen-i-spanien-far-nya-avancerade-polisbilar\\\/\"},\"wordCount\":251,\"commentCount\":0,\"publisher\":{\"@id\":\"https:\\\/\\\/lightweb.dev\\\/l\\\/svm-temp\\\/#organization\"},\"image\":{\"@id\":\"https:\\\/\\\/lightweb.dev\\\/l\\\/svm-temp\\\/nyheter\\\/polisen-i-spanien-far-nya-avancerade-polisbilar\\\/#primaryimage\"},\"thumbnailUrl\":\"https:\\\/\\\/lightweb.dev\\\/l\\\/svm-temp\\\/wp-content\\\/uploads\\\/2022\\\/06\\\/polisen-i-spanien-far-nya-avancerade-polisbilar.png\",\"articleSection\":[\"Arkiv\",\"Nyheter\"],\"inLanguage\":\"sv-SE\"},{\"@type\":\"WebPage\",\"@id\":\"https:\\\/\\\/lightweb.dev\\\/l\\\/svm-temp\\\/nyheter\\\/polisen-i-spanien-far-nya-avancerade-polisbilar\\\/\",\"url\":\"https:\\\/\\\/lightweb.dev\\\/l\\\/svm-temp\\\/nyheter\\\/polisen-i-spanien-far-nya-avancerade-polisbilar\\\/\",\"name\":\"Polisen i Spanien f\u00e5r nya avancerade polisbilar - Svenska Magasinet\",\"isPartOf\":{\"@id\":\"https:\\\/\\\/lightweb.dev\\\/l\\\/svm-temp\\\/#website\"},\"primaryImageOfPage\":{\"@id\":\"https:\\\/\\\/lightweb.dev\\\/l\\\/svm-temp\\\/nyheter\\\/polisen-i-spanien-far-nya-avancerade-polisbilar\\\/#primaryimage\"},\"image\":{\"@id\":\"https:\\\/\\\/lightweb.dev\\\/l\\\/svm-temp\\\/nyheter\\\/polisen-i-spanien-far-nya-avancerade-polisbilar\\\/#primaryimage\"},\"thumbnailUrl\":\"https:\\\/\\\/lightweb.dev\\\/l\\\/svm-temp\\\/wp-content\\\/uploads\\\/2022\\\/06\\\/polisen-i-spanien-far-nya-avancerade-polisbilar.png\",\"datePublished\":\"2019-06-06T22:00:00+00:00\",\"breadcrumb\":{\"@id\":\"https:\\\/\\\/lightweb.dev\\\/l\\\/svm-temp\\\/nyheter\\\/polisen-i-spanien-far-nya-avancerade-polisbilar\\\/#breadcrumb\"},\"inLanguage\":\"sv-SE\",\"potentialAction\":[{\"@type\":\"ReadAction\",\"target\":[\"https:\\\/\\\/lightweb.dev\\\/l\\\/svm-temp\\\/nyheter\\\/polisen-i-spanien-far-nya-avancerade-polisbilar\\\/\"]}]},{\"@type\":\"ImageObject\",\"inLanguage\":\"sv-SE\",\"@id\":\"https:\\\/\\\/lightweb.dev\\\/l\\\/svm-temp\\\/nyheter\\\/polisen-i-spanien-far-nya-avancerade-polisbilar\\\/#primaryimage\",\"url\":\"https:\\\/\\\/lightweb.dev\\\/l\\\/svm-temp\\\/wp-content\\\/uploads\\\/2022\\\/06\\\/polisen-i-spanien-far-nya-avancerade-polisbilar.png\",\"contentUrl\":\"https:\\\/\\\/lightweb.dev\\\/l\\\/svm-temp\\\/wp-content\\\/uploads\\\/2022\\\/06\\\/polisen-i-spanien-far-nya-avancerade-polisbilar.png\",\"width\":700,\"height\":420},{\"@type\":\"BreadcrumbList\",\"@id\":\"https:\\\/\\\/lightweb.dev\\\/l\\\/svm-temp\\\/nyheter\\\/polisen-i-spanien-far-nya-avancerade-polisbilar\\\/#breadcrumb\",\"itemListElement\":[{\"@type\":\"ListItem\",\"position\":1,\"name\":\"Hem\",\"item\":\"https:\\\/\\\/lightweb.dev\\\/l\\\/svm-temp\\\/\"},{\"@type\":\"ListItem\",\"position\":2,\"name\":\"Polisen i Spanien f\u00e5r nya avancerade polisbilar\"}]},{\"@type\":\"WebSite\",\"@id\":\"https:\\\/\\\/lightweb.dev\\\/l\\\/svm-temp\\\/#website\",\"url\":\"https:\\\/\\\/lightweb.dev\\\/l\\\/svm-temp\\\/\",\"name\":\"Svenska Magasinet\",\"description\":\"Dina Spanska nyheter p&aring; Svenska\",\"publisher\":{\"@id\":\"https:\\\/\\\/lightweb.dev\\\/l\\\/svm-temp\\\/#organization\"},\"potentialAction\":[{\"@type\":\"SearchAction\",\"target\":{\"@type\":\"EntryPoint\",\"urlTemplate\":\"https:\\\/\\\/lightweb.dev\\\/l\\\/svm-temp\\\/?s={search_term_string}\"},\"query-input\":{\"@type\":\"PropertyValueSpecification\",\"valueRequired\":true,\"valueName\":\"search_term_string\"}}],\"inLanguage\":\"sv-SE\"},{\"@type\":\"Organization\",\"@id\":\"https:\\\/\\\/lightweb.dev\\\/l\\\/svm-temp\\\/#organization\",\"name\":\"Melkerson y Nott SL\",\"alternateName\":\"Svenska Magasinet\",\"url\":\"https:\\\/\\\/lightweb.dev\\\/l\\\/svm-temp\\\/\",\"logo\":{\"@type\":\"ImageObject\",\"inLanguage\":\"sv-SE\",\"@id\":\"https:\\\/\\\/lightweb.dev\\\/l\\\/svm-temp\\\/#\\\/schema\\\/logo\\\/image\\\/\",\"url\":\"https:\\\/\\\/lightweb.dev\\\/l\\\/svm-temp\\\/wp-content\\\/uploads\\\/2025\\\/02\\\/SvM-logo-Xtra-Centrerad-SVART.png\",\"contentUrl\":\"https:\\\/\\\/lightweb.dev\\\/l\\\/svm-temp\\\/wp-content\\\/uploads\\\/2025\\\/02\\\/SvM-logo-Xtra-Centrerad-SVART.png\",\"width\":300,\"height\":99,\"caption\":\"Melkerson y Nott SL\"},\"image\":{\"@id\":\"https:\\\/\\\/lightweb.dev\\\/l\\\/svm-temp\\\/#\\\/schema\\\/logo\\\/image\\\/\"},\"sameAs\":[\"https:\\\/\\\/www.facebook.com\\\/svenskamagasinet\",\"https:\\\/\\\/x.com\\\/SvenskaMagasine\"]},{\"@type\":\"Person\",\"@id\":\"https:\\\/\\\/lightweb.dev\\\/l\\\/svm-temp\\\/#\\\/schema\\\/person\\\/206a3bda5b607b0c25e1749191e4d837\",\"name\":\"Redaktionen SvM\",\"description\":\"Redaktionen\",\"sameAs\":[\"https:\\\/\\\/lightweb.dev\\\/l\\\/svm-temp\"],\"url\":\"https:\\\/\\\/lightweb.dev\\\/l\\\/svm-temp\\\/reporter\\\/redaktionen\\\/\"}]}<\/script>\n<!-- \/ Yoast SEO Premium plugin. -->","yoast_head_json":{"title":"Polisen i Spanien f\u00e5r nya avancerade polisbilar - Svenska Magasinet","robots":{"index":"noindex","follow":"follow","max-snippet":"max-snippet:-1","max-image-preview":"max-image-preview:large","max-video-preview":"max-video-preview:-1"},"og_locale":"sv_SE","og_type":"article","og_title":"Polisen i Spanien f\u00e5r nya avancerade polisbilar","og_description":"Nationalpolisen har tagit i bruk de 10 f\u00f6rsta nya \u201dsuperpolisbilarna\u201d, dessa \u00e4r utrustade med en ultramodern elektronisk utrustning, de \u00e4r f\u00f6rsedda med tre kameror och kan automatiskt kontrollera upp till 400 registreringsskyltar per minut med omedelbar igenk\u00e4nning. Uppt\u00e4cker bilen en stulen bil larmar den omedelbart f\u00f6raren. Vidare har de ett system f\u00f6r utbyte av information [&hellip;]","og_url":"https:\/\/lightweb.dev\/l\/svm-temp\/nyheter\/polisen-i-spanien-far-nya-avancerade-polisbilar\/","og_site_name":"Svenska Magasinet","article_publisher":"https:\/\/www.facebook.com\/svenskamagasinet","article_published_time":"2019-06-06T22:00:00+00:00","og_image":[{"width":700,"height":420,"url":"https:\/\/lightweb.dev\/l\/svm-temp\/wp-content\/uploads\/2022\/06\/polisen-i-spanien-far-nya-avancerade-polisbilar.png","type":"image\/png"}],"author":"Redaktionen SvM","twitter_card":"summary_large_image","twitter_creator":"@SvenskaMagasine","twitter_site":"@SvenskaMagasine","schema":{"@context":"https:\/\/schema.org","@graph":[{"@type":"Article","@id":"https:\/\/lightweb.dev\/l\/svm-temp\/nyheter\/polisen-i-spanien-far-nya-avancerade-polisbilar\/#article","isPartOf":{"@id":"https:\/\/lightweb.dev\/l\/svm-temp\/nyheter\/polisen-i-spanien-far-nya-avancerade-polisbilar\/"},"author":{"name":"Redaktionen SvM","@id":"https:\/\/lightweb.dev\/l\/svm-temp\/#\/schema\/person\/206a3bda5b607b0c25e1749191e4d837"},"headline":"Polisen i Spanien f\u00e5r nya avancerade polisbilar","datePublished":"2019-06-06T22:00:00+00:00","mainEntityOfPage":{"@id":"https:\/\/lightweb.dev\/l\/svm-temp\/nyheter\/polisen-i-spanien-far-nya-avancerade-polisbilar\/"},"wordCount":251,"commentCount":0,"publisher":{"@id":"https:\/\/lightweb.dev\/l\/svm-temp\/#organization"},"image":{"@id":"https:\/\/lightweb.dev\/l\/svm-temp\/nyheter\/polisen-i-spanien-far-nya-avancerade-polisbilar\/#primaryimage"},"thumbnailUrl":"https:\/\/lightweb.dev\/l\/svm-temp\/wp-content\/uploads\/2022\/06\/polisen-i-spanien-far-nya-avancerade-polisbilar.png","articleSection":["Arkiv","Nyheter"],"inLanguage":"sv-SE"},{"@type":"WebPage","@id":"https:\/\/lightweb.dev\/l\/svm-temp\/nyheter\/polisen-i-spanien-far-nya-avancerade-polisbilar\/","url":"https:\/\/lightweb.dev\/l\/svm-temp\/nyheter\/polisen-i-spanien-far-nya-avancerade-polisbilar\/","name":"Polisen i Spanien f\u00e5r nya avancerade polisbilar - Svenska Magasinet","isPartOf":{"@id":"https:\/\/lightweb.dev\/l\/svm-temp\/#website"},"primaryImageOfPage":{"@id":"https:\/\/lightweb.dev\/l\/svm-temp\/nyheter\/polisen-i-spanien-far-nya-avancerade-polisbilar\/#primaryimage"},"image":{"@id":"https:\/\/lightweb.dev\/l\/svm-temp\/nyheter\/polisen-i-spanien-far-nya-avancerade-polisbilar\/#primaryimage"},"thumbnailUrl":"https:\/\/lightweb.dev\/l\/svm-temp\/wp-content\/uploads\/2022\/06\/polisen-i-spanien-far-nya-avancerade-polisbilar.png","datePublished":"2019-06-06T22:00:00+00:00","breadcrumb":{"@id":"https:\/\/lightweb.dev\/l\/svm-temp\/nyheter\/polisen-i-spanien-far-nya-avancerade-polisbilar\/#breadcrumb"},"inLanguage":"sv-SE","potentialAction":[{"@type":"ReadAction","target":["https:\/\/lightweb.dev\/l\/svm-temp\/nyheter\/polisen-i-spanien-far-nya-avancerade-polisbilar\/"]}]},{"@type":"ImageObject","inLanguage":"sv-SE","@id":"https:\/\/lightweb.dev\/l\/svm-temp\/nyheter\/polisen-i-spanien-far-nya-avancerade-polisbilar\/#primaryimage","url":"https:\/\/lightweb.dev\/l\/svm-temp\/wp-content\/uploads\/2022\/06\/polisen-i-spanien-far-nya-avancerade-polisbilar.png","contentUrl":"https:\/\/lightweb.dev\/l\/svm-temp\/wp-content\/uploads\/2022\/06\/polisen-i-spanien-far-nya-avancerade-polisbilar.png","width":700,"height":420},{"@type":"BreadcrumbList","@id":"https:\/\/lightweb.dev\/l\/svm-temp\/nyheter\/polisen-i-spanien-far-nya-avancerade-polisbilar\/#breadcrumb","itemListElement":[{"@type":"ListItem","position":1,"name":"Hem","item":"https:\/\/lightweb.dev\/l\/svm-temp\/"},{"@type":"ListItem","position":2,"name":"Polisen i Spanien f\u00e5r nya avancerade polisbilar"}]},{"@type":"WebSite","@id":"https:\/\/lightweb.dev\/l\/svm-temp\/#website","url":"https:\/\/lightweb.dev\/l\/svm-temp\/","name":"Svenska Magasinet","description":"Dina Spanska nyheter p&aring; Svenska","publisher":{"@id":"https:\/\/lightweb.dev\/l\/svm-temp\/#organization"},"potentialAction":[{"@type":"SearchAction","target":{"@type":"EntryPoint","urlTemplate":"https:\/\/lightweb.dev\/l\/svm-temp\/?s={search_term_string}"},"query-input":{"@type":"PropertyValueSpecification","valueRequired":true,"valueName":"search_term_string"}}],"inLanguage":"sv-SE"},{"@type":"Organization","@id":"https:\/\/lightweb.dev\/l\/svm-temp\/#organization","name":"Melkerson y Nott SL","alternateName":"Svenska Magasinet","url":"https:\/\/lightweb.dev\/l\/svm-temp\/","logo":{"@type":"ImageObject","inLanguage":"sv-SE","@id":"https:\/\/lightweb.dev\/l\/svm-temp\/#\/schema\/logo\/image\/","url":"https:\/\/lightweb.dev\/l\/svm-temp\/wp-content\/uploads\/2025\/02\/SvM-logo-Xtra-Centrerad-SVART.png","contentUrl":"https:\/\/lightweb.dev\/l\/svm-temp\/wp-content\/uploads\/2025\/02\/SvM-logo-Xtra-Centrerad-SVART.png","width":300,"height":99,"caption":"Melkerson y Nott SL"},"image":{"@id":"https:\/\/lightweb.dev\/l\/svm-temp\/#\/schema\/logo\/image\/"},"sameAs":["https:\/\/www.facebook.com\/svenskamagasinet","https:\/\/x.com\/SvenskaMagasine"]},{"@type":"Person","@id":"https:\/\/lightweb.dev\/l\/svm-temp\/#\/schema\/person\/206a3bda5b607b0c25e1749191e4d837","name":"Redaktionen SvM","description":"Redaktionen","sameAs":["https:\/\/lightweb.dev\/l\/svm-temp"],"url":"https:\/\/lightweb.dev\/l\/svm-temp\/reporter\/redaktionen\/"}]}},"_links":{"self":[{"href":"https:\/\/lightweb.dev\/l\/svm-temp\/wp-json\/wp\/v2\/posts\/16393","targetHints":{"allow":["GET"]}}],"collection":[{"href":"https:\/\/lightweb.dev\/l\/svm-temp\/wp-json\/wp\/v2\/posts"}],"about":[{"href":"https:\/\/lightweb.dev\/l\/svm-temp\/wp-json\/wp\/v2\/types\/post"}],"author":[{"embeddable":true,"href":"https:\/\/lightweb.dev\/l\/svm-temp\/wp-json\/wp\/v2\/users\/8"}],"replies":[{"embeddable":true,"href":"https:\/\/lightweb.dev\/l\/svm-temp\/wp-json\/wp\/v2\/comments?post=16393"}],"version-history":[{"count":0,"href":"https:\/\/lightweb.dev\/l\/svm-temp\/wp-json\/wp\/v2\/posts\/16393\/revisions"}],"wp:featuredmedia":[{"embeddable":true,"href":"https:\/\/lightweb.dev\/l\/svm-temp\/wp-json\/wp\/v2\/media\/16395"}],"wp:attachment":[{"href":"https:\/\/lightweb.dev\/l\/svm-temp\/wp-json\/wp\/v2\/media?parent=16393"}],"wp:term":[{"taxonomy":"category","embeddable":true,"href":"https:\/\/lightweb.dev\/l\/svm-temp\/wp-json\/wp\/v2\/categories?post=16393"},{"taxonomy":"post_tag","embeddable":true,"href":"https:\/\/lightweb.dev\/l\/svm-temp\/wp-json\/wp\/v2\/tags?post=16393"}],"curies":[{"name":"wp","href":"https:\/\/api.w.org\/{rel}","templated":true}]}}