{"id":16398,"date":"2019-06-06T00:00:00","date_gmt":"2019-06-05T22:00:00","guid":{"rendered":"https:\/\/lightweb.dev\/l\/svm-temp\/nyheter\/627-levande-reptiler-konfiskerade-fran-olagliga-handlare-i-spanien\/"},"modified":"2019-06-06T00:00:00","modified_gmt":"2019-06-05T22:00:00","slug":"627-levande-reptiler-konfiskerade-fran-olagliga-handlare-i-spanien","status":"publish","type":"post","link":"https:\/\/lightweb.dev\/l\/svm-temp\/nyheter\/627-levande-reptiler-konfiskerade-fran-olagliga-handlare-i-spanien\/","title":{"rendered":"627 levande reptiler konfiskerade fr\u00e5n olagliga handlare i Spanien"},"content":{"rendered":"<p> Guardia Civil har i en stor operation mot olaglig handel med skyddade arter konfiskerat totalt 627 levande exemplar av bland andra grekiska sk\u00f6ldpaddor, stora Aldabrask\u00f6ldpaddor och afrikanska sporrsk\u00f6ldpaddor.<\/p>\n<p>Tillslagen i Spanien var en del av en stor internationell insats i 22 l\u00e4nder, vilket hittills har resulterat i konfiskering av \u00f6ver 1.500 reptiler inkluderande ormar, \u00f6dlor och geckos. 12 gripanden har gjorts, 6 i Spanien och 6 i Italien.<\/p>\n<p>I Spanien genomf\u00f6rdes 217 kontroller av djuraff\u00e4rer, transportf\u00f6retag, privata hem och lagerbyggnader.  Bland resultaten uppt\u00e4cktes ett otill\u00e5tet avelscenter och flera fall av olagliga sk\u00f6ldpaddsf\u00f6rs\u00e4ljningar. De flesta uppt\u00e4ckterna gjordes i regionen Murcia och den n\u00e4rliggande provinsen Almer\u00eda. I dessa omr\u00e5den \u00e4r \u00e4gandet av vilda sk\u00f6ldpaddor \u00f6verraskande vanligt, trots att det har blivit f\u00f6rbjudet. Dessa djur \u00e4r h\u00e4r l\u00e4tta att hitta och f\u00e5nga varefter de ofta s\u00e4ljs vidare till m\u00e4nniskor i l\u00e4nder d\u00e4r de inte finns naturligt.<\/p>\n<p>Enligt studier av FN och Interpol \u00e4r milj\u00f6brott den fj\u00e4rde mest lukrativa olagliga marknaden i v\u00e4rlden. Efter narkotikahandel, f\u00f6rs\u00e4ljning av falska m\u00e4rkesvaror och m\u00e4nniskohandel, med profiter p\u00e5 mellan 81.000 och 231.000 miljoner euro per \u00e5r. Dessa aktiviteter v\u00e4xer f\u00f6r n\u00e4rvarande med 6% per \u00e5r och Spanien har p\u00e5 grund av sitt geografiska l\u00e4ge mellan Afrika, Europa och Sydamerika blivit en av de viktigaste transportv\u00e4garna. Dessutom \u00e4r det allm\u00e4nt k\u00e4nt att \u00e5lyngel exporteras olagligt fr\u00e5n Spanien till Kina, vilket ytterligare bidrar till den negativa effekten av handel med skyddade eller utrotningshotade arter. Bildtext: Aldabrask\u00f6ldpadda \u00e4r en landsk\u00f6ldpadda som blir upp till 120 centimeter l\u00e5ng och den \u00e4r listad som globalt s\u00e5rbar. Djuren kan bli mycket gamla, troligen uppemot tv\u00e5hundra \u00e5r. Foto: Pixabay.<\/p>\n","protected":false},"excerpt":{"rendered":"<p>Guardia Civil har i en stor operation mot olaglig handel med skyddade arter konfiskerat totalt 627 levande exemplar av bland andra grekiska sk\u00f6ldpaddor, stora Aldabrask\u00f6ldpaddor och afrikanska sporrsk\u00f6ldpaddor. Tillslagen i Spanien var en del av en stor internationell insats i 22 l\u00e4nder, vilket hittills har resulterat i konfiskering av \u00f6ver 1.500 reptiler inkluderande ormar, \u00f6dlor [&hellip;]<\/p>\n","protected":false},"author":8,"featured_media":16400,"comment_status":"open","ping_status":"open","sticky":false,"template":"","format":"standard","meta":{"_et_pb_use_builder":"","_et_pb_old_content":"","_et_gb_content_width":"","footnotes":""},"categories":[395,3],"tags":[],"class_list":["post-16398","post","type-post","status-publish","format-standard","has-post-thumbnail","hentry","category-arkiv-nyheter","category-nyheter"],"yoast_head":"<!-- This site is optimized with the Yoast SEO Premium plugin v26.2 (Yoast SEO v27.5) - https:\/\/yoast.com\/product\/yoast-seo-premium-wordpress\/ -->\n<title>627 levande reptiler konfiskerade fr\u00e5n olagliga handlare i Spanien - Svenska Magasinet<\/title>\n<meta name=\"robots\" content=\"noindex, follow, max-snippet:-1, max-image-preview:large, max-video-preview:-1\" \/>\n<meta property=\"og:locale\" content=\"sv_SE\" \/>\n<meta property=\"og:type\" content=\"article\" \/>\n<meta property=\"og:title\" content=\"627 levande reptiler konfiskerade fr\u00e5n olagliga handlare i Spanien\" \/>\n<meta property=\"og:description\" content=\"Guardia Civil har i en stor operation mot olaglig handel med skyddade arter konfiskerat totalt 627 levande exemplar av bland andra grekiska sk\u00f6ldpaddor, stora Aldabrask\u00f6ldpaddor och afrikanska sporrsk\u00f6ldpaddor. Tillslagen i Spanien var en del av en stor internationell insats i 22 l\u00e4nder, vilket hittills har resulterat i konfiskering av \u00f6ver 1.500 reptiler inkluderande ormar, \u00f6dlor [&hellip;]\" \/>\n<meta property=\"og:url\" content=\"https:\/\/lightweb.dev\/l\/svm-temp\/nyheter\/627-levande-reptiler-konfiskerade-fran-olagliga-handlare-i-spanien\/\" \/>\n<meta property=\"og:site_name\" content=\"Svenska Magasinet\" \/>\n<meta property=\"article:publisher\" content=\"https:\/\/www.facebook.com\/svenskamagasinet\" \/>\n<meta property=\"article:published_time\" content=\"2019-06-05T22:00:00+00:00\" \/>\n<meta property=\"og:image\" content=\"https:\/\/lightweb.dev\/l\/svm-temp\/wp-content\/uploads\/2022\/06\/627-levande-reptiler-konfiskerade-fran-olagliga-handlare-i-spanien.png\" \/>\n\t<meta property=\"og:image:width\" content=\"700\" \/>\n\t<meta property=\"og:image:height\" content=\"420\" \/>\n\t<meta property=\"og:image:type\" content=\"image\/png\" \/>\n<meta name=\"author\" content=\"Redaktionen SvM\" \/>\n<meta name=\"twitter:card\" content=\"summary_large_image\" \/>\n<meta name=\"twitter:creator\" content=\"@SvenskaMagasine\" \/>\n<meta name=\"twitter:site\" content=\"@SvenskaMagasine\" \/>\n<script type=\"application\/ld+json\" class=\"yoast-schema-graph\">{\"@context\":\"https:\\\/\\\/schema.org\",\"@graph\":[{\"@type\":\"Article\",\"@id\":\"https:\\\/\\\/lightweb.dev\\\/l\\\/svm-temp\\\/nyheter\\\/627-levande-reptiler-konfiskerade-fran-olagliga-handlare-i-spanien\\\/#article\",\"isPartOf\":{\"@id\":\"https:\\\/\\\/lightweb.dev\\\/l\\\/svm-temp\\\/nyheter\\\/627-levande-reptiler-konfiskerade-fran-olagliga-handlare-i-spanien\\\/\"},\"author\":{\"name\":\"Redaktionen SvM\",\"@id\":\"https:\\\/\\\/lightweb.dev\\\/l\\\/svm-temp\\\/#\\\/schema\\\/person\\\/206a3bda5b607b0c25e1749191e4d837\"},\"headline\":\"627 levande reptiler konfiskerade fr\u00e5n olagliga handlare i Spanien\",\"datePublished\":\"2019-06-05T22:00:00+00:00\",\"mainEntityOfPage\":{\"@id\":\"https:\\\/\\\/lightweb.dev\\\/l\\\/svm-temp\\\/nyheter\\\/627-levande-reptiler-konfiskerade-fran-olagliga-handlare-i-spanien\\\/\"},\"wordCount\":307,\"commentCount\":0,\"publisher\":{\"@id\":\"https:\\\/\\\/lightweb.dev\\\/l\\\/svm-temp\\\/#organization\"},\"image\":{\"@id\":\"https:\\\/\\\/lightweb.dev\\\/l\\\/svm-temp\\\/nyheter\\\/627-levande-reptiler-konfiskerade-fran-olagliga-handlare-i-spanien\\\/#primaryimage\"},\"thumbnailUrl\":\"https:\\\/\\\/lightweb.dev\\\/l\\\/svm-temp\\\/wp-content\\\/uploads\\\/2022\\\/06\\\/627-levande-reptiler-konfiskerade-fran-olagliga-handlare-i-spanien.png\",\"articleSection\":[\"Arkiv\",\"Nyheter\"],\"inLanguage\":\"sv-SE\"},{\"@type\":\"WebPage\",\"@id\":\"https:\\\/\\\/lightweb.dev\\\/l\\\/svm-temp\\\/nyheter\\\/627-levande-reptiler-konfiskerade-fran-olagliga-handlare-i-spanien\\\/\",\"url\":\"https:\\\/\\\/lightweb.dev\\\/l\\\/svm-temp\\\/nyheter\\\/627-levande-reptiler-konfiskerade-fran-olagliga-handlare-i-spanien\\\/\",\"name\":\"627 levande reptiler konfiskerade fr\u00e5n olagliga handlare i Spanien - Svenska Magasinet\",\"isPartOf\":{\"@id\":\"https:\\\/\\\/lightweb.dev\\\/l\\\/svm-temp\\\/#website\"},\"primaryImageOfPage\":{\"@id\":\"https:\\\/\\\/lightweb.dev\\\/l\\\/svm-temp\\\/nyheter\\\/627-levande-reptiler-konfiskerade-fran-olagliga-handlare-i-spanien\\\/#primaryimage\"},\"image\":{\"@id\":\"https:\\\/\\\/lightweb.dev\\\/l\\\/svm-temp\\\/nyheter\\\/627-levande-reptiler-konfiskerade-fran-olagliga-handlare-i-spanien\\\/#primaryimage\"},\"thumbnailUrl\":\"https:\\\/\\\/lightweb.dev\\\/l\\\/svm-temp\\\/wp-content\\\/uploads\\\/2022\\\/06\\\/627-levande-reptiler-konfiskerade-fran-olagliga-handlare-i-spanien.png\",\"datePublished\":\"2019-06-05T22:00:00+00:00\",\"breadcrumb\":{\"@id\":\"https:\\\/\\\/lightweb.dev\\\/l\\\/svm-temp\\\/nyheter\\\/627-levande-reptiler-konfiskerade-fran-olagliga-handlare-i-spanien\\\/#breadcrumb\"},\"inLanguage\":\"sv-SE\",\"potentialAction\":[{\"@type\":\"ReadAction\",\"target\":[\"https:\\\/\\\/lightweb.dev\\\/l\\\/svm-temp\\\/nyheter\\\/627-levande-reptiler-konfiskerade-fran-olagliga-handlare-i-spanien\\\/\"]}]},{\"@type\":\"ImageObject\",\"inLanguage\":\"sv-SE\",\"@id\":\"https:\\\/\\\/lightweb.dev\\\/l\\\/svm-temp\\\/nyheter\\\/627-levande-reptiler-konfiskerade-fran-olagliga-handlare-i-spanien\\\/#primaryimage\",\"url\":\"https:\\\/\\\/lightweb.dev\\\/l\\\/svm-temp\\\/wp-content\\\/uploads\\\/2022\\\/06\\\/627-levande-reptiler-konfiskerade-fran-olagliga-handlare-i-spanien.png\",\"contentUrl\":\"https:\\\/\\\/lightweb.dev\\\/l\\\/svm-temp\\\/wp-content\\\/uploads\\\/2022\\\/06\\\/627-levande-reptiler-konfiskerade-fran-olagliga-handlare-i-spanien.png\",\"width\":700,\"height\":420},{\"@type\":\"BreadcrumbList\",\"@id\":\"https:\\\/\\\/lightweb.dev\\\/l\\\/svm-temp\\\/nyheter\\\/627-levande-reptiler-konfiskerade-fran-olagliga-handlare-i-spanien\\\/#breadcrumb\",\"itemListElement\":[{\"@type\":\"ListItem\",\"position\":1,\"name\":\"Hem\",\"item\":\"https:\\\/\\\/lightweb.dev\\\/l\\\/svm-temp\\\/\"},{\"@type\":\"ListItem\",\"position\":2,\"name\":\"627 levande reptiler konfiskerade fr\u00e5n olagliga handlare i Spanien\"}]},{\"@type\":\"WebSite\",\"@id\":\"https:\\\/\\\/lightweb.dev\\\/l\\\/svm-temp\\\/#website\",\"url\":\"https:\\\/\\\/lightweb.dev\\\/l\\\/svm-temp\\\/\",\"name\":\"Svenska Magasinet\",\"description\":\"Dina Spanska nyheter p&aring; Svenska\",\"publisher\":{\"@id\":\"https:\\\/\\\/lightweb.dev\\\/l\\\/svm-temp\\\/#organization\"},\"potentialAction\":[{\"@type\":\"SearchAction\",\"target\":{\"@type\":\"EntryPoint\",\"urlTemplate\":\"https:\\\/\\\/lightweb.dev\\\/l\\\/svm-temp\\\/?s={search_term_string}\"},\"query-input\":{\"@type\":\"PropertyValueSpecification\",\"valueRequired\":true,\"valueName\":\"search_term_string\"}}],\"inLanguage\":\"sv-SE\"},{\"@type\":\"Organization\",\"@id\":\"https:\\\/\\\/lightweb.dev\\\/l\\\/svm-temp\\\/#organization\",\"name\":\"Melkerson y Nott SL\",\"alternateName\":\"Svenska Magasinet\",\"url\":\"https:\\\/\\\/lightweb.dev\\\/l\\\/svm-temp\\\/\",\"logo\":{\"@type\":\"ImageObject\",\"inLanguage\":\"sv-SE\",\"@id\":\"https:\\\/\\\/lightweb.dev\\\/l\\\/svm-temp\\\/#\\\/schema\\\/logo\\\/image\\\/\",\"url\":\"https:\\\/\\\/lightweb.dev\\\/l\\\/svm-temp\\\/wp-content\\\/uploads\\\/2025\\\/02\\\/SvM-logo-Xtra-Centrerad-SVART.png\",\"contentUrl\":\"https:\\\/\\\/lightweb.dev\\\/l\\\/svm-temp\\\/wp-content\\\/uploads\\\/2025\\\/02\\\/SvM-logo-Xtra-Centrerad-SVART.png\",\"width\":300,\"height\":99,\"caption\":\"Melkerson y Nott SL\"},\"image\":{\"@id\":\"https:\\\/\\\/lightweb.dev\\\/l\\\/svm-temp\\\/#\\\/schema\\\/logo\\\/image\\\/\"},\"sameAs\":[\"https:\\\/\\\/www.facebook.com\\\/svenskamagasinet\",\"https:\\\/\\\/x.com\\\/SvenskaMagasine\"]},{\"@type\":\"Person\",\"@id\":\"https:\\\/\\\/lightweb.dev\\\/l\\\/svm-temp\\\/#\\\/schema\\\/person\\\/206a3bda5b607b0c25e1749191e4d837\",\"name\":\"Redaktionen SvM\",\"description\":\"Redaktionen\",\"sameAs\":[\"https:\\\/\\\/lightweb.dev\\\/l\\\/svm-temp\"],\"url\":\"https:\\\/\\\/lightweb.dev\\\/l\\\/svm-temp\\\/reporter\\\/redaktionen\\\/\"}]}<\/script>\n<!-- \/ Yoast SEO Premium plugin. -->","yoast_head_json":{"title":"627 levande reptiler konfiskerade fr\u00e5n olagliga handlare i Spanien - Svenska Magasinet","robots":{"index":"noindex","follow":"follow","max-snippet":"max-snippet:-1","max-image-preview":"max-image-preview:large","max-video-preview":"max-video-preview:-1"},"og_locale":"sv_SE","og_type":"article","og_title":"627 levande reptiler konfiskerade fr\u00e5n olagliga handlare i Spanien","og_description":"Guardia Civil har i en stor operation mot olaglig handel med skyddade arter konfiskerat totalt 627 levande exemplar av bland andra grekiska sk\u00f6ldpaddor, stora Aldabrask\u00f6ldpaddor och afrikanska sporrsk\u00f6ldpaddor. Tillslagen i Spanien var en del av en stor internationell insats i 22 l\u00e4nder, vilket hittills har resulterat i konfiskering av \u00f6ver 1.500 reptiler inkluderande ormar, \u00f6dlor [&hellip;]","og_url":"https:\/\/lightweb.dev\/l\/svm-temp\/nyheter\/627-levande-reptiler-konfiskerade-fran-olagliga-handlare-i-spanien\/","og_site_name":"Svenska Magasinet","article_publisher":"https:\/\/www.facebook.com\/svenskamagasinet","article_published_time":"2019-06-05T22:00:00+00:00","og_image":[{"width":700,"height":420,"url":"https:\/\/lightweb.dev\/l\/svm-temp\/wp-content\/uploads\/2022\/06\/627-levande-reptiler-konfiskerade-fran-olagliga-handlare-i-spanien.png","type":"image\/png"}],"author":"Redaktionen SvM","twitter_card":"summary_large_image","twitter_creator":"@SvenskaMagasine","twitter_site":"@SvenskaMagasine","schema":{"@context":"https:\/\/schema.org","@graph":[{"@type":"Article","@id":"https:\/\/lightweb.dev\/l\/svm-temp\/nyheter\/627-levande-reptiler-konfiskerade-fran-olagliga-handlare-i-spanien\/#article","isPartOf":{"@id":"https:\/\/lightweb.dev\/l\/svm-temp\/nyheter\/627-levande-reptiler-konfiskerade-fran-olagliga-handlare-i-spanien\/"},"author":{"name":"Redaktionen SvM","@id":"https:\/\/lightweb.dev\/l\/svm-temp\/#\/schema\/person\/206a3bda5b607b0c25e1749191e4d837"},"headline":"627 levande reptiler konfiskerade fr\u00e5n olagliga handlare i Spanien","datePublished":"2019-06-05T22:00:00+00:00","mainEntityOfPage":{"@id":"https:\/\/lightweb.dev\/l\/svm-temp\/nyheter\/627-levande-reptiler-konfiskerade-fran-olagliga-handlare-i-spanien\/"},"wordCount":307,"commentCount":0,"publisher":{"@id":"https:\/\/lightweb.dev\/l\/svm-temp\/#organization"},"image":{"@id":"https:\/\/lightweb.dev\/l\/svm-temp\/nyheter\/627-levande-reptiler-konfiskerade-fran-olagliga-handlare-i-spanien\/#primaryimage"},"thumbnailUrl":"https:\/\/lightweb.dev\/l\/svm-temp\/wp-content\/uploads\/2022\/06\/627-levande-reptiler-konfiskerade-fran-olagliga-handlare-i-spanien.png","articleSection":["Arkiv","Nyheter"],"inLanguage":"sv-SE"},{"@type":"WebPage","@id":"https:\/\/lightweb.dev\/l\/svm-temp\/nyheter\/627-levande-reptiler-konfiskerade-fran-olagliga-handlare-i-spanien\/","url":"https:\/\/lightweb.dev\/l\/svm-temp\/nyheter\/627-levande-reptiler-konfiskerade-fran-olagliga-handlare-i-spanien\/","name":"627 levande reptiler konfiskerade fr\u00e5n olagliga handlare i Spanien - Svenska Magasinet","isPartOf":{"@id":"https:\/\/lightweb.dev\/l\/svm-temp\/#website"},"primaryImageOfPage":{"@id":"https:\/\/lightweb.dev\/l\/svm-temp\/nyheter\/627-levande-reptiler-konfiskerade-fran-olagliga-handlare-i-spanien\/#primaryimage"},"image":{"@id":"https:\/\/lightweb.dev\/l\/svm-temp\/nyheter\/627-levande-reptiler-konfiskerade-fran-olagliga-handlare-i-spanien\/#primaryimage"},"thumbnailUrl":"https:\/\/lightweb.dev\/l\/svm-temp\/wp-content\/uploads\/2022\/06\/627-levande-reptiler-konfiskerade-fran-olagliga-handlare-i-spanien.png","datePublished":"2019-06-05T22:00:00+00:00","breadcrumb":{"@id":"https:\/\/lightweb.dev\/l\/svm-temp\/nyheter\/627-levande-reptiler-konfiskerade-fran-olagliga-handlare-i-spanien\/#breadcrumb"},"inLanguage":"sv-SE","potentialAction":[{"@type":"ReadAction","target":["https:\/\/lightweb.dev\/l\/svm-temp\/nyheter\/627-levande-reptiler-konfiskerade-fran-olagliga-handlare-i-spanien\/"]}]},{"@type":"ImageObject","inLanguage":"sv-SE","@id":"https:\/\/lightweb.dev\/l\/svm-temp\/nyheter\/627-levande-reptiler-konfiskerade-fran-olagliga-handlare-i-spanien\/#primaryimage","url":"https:\/\/lightweb.dev\/l\/svm-temp\/wp-content\/uploads\/2022\/06\/627-levande-reptiler-konfiskerade-fran-olagliga-handlare-i-spanien.png","contentUrl":"https:\/\/lightweb.dev\/l\/svm-temp\/wp-content\/uploads\/2022\/06\/627-levande-reptiler-konfiskerade-fran-olagliga-handlare-i-spanien.png","width":700,"height":420},{"@type":"BreadcrumbList","@id":"https:\/\/lightweb.dev\/l\/svm-temp\/nyheter\/627-levande-reptiler-konfiskerade-fran-olagliga-handlare-i-spanien\/#breadcrumb","itemListElement":[{"@type":"ListItem","position":1,"name":"Hem","item":"https:\/\/lightweb.dev\/l\/svm-temp\/"},{"@type":"ListItem","position":2,"name":"627 levande reptiler konfiskerade fr\u00e5n olagliga handlare i Spanien"}]},{"@type":"WebSite","@id":"https:\/\/lightweb.dev\/l\/svm-temp\/#website","url":"https:\/\/lightweb.dev\/l\/svm-temp\/","name":"Svenska Magasinet","description":"Dina Spanska nyheter p&aring; Svenska","publisher":{"@id":"https:\/\/lightweb.dev\/l\/svm-temp\/#organization"},"potentialAction":[{"@type":"SearchAction","target":{"@type":"EntryPoint","urlTemplate":"https:\/\/lightweb.dev\/l\/svm-temp\/?s={search_term_string}"},"query-input":{"@type":"PropertyValueSpecification","valueRequired":true,"valueName":"search_term_string"}}],"inLanguage":"sv-SE"},{"@type":"Organization","@id":"https:\/\/lightweb.dev\/l\/svm-temp\/#organization","name":"Melkerson y Nott SL","alternateName":"Svenska Magasinet","url":"https:\/\/lightweb.dev\/l\/svm-temp\/","logo":{"@type":"ImageObject","inLanguage":"sv-SE","@id":"https:\/\/lightweb.dev\/l\/svm-temp\/#\/schema\/logo\/image\/","url":"https:\/\/lightweb.dev\/l\/svm-temp\/wp-content\/uploads\/2025\/02\/SvM-logo-Xtra-Centrerad-SVART.png","contentUrl":"https:\/\/lightweb.dev\/l\/svm-temp\/wp-content\/uploads\/2025\/02\/SvM-logo-Xtra-Centrerad-SVART.png","width":300,"height":99,"caption":"Melkerson y Nott SL"},"image":{"@id":"https:\/\/lightweb.dev\/l\/svm-temp\/#\/schema\/logo\/image\/"},"sameAs":["https:\/\/www.facebook.com\/svenskamagasinet","https:\/\/x.com\/SvenskaMagasine"]},{"@type":"Person","@id":"https:\/\/lightweb.dev\/l\/svm-temp\/#\/schema\/person\/206a3bda5b607b0c25e1749191e4d837","name":"Redaktionen SvM","description":"Redaktionen","sameAs":["https:\/\/lightweb.dev\/l\/svm-temp"],"url":"https:\/\/lightweb.dev\/l\/svm-temp\/reporter\/redaktionen\/"}]}},"_links":{"self":[{"href":"https:\/\/lightweb.dev\/l\/svm-temp\/wp-json\/wp\/v2\/posts\/16398","targetHints":{"allow":["GET"]}}],"collection":[{"href":"https:\/\/lightweb.dev\/l\/svm-temp\/wp-json\/wp\/v2\/posts"}],"about":[{"href":"https:\/\/lightweb.dev\/l\/svm-temp\/wp-json\/wp\/v2\/types\/post"}],"author":[{"embeddable":true,"href":"https:\/\/lightweb.dev\/l\/svm-temp\/wp-json\/wp\/v2\/users\/8"}],"replies":[{"embeddable":true,"href":"https:\/\/lightweb.dev\/l\/svm-temp\/wp-json\/wp\/v2\/comments?post=16398"}],"version-history":[{"count":0,"href":"https:\/\/lightweb.dev\/l\/svm-temp\/wp-json\/wp\/v2\/posts\/16398\/revisions"}],"wp:featuredmedia":[{"embeddable":true,"href":"https:\/\/lightweb.dev\/l\/svm-temp\/wp-json\/wp\/v2\/media\/16400"}],"wp:attachment":[{"href":"https:\/\/lightweb.dev\/l\/svm-temp\/wp-json\/wp\/v2\/media?parent=16398"}],"wp:term":[{"taxonomy":"category","embeddable":true,"href":"https:\/\/lightweb.dev\/l\/svm-temp\/wp-json\/wp\/v2\/categories?post=16398"},{"taxonomy":"post_tag","embeddable":true,"href":"https:\/\/lightweb.dev\/l\/svm-temp\/wp-json\/wp\/v2\/tags?post=16398"}],"curies":[{"name":"wp","href":"https:\/\/api.w.org\/{rel}","templated":true}]}}