{"id":16402,"date":"2019-06-05T00:00:00","date_gmt":"2019-06-04T22:00:00","guid":{"rendered":"https:\/\/lightweb.dev\/l\/svm-temp\/nyheter\/skolbarn-ritar-pa-temat-en-dag-utan-rok\/"},"modified":"2019-06-05T00:00:00","modified_gmt":"2019-06-04T22:00:00","slug":"skolbarn-ritar-pa-temat-en-dag-utan-rok","status":"publish","type":"post","link":"https:\/\/lightweb.dev\/l\/svm-temp\/nyheter\/skolbarn-ritar-pa-temat-en-dag-utan-rok\/","title":{"rendered":"Skolbarn ritar p\u00e5 temat en dag utan r\u00f6k"},"content":{"rendered":"<p> Skolbarn i Almu\u00f1\u00e9car och La Herradura har deltagit i en t\u00e4vling om att rita en teckning med temat \u201den dag utan r\u00f6k\u201d. P\u00e5 l\u00f6rdag i samband med F\u00f6reningstr\u00e4ffen \u201dEncuentro de Asociaciones\u201d kommer utm\u00e4rkelser att delas ut till de b\u00e4st placerade som en jury utser.<\/p>\n<p>P\u00e5 l\u00f6rdag arrangeras F\u00f6reningstr\u00e4ffen i Almu\u00f1\u00e9car d\u00e4r f\u00f6reningar, s\u00e4llskap, organisationer och medier deltar. Bland annat kommer Facebookgruppen Almu\u00f1\u00e9carv\u00e4nner, webbplatsen news.almunecar.se och webbredakt\u00f6ren Bo Ess\u00e9n att delta liksom Ola Josefsson fr\u00e5n Svenska Magasinet. Tr\u00e4ffen h\u00e5lls i El Majuelo-parken mellan klockan 11 och 19.<\/p>\n<p>I samband med den Internationella dagen mot tobak som \u00e4r instiftad av WHO, p\u00e5 spanska D\u00eda Mundial sin Tabaco som h\u00f6lls i fredags l\u00e4t Almu\u00f1\u00e9car kommun tillsammans med h\u00e4lsov\u00e5rden arrangera ett skolt\u00e4vling d\u00e4r elever fick g\u00f6ra en teckning p\u00e5 temat \u201den dag utan r\u00f6k\u201d.<\/p>\n<p>Internationella dagen mot tobak fokuserade i \u00e5r p\u00e5 tobak och lungh\u00e4lsa. Kampanjen syftar till att f\u00e5 folk att bli medvetna om de negativa konsekvenserna som tobak har f\u00f6r m\u00e4nniskors lungh\u00e4lsa med allt fr\u00e5n cancer till kroniska andningssjukdomar. Och hur viktig lungorna \u00e4r f\u00f6r h\u00e4lsan och v\u00e4lbefinnandet hos alla m\u00e4nniskor.<\/p>\n<p>Priserna p\u00e5 l\u00f6rdag kommer att best\u00e5 av tre individuella priser och ett kollektivt pris f\u00f6r varje kategori. <\/p>\n","protected":false},"excerpt":{"rendered":"<p>Skolbarn i Almu\u00f1\u00e9car och La Herradura har deltagit i en t\u00e4vling om att rita en teckning med temat \u201den dag utan r\u00f6k\u201d. P\u00e5 l\u00f6rdag i samband med F\u00f6reningstr\u00e4ffen \u201dEncuentro de Asociaciones\u201d kommer utm\u00e4rkelser att delas ut till de b\u00e4st placerade som en jury utser. P\u00e5 l\u00f6rdag arrangeras F\u00f6reningstr\u00e4ffen i Almu\u00f1\u00e9car d\u00e4r f\u00f6reningar, s\u00e4llskap, organisationer och [&hellip;]<\/p>\n","protected":false},"author":8,"featured_media":16404,"comment_status":"open","ping_status":"open","sticky":false,"template":"","format":"standard","meta":{"_et_pb_use_builder":"","_et_pb_old_content":"","_et_gb_content_width":"","footnotes":""},"categories":[395,3],"tags":[],"class_list":["post-16402","post","type-post","status-publish","format-standard","has-post-thumbnail","hentry","category-arkiv-nyheter","category-nyheter"],"yoast_head":"<!-- This site is optimized with the Yoast SEO Premium plugin v26.2 (Yoast SEO v27.4) - https:\/\/yoast.com\/product\/yoast-seo-premium-wordpress\/ -->\n<title>Skolbarn ritar p\u00e5 temat en dag utan r\u00f6k - Svenska Magasinet<\/title>\n<meta name=\"robots\" content=\"noindex, follow, max-snippet:-1, max-image-preview:large, max-video-preview:-1\" \/>\n<meta property=\"og:locale\" content=\"sv_SE\" \/>\n<meta property=\"og:type\" content=\"article\" \/>\n<meta property=\"og:title\" content=\"Skolbarn ritar p\u00e5 temat en dag utan r\u00f6k\" \/>\n<meta property=\"og:description\" content=\"Skolbarn i Almu\u00f1\u00e9car och La Herradura har deltagit i en t\u00e4vling om att rita en teckning med temat \u201den dag utan r\u00f6k\u201d. P\u00e5 l\u00f6rdag i samband med F\u00f6reningstr\u00e4ffen \u201dEncuentro de Asociaciones\u201d kommer utm\u00e4rkelser att delas ut till de b\u00e4st placerade som en jury utser. P\u00e5 l\u00f6rdag arrangeras F\u00f6reningstr\u00e4ffen i Almu\u00f1\u00e9car d\u00e4r f\u00f6reningar, s\u00e4llskap, organisationer och [&hellip;]\" \/>\n<meta property=\"og:url\" content=\"https:\/\/lightweb.dev\/l\/svm-temp\/nyheter\/skolbarn-ritar-pa-temat-en-dag-utan-rok\/\" \/>\n<meta property=\"og:site_name\" content=\"Svenska Magasinet\" \/>\n<meta property=\"article:publisher\" content=\"https:\/\/www.facebook.com\/svenskamagasinet\" \/>\n<meta property=\"article:published_time\" content=\"2019-06-04T22:00:00+00:00\" \/>\n<meta property=\"og:image\" content=\"https:\/\/lightweb.dev\/l\/svm-temp\/wp-content\/uploads\/2022\/06\/skolbarn-ritar-pa-temat-en-dag-utan-rok.png\" \/>\n\t<meta property=\"og:image:width\" content=\"700\" \/>\n\t<meta property=\"og:image:height\" content=\"420\" \/>\n\t<meta property=\"og:image:type\" content=\"image\/png\" \/>\n<meta name=\"author\" content=\"Redaktionen SvM\" \/>\n<meta name=\"twitter:card\" content=\"summary_large_image\" \/>\n<meta name=\"twitter:creator\" content=\"@SvenskaMagasine\" \/>\n<meta name=\"twitter:site\" content=\"@SvenskaMagasine\" \/>\n<script type=\"application\/ld+json\" class=\"yoast-schema-graph\">{\"@context\":\"https:\\\/\\\/schema.org\",\"@graph\":[{\"@type\":\"Article\",\"@id\":\"https:\\\/\\\/lightweb.dev\\\/l\\\/svm-temp\\\/nyheter\\\/skolbarn-ritar-pa-temat-en-dag-utan-rok\\\/#article\",\"isPartOf\":{\"@id\":\"https:\\\/\\\/lightweb.dev\\\/l\\\/svm-temp\\\/nyheter\\\/skolbarn-ritar-pa-temat-en-dag-utan-rok\\\/\"},\"author\":{\"name\":\"Redaktionen SvM\",\"@id\":\"https:\\\/\\\/lightweb.dev\\\/l\\\/svm-temp\\\/#\\\/schema\\\/person\\\/206a3bda5b607b0c25e1749191e4d837\"},\"headline\":\"Skolbarn ritar p\u00e5 temat en dag utan r\u00f6k\",\"datePublished\":\"2019-06-04T22:00:00+00:00\",\"mainEntityOfPage\":{\"@id\":\"https:\\\/\\\/lightweb.dev\\\/l\\\/svm-temp\\\/nyheter\\\/skolbarn-ritar-pa-temat-en-dag-utan-rok\\\/\"},\"wordCount\":248,\"commentCount\":0,\"publisher\":{\"@id\":\"https:\\\/\\\/lightweb.dev\\\/l\\\/svm-temp\\\/#organization\"},\"image\":{\"@id\":\"https:\\\/\\\/lightweb.dev\\\/l\\\/svm-temp\\\/nyheter\\\/skolbarn-ritar-pa-temat-en-dag-utan-rok\\\/#primaryimage\"},\"thumbnailUrl\":\"https:\\\/\\\/lightweb.dev\\\/l\\\/svm-temp\\\/wp-content\\\/uploads\\\/2022\\\/06\\\/skolbarn-ritar-pa-temat-en-dag-utan-rok.png\",\"articleSection\":[\"Arkiv\",\"Nyheter\"],\"inLanguage\":\"sv-SE\"},{\"@type\":\"WebPage\",\"@id\":\"https:\\\/\\\/lightweb.dev\\\/l\\\/svm-temp\\\/nyheter\\\/skolbarn-ritar-pa-temat-en-dag-utan-rok\\\/\",\"url\":\"https:\\\/\\\/lightweb.dev\\\/l\\\/svm-temp\\\/nyheter\\\/skolbarn-ritar-pa-temat-en-dag-utan-rok\\\/\",\"name\":\"Skolbarn ritar p\u00e5 temat en dag utan r\u00f6k - Svenska Magasinet\",\"isPartOf\":{\"@id\":\"https:\\\/\\\/lightweb.dev\\\/l\\\/svm-temp\\\/#website\"},\"primaryImageOfPage\":{\"@id\":\"https:\\\/\\\/lightweb.dev\\\/l\\\/svm-temp\\\/nyheter\\\/skolbarn-ritar-pa-temat-en-dag-utan-rok\\\/#primaryimage\"},\"image\":{\"@id\":\"https:\\\/\\\/lightweb.dev\\\/l\\\/svm-temp\\\/nyheter\\\/skolbarn-ritar-pa-temat-en-dag-utan-rok\\\/#primaryimage\"},\"thumbnailUrl\":\"https:\\\/\\\/lightweb.dev\\\/l\\\/svm-temp\\\/wp-content\\\/uploads\\\/2022\\\/06\\\/skolbarn-ritar-pa-temat-en-dag-utan-rok.png\",\"datePublished\":\"2019-06-04T22:00:00+00:00\",\"breadcrumb\":{\"@id\":\"https:\\\/\\\/lightweb.dev\\\/l\\\/svm-temp\\\/nyheter\\\/skolbarn-ritar-pa-temat-en-dag-utan-rok\\\/#breadcrumb\"},\"inLanguage\":\"sv-SE\",\"potentialAction\":[{\"@type\":\"ReadAction\",\"target\":[\"https:\\\/\\\/lightweb.dev\\\/l\\\/svm-temp\\\/nyheter\\\/skolbarn-ritar-pa-temat-en-dag-utan-rok\\\/\"]}]},{\"@type\":\"ImageObject\",\"inLanguage\":\"sv-SE\",\"@id\":\"https:\\\/\\\/lightweb.dev\\\/l\\\/svm-temp\\\/nyheter\\\/skolbarn-ritar-pa-temat-en-dag-utan-rok\\\/#primaryimage\",\"url\":\"https:\\\/\\\/lightweb.dev\\\/l\\\/svm-temp\\\/wp-content\\\/uploads\\\/2022\\\/06\\\/skolbarn-ritar-pa-temat-en-dag-utan-rok.png\",\"contentUrl\":\"https:\\\/\\\/lightweb.dev\\\/l\\\/svm-temp\\\/wp-content\\\/uploads\\\/2022\\\/06\\\/skolbarn-ritar-pa-temat-en-dag-utan-rok.png\",\"width\":700,\"height\":420},{\"@type\":\"BreadcrumbList\",\"@id\":\"https:\\\/\\\/lightweb.dev\\\/l\\\/svm-temp\\\/nyheter\\\/skolbarn-ritar-pa-temat-en-dag-utan-rok\\\/#breadcrumb\",\"itemListElement\":[{\"@type\":\"ListItem\",\"position\":1,\"name\":\"Hem\",\"item\":\"https:\\\/\\\/lightweb.dev\\\/l\\\/svm-temp\\\/\"},{\"@type\":\"ListItem\",\"position\":2,\"name\":\"Skolbarn ritar p\u00e5 temat en dag utan r\u00f6k\"}]},{\"@type\":\"WebSite\",\"@id\":\"https:\\\/\\\/lightweb.dev\\\/l\\\/svm-temp\\\/#website\",\"url\":\"https:\\\/\\\/lightweb.dev\\\/l\\\/svm-temp\\\/\",\"name\":\"Svenska Magasinet\",\"description\":\"Dina Spanska nyheter p&aring; Svenska\",\"publisher\":{\"@id\":\"https:\\\/\\\/lightweb.dev\\\/l\\\/svm-temp\\\/#organization\"},\"potentialAction\":[{\"@type\":\"SearchAction\",\"target\":{\"@type\":\"EntryPoint\",\"urlTemplate\":\"https:\\\/\\\/lightweb.dev\\\/l\\\/svm-temp\\\/?s={search_term_string}\"},\"query-input\":{\"@type\":\"PropertyValueSpecification\",\"valueRequired\":true,\"valueName\":\"search_term_string\"}}],\"inLanguage\":\"sv-SE\"},{\"@type\":\"Organization\",\"@id\":\"https:\\\/\\\/lightweb.dev\\\/l\\\/svm-temp\\\/#organization\",\"name\":\"Melkerson y Nott SL\",\"alternateName\":\"Svenska Magasinet\",\"url\":\"https:\\\/\\\/lightweb.dev\\\/l\\\/svm-temp\\\/\",\"logo\":{\"@type\":\"ImageObject\",\"inLanguage\":\"sv-SE\",\"@id\":\"https:\\\/\\\/lightweb.dev\\\/l\\\/svm-temp\\\/#\\\/schema\\\/logo\\\/image\\\/\",\"url\":\"https:\\\/\\\/lightweb.dev\\\/l\\\/svm-temp\\\/wp-content\\\/uploads\\\/2025\\\/02\\\/SvM-logo-Xtra-Centrerad-SVART.png\",\"contentUrl\":\"https:\\\/\\\/lightweb.dev\\\/l\\\/svm-temp\\\/wp-content\\\/uploads\\\/2025\\\/02\\\/SvM-logo-Xtra-Centrerad-SVART.png\",\"width\":300,\"height\":99,\"caption\":\"Melkerson y Nott SL\"},\"image\":{\"@id\":\"https:\\\/\\\/lightweb.dev\\\/l\\\/svm-temp\\\/#\\\/schema\\\/logo\\\/image\\\/\"},\"sameAs\":[\"https:\\\/\\\/www.facebook.com\\\/svenskamagasinet\",\"https:\\\/\\\/x.com\\\/SvenskaMagasine\"]},{\"@type\":\"Person\",\"@id\":\"https:\\\/\\\/lightweb.dev\\\/l\\\/svm-temp\\\/#\\\/schema\\\/person\\\/206a3bda5b607b0c25e1749191e4d837\",\"name\":\"Redaktionen SvM\",\"description\":\"Redaktionen\",\"sameAs\":[\"https:\\\/\\\/lightweb.dev\\\/l\\\/svm-temp\"],\"url\":\"https:\\\/\\\/lightweb.dev\\\/l\\\/svm-temp\\\/reporter\\\/redaktionen\\\/\"}]}<\/script>\n<!-- \/ Yoast SEO Premium plugin. -->","yoast_head_json":{"title":"Skolbarn ritar p\u00e5 temat en dag utan r\u00f6k - Svenska Magasinet","robots":{"index":"noindex","follow":"follow","max-snippet":"max-snippet:-1","max-image-preview":"max-image-preview:large","max-video-preview":"max-video-preview:-1"},"og_locale":"sv_SE","og_type":"article","og_title":"Skolbarn ritar p\u00e5 temat en dag utan r\u00f6k","og_description":"Skolbarn i Almu\u00f1\u00e9car och La Herradura har deltagit i en t\u00e4vling om att rita en teckning med temat \u201den dag utan r\u00f6k\u201d. P\u00e5 l\u00f6rdag i samband med F\u00f6reningstr\u00e4ffen \u201dEncuentro de Asociaciones\u201d kommer utm\u00e4rkelser att delas ut till de b\u00e4st placerade som en jury utser. P\u00e5 l\u00f6rdag arrangeras F\u00f6reningstr\u00e4ffen i Almu\u00f1\u00e9car d\u00e4r f\u00f6reningar, s\u00e4llskap, organisationer och [&hellip;]","og_url":"https:\/\/lightweb.dev\/l\/svm-temp\/nyheter\/skolbarn-ritar-pa-temat-en-dag-utan-rok\/","og_site_name":"Svenska Magasinet","article_publisher":"https:\/\/www.facebook.com\/svenskamagasinet","article_published_time":"2019-06-04T22:00:00+00:00","og_image":[{"width":700,"height":420,"url":"https:\/\/lightweb.dev\/l\/svm-temp\/wp-content\/uploads\/2022\/06\/skolbarn-ritar-pa-temat-en-dag-utan-rok.png","type":"image\/png"}],"author":"Redaktionen SvM","twitter_card":"summary_large_image","twitter_creator":"@SvenskaMagasine","twitter_site":"@SvenskaMagasine","schema":{"@context":"https:\/\/schema.org","@graph":[{"@type":"Article","@id":"https:\/\/lightweb.dev\/l\/svm-temp\/nyheter\/skolbarn-ritar-pa-temat-en-dag-utan-rok\/#article","isPartOf":{"@id":"https:\/\/lightweb.dev\/l\/svm-temp\/nyheter\/skolbarn-ritar-pa-temat-en-dag-utan-rok\/"},"author":{"name":"Redaktionen SvM","@id":"https:\/\/lightweb.dev\/l\/svm-temp\/#\/schema\/person\/206a3bda5b607b0c25e1749191e4d837"},"headline":"Skolbarn ritar p\u00e5 temat en dag utan r\u00f6k","datePublished":"2019-06-04T22:00:00+00:00","mainEntityOfPage":{"@id":"https:\/\/lightweb.dev\/l\/svm-temp\/nyheter\/skolbarn-ritar-pa-temat-en-dag-utan-rok\/"},"wordCount":248,"commentCount":0,"publisher":{"@id":"https:\/\/lightweb.dev\/l\/svm-temp\/#organization"},"image":{"@id":"https:\/\/lightweb.dev\/l\/svm-temp\/nyheter\/skolbarn-ritar-pa-temat-en-dag-utan-rok\/#primaryimage"},"thumbnailUrl":"https:\/\/lightweb.dev\/l\/svm-temp\/wp-content\/uploads\/2022\/06\/skolbarn-ritar-pa-temat-en-dag-utan-rok.png","articleSection":["Arkiv","Nyheter"],"inLanguage":"sv-SE"},{"@type":"WebPage","@id":"https:\/\/lightweb.dev\/l\/svm-temp\/nyheter\/skolbarn-ritar-pa-temat-en-dag-utan-rok\/","url":"https:\/\/lightweb.dev\/l\/svm-temp\/nyheter\/skolbarn-ritar-pa-temat-en-dag-utan-rok\/","name":"Skolbarn ritar p\u00e5 temat en dag utan r\u00f6k - Svenska Magasinet","isPartOf":{"@id":"https:\/\/lightweb.dev\/l\/svm-temp\/#website"},"primaryImageOfPage":{"@id":"https:\/\/lightweb.dev\/l\/svm-temp\/nyheter\/skolbarn-ritar-pa-temat-en-dag-utan-rok\/#primaryimage"},"image":{"@id":"https:\/\/lightweb.dev\/l\/svm-temp\/nyheter\/skolbarn-ritar-pa-temat-en-dag-utan-rok\/#primaryimage"},"thumbnailUrl":"https:\/\/lightweb.dev\/l\/svm-temp\/wp-content\/uploads\/2022\/06\/skolbarn-ritar-pa-temat-en-dag-utan-rok.png","datePublished":"2019-06-04T22:00:00+00:00","breadcrumb":{"@id":"https:\/\/lightweb.dev\/l\/svm-temp\/nyheter\/skolbarn-ritar-pa-temat-en-dag-utan-rok\/#breadcrumb"},"inLanguage":"sv-SE","potentialAction":[{"@type":"ReadAction","target":["https:\/\/lightweb.dev\/l\/svm-temp\/nyheter\/skolbarn-ritar-pa-temat-en-dag-utan-rok\/"]}]},{"@type":"ImageObject","inLanguage":"sv-SE","@id":"https:\/\/lightweb.dev\/l\/svm-temp\/nyheter\/skolbarn-ritar-pa-temat-en-dag-utan-rok\/#primaryimage","url":"https:\/\/lightweb.dev\/l\/svm-temp\/wp-content\/uploads\/2022\/06\/skolbarn-ritar-pa-temat-en-dag-utan-rok.png","contentUrl":"https:\/\/lightweb.dev\/l\/svm-temp\/wp-content\/uploads\/2022\/06\/skolbarn-ritar-pa-temat-en-dag-utan-rok.png","width":700,"height":420},{"@type":"BreadcrumbList","@id":"https:\/\/lightweb.dev\/l\/svm-temp\/nyheter\/skolbarn-ritar-pa-temat-en-dag-utan-rok\/#breadcrumb","itemListElement":[{"@type":"ListItem","position":1,"name":"Hem","item":"https:\/\/lightweb.dev\/l\/svm-temp\/"},{"@type":"ListItem","position":2,"name":"Skolbarn ritar p\u00e5 temat en dag utan r\u00f6k"}]},{"@type":"WebSite","@id":"https:\/\/lightweb.dev\/l\/svm-temp\/#website","url":"https:\/\/lightweb.dev\/l\/svm-temp\/","name":"Svenska Magasinet","description":"Dina Spanska nyheter p&aring; Svenska","publisher":{"@id":"https:\/\/lightweb.dev\/l\/svm-temp\/#organization"},"potentialAction":[{"@type":"SearchAction","target":{"@type":"EntryPoint","urlTemplate":"https:\/\/lightweb.dev\/l\/svm-temp\/?s={search_term_string}"},"query-input":{"@type":"PropertyValueSpecification","valueRequired":true,"valueName":"search_term_string"}}],"inLanguage":"sv-SE"},{"@type":"Organization","@id":"https:\/\/lightweb.dev\/l\/svm-temp\/#organization","name":"Melkerson y Nott SL","alternateName":"Svenska Magasinet","url":"https:\/\/lightweb.dev\/l\/svm-temp\/","logo":{"@type":"ImageObject","inLanguage":"sv-SE","@id":"https:\/\/lightweb.dev\/l\/svm-temp\/#\/schema\/logo\/image\/","url":"https:\/\/lightweb.dev\/l\/svm-temp\/wp-content\/uploads\/2025\/02\/SvM-logo-Xtra-Centrerad-SVART.png","contentUrl":"https:\/\/lightweb.dev\/l\/svm-temp\/wp-content\/uploads\/2025\/02\/SvM-logo-Xtra-Centrerad-SVART.png","width":300,"height":99,"caption":"Melkerson y Nott SL"},"image":{"@id":"https:\/\/lightweb.dev\/l\/svm-temp\/#\/schema\/logo\/image\/"},"sameAs":["https:\/\/www.facebook.com\/svenskamagasinet","https:\/\/x.com\/SvenskaMagasine"]},{"@type":"Person","@id":"https:\/\/lightweb.dev\/l\/svm-temp\/#\/schema\/person\/206a3bda5b607b0c25e1749191e4d837","name":"Redaktionen SvM","description":"Redaktionen","sameAs":["https:\/\/lightweb.dev\/l\/svm-temp"],"url":"https:\/\/lightweb.dev\/l\/svm-temp\/reporter\/redaktionen\/"}]}},"_links":{"self":[{"href":"https:\/\/lightweb.dev\/l\/svm-temp\/wp-json\/wp\/v2\/posts\/16402","targetHints":{"allow":["GET"]}}],"collection":[{"href":"https:\/\/lightweb.dev\/l\/svm-temp\/wp-json\/wp\/v2\/posts"}],"about":[{"href":"https:\/\/lightweb.dev\/l\/svm-temp\/wp-json\/wp\/v2\/types\/post"}],"author":[{"embeddable":true,"href":"https:\/\/lightweb.dev\/l\/svm-temp\/wp-json\/wp\/v2\/users\/8"}],"replies":[{"embeddable":true,"href":"https:\/\/lightweb.dev\/l\/svm-temp\/wp-json\/wp\/v2\/comments?post=16402"}],"version-history":[{"count":0,"href":"https:\/\/lightweb.dev\/l\/svm-temp\/wp-json\/wp\/v2\/posts\/16402\/revisions"}],"wp:featuredmedia":[{"embeddable":true,"href":"https:\/\/lightweb.dev\/l\/svm-temp\/wp-json\/wp\/v2\/media\/16404"}],"wp:attachment":[{"href":"https:\/\/lightweb.dev\/l\/svm-temp\/wp-json\/wp\/v2\/media?parent=16402"}],"wp:term":[{"taxonomy":"category","embeddable":true,"href":"https:\/\/lightweb.dev\/l\/svm-temp\/wp-json\/wp\/v2\/categories?post=16402"},{"taxonomy":"post_tag","embeddable":true,"href":"https:\/\/lightweb.dev\/l\/svm-temp\/wp-json\/wp\/v2\/tags?post=16402"}],"curies":[{"name":"wp","href":"https:\/\/api.w.org\/{rel}","templated":true}]}}