{"id":16405,"date":"2019-06-05T00:00:00","date_gmt":"2019-06-04T22:00:00","guid":{"rendered":"https:\/\/lightweb.dev\/l\/svm-temp\/nyheter\/okad-bevakning-mot-svarttaxi-vid-flygplatsen\/"},"modified":"2019-06-05T00:00:00","modified_gmt":"2019-06-04T22:00:00","slug":"okad-bevakning-mot-svarttaxi-vid-flygplatsen","status":"publish","type":"post","link":"https:\/\/lightweb.dev\/l\/svm-temp\/nyheter\/okad-bevakning-mot-svarttaxi-vid-flygplatsen\/","title":{"rendered":"\u00d6kad bevakning mot svarttaxi vid flygplatsen"},"content":{"rendered":"<p> Lokalpolisen i M\u00e1laga kommer att ut\u00f6ka \u00f6vervakningen av svarttaxi vid M\u00e1laga flygplats. Det \u00e4r resultatet efter att taxin\u00e4ringen l\u00e4mnat in flera klagom\u00e5l mot den utbredda verksamheten av svarttaxi.<\/p>\n<p>I s\u00f6ndags kv\u00e4ll organiserade taxin\u00e4ringen en punktstrejk mot den utbredda svarttaxin som finns vid flygplatsomr\u00e5det. Under en kort stund p\u00e5 s\u00f6ndagskv\u00e4llen stod samtliga taxibilar stilla skriver Diario SUR p\u00e5 onsdagen.<\/p>\n<p>M\u00e1laga kommunfullm\u00e4ktige har beslutat att \u00f6vervakningen i omr\u00e5det ska ut\u00f6kas med fyra lokalpoliser. Det g\u00e4ller speciellt under h\u00f6gs\u00e4song under sommarhalv\u00e5ret d\u00e5 verksamheten med svarttaxi tar fart.<\/p>\n<p>Fyra extra lokalpoliser finns fr\u00e5n nu stationerade p\u00e5 flygplatsomr\u00e5det. Tv\u00e5 av dem \u00e4r civilkl\u00e4dda. F\u00f6rutom att spana mot den organiserade svarttaxin ska de \u00e4ven uppt\u00e4cka eventuella st\u00f6lder som kan beg\u00e5s p\u00e5 flygplatsen.<\/p>\n<p>De tv\u00e5 \u00f6vriga b\u00e4r uniform och kommer \u00e4ven att bevaka trafiken och motorfordon som saknar tillst\u00e5nd.<\/p>\n<p>Vid misstankar om svarttaxi kan lokalpolisen l\u00e4gga beslag p\u00e5 fordonet som anv\u00e4nds. \u00c4garen f\u00e5r f\u00f6rst tillbaka sitt fordon efter att ha betalat 1.380 euro.<\/p>\n","protected":false},"excerpt":{"rendered":"<p>Lokalpolisen i M\u00e1laga kommer att ut\u00f6ka \u00f6vervakningen av svarttaxi vid M\u00e1laga flygplats. Det \u00e4r resultatet efter att taxin\u00e4ringen l\u00e4mnat in flera klagom\u00e5l mot den utbredda verksamheten av svarttaxi. I s\u00f6ndags kv\u00e4ll organiserade taxin\u00e4ringen en punktstrejk mot den utbredda svarttaxin som finns vid flygplatsomr\u00e5det. Under en kort stund p\u00e5 s\u00f6ndagskv\u00e4llen stod samtliga taxibilar stilla skriver Diario [&hellip;]<\/p>\n","protected":false},"author":8,"featured_media":16407,"comment_status":"open","ping_status":"open","sticky":false,"template":"","format":"standard","meta":{"_et_pb_use_builder":"","_et_pb_old_content":"","_et_gb_content_width":"","footnotes":""},"categories":[395,3],"tags":[],"class_list":["post-16405","post","type-post","status-publish","format-standard","has-post-thumbnail","hentry","category-arkiv-nyheter","category-nyheter"],"yoast_head":"<!-- This site is optimized with the Yoast SEO Premium plugin v26.2 (Yoast SEO v27.5) - https:\/\/yoast.com\/product\/yoast-seo-premium-wordpress\/ -->\n<title>\u00d6kad bevakning mot svarttaxi vid flygplatsen - Svenska Magasinet<\/title>\n<meta name=\"robots\" content=\"noindex, follow, max-snippet:-1, max-image-preview:large, max-video-preview:-1\" \/>\n<meta property=\"og:locale\" content=\"sv_SE\" \/>\n<meta property=\"og:type\" content=\"article\" \/>\n<meta property=\"og:title\" content=\"\u00d6kad bevakning mot svarttaxi vid flygplatsen\" \/>\n<meta property=\"og:description\" content=\"Lokalpolisen i M\u00e1laga kommer att ut\u00f6ka \u00f6vervakningen av svarttaxi vid M\u00e1laga flygplats. Det \u00e4r resultatet efter att taxin\u00e4ringen l\u00e4mnat in flera klagom\u00e5l mot den utbredda verksamheten av svarttaxi. I s\u00f6ndags kv\u00e4ll organiserade taxin\u00e4ringen en punktstrejk mot den utbredda svarttaxin som finns vid flygplatsomr\u00e5det. Under en kort stund p\u00e5 s\u00f6ndagskv\u00e4llen stod samtliga taxibilar stilla skriver Diario [&hellip;]\" \/>\n<meta property=\"og:url\" content=\"https:\/\/lightweb.dev\/l\/svm-temp\/nyheter\/okad-bevakning-mot-svarttaxi-vid-flygplatsen\/\" \/>\n<meta property=\"og:site_name\" content=\"Svenska Magasinet\" \/>\n<meta property=\"article:publisher\" content=\"https:\/\/www.facebook.com\/svenskamagasinet\" \/>\n<meta property=\"article:published_time\" content=\"2019-06-04T22:00:00+00:00\" \/>\n<meta property=\"og:image\" content=\"https:\/\/lightweb.dev\/l\/svm-temp\/wp-content\/uploads\/2022\/06\/okad-bevakning-mot-svarttaxi-vid-flygplatsen.png\" \/>\n\t<meta property=\"og:image:width\" content=\"700\" \/>\n\t<meta property=\"og:image:height\" content=\"420\" \/>\n\t<meta property=\"og:image:type\" content=\"image\/png\" \/>\n<meta name=\"author\" content=\"Redaktionen SvM\" \/>\n<meta name=\"twitter:card\" content=\"summary_large_image\" \/>\n<meta name=\"twitter:creator\" content=\"@SvenskaMagasine\" \/>\n<meta name=\"twitter:site\" content=\"@SvenskaMagasine\" \/>\n<script type=\"application\/ld+json\" class=\"yoast-schema-graph\">{\"@context\":\"https:\\\/\\\/schema.org\",\"@graph\":[{\"@type\":\"Article\",\"@id\":\"https:\\\/\\\/lightweb.dev\\\/l\\\/svm-temp\\\/nyheter\\\/okad-bevakning-mot-svarttaxi-vid-flygplatsen\\\/#article\",\"isPartOf\":{\"@id\":\"https:\\\/\\\/lightweb.dev\\\/l\\\/svm-temp\\\/nyheter\\\/okad-bevakning-mot-svarttaxi-vid-flygplatsen\\\/\"},\"author\":{\"name\":\"Redaktionen SvM\",\"@id\":\"https:\\\/\\\/lightweb.dev\\\/l\\\/svm-temp\\\/#\\\/schema\\\/person\\\/206a3bda5b607b0c25e1749191e4d837\"},\"headline\":\"\u00d6kad bevakning mot svarttaxi vid flygplatsen\",\"datePublished\":\"2019-06-04T22:00:00+00:00\",\"mainEntityOfPage\":{\"@id\":\"https:\\\/\\\/lightweb.dev\\\/l\\\/svm-temp\\\/nyheter\\\/okad-bevakning-mot-svarttaxi-vid-flygplatsen\\\/\"},\"wordCount\":194,\"commentCount\":0,\"publisher\":{\"@id\":\"https:\\\/\\\/lightweb.dev\\\/l\\\/svm-temp\\\/#organization\"},\"image\":{\"@id\":\"https:\\\/\\\/lightweb.dev\\\/l\\\/svm-temp\\\/nyheter\\\/okad-bevakning-mot-svarttaxi-vid-flygplatsen\\\/#primaryimage\"},\"thumbnailUrl\":\"https:\\\/\\\/lightweb.dev\\\/l\\\/svm-temp\\\/wp-content\\\/uploads\\\/2022\\\/06\\\/okad-bevakning-mot-svarttaxi-vid-flygplatsen.png\",\"articleSection\":[\"Arkiv\",\"Nyheter\"],\"inLanguage\":\"sv-SE\"},{\"@type\":\"WebPage\",\"@id\":\"https:\\\/\\\/lightweb.dev\\\/l\\\/svm-temp\\\/nyheter\\\/okad-bevakning-mot-svarttaxi-vid-flygplatsen\\\/\",\"url\":\"https:\\\/\\\/lightweb.dev\\\/l\\\/svm-temp\\\/nyheter\\\/okad-bevakning-mot-svarttaxi-vid-flygplatsen\\\/\",\"name\":\"\u00d6kad bevakning mot svarttaxi vid flygplatsen - Svenska Magasinet\",\"isPartOf\":{\"@id\":\"https:\\\/\\\/lightweb.dev\\\/l\\\/svm-temp\\\/#website\"},\"primaryImageOfPage\":{\"@id\":\"https:\\\/\\\/lightweb.dev\\\/l\\\/svm-temp\\\/nyheter\\\/okad-bevakning-mot-svarttaxi-vid-flygplatsen\\\/#primaryimage\"},\"image\":{\"@id\":\"https:\\\/\\\/lightweb.dev\\\/l\\\/svm-temp\\\/nyheter\\\/okad-bevakning-mot-svarttaxi-vid-flygplatsen\\\/#primaryimage\"},\"thumbnailUrl\":\"https:\\\/\\\/lightweb.dev\\\/l\\\/svm-temp\\\/wp-content\\\/uploads\\\/2022\\\/06\\\/okad-bevakning-mot-svarttaxi-vid-flygplatsen.png\",\"datePublished\":\"2019-06-04T22:00:00+00:00\",\"breadcrumb\":{\"@id\":\"https:\\\/\\\/lightweb.dev\\\/l\\\/svm-temp\\\/nyheter\\\/okad-bevakning-mot-svarttaxi-vid-flygplatsen\\\/#breadcrumb\"},\"inLanguage\":\"sv-SE\",\"potentialAction\":[{\"@type\":\"ReadAction\",\"target\":[\"https:\\\/\\\/lightweb.dev\\\/l\\\/svm-temp\\\/nyheter\\\/okad-bevakning-mot-svarttaxi-vid-flygplatsen\\\/\"]}]},{\"@type\":\"ImageObject\",\"inLanguage\":\"sv-SE\",\"@id\":\"https:\\\/\\\/lightweb.dev\\\/l\\\/svm-temp\\\/nyheter\\\/okad-bevakning-mot-svarttaxi-vid-flygplatsen\\\/#primaryimage\",\"url\":\"https:\\\/\\\/lightweb.dev\\\/l\\\/svm-temp\\\/wp-content\\\/uploads\\\/2022\\\/06\\\/okad-bevakning-mot-svarttaxi-vid-flygplatsen.png\",\"contentUrl\":\"https:\\\/\\\/lightweb.dev\\\/l\\\/svm-temp\\\/wp-content\\\/uploads\\\/2022\\\/06\\\/okad-bevakning-mot-svarttaxi-vid-flygplatsen.png\",\"width\":700,\"height\":420},{\"@type\":\"BreadcrumbList\",\"@id\":\"https:\\\/\\\/lightweb.dev\\\/l\\\/svm-temp\\\/nyheter\\\/okad-bevakning-mot-svarttaxi-vid-flygplatsen\\\/#breadcrumb\",\"itemListElement\":[{\"@type\":\"ListItem\",\"position\":1,\"name\":\"Hem\",\"item\":\"https:\\\/\\\/lightweb.dev\\\/l\\\/svm-temp\\\/\"},{\"@type\":\"ListItem\",\"position\":2,\"name\":\"\u00d6kad bevakning mot svarttaxi vid flygplatsen\"}]},{\"@type\":\"WebSite\",\"@id\":\"https:\\\/\\\/lightweb.dev\\\/l\\\/svm-temp\\\/#website\",\"url\":\"https:\\\/\\\/lightweb.dev\\\/l\\\/svm-temp\\\/\",\"name\":\"Svenska Magasinet\",\"description\":\"Dina Spanska nyheter p&aring; Svenska\",\"publisher\":{\"@id\":\"https:\\\/\\\/lightweb.dev\\\/l\\\/svm-temp\\\/#organization\"},\"potentialAction\":[{\"@type\":\"SearchAction\",\"target\":{\"@type\":\"EntryPoint\",\"urlTemplate\":\"https:\\\/\\\/lightweb.dev\\\/l\\\/svm-temp\\\/?s={search_term_string}\"},\"query-input\":{\"@type\":\"PropertyValueSpecification\",\"valueRequired\":true,\"valueName\":\"search_term_string\"}}],\"inLanguage\":\"sv-SE\"},{\"@type\":\"Organization\",\"@id\":\"https:\\\/\\\/lightweb.dev\\\/l\\\/svm-temp\\\/#organization\",\"name\":\"Melkerson y Nott SL\",\"alternateName\":\"Svenska Magasinet\",\"url\":\"https:\\\/\\\/lightweb.dev\\\/l\\\/svm-temp\\\/\",\"logo\":{\"@type\":\"ImageObject\",\"inLanguage\":\"sv-SE\",\"@id\":\"https:\\\/\\\/lightweb.dev\\\/l\\\/svm-temp\\\/#\\\/schema\\\/logo\\\/image\\\/\",\"url\":\"https:\\\/\\\/lightweb.dev\\\/l\\\/svm-temp\\\/wp-content\\\/uploads\\\/2025\\\/02\\\/SvM-logo-Xtra-Centrerad-SVART.png\",\"contentUrl\":\"https:\\\/\\\/lightweb.dev\\\/l\\\/svm-temp\\\/wp-content\\\/uploads\\\/2025\\\/02\\\/SvM-logo-Xtra-Centrerad-SVART.png\",\"width\":300,\"height\":99,\"caption\":\"Melkerson y Nott SL\"},\"image\":{\"@id\":\"https:\\\/\\\/lightweb.dev\\\/l\\\/svm-temp\\\/#\\\/schema\\\/logo\\\/image\\\/\"},\"sameAs\":[\"https:\\\/\\\/www.facebook.com\\\/svenskamagasinet\",\"https:\\\/\\\/x.com\\\/SvenskaMagasine\"]},{\"@type\":\"Person\",\"@id\":\"https:\\\/\\\/lightweb.dev\\\/l\\\/svm-temp\\\/#\\\/schema\\\/person\\\/206a3bda5b607b0c25e1749191e4d837\",\"name\":\"Redaktionen SvM\",\"description\":\"Redaktionen\",\"sameAs\":[\"https:\\\/\\\/lightweb.dev\\\/l\\\/svm-temp\"],\"url\":\"https:\\\/\\\/lightweb.dev\\\/l\\\/svm-temp\\\/reporter\\\/redaktionen\\\/\"}]}<\/script>\n<!-- \/ Yoast SEO Premium plugin. -->","yoast_head_json":{"title":"\u00d6kad bevakning mot svarttaxi vid flygplatsen - Svenska Magasinet","robots":{"index":"noindex","follow":"follow","max-snippet":"max-snippet:-1","max-image-preview":"max-image-preview:large","max-video-preview":"max-video-preview:-1"},"og_locale":"sv_SE","og_type":"article","og_title":"\u00d6kad bevakning mot svarttaxi vid flygplatsen","og_description":"Lokalpolisen i M\u00e1laga kommer att ut\u00f6ka \u00f6vervakningen av svarttaxi vid M\u00e1laga flygplats. Det \u00e4r resultatet efter att taxin\u00e4ringen l\u00e4mnat in flera klagom\u00e5l mot den utbredda verksamheten av svarttaxi. I s\u00f6ndags kv\u00e4ll organiserade taxin\u00e4ringen en punktstrejk mot den utbredda svarttaxin som finns vid flygplatsomr\u00e5det. Under en kort stund p\u00e5 s\u00f6ndagskv\u00e4llen stod samtliga taxibilar stilla skriver Diario [&hellip;]","og_url":"https:\/\/lightweb.dev\/l\/svm-temp\/nyheter\/okad-bevakning-mot-svarttaxi-vid-flygplatsen\/","og_site_name":"Svenska Magasinet","article_publisher":"https:\/\/www.facebook.com\/svenskamagasinet","article_published_time":"2019-06-04T22:00:00+00:00","og_image":[{"width":700,"height":420,"url":"https:\/\/lightweb.dev\/l\/svm-temp\/wp-content\/uploads\/2022\/06\/okad-bevakning-mot-svarttaxi-vid-flygplatsen.png","type":"image\/png"}],"author":"Redaktionen SvM","twitter_card":"summary_large_image","twitter_creator":"@SvenskaMagasine","twitter_site":"@SvenskaMagasine","schema":{"@context":"https:\/\/schema.org","@graph":[{"@type":"Article","@id":"https:\/\/lightweb.dev\/l\/svm-temp\/nyheter\/okad-bevakning-mot-svarttaxi-vid-flygplatsen\/#article","isPartOf":{"@id":"https:\/\/lightweb.dev\/l\/svm-temp\/nyheter\/okad-bevakning-mot-svarttaxi-vid-flygplatsen\/"},"author":{"name":"Redaktionen SvM","@id":"https:\/\/lightweb.dev\/l\/svm-temp\/#\/schema\/person\/206a3bda5b607b0c25e1749191e4d837"},"headline":"\u00d6kad bevakning mot svarttaxi vid flygplatsen","datePublished":"2019-06-04T22:00:00+00:00","mainEntityOfPage":{"@id":"https:\/\/lightweb.dev\/l\/svm-temp\/nyheter\/okad-bevakning-mot-svarttaxi-vid-flygplatsen\/"},"wordCount":194,"commentCount":0,"publisher":{"@id":"https:\/\/lightweb.dev\/l\/svm-temp\/#organization"},"image":{"@id":"https:\/\/lightweb.dev\/l\/svm-temp\/nyheter\/okad-bevakning-mot-svarttaxi-vid-flygplatsen\/#primaryimage"},"thumbnailUrl":"https:\/\/lightweb.dev\/l\/svm-temp\/wp-content\/uploads\/2022\/06\/okad-bevakning-mot-svarttaxi-vid-flygplatsen.png","articleSection":["Arkiv","Nyheter"],"inLanguage":"sv-SE"},{"@type":"WebPage","@id":"https:\/\/lightweb.dev\/l\/svm-temp\/nyheter\/okad-bevakning-mot-svarttaxi-vid-flygplatsen\/","url":"https:\/\/lightweb.dev\/l\/svm-temp\/nyheter\/okad-bevakning-mot-svarttaxi-vid-flygplatsen\/","name":"\u00d6kad bevakning mot svarttaxi vid flygplatsen - Svenska Magasinet","isPartOf":{"@id":"https:\/\/lightweb.dev\/l\/svm-temp\/#website"},"primaryImageOfPage":{"@id":"https:\/\/lightweb.dev\/l\/svm-temp\/nyheter\/okad-bevakning-mot-svarttaxi-vid-flygplatsen\/#primaryimage"},"image":{"@id":"https:\/\/lightweb.dev\/l\/svm-temp\/nyheter\/okad-bevakning-mot-svarttaxi-vid-flygplatsen\/#primaryimage"},"thumbnailUrl":"https:\/\/lightweb.dev\/l\/svm-temp\/wp-content\/uploads\/2022\/06\/okad-bevakning-mot-svarttaxi-vid-flygplatsen.png","datePublished":"2019-06-04T22:00:00+00:00","breadcrumb":{"@id":"https:\/\/lightweb.dev\/l\/svm-temp\/nyheter\/okad-bevakning-mot-svarttaxi-vid-flygplatsen\/#breadcrumb"},"inLanguage":"sv-SE","potentialAction":[{"@type":"ReadAction","target":["https:\/\/lightweb.dev\/l\/svm-temp\/nyheter\/okad-bevakning-mot-svarttaxi-vid-flygplatsen\/"]}]},{"@type":"ImageObject","inLanguage":"sv-SE","@id":"https:\/\/lightweb.dev\/l\/svm-temp\/nyheter\/okad-bevakning-mot-svarttaxi-vid-flygplatsen\/#primaryimage","url":"https:\/\/lightweb.dev\/l\/svm-temp\/wp-content\/uploads\/2022\/06\/okad-bevakning-mot-svarttaxi-vid-flygplatsen.png","contentUrl":"https:\/\/lightweb.dev\/l\/svm-temp\/wp-content\/uploads\/2022\/06\/okad-bevakning-mot-svarttaxi-vid-flygplatsen.png","width":700,"height":420},{"@type":"BreadcrumbList","@id":"https:\/\/lightweb.dev\/l\/svm-temp\/nyheter\/okad-bevakning-mot-svarttaxi-vid-flygplatsen\/#breadcrumb","itemListElement":[{"@type":"ListItem","position":1,"name":"Hem","item":"https:\/\/lightweb.dev\/l\/svm-temp\/"},{"@type":"ListItem","position":2,"name":"\u00d6kad bevakning mot svarttaxi vid flygplatsen"}]},{"@type":"WebSite","@id":"https:\/\/lightweb.dev\/l\/svm-temp\/#website","url":"https:\/\/lightweb.dev\/l\/svm-temp\/","name":"Svenska Magasinet","description":"Dina Spanska nyheter p&aring; Svenska","publisher":{"@id":"https:\/\/lightweb.dev\/l\/svm-temp\/#organization"},"potentialAction":[{"@type":"SearchAction","target":{"@type":"EntryPoint","urlTemplate":"https:\/\/lightweb.dev\/l\/svm-temp\/?s={search_term_string}"},"query-input":{"@type":"PropertyValueSpecification","valueRequired":true,"valueName":"search_term_string"}}],"inLanguage":"sv-SE"},{"@type":"Organization","@id":"https:\/\/lightweb.dev\/l\/svm-temp\/#organization","name":"Melkerson y Nott SL","alternateName":"Svenska Magasinet","url":"https:\/\/lightweb.dev\/l\/svm-temp\/","logo":{"@type":"ImageObject","inLanguage":"sv-SE","@id":"https:\/\/lightweb.dev\/l\/svm-temp\/#\/schema\/logo\/image\/","url":"https:\/\/lightweb.dev\/l\/svm-temp\/wp-content\/uploads\/2025\/02\/SvM-logo-Xtra-Centrerad-SVART.png","contentUrl":"https:\/\/lightweb.dev\/l\/svm-temp\/wp-content\/uploads\/2025\/02\/SvM-logo-Xtra-Centrerad-SVART.png","width":300,"height":99,"caption":"Melkerson y Nott SL"},"image":{"@id":"https:\/\/lightweb.dev\/l\/svm-temp\/#\/schema\/logo\/image\/"},"sameAs":["https:\/\/www.facebook.com\/svenskamagasinet","https:\/\/x.com\/SvenskaMagasine"]},{"@type":"Person","@id":"https:\/\/lightweb.dev\/l\/svm-temp\/#\/schema\/person\/206a3bda5b607b0c25e1749191e4d837","name":"Redaktionen SvM","description":"Redaktionen","sameAs":["https:\/\/lightweb.dev\/l\/svm-temp"],"url":"https:\/\/lightweb.dev\/l\/svm-temp\/reporter\/redaktionen\/"}]}},"_links":{"self":[{"href":"https:\/\/lightweb.dev\/l\/svm-temp\/wp-json\/wp\/v2\/posts\/16405","targetHints":{"allow":["GET"]}}],"collection":[{"href":"https:\/\/lightweb.dev\/l\/svm-temp\/wp-json\/wp\/v2\/posts"}],"about":[{"href":"https:\/\/lightweb.dev\/l\/svm-temp\/wp-json\/wp\/v2\/types\/post"}],"author":[{"embeddable":true,"href":"https:\/\/lightweb.dev\/l\/svm-temp\/wp-json\/wp\/v2\/users\/8"}],"replies":[{"embeddable":true,"href":"https:\/\/lightweb.dev\/l\/svm-temp\/wp-json\/wp\/v2\/comments?post=16405"}],"version-history":[{"count":0,"href":"https:\/\/lightweb.dev\/l\/svm-temp\/wp-json\/wp\/v2\/posts\/16405\/revisions"}],"wp:featuredmedia":[{"embeddable":true,"href":"https:\/\/lightweb.dev\/l\/svm-temp\/wp-json\/wp\/v2\/media\/16407"}],"wp:attachment":[{"href":"https:\/\/lightweb.dev\/l\/svm-temp\/wp-json\/wp\/v2\/media?parent=16405"}],"wp:term":[{"taxonomy":"category","embeddable":true,"href":"https:\/\/lightweb.dev\/l\/svm-temp\/wp-json\/wp\/v2\/categories?post=16405"},{"taxonomy":"post_tag","embeddable":true,"href":"https:\/\/lightweb.dev\/l\/svm-temp\/wp-json\/wp\/v2\/tags?post=16405"}],"curies":[{"name":"wp","href":"https:\/\/api.w.org\/{rel}","templated":true}]}}